{"id":12591,"date":"2018-05-02T16:31:07","date_gmt":"2018-05-02T19:31:07","guid":{"rendered":"https:\/\/federasbackup.meltcomunicacao.com.br\/?p=12591"},"modified":"2018-05-02T16:31:07","modified_gmt":"2018-05-02T19:31:07","slug":"ans-disponibiliza-numeros-do-setor-referentes-a-marco","status":"publish","type":"post","link":"https:\/\/www.federassantas.org.br\/novosite\/ans-disponibiliza-numeros-do-setor-referentes-a-marco\/","title":{"rendered":"ANS disponibiliza n\u00fameros do setor referentes a mar\u00e7o"},"content":{"rendered":"<p style=\"text-align: justify;\">A Ag\u00eancia Nacional de Sa\u00fade Suplementar (ANS) atualizou, nesta ter\u00e7a-feira (01\/05), os dados do setor de planos de sa\u00fade que s\u00e3o disponibilizados para consulta na Sala de Situa\u00e7\u00e3o e em outras ferramentas dispon\u00edveis no portal da Ag\u00eancia, como o Tabnet. Os n\u00fameros relativos a mar\u00e7o confirmam a tend\u00eancia de estabilidade que vem sendo observada no setor, com ligeiro crescimento tanto no comparativo mensal como no comparativo dos \u00faltimos 12 meses encerrados nesse m\u00eas.<\/p>\n<p style=\"text-align: justify;\">S\u00e3o 47,4 milh\u00f5es de benefici\u00e1rios em planos m\u00e9dico-hospitalares, 65,6 mil a mais do que o n\u00famero registrado em fevereiro e cerca de 128 mil a mais em rela\u00e7\u00e3o a mar\u00e7o do ano passado. Os planos exclusivamente odontol\u00f3gicos mant\u00eam a trajet\u00f3ria de crescimento que tem sido observada nos \u00faltimos anos. Em mar\u00e7o, o setor registrou 23,2 milh\u00f5es de benefici\u00e1rios, aumento de cerca de 120 mil usu\u00e1rios na compara\u00e7\u00e3o com o m\u00eas anterior e de 1,3 milh\u00e3o em rela\u00e7\u00e3o a mar\u00e7o de 2017.<\/p>\n<p>Veja a not\u00edcia completa e as tabelas de evolu\u00e7\u00e3o de benefici\u00e1rios por modalidade de contrata\u00e7\u00e3o do plano e por Unidade Federativa em:\u00a0<a href=\"http:\/\/www.ans.gov.br\/aans\/noticias-ans\/numeros-do-setor\/4414-ans-disponibiliza-numeros-do-setor-referentes-a-marco\">http:\/\/www.ans.gov.br\/aans\/noticias-ans\/numeros-do-setor\/4414-ans-disponibiliza-numeros-do-setor-referentes-a-marco<\/a><\/p>\n","protected":false},"excerpt":{"rendered":"<p>A Ag\u00eancia Nacional de Sa\u00fade Suplementar (ANS) atualizou, nesta ter\u00e7a-feira (01\/05), os dados do setor de planos de sa\u00fade que s\u00e3o disponibilizados para consulta na Sala de Situa\u00e7\u00e3o e em outras ferramentas dispon\u00edveis no portal da Ag\u00eancia, como o Tabnet. Os n\u00fameros relativos a mar\u00e7o confirmam a tend\u00eancia de estabilidade que vem sendo observada no [&hellip;]<\/p>\n","protected":false},"author":1,"featured_media":12592,"comment_status":"open","ping_status":"open","sticky":false,"template":"","format":"standard","meta":{"footnotes":""},"categories":[140,143],"tags":[],"class_list":["post-12591","post","type-post","status-publish","format-standard","has-post-thumbnail","hentry","category-noticias","category-noticias-publicas"],"yoast_head":"<!-- This site is optimized with the Yoast SEO plugin v26.9 - https:\/\/yoast.com\/product\/yoast-seo-wordpress\/ -->\n<title>ANS disponibiliza n\u00fameros do setor referentes a mar\u00e7o - Federassantas<\/title>\n<meta name=\"robots\" content=\"index, follow, max-snippet:-1, max-image-preview:large, max-video-preview:-1\" \/>\n<link rel=\"canonical\" href=\"https:\/\/www.federassantas.org.br\/novosite\/ans-disponibiliza-numeros-do-setor-referentes-a-marco\/\" \/>\n<meta property=\"og:locale\" content=\"pt_BR\" \/>\n<meta property=\"og:type\" content=\"article\" \/>\n<meta property=\"og:title\" content=\"ANS disponibiliza n\u00fameros do setor referentes a mar\u00e7o - Federassantas\" \/>\n<meta property=\"og:description\" content=\"A Ag\u00eancia Nacional de Sa\u00fade Suplementar (ANS) atualizou, nesta ter\u00e7a-feira (01\/05), os dados do setor de planos de sa\u00fade que s\u00e3o disponibilizados para consulta na Sala de Situa\u00e7\u00e3o e em outras ferramentas dispon\u00edveis no portal da Ag\u00eancia, como o Tabnet. Os n\u00fameros relativos a mar\u00e7o confirmam a tend\u00eancia de estabilidade que vem sendo observada no [&hellip;]\" \/>\n<meta property=\"og:url\" content=\"https:\/\/www.federassantas.org.br\/novosite\/ans-disponibiliza-numeros-do-setor-referentes-a-marco\/\" \/>\n<meta property=\"og:site_name\" content=\"Federassantas\" \/>\n<meta property=\"article:published_time\" content=\"2018-05-02T19:31:07+00:00\" \/>\n<meta name=\"author\" content=\"admin-federas\" \/>\n<meta name=\"twitter:card\" content=\"summary_large_image\" \/>\n<meta name=\"twitter:label1\" content=\"Escrito por\" \/>\n\t<meta name=\"twitter:data1\" content=\"admin-federas\" \/>\n\t<meta name=\"twitter:label2\" content=\"Est. tempo de leitura\" \/>\n\t<meta name=\"twitter:data2\" content=\"1 minuto\" \/>\n<script type=\"application\/ld+json\" class=\"yoast-schema-graph\">{\"@context\":\"https:\/\/schema.org\",\"@graph\":[{\"@type\":\"Article\",\"@id\":\"https:\/\/www.federassantas.org.br\/novosite\/ans-disponibiliza-numeros-do-setor-referentes-a-marco\/#article\",\"isPartOf\":{\"@id\":\"https:\/\/www.federassantas.org.br\/novosite\/ans-disponibiliza-numeros-do-setor-referentes-a-marco\/\"},\"author\":{\"name\":\"admin-federas\",\"@id\":\"https:\/\/www.federassantas.org.br\/novosite\/#\/schema\/person\/75fed98158349313fe56175f232f513c\"},\"headline\":\"ANS disponibiliza n\u00fameros do setor referentes a mar\u00e7o\",\"datePublished\":\"2018-05-02T19:31:07+00:00\",\"mainEntityOfPage\":{\"@id\":\"https:\/\/www.federassantas.org.br\/novosite\/ans-disponibiliza-numeros-do-setor-referentes-a-marco\/\"},\"wordCount\":221,\"commentCount\":0,\"publisher\":{\"@id\":\"https:\/\/www.federassantas.org.br\/novosite\/#organization\"},\"image\":{\"@id\":\"https:\/\/www.federassantas.org.br\/novosite\/ans-disponibiliza-numeros-do-setor-referentes-a-marco\/#primaryimage\"},\"thumbnailUrl\":\"\",\"articleSection\":[\"Not\u00edcias\",\"Not\u00edcias P\u00fablicas\"],\"inLanguage\":\"pt-BR\",\"potentialAction\":[{\"@type\":\"CommentAction\",\"name\":\"Comment\",\"target\":[\"https:\/\/www.federassantas.org.br\/novosite\/ans-disponibiliza-numeros-do-setor-referentes-a-marco\/#respond\"]}]},{\"@type\":\"WebPage\",\"@id\":\"https:\/\/www.federassantas.org.br\/novosite\/ans-disponibiliza-numeros-do-setor-referentes-a-marco\/\",\"url\":\"https:\/\/www.federassantas.org.br\/novosite\/ans-disponibiliza-numeros-do-setor-referentes-a-marco\/\",\"name\":\"ANS disponibiliza n\u00fameros do setor referentes a mar\u00e7o - Federassantas\",\"isPartOf\":{\"@id\":\"https:\/\/www.federassantas.org.br\/novosite\/#website\"},\"primaryImageOfPage\":{\"@id\":\"https:\/\/www.federassantas.org.br\/novosite\/ans-disponibiliza-numeros-do-setor-referentes-a-marco\/#primaryimage\"},\"image\":{\"@id\":\"https:\/\/www.federassantas.org.br\/novosite\/ans-disponibiliza-numeros-do-setor-referentes-a-marco\/#primaryimage\"},\"thumbnailUrl\":\"\",\"datePublished\":\"2018-05-02T19:31:07+00:00\",\"breadcrumb\":{\"@id\":\"https:\/\/www.federassantas.org.br\/novosite\/ans-disponibiliza-numeros-do-setor-referentes-a-marco\/#breadcrumb\"},\"inLanguage\":\"pt-BR\",\"potentialAction\":[{\"@type\":\"ReadAction\",\"target\":[\"https:\/\/www.federassantas.org.br\/novosite\/ans-disponibiliza-numeros-do-setor-referentes-a-marco\/\"]}]},{\"@type\":\"ImageObject\",\"inLanguage\":\"pt-BR\",\"@id\":\"https:\/\/www.federassantas.org.br\/novosite\/ans-disponibiliza-numeros-do-setor-referentes-a-marco\/#primaryimage\",\"url\":\"\",\"contentUrl\":\"\"},{\"@type\":\"BreadcrumbList\",\"@id\":\"https:\/\/www.federassantas.org.br\/novosite\/ans-disponibiliza-numeros-do-setor-referentes-a-marco\/#breadcrumb\",\"itemListElement\":[{\"@type\":\"ListItem\",\"position\":1,\"name\":\"In\u00edcio\",\"item\":\"https:\/\/www.federassantas.org.br\/novosite\/\"},{\"@type\":\"ListItem\",\"position\":2,\"name\":\"ANS disponibiliza n\u00fameros do setor referentes a mar\u00e7o\"}]},{\"@type\":\"WebSite\",\"@id\":\"https:\/\/www.federassantas.org.br\/novosite\/#website\",\"url\":\"https:\/\/www.federassantas.org.br\/novosite\/\",\"name\":\"Federassantas\",\"description\":\"Fed. das Santas Casas e Hospitais Filantr\u00f3picos de MG\",\"publisher\":{\"@id\":\"https:\/\/www.federassantas.org.br\/novosite\/#organization\"},\"potentialAction\":[{\"@type\":\"SearchAction\",\"target\":{\"@type\":\"EntryPoint\",\"urlTemplate\":\"https:\/\/www.federassantas.org.br\/novosite\/?s={search_term_string}\"},\"query-input\":{\"@type\":\"PropertyValueSpecification\",\"valueRequired\":true,\"valueName\":\"search_term_string\"}}],\"inLanguage\":\"pt-BR\"},{\"@type\":\"Organization\",\"@id\":\"https:\/\/www.federassantas.org.br\/novosite\/#organization\",\"name\":\"Federassantas\",\"url\":\"https:\/\/www.federassantas.org.br\/novosite\/\",\"logo\":{\"@type\":\"ImageObject\",\"inLanguage\":\"pt-BR\",\"@id\":\"https:\/\/www.federassantas.org.br\/novosite\/#\/schema\/logo\/image\/\",\"url\":\"https:\/\/www.federassantas.org.br\/novosite\/wp-content\/uploads\/2021\/12\/logo.png\",\"contentUrl\":\"https:\/\/www.federassantas.org.br\/novosite\/wp-content\/uploads\/2021\/12\/logo.png\",\"width\":243,\"height\":59,\"caption\":\"Federassantas\"},\"image\":{\"@id\":\"https:\/\/www.federassantas.org.br\/novosite\/#\/schema\/logo\/image\/\"}},{\"@type\":\"Person\",\"@id\":\"https:\/\/www.federassantas.org.br\/novosite\/#\/schema\/person\/75fed98158349313fe56175f232f513c\",\"name\":\"admin-federas\",\"image\":{\"@type\":\"ImageObject\",\"inLanguage\":\"pt-BR\",\"@id\":\"https:\/\/www.federassantas.org.br\/novosite\/#\/schema\/person\/image\/\",\"url\":\"https:\/\/secure.gravatar.com\/avatar\/2a02d7dda59fe8dc6b7ffd3f652e2efede5ccf0dd89dfdc8137c5517f3de8407?s=96&d=mm&r=g\",\"contentUrl\":\"https:\/\/secure.gravatar.com\/avatar\/2a02d7dda59fe8dc6b7ffd3f652e2efede5ccf0dd89dfdc8137c5517f3de8407?s=96&d=mm&r=g\",\"caption\":\"admin-federas\"},\"sameAs\":[\"https:\/\/www.federassantas.org.br\/novosite\/\"],\"url\":\"https:\/\/www.federassantas.org.br\/novosite\/author\/admin-federas\/\"}]}<\/script>\n<!-- \/ Yoast SEO plugin. -->","yoast_head_json":{"title":"ANS disponibiliza n\u00fameros do setor referentes a mar\u00e7o - Federassantas","robots":{"index":"index","follow":"follow","max-snippet":"max-snippet:-1","max-image-preview":"max-image-preview:large","max-video-preview":"max-video-preview:-1"},"canonical":"https:\/\/www.federassantas.org.br\/novosite\/ans-disponibiliza-numeros-do-setor-referentes-a-marco\/","og_locale":"pt_BR","og_type":"article","og_title":"ANS disponibiliza n\u00fameros do setor referentes a mar\u00e7o - Federassantas","og_description":"A Ag\u00eancia Nacional de Sa\u00fade Suplementar (ANS) atualizou, nesta ter\u00e7a-feira (01\/05), os dados do setor de planos de sa\u00fade que s\u00e3o disponibilizados para consulta na Sala de Situa\u00e7\u00e3o e em outras ferramentas dispon\u00edveis no portal da Ag\u00eancia, como o Tabnet. Os n\u00fameros relativos a mar\u00e7o confirmam a tend\u00eancia de estabilidade que vem sendo observada no [&hellip;]","og_url":"https:\/\/www.federassantas.org.br\/novosite\/ans-disponibiliza-numeros-do-setor-referentes-a-marco\/","og_site_name":"Federassantas","article_published_time":"2018-05-02T19:31:07+00:00","author":"admin-federas","twitter_card":"summary_large_image","twitter_misc":{"Escrito por":"admin-federas","Est. tempo de leitura":"1 minuto"},"schema":{"@context":"https:\/\/schema.org","@graph":[{"@type":"Article","@id":"https:\/\/www.federassantas.org.br\/novosite\/ans-disponibiliza-numeros-do-setor-referentes-a-marco\/#article","isPartOf":{"@id":"https:\/\/www.federassantas.org.br\/novosite\/ans-disponibiliza-numeros-do-setor-referentes-a-marco\/"},"author":{"name":"admin-federas","@id":"https:\/\/www.federassantas.org.br\/novosite\/#\/schema\/person\/75fed98158349313fe56175f232f513c"},"headline":"ANS disponibiliza n\u00fameros do setor referentes a mar\u00e7o","datePublished":"2018-05-02T19:31:07+00:00","mainEntityOfPage":{"@id":"https:\/\/www.federassantas.org.br\/novosite\/ans-disponibiliza-numeros-do-setor-referentes-a-marco\/"},"wordCount":221,"commentCount":0,"publisher":{"@id":"https:\/\/www.federassantas.org.br\/novosite\/#organization"},"image":{"@id":"https:\/\/www.federassantas.org.br\/novosite\/ans-disponibiliza-numeros-do-setor-referentes-a-marco\/#primaryimage"},"thumbnailUrl":"","articleSection":["Not\u00edcias","Not\u00edcias P\u00fablicas"],"inLanguage":"pt-BR","potentialAction":[{"@type":"CommentAction","name":"Comment","target":["https:\/\/www.federassantas.org.br\/novosite\/ans-disponibiliza-numeros-do-setor-referentes-a-marco\/#respond"]}]},{"@type":"WebPage","@id":"https:\/\/www.federassantas.org.br\/novosite\/ans-disponibiliza-numeros-do-setor-referentes-a-marco\/","url":"https:\/\/www.federassantas.org.br\/novosite\/ans-disponibiliza-numeros-do-setor-referentes-a-marco\/","name":"ANS disponibiliza n\u00fameros do setor referentes a mar\u00e7o - Federassantas","isPartOf":{"@id":"https:\/\/www.federassantas.org.br\/novosite\/#website"},"primaryImageOfPage":{"@id":"https:\/\/www.federassantas.org.br\/novosite\/ans-disponibiliza-numeros-do-setor-referentes-a-marco\/#primaryimage"},"image":{"@id":"https:\/\/www.federassantas.org.br\/novosite\/ans-disponibiliza-numeros-do-setor-referentes-a-marco\/#primaryimage"},"thumbnailUrl":"","datePublished":"2018-05-02T19:31:07+00:00","breadcrumb":{"@id":"https:\/\/www.federassantas.org.br\/novosite\/ans-disponibiliza-numeros-do-setor-referentes-a-marco\/#breadcrumb"},"inLanguage":"pt-BR","potentialAction":[{"@type":"ReadAction","target":["https:\/\/www.federassantas.org.br\/novosite\/ans-disponibiliza-numeros-do-setor-referentes-a-marco\/"]}]},{"@type":"ImageObject","inLanguage":"pt-BR","@id":"https:\/\/www.federassantas.org.br\/novosite\/ans-disponibiliza-numeros-do-setor-referentes-a-marco\/#primaryimage","url":"","contentUrl":""},{"@type":"BreadcrumbList","@id":"https:\/\/www.federassantas.org.br\/novosite\/ans-disponibiliza-numeros-do-setor-referentes-a-marco\/#breadcrumb","itemListElement":[{"@type":"ListItem","position":1,"name":"In\u00edcio","item":"https:\/\/www.federassantas.org.br\/novosite\/"},{"@type":"ListItem","position":2,"name":"ANS disponibiliza n\u00fameros do setor referentes a mar\u00e7o"}]},{"@type":"WebSite","@id":"https:\/\/www.federassantas.org.br\/novosite\/#website","url":"https:\/\/www.federassantas.org.br\/novosite\/","name":"Federassantas","description":"Fed. das Santas Casas e Hospitais Filantr\u00f3picos de MG","publisher":{"@id":"https:\/\/www.federassantas.org.br\/novosite\/#organization"},"potentialAction":[{"@type":"SearchAction","target":{"@type":"EntryPoint","urlTemplate":"https:\/\/www.federassantas.org.br\/novosite\/?s={search_term_string}"},"query-input":{"@type":"PropertyValueSpecification","valueRequired":true,"valueName":"search_term_string"}}],"inLanguage":"pt-BR"},{"@type":"Organization","@id":"https:\/\/www.federassantas.org.br\/novosite\/#organization","name":"Federassantas","url":"https:\/\/www.federassantas.org.br\/novosite\/","logo":{"@type":"ImageObject","inLanguage":"pt-BR","@id":"https:\/\/www.federassantas.org.br\/novosite\/#\/schema\/logo\/image\/","url":"https:\/\/www.federassantas.org.br\/novosite\/wp-content\/uploads\/2021\/12\/logo.png","contentUrl":"https:\/\/www.federassantas.org.br\/novosite\/wp-content\/uploads\/2021\/12\/logo.png","width":243,"height":59,"caption":"Federassantas"},"image":{"@id":"https:\/\/www.federassantas.org.br\/novosite\/#\/schema\/logo\/image\/"}},{"@type":"Person","@id":"https:\/\/www.federassantas.org.br\/novosite\/#\/schema\/person\/75fed98158349313fe56175f232f513c","name":"admin-federas","image":{"@type":"ImageObject","inLanguage":"pt-BR","@id":"https:\/\/www.federassantas.org.br\/novosite\/#\/schema\/person\/image\/","url":"https:\/\/secure.gravatar.com\/avatar\/2a02d7dda59fe8dc6b7ffd3f652e2efede5ccf0dd89dfdc8137c5517f3de8407?s=96&d=mm&r=g","contentUrl":"https:\/\/secure.gravatar.com\/avatar\/2a02d7dda59fe8dc6b7ffd3f652e2efede5ccf0dd89dfdc8137c5517f3de8407?s=96&d=mm&r=g","caption":"admin-federas"},"sameAs":["https:\/\/www.federassantas.org.br\/novosite\/"],"url":"https:\/\/www.federassantas.org.br\/novosite\/author\/admin-federas\/"}]}},"_links":{"self":[{"href":"https:\/\/www.federassantas.org.br\/novosite\/wp-json\/wp\/v2\/posts\/12591","targetHints":{"allow":["GET"]}}],"collection":[{"href":"https:\/\/www.federassantas.org.br\/novosite\/wp-json\/wp\/v2\/posts"}],"about":[{"href":"https:\/\/www.federassantas.org.br\/novosite\/wp-json\/wp\/v2\/types\/post"}],"author":[{"embeddable":true,"href":"https:\/\/www.federassantas.org.br\/novosite\/wp-json\/wp\/v2\/users\/1"}],"replies":[{"embeddable":true,"href":"https:\/\/www.federassantas.org.br\/novosite\/wp-json\/wp\/v2\/comments?post=12591"}],"version-history":[{"count":0,"href":"https:\/\/www.federassantas.org.br\/novosite\/wp-json\/wp\/v2\/posts\/12591\/revisions"}],"wp:featuredmedia":[{"embeddable":true,"href":"https:\/\/www.federassantas.org.br\/novosite\/wp-json\/"}],"wp:attachment":[{"href":"https:\/\/www.federassantas.org.br\/novosite\/wp-json\/wp\/v2\/media?parent=12591"}],"wp:term":[{"taxonomy":"category","embeddable":true,"href":"https:\/\/www.federassantas.org.br\/novosite\/wp-json\/wp\/v2\/categories?post=12591"},{"taxonomy":"post_tag","embeddable":true,"href":"https:\/\/www.federassantas.org.br\/novosite\/wp-json\/wp\/v2\/tags?post=12591"}],"curies":[{"name":"wp","href":"https:\/\/api.w.org\/{rel}","templated":true}]}}