{"id":12622,"date":"2018-05-09T14:24:01","date_gmt":"2018-05-09T17:24:01","guid":{"rendered":"https:\/\/federasbackup.meltcomunicacao.com.br\/?p=12622"},"modified":"2018-05-09T14:24:01","modified_gmt":"2018-05-09T17:24:01","slug":"inteligencia-artificial-sera-usada-para-mapear-risco-de-cancer-de-pulmao","status":"publish","type":"post","link":"https:\/\/www.federassantas.org.br\/novosite\/inteligencia-artificial-sera-usada-para-mapear-risco-de-cancer-de-pulmao\/","title":{"rendered":"Intelig\u00eancia artificial ser\u00e1 usada para mapear risco de c\u00e2ncer de pulm\u00e3o"},"content":{"rendered":"<p style=\"text-align: justify;\">Pela primeira vez no Brasil, um software de intelig\u00eancia artificial ser\u00e1 capaz de mapear n\u00f3dulos pulmonares em exames de rotina e revelar aos m\u00e9dicos quais pacientes t\u00eam maior risco de desenvolver c\u00e2ncer de pulm\u00e3o, um dos tipos de tumor mais letais.<\/p>\n<p style=\"text-align: justify;\">Anunciado na semana passada, o projeto \u00e9 uma parceria entre o Hospital S\u00edrio-Liban\u00eas e a Siemens Healthineers. As duas institui\u00e7\u00f5es firmaram um acordo de coopera\u00e7\u00e3o de dois anos que prev\u00ea uma varredura em laudos de tomografias do t\u00f3rax de pacientes do hospital com o objetivo de identificar n\u00f3dulos achados incidentalmente.<\/p>\n<p style=\"text-align: justify;\">\u201cImagine uma situa\u00e7\u00e3o em que o paciente faz um exame de rotina ou vai a um pronto-socorro por uma tosse, buscando outra doen\u00e7a, e \u00e9 descoberto naquele exame um n\u00f3dulo no pulm\u00e3o. Pode acontecer que, depois de resolvido o problema que o levou ao hospital, ele n\u00e3o fa\u00e7a o acompanhamento desse n\u00f3dulo e ele evolua para um c\u00e2ncer. \u00c9 isso que queremos evitar\u201d, explica Armando Lopes, diretor da Siemens Healthineers no Brasil.<\/p>\n<p style=\"text-align: justify;\">Mas como nem todos os n\u00f3dulos evoluem para les\u00f5es malignas, o software est\u00e1 sendo \u201ctreinado\u201d para identificar somente aqueles casos com maior risco, em um processo chamado de machine learning (aprendizado de m\u00e1quina). \u201cNessa parceria, estamos definindo crit\u00e9rios para ensinar o software a apontar somente os n\u00f3dulos com maior chance de malignidade\u201d, explica Cesar Nomura, um dos diretores da \u00e1rea de Medicina Diagn\u00f3stica do S\u00edrio-Liban\u00eas.<\/p>\n<p>Saiba mais em\u00a0<a href=\"http:\/\/saude.estadao.com.br\/noticias\/geral,inteligencia-artificial-sera-usada-para-mapear-risco-de-cancer-de-pulmao,70002300686\">http:\/\/saude.estadao.com.br\/noticias\/geral,inteligencia-artificial-sera-usada-para-mapear-risco-de-cancer-de-pulmao,70002300686<\/a><\/p>\n","protected":false},"excerpt":{"rendered":"<p>Pela primeira vez no Brasil, um software de intelig\u00eancia artificial ser\u00e1 capaz de mapear n\u00f3dulos pulmonares em exames de rotina e revelar aos m\u00e9dicos quais pacientes t\u00eam maior risco de desenvolver c\u00e2ncer de pulm\u00e3o, um dos tipos de tumor mais letais. Anunciado na semana passada, o projeto \u00e9 uma parceria entre o Hospital S\u00edrio-Liban\u00eas e [&hellip;]<\/p>\n","protected":false},"author":1,"featured_media":12623,"comment_status":"open","ping_status":"open","sticky":false,"template":"","format":"standard","meta":{"footnotes":""},"categories":[140],"tags":[95,211,212,213],"class_list":["post-12622","post","type-post","status-publish","format-standard","has-post-thumbnail","hentry","category-noticias","tag-cancer","tag-cancer-de-pulmao","tag-cancerdepulamao","tag-pulmao"],"yoast_head":"<!-- This site is optimized with the Yoast SEO plugin v26.9 - https:\/\/yoast.com\/product\/yoast-seo-wordpress\/ -->\n<title>Intelig\u00eancia artificial ser\u00e1 usada para mapear risco de c\u00e2ncer de pulm\u00e3o - Federassantas<\/title>\n<meta name=\"robots\" content=\"index, follow, max-snippet:-1, max-image-preview:large, max-video-preview:-1\" \/>\n<link rel=\"canonical\" href=\"https:\/\/www.federassantas.org.br\/novosite\/inteligencia-artificial-sera-usada-para-mapear-risco-de-cancer-de-pulmao\/\" \/>\n<meta property=\"og:locale\" content=\"pt_BR\" \/>\n<meta property=\"og:type\" content=\"article\" \/>\n<meta property=\"og:title\" content=\"Intelig\u00eancia artificial ser\u00e1 usada para mapear risco de c\u00e2ncer de pulm\u00e3o - Federassantas\" \/>\n<meta property=\"og:description\" content=\"Pela primeira vez no Brasil, um software de intelig\u00eancia artificial ser\u00e1 capaz de mapear n\u00f3dulos pulmonares em exames de rotina e revelar aos m\u00e9dicos quais pacientes t\u00eam maior risco de desenvolver c\u00e2ncer de pulm\u00e3o, um dos tipos de tumor mais letais. Anunciado na semana passada, o projeto \u00e9 uma parceria entre o Hospital S\u00edrio-Liban\u00eas e [&hellip;]\" \/>\n<meta property=\"og:url\" content=\"https:\/\/www.federassantas.org.br\/novosite\/inteligencia-artificial-sera-usada-para-mapear-risco-de-cancer-de-pulmao\/\" \/>\n<meta property=\"og:site_name\" content=\"Federassantas\" \/>\n<meta property=\"article:published_time\" content=\"2018-05-09T17:24:01+00:00\" \/>\n<meta name=\"author\" content=\"admin-federas\" \/>\n<meta name=\"twitter:card\" content=\"summary_large_image\" \/>\n<meta name=\"twitter:label1\" content=\"Escrito por\" \/>\n\t<meta name=\"twitter:data1\" content=\"admin-federas\" \/>\n\t<meta name=\"twitter:label2\" content=\"Est. tempo de leitura\" \/>\n\t<meta name=\"twitter:data2\" content=\"1 minuto\" \/>\n<script type=\"application\/ld+json\" class=\"yoast-schema-graph\">{\"@context\":\"https:\/\/schema.org\",\"@graph\":[{\"@type\":\"Article\",\"@id\":\"https:\/\/www.federassantas.org.br\/novosite\/inteligencia-artificial-sera-usada-para-mapear-risco-de-cancer-de-pulmao\/#article\",\"isPartOf\":{\"@id\":\"https:\/\/www.federassantas.org.br\/novosite\/inteligencia-artificial-sera-usada-para-mapear-risco-de-cancer-de-pulmao\/\"},\"author\":{\"name\":\"admin-federas\",\"@id\":\"https:\/\/www.federassantas.org.br\/novosite\/#\/schema\/person\/75fed98158349313fe56175f232f513c\"},\"headline\":\"Intelig\u00eancia artificial ser\u00e1 usada para mapear risco de c\u00e2ncer de pulm\u00e3o\",\"datePublished\":\"2018-05-09T17:24:01+00:00\",\"mainEntityOfPage\":{\"@id\":\"https:\/\/www.federassantas.org.br\/novosite\/inteligencia-artificial-sera-usada-para-mapear-risco-de-cancer-de-pulmao\/\"},\"wordCount\":278,\"commentCount\":0,\"publisher\":{\"@id\":\"https:\/\/www.federassantas.org.br\/novosite\/#organization\"},\"image\":{\"@id\":\"https:\/\/www.federassantas.org.br\/novosite\/inteligencia-artificial-sera-usada-para-mapear-risco-de-cancer-de-pulmao\/#primaryimage\"},\"thumbnailUrl\":\"\",\"keywords\":[\"C\u00e2ncer\",\"c\u00e2ncer de pulm\u00e3o\",\"cancerdepulamao\",\"pulmao\"],\"articleSection\":[\"Not\u00edcias\"],\"inLanguage\":\"pt-BR\",\"potentialAction\":[{\"@type\":\"CommentAction\",\"name\":\"Comment\",\"target\":[\"https:\/\/www.federassantas.org.br\/novosite\/inteligencia-artificial-sera-usada-para-mapear-risco-de-cancer-de-pulmao\/#respond\"]}]},{\"@type\":\"WebPage\",\"@id\":\"https:\/\/www.federassantas.org.br\/novosite\/inteligencia-artificial-sera-usada-para-mapear-risco-de-cancer-de-pulmao\/\",\"url\":\"https:\/\/www.federassantas.org.br\/novosite\/inteligencia-artificial-sera-usada-para-mapear-risco-de-cancer-de-pulmao\/\",\"name\":\"Intelig\u00eancia artificial ser\u00e1 usada para mapear risco de c\u00e2ncer de pulm\u00e3o - Federassantas\",\"isPartOf\":{\"@id\":\"https:\/\/www.federassantas.org.br\/novosite\/#website\"},\"primaryImageOfPage\":{\"@id\":\"https:\/\/www.federassantas.org.br\/novosite\/inteligencia-artificial-sera-usada-para-mapear-risco-de-cancer-de-pulmao\/#primaryimage\"},\"image\":{\"@id\":\"https:\/\/www.federassantas.org.br\/novosite\/inteligencia-artificial-sera-usada-para-mapear-risco-de-cancer-de-pulmao\/#primaryimage\"},\"thumbnailUrl\":\"\",\"datePublished\":\"2018-05-09T17:24:01+00:00\",\"breadcrumb\":{\"@id\":\"https:\/\/www.federassantas.org.br\/novosite\/inteligencia-artificial-sera-usada-para-mapear-risco-de-cancer-de-pulmao\/#breadcrumb\"},\"inLanguage\":\"pt-BR\",\"potentialAction\":[{\"@type\":\"ReadAction\",\"target\":[\"https:\/\/www.federassantas.org.br\/novosite\/inteligencia-artificial-sera-usada-para-mapear-risco-de-cancer-de-pulmao\/\"]}]},{\"@type\":\"ImageObject\",\"inLanguage\":\"pt-BR\",\"@id\":\"https:\/\/www.federassantas.org.br\/novosite\/inteligencia-artificial-sera-usada-para-mapear-risco-de-cancer-de-pulmao\/#primaryimage\",\"url\":\"\",\"contentUrl\":\"\"},{\"@type\":\"BreadcrumbList\",\"@id\":\"https:\/\/www.federassantas.org.br\/novosite\/inteligencia-artificial-sera-usada-para-mapear-risco-de-cancer-de-pulmao\/#breadcrumb\",\"itemListElement\":[{\"@type\":\"ListItem\",\"position\":1,\"name\":\"In\u00edcio\",\"item\":\"https:\/\/www.federassantas.org.br\/novosite\/\"},{\"@type\":\"ListItem\",\"position\":2,\"name\":\"Intelig\u00eancia artificial ser\u00e1 usada para mapear risco de c\u00e2ncer de pulm\u00e3o\"}]},{\"@type\":\"WebSite\",\"@id\":\"https:\/\/www.federassantas.org.br\/novosite\/#website\",\"url\":\"https:\/\/www.federassantas.org.br\/novosite\/\",\"name\":\"Federassantas\",\"description\":\"Fed. das Santas Casas e Hospitais Filantr\u00f3picos de MG\",\"publisher\":{\"@id\":\"https:\/\/www.federassantas.org.br\/novosite\/#organization\"},\"potentialAction\":[{\"@type\":\"SearchAction\",\"target\":{\"@type\":\"EntryPoint\",\"urlTemplate\":\"https:\/\/www.federassantas.org.br\/novosite\/?s={search_term_string}\"},\"query-input\":{\"@type\":\"PropertyValueSpecification\",\"valueRequired\":true,\"valueName\":\"search_term_string\"}}],\"inLanguage\":\"pt-BR\"},{\"@type\":\"Organization\",\"@id\":\"https:\/\/www.federassantas.org.br\/novosite\/#organization\",\"name\":\"Federassantas\",\"url\":\"https:\/\/www.federassantas.org.br\/novosite\/\",\"logo\":{\"@type\":\"ImageObject\",\"inLanguage\":\"pt-BR\",\"@id\":\"https:\/\/www.federassantas.org.br\/novosite\/#\/schema\/logo\/image\/\",\"url\":\"https:\/\/www.federassantas.org.br\/novosite\/wp-content\/uploads\/2021\/12\/logo.png\",\"contentUrl\":\"https:\/\/www.federassantas.org.br\/novosite\/wp-content\/uploads\/2021\/12\/logo.png\",\"width\":243,\"height\":59,\"caption\":\"Federassantas\"},\"image\":{\"@id\":\"https:\/\/www.federassantas.org.br\/novosite\/#\/schema\/logo\/image\/\"}},{\"@type\":\"Person\",\"@id\":\"https:\/\/www.federassantas.org.br\/novosite\/#\/schema\/person\/75fed98158349313fe56175f232f513c\",\"name\":\"admin-federas\",\"image\":{\"@type\":\"ImageObject\",\"inLanguage\":\"pt-BR\",\"@id\":\"https:\/\/www.federassantas.org.br\/novosite\/#\/schema\/person\/image\/\",\"url\":\"https:\/\/secure.gravatar.com\/avatar\/2a02d7dda59fe8dc6b7ffd3f652e2efede5ccf0dd89dfdc8137c5517f3de8407?s=96&d=mm&r=g\",\"contentUrl\":\"https:\/\/secure.gravatar.com\/avatar\/2a02d7dda59fe8dc6b7ffd3f652e2efede5ccf0dd89dfdc8137c5517f3de8407?s=96&d=mm&r=g\",\"caption\":\"admin-federas\"},\"sameAs\":[\"https:\/\/www.federassantas.org.br\/novosite\/\"],\"url\":\"https:\/\/www.federassantas.org.br\/novosite\/author\/admin-federas\/\"}]}<\/script>\n<!-- \/ Yoast SEO plugin. -->","yoast_head_json":{"title":"Intelig\u00eancia artificial ser\u00e1 usada para mapear risco de c\u00e2ncer de pulm\u00e3o - Federassantas","robots":{"index":"index","follow":"follow","max-snippet":"max-snippet:-1","max-image-preview":"max-image-preview:large","max-video-preview":"max-video-preview:-1"},"canonical":"https:\/\/www.federassantas.org.br\/novosite\/inteligencia-artificial-sera-usada-para-mapear-risco-de-cancer-de-pulmao\/","og_locale":"pt_BR","og_type":"article","og_title":"Intelig\u00eancia artificial ser\u00e1 usada para mapear risco de c\u00e2ncer de pulm\u00e3o - Federassantas","og_description":"Pela primeira vez no Brasil, um software de intelig\u00eancia artificial ser\u00e1 capaz de mapear n\u00f3dulos pulmonares em exames de rotina e revelar aos m\u00e9dicos quais pacientes t\u00eam maior risco de desenvolver c\u00e2ncer de pulm\u00e3o, um dos tipos de tumor mais letais. Anunciado na semana passada, o projeto \u00e9 uma parceria entre o Hospital S\u00edrio-Liban\u00eas e [&hellip;]","og_url":"https:\/\/www.federassantas.org.br\/novosite\/inteligencia-artificial-sera-usada-para-mapear-risco-de-cancer-de-pulmao\/","og_site_name":"Federassantas","article_published_time":"2018-05-09T17:24:01+00:00","author":"admin-federas","twitter_card":"summary_large_image","twitter_misc":{"Escrito por":"admin-federas","Est. tempo de leitura":"1 minuto"},"schema":{"@context":"https:\/\/schema.org","@graph":[{"@type":"Article","@id":"https:\/\/www.federassantas.org.br\/novosite\/inteligencia-artificial-sera-usada-para-mapear-risco-de-cancer-de-pulmao\/#article","isPartOf":{"@id":"https:\/\/www.federassantas.org.br\/novosite\/inteligencia-artificial-sera-usada-para-mapear-risco-de-cancer-de-pulmao\/"},"author":{"name":"admin-federas","@id":"https:\/\/www.federassantas.org.br\/novosite\/#\/schema\/person\/75fed98158349313fe56175f232f513c"},"headline":"Intelig\u00eancia artificial ser\u00e1 usada para mapear risco de c\u00e2ncer de pulm\u00e3o","datePublished":"2018-05-09T17:24:01+00:00","mainEntityOfPage":{"@id":"https:\/\/www.federassantas.org.br\/novosite\/inteligencia-artificial-sera-usada-para-mapear-risco-de-cancer-de-pulmao\/"},"wordCount":278,"commentCount":0,"publisher":{"@id":"https:\/\/www.federassantas.org.br\/novosite\/#organization"},"image":{"@id":"https:\/\/www.federassantas.org.br\/novosite\/inteligencia-artificial-sera-usada-para-mapear-risco-de-cancer-de-pulmao\/#primaryimage"},"thumbnailUrl":"","keywords":["C\u00e2ncer","c\u00e2ncer de pulm\u00e3o","cancerdepulamao","pulmao"],"articleSection":["Not\u00edcias"],"inLanguage":"pt-BR","potentialAction":[{"@type":"CommentAction","name":"Comment","target":["https:\/\/www.federassantas.org.br\/novosite\/inteligencia-artificial-sera-usada-para-mapear-risco-de-cancer-de-pulmao\/#respond"]}]},{"@type":"WebPage","@id":"https:\/\/www.federassantas.org.br\/novosite\/inteligencia-artificial-sera-usada-para-mapear-risco-de-cancer-de-pulmao\/","url":"https:\/\/www.federassantas.org.br\/novosite\/inteligencia-artificial-sera-usada-para-mapear-risco-de-cancer-de-pulmao\/","name":"Intelig\u00eancia artificial ser\u00e1 usada para mapear risco de c\u00e2ncer de pulm\u00e3o - Federassantas","isPartOf":{"@id":"https:\/\/www.federassantas.org.br\/novosite\/#website"},"primaryImageOfPage":{"@id":"https:\/\/www.federassantas.org.br\/novosite\/inteligencia-artificial-sera-usada-para-mapear-risco-de-cancer-de-pulmao\/#primaryimage"},"image":{"@id":"https:\/\/www.federassantas.org.br\/novosite\/inteligencia-artificial-sera-usada-para-mapear-risco-de-cancer-de-pulmao\/#primaryimage"},"thumbnailUrl":"","datePublished":"2018-05-09T17:24:01+00:00","breadcrumb":{"@id":"https:\/\/www.federassantas.org.br\/novosite\/inteligencia-artificial-sera-usada-para-mapear-risco-de-cancer-de-pulmao\/#breadcrumb"},"inLanguage":"pt-BR","potentialAction":[{"@type":"ReadAction","target":["https:\/\/www.federassantas.org.br\/novosite\/inteligencia-artificial-sera-usada-para-mapear-risco-de-cancer-de-pulmao\/"]}]},{"@type":"ImageObject","inLanguage":"pt-BR","@id":"https:\/\/www.federassantas.org.br\/novosite\/inteligencia-artificial-sera-usada-para-mapear-risco-de-cancer-de-pulmao\/#primaryimage","url":"","contentUrl":""},{"@type":"BreadcrumbList","@id":"https:\/\/www.federassantas.org.br\/novosite\/inteligencia-artificial-sera-usada-para-mapear-risco-de-cancer-de-pulmao\/#breadcrumb","itemListElement":[{"@type":"ListItem","position":1,"name":"In\u00edcio","item":"https:\/\/www.federassantas.org.br\/novosite\/"},{"@type":"ListItem","position":2,"name":"Intelig\u00eancia artificial ser\u00e1 usada para mapear risco de c\u00e2ncer de pulm\u00e3o"}]},{"@type":"WebSite","@id":"https:\/\/www.federassantas.org.br\/novosite\/#website","url":"https:\/\/www.federassantas.org.br\/novosite\/","name":"Federassantas","description":"Fed. das Santas Casas e Hospitais Filantr\u00f3picos de MG","publisher":{"@id":"https:\/\/www.federassantas.org.br\/novosite\/#organization"},"potentialAction":[{"@type":"SearchAction","target":{"@type":"EntryPoint","urlTemplate":"https:\/\/www.federassantas.org.br\/novosite\/?s={search_term_string}"},"query-input":{"@type":"PropertyValueSpecification","valueRequired":true,"valueName":"search_term_string"}}],"inLanguage":"pt-BR"},{"@type":"Organization","@id":"https:\/\/www.federassantas.org.br\/novosite\/#organization","name":"Federassantas","url":"https:\/\/www.federassantas.org.br\/novosite\/","logo":{"@type":"ImageObject","inLanguage":"pt-BR","@id":"https:\/\/www.federassantas.org.br\/novosite\/#\/schema\/logo\/image\/","url":"https:\/\/www.federassantas.org.br\/novosite\/wp-content\/uploads\/2021\/12\/logo.png","contentUrl":"https:\/\/www.federassantas.org.br\/novosite\/wp-content\/uploads\/2021\/12\/logo.png","width":243,"height":59,"caption":"Federassantas"},"image":{"@id":"https:\/\/www.federassantas.org.br\/novosite\/#\/schema\/logo\/image\/"}},{"@type":"Person","@id":"https:\/\/www.federassantas.org.br\/novosite\/#\/schema\/person\/75fed98158349313fe56175f232f513c","name":"admin-federas","image":{"@type":"ImageObject","inLanguage":"pt-BR","@id":"https:\/\/www.federassantas.org.br\/novosite\/#\/schema\/person\/image\/","url":"https:\/\/secure.gravatar.com\/avatar\/2a02d7dda59fe8dc6b7ffd3f652e2efede5ccf0dd89dfdc8137c5517f3de8407?s=96&d=mm&r=g","contentUrl":"https:\/\/secure.gravatar.com\/avatar\/2a02d7dda59fe8dc6b7ffd3f652e2efede5ccf0dd89dfdc8137c5517f3de8407?s=96&d=mm&r=g","caption":"admin-federas"},"sameAs":["https:\/\/www.federassantas.org.br\/novosite\/"],"url":"https:\/\/www.federassantas.org.br\/novosite\/author\/admin-federas\/"}]}},"_links":{"self":[{"href":"https:\/\/www.federassantas.org.br\/novosite\/wp-json\/wp\/v2\/posts\/12622","targetHints":{"allow":["GET"]}}],"collection":[{"href":"https:\/\/www.federassantas.org.br\/novosite\/wp-json\/wp\/v2\/posts"}],"about":[{"href":"https:\/\/www.federassantas.org.br\/novosite\/wp-json\/wp\/v2\/types\/post"}],"author":[{"embeddable":true,"href":"https:\/\/www.federassantas.org.br\/novosite\/wp-json\/wp\/v2\/users\/1"}],"replies":[{"embeddable":true,"href":"https:\/\/www.federassantas.org.br\/novosite\/wp-json\/wp\/v2\/comments?post=12622"}],"version-history":[{"count":0,"href":"https:\/\/www.federassantas.org.br\/novosite\/wp-json\/wp\/v2\/posts\/12622\/revisions"}],"wp:featuredmedia":[{"embeddable":true,"href":"https:\/\/www.federassantas.org.br\/novosite\/wp-json\/"}],"wp:attachment":[{"href":"https:\/\/www.federassantas.org.br\/novosite\/wp-json\/wp\/v2\/media?parent=12622"}],"wp:term":[{"taxonomy":"category","embeddable":true,"href":"https:\/\/www.federassantas.org.br\/novosite\/wp-json\/wp\/v2\/categories?post=12622"},{"taxonomy":"post_tag","embeddable":true,"href":"https:\/\/www.federassantas.org.br\/novosite\/wp-json\/wp\/v2\/tags?post=12622"}],"curies":[{"name":"wp","href":"https:\/\/api.w.org\/{rel}","templated":true}]}}