{"id":12628,"date":"2018-05-09T14:42:21","date_gmt":"2018-05-09T17:42:21","guid":{"rendered":"https:\/\/federasbackup.meltcomunicacao.com.br\/?p=12628"},"modified":"2018-05-09T14:42:21","modified_gmt":"2018-05-09T17:42:21","slug":"dia-d-de-vacinacao-contra-gripe-acontece-no-sabado-em-todo-pais","status":"publish","type":"post","link":"https:\/\/www.federassantas.org.br\/novosite\/dia-d-de-vacinacao-contra-gripe-acontece-no-sabado-em-todo-pais\/","title":{"rendered":"Dia D de vacina\u00e7\u00e3o contra Gripe acontece no s\u00e1bado em todo pa\u00eds"},"content":{"rendered":"<p style=\"text-align: justify;\">No pr\u00f3ximo s\u00e1bado, 12\/05, acontece o\u00a0<strong>Dia de D de vacina\u00e7\u00e3o contra a Gripe<\/strong>. As salas de imuniza\u00e7\u00e3o das Unidades B\u00e1sicas de Sa\u00fade (UBS) ficar\u00e3o abertas para que as pessoas possam se vacinar. Em Belo Horizonte, a Prefeitura de BH e a Secretaria de Estado de Sa\u00fade de Minas Gerais (SES-MG) v\u00e3o promover o dia D de vacina\u00e7\u00e3o contra a gripe (Influenza), a partir das 9 horas, no centro de sa\u00fade do Bairro Camargos, localizado na rua Luiza Rua Luiza Efig\u00eania Silva, 159, bairro Camargos.<\/p>\n<p style=\"text-align: justify;\">A <a href=\"http:\/\/www.saude.mg.gov.br\/gripe\">Campanha<\/a>\u00a0come\u00e7ou no dia <a href=\"https:\/\/federasbackup.meltcomunicacao.com.br\/noticias\/vacinacao-contra-gripe-comeca-em-todo-o-pais\/\">23 de abril<\/a> e vai at\u00e9 o dia 1\u00b0 de junho e a meta \u00e9 vacinar 90% do p\u00fablico alvo, o que representa mais de cinco milh\u00f5es de pessoas. Conforme dados do Sistema de Informa\u00e7\u00f5es do Programa Nacional de Imuniza\u00e7\u00e3o (SIPNI), at\u00e9 o momento, a cobertura vacinal no estado est\u00e1 em 30,55%.<\/p>\n<p style=\"text-align: justify;\">A Diretora de Vigil\u00e2ncia Epidemiol\u00f3gica da SES-MG, Jana\u00edna Fonseca Almeida, explica que a vacina\u00e7\u00e3o \u00e9 uma das principais estrat\u00e9gias de preven\u00e7\u00e3o da Gripe. \u201cPor isso \u00e9 t\u00e3o importante aproveitar o s\u00e1bado para se imunizar. A vacina tem contribu\u00eddo ao longo dos anos, para a redu\u00e7\u00e3o de complica\u00e7\u00f5es, interna\u00e7\u00f5es e \u00f3bitos, especialmente na popula\u00e7\u00e3o de risco\u201d, disse.<\/p>\n<p style=\"text-align: justify;\">No dia \u00e9 muito importante levar o cart\u00e3o de vacina\u00e7\u00e3o.<\/p>\n<p style=\"text-align: justify;\">Mais informa\u00e7\u00f5es em\u00a0<a href=\"http:\/\/www.saude.mg.gov.br\/component\/gmg\/story\/10491-dia-d-de-vacinacao-contra-gripe-acontece-no-sabado-em-todo-pais\">http:\/\/www.saude.mg.gov.br\/component\/gmg\/story\/10491-dia-d-de-vacinacao-contra-gripe-acontece-no-sabado-em-todo-pais<\/a><\/p>\n","protected":false},"excerpt":{"rendered":"<p>No pr\u00f3ximo s\u00e1bado, 12\/05, acontece o\u00a0Dia de D de vacina\u00e7\u00e3o contra a Gripe. As salas de imuniza\u00e7\u00e3o das Unidades B\u00e1sicas de Sa\u00fade (UBS) ficar\u00e3o abertas para que as pessoas possam se vacinar. Em Belo Horizonte, a Prefeitura de BH e a Secretaria de Estado de Sa\u00fade de Minas Gerais (SES-MG) v\u00e3o promover o dia D [&hellip;]<\/p>\n","protected":false},"author":1,"featured_media":12629,"comment_status":"open","ping_status":"open","sticky":false,"template":"","format":"standard","meta":{"footnotes":""},"categories":[140],"tags":[217,218,219],"class_list":["post-12628","post","type-post","status-publish","format-standard","has-post-thumbnail","hentry","category-noticias","tag-gripe","tag-prevencao","tag-vacinacao"],"yoast_head":"<!-- This site is optimized with the Yoast SEO plugin v26.9 - https:\/\/yoast.com\/product\/yoast-seo-wordpress\/ -->\n<title>Dia D de vacina\u00e7\u00e3o contra Gripe acontece no s\u00e1bado em todo pa\u00eds - Federassantas<\/title>\n<meta name=\"robots\" content=\"index, follow, max-snippet:-1, max-image-preview:large, max-video-preview:-1\" \/>\n<link rel=\"canonical\" href=\"https:\/\/www.federassantas.org.br\/novosite\/dia-d-de-vacinacao-contra-gripe-acontece-no-sabado-em-todo-pais\/\" \/>\n<meta property=\"og:locale\" content=\"pt_BR\" \/>\n<meta property=\"og:type\" content=\"article\" \/>\n<meta property=\"og:title\" content=\"Dia D de vacina\u00e7\u00e3o contra Gripe acontece no s\u00e1bado em todo pa\u00eds - Federassantas\" \/>\n<meta property=\"og:description\" content=\"No pr\u00f3ximo s\u00e1bado, 12\/05, acontece o\u00a0Dia de D de vacina\u00e7\u00e3o contra a Gripe. As salas de imuniza\u00e7\u00e3o das Unidades B\u00e1sicas de Sa\u00fade (UBS) ficar\u00e3o abertas para que as pessoas possam se vacinar. Em Belo Horizonte, a Prefeitura de BH e a Secretaria de Estado de Sa\u00fade de Minas Gerais (SES-MG) v\u00e3o promover o dia D [&hellip;]\" \/>\n<meta property=\"og:url\" content=\"https:\/\/www.federassantas.org.br\/novosite\/dia-d-de-vacinacao-contra-gripe-acontece-no-sabado-em-todo-pais\/\" \/>\n<meta property=\"og:site_name\" content=\"Federassantas\" \/>\n<meta property=\"article:published_time\" content=\"2018-05-09T17:42:21+00:00\" \/>\n<meta name=\"author\" content=\"admin-federas\" \/>\n<meta name=\"twitter:card\" content=\"summary_large_image\" \/>\n<meta name=\"twitter:label1\" content=\"Escrito por\" \/>\n\t<meta name=\"twitter:data1\" content=\"admin-federas\" \/>\n\t<meta name=\"twitter:label2\" content=\"Est. tempo de leitura\" \/>\n\t<meta name=\"twitter:data2\" content=\"1 minuto\" \/>\n<script type=\"application\/ld+json\" class=\"yoast-schema-graph\">{\"@context\":\"https:\/\/schema.org\",\"@graph\":[{\"@type\":\"Article\",\"@id\":\"https:\/\/www.federassantas.org.br\/novosite\/dia-d-de-vacinacao-contra-gripe-acontece-no-sabado-em-todo-pais\/#article\",\"isPartOf\":{\"@id\":\"https:\/\/www.federassantas.org.br\/novosite\/dia-d-de-vacinacao-contra-gripe-acontece-no-sabado-em-todo-pais\/\"},\"author\":{\"name\":\"admin-federas\",\"@id\":\"https:\/\/www.federassantas.org.br\/novosite\/#\/schema\/person\/75fed98158349313fe56175f232f513c\"},\"headline\":\"Dia D de vacina\u00e7\u00e3o contra Gripe acontece no s\u00e1bado em todo pa\u00eds\",\"datePublished\":\"2018-05-09T17:42:21+00:00\",\"mainEntityOfPage\":{\"@id\":\"https:\/\/www.federassantas.org.br\/novosite\/dia-d-de-vacinacao-contra-gripe-acontece-no-sabado-em-todo-pais\/\"},\"wordCount\":258,\"commentCount\":0,\"publisher\":{\"@id\":\"https:\/\/www.federassantas.org.br\/novosite\/#organization\"},\"image\":{\"@id\":\"https:\/\/www.federassantas.org.br\/novosite\/dia-d-de-vacinacao-contra-gripe-acontece-no-sabado-em-todo-pais\/#primaryimage\"},\"thumbnailUrl\":\"\",\"keywords\":[\"gripe\",\"preven\u00e7\u00e3o\",\"vacina\u00e7\u00e3o\"],\"articleSection\":[\"Not\u00edcias\"],\"inLanguage\":\"pt-BR\",\"potentialAction\":[{\"@type\":\"CommentAction\",\"name\":\"Comment\",\"target\":[\"https:\/\/www.federassantas.org.br\/novosite\/dia-d-de-vacinacao-contra-gripe-acontece-no-sabado-em-todo-pais\/#respond\"]}]},{\"@type\":\"WebPage\",\"@id\":\"https:\/\/www.federassantas.org.br\/novosite\/dia-d-de-vacinacao-contra-gripe-acontece-no-sabado-em-todo-pais\/\",\"url\":\"https:\/\/www.federassantas.org.br\/novosite\/dia-d-de-vacinacao-contra-gripe-acontece-no-sabado-em-todo-pais\/\",\"name\":\"Dia D de vacina\u00e7\u00e3o contra Gripe acontece no s\u00e1bado em todo pa\u00eds - Federassantas\",\"isPartOf\":{\"@id\":\"https:\/\/www.federassantas.org.br\/novosite\/#website\"},\"primaryImageOfPage\":{\"@id\":\"https:\/\/www.federassantas.org.br\/novosite\/dia-d-de-vacinacao-contra-gripe-acontece-no-sabado-em-todo-pais\/#primaryimage\"},\"image\":{\"@id\":\"https:\/\/www.federassantas.org.br\/novosite\/dia-d-de-vacinacao-contra-gripe-acontece-no-sabado-em-todo-pais\/#primaryimage\"},\"thumbnailUrl\":\"\",\"datePublished\":\"2018-05-09T17:42:21+00:00\",\"breadcrumb\":{\"@id\":\"https:\/\/www.federassantas.org.br\/novosite\/dia-d-de-vacinacao-contra-gripe-acontece-no-sabado-em-todo-pais\/#breadcrumb\"},\"inLanguage\":\"pt-BR\",\"potentialAction\":[{\"@type\":\"ReadAction\",\"target\":[\"https:\/\/www.federassantas.org.br\/novosite\/dia-d-de-vacinacao-contra-gripe-acontece-no-sabado-em-todo-pais\/\"]}]},{\"@type\":\"ImageObject\",\"inLanguage\":\"pt-BR\",\"@id\":\"https:\/\/www.federassantas.org.br\/novosite\/dia-d-de-vacinacao-contra-gripe-acontece-no-sabado-em-todo-pais\/#primaryimage\",\"url\":\"\",\"contentUrl\":\"\"},{\"@type\":\"BreadcrumbList\",\"@id\":\"https:\/\/www.federassantas.org.br\/novosite\/dia-d-de-vacinacao-contra-gripe-acontece-no-sabado-em-todo-pais\/#breadcrumb\",\"itemListElement\":[{\"@type\":\"ListItem\",\"position\":1,\"name\":\"In\u00edcio\",\"item\":\"https:\/\/www.federassantas.org.br\/novosite\/\"},{\"@type\":\"ListItem\",\"position\":2,\"name\":\"Dia D de vacina\u00e7\u00e3o contra Gripe acontece no s\u00e1bado em todo pa\u00eds\"}]},{\"@type\":\"WebSite\",\"@id\":\"https:\/\/www.federassantas.org.br\/novosite\/#website\",\"url\":\"https:\/\/www.federassantas.org.br\/novosite\/\",\"name\":\"Federassantas\",\"description\":\"Fed. das Santas Casas e Hospitais Filantr\u00f3picos de MG\",\"publisher\":{\"@id\":\"https:\/\/www.federassantas.org.br\/novosite\/#organization\"},\"potentialAction\":[{\"@type\":\"SearchAction\",\"target\":{\"@type\":\"EntryPoint\",\"urlTemplate\":\"https:\/\/www.federassantas.org.br\/novosite\/?s={search_term_string}\"},\"query-input\":{\"@type\":\"PropertyValueSpecification\",\"valueRequired\":true,\"valueName\":\"search_term_string\"}}],\"inLanguage\":\"pt-BR\"},{\"@type\":\"Organization\",\"@id\":\"https:\/\/www.federassantas.org.br\/novosite\/#organization\",\"name\":\"Federassantas\",\"url\":\"https:\/\/www.federassantas.org.br\/novosite\/\",\"logo\":{\"@type\":\"ImageObject\",\"inLanguage\":\"pt-BR\",\"@id\":\"https:\/\/www.federassantas.org.br\/novosite\/#\/schema\/logo\/image\/\",\"url\":\"https:\/\/www.federassantas.org.br\/novosite\/wp-content\/uploads\/2021\/12\/logo.png\",\"contentUrl\":\"https:\/\/www.federassantas.org.br\/novosite\/wp-content\/uploads\/2021\/12\/logo.png\",\"width\":243,\"height\":59,\"caption\":\"Federassantas\"},\"image\":{\"@id\":\"https:\/\/www.federassantas.org.br\/novosite\/#\/schema\/logo\/image\/\"}},{\"@type\":\"Person\",\"@id\":\"https:\/\/www.federassantas.org.br\/novosite\/#\/schema\/person\/75fed98158349313fe56175f232f513c\",\"name\":\"admin-federas\",\"image\":{\"@type\":\"ImageObject\",\"inLanguage\":\"pt-BR\",\"@id\":\"https:\/\/www.federassantas.org.br\/novosite\/#\/schema\/person\/image\/\",\"url\":\"https:\/\/secure.gravatar.com\/avatar\/2a02d7dda59fe8dc6b7ffd3f652e2efede5ccf0dd89dfdc8137c5517f3de8407?s=96&d=mm&r=g\",\"contentUrl\":\"https:\/\/secure.gravatar.com\/avatar\/2a02d7dda59fe8dc6b7ffd3f652e2efede5ccf0dd89dfdc8137c5517f3de8407?s=96&d=mm&r=g\",\"caption\":\"admin-federas\"},\"sameAs\":[\"https:\/\/www.federassantas.org.br\/novosite\/\"],\"url\":\"https:\/\/www.federassantas.org.br\/novosite\/author\/admin-federas\/\"}]}<\/script>\n<!-- \/ Yoast SEO plugin. -->","yoast_head_json":{"title":"Dia D de vacina\u00e7\u00e3o contra Gripe acontece no s\u00e1bado em todo pa\u00eds - Federassantas","robots":{"index":"index","follow":"follow","max-snippet":"max-snippet:-1","max-image-preview":"max-image-preview:large","max-video-preview":"max-video-preview:-1"},"canonical":"https:\/\/www.federassantas.org.br\/novosite\/dia-d-de-vacinacao-contra-gripe-acontece-no-sabado-em-todo-pais\/","og_locale":"pt_BR","og_type":"article","og_title":"Dia D de vacina\u00e7\u00e3o contra Gripe acontece no s\u00e1bado em todo pa\u00eds - Federassantas","og_description":"No pr\u00f3ximo s\u00e1bado, 12\/05, acontece o\u00a0Dia de D de vacina\u00e7\u00e3o contra a Gripe. As salas de imuniza\u00e7\u00e3o das Unidades B\u00e1sicas de Sa\u00fade (UBS) ficar\u00e3o abertas para que as pessoas possam se vacinar. Em Belo Horizonte, a Prefeitura de BH e a Secretaria de Estado de Sa\u00fade de Minas Gerais (SES-MG) v\u00e3o promover o dia D [&hellip;]","og_url":"https:\/\/www.federassantas.org.br\/novosite\/dia-d-de-vacinacao-contra-gripe-acontece-no-sabado-em-todo-pais\/","og_site_name":"Federassantas","article_published_time":"2018-05-09T17:42:21+00:00","author":"admin-federas","twitter_card":"summary_large_image","twitter_misc":{"Escrito por":"admin-federas","Est. tempo de leitura":"1 minuto"},"schema":{"@context":"https:\/\/schema.org","@graph":[{"@type":"Article","@id":"https:\/\/www.federassantas.org.br\/novosite\/dia-d-de-vacinacao-contra-gripe-acontece-no-sabado-em-todo-pais\/#article","isPartOf":{"@id":"https:\/\/www.federassantas.org.br\/novosite\/dia-d-de-vacinacao-contra-gripe-acontece-no-sabado-em-todo-pais\/"},"author":{"name":"admin-federas","@id":"https:\/\/www.federassantas.org.br\/novosite\/#\/schema\/person\/75fed98158349313fe56175f232f513c"},"headline":"Dia D de vacina\u00e7\u00e3o contra Gripe acontece no s\u00e1bado em todo pa\u00eds","datePublished":"2018-05-09T17:42:21+00:00","mainEntityOfPage":{"@id":"https:\/\/www.federassantas.org.br\/novosite\/dia-d-de-vacinacao-contra-gripe-acontece-no-sabado-em-todo-pais\/"},"wordCount":258,"commentCount":0,"publisher":{"@id":"https:\/\/www.federassantas.org.br\/novosite\/#organization"},"image":{"@id":"https:\/\/www.federassantas.org.br\/novosite\/dia-d-de-vacinacao-contra-gripe-acontece-no-sabado-em-todo-pais\/#primaryimage"},"thumbnailUrl":"","keywords":["gripe","preven\u00e7\u00e3o","vacina\u00e7\u00e3o"],"articleSection":["Not\u00edcias"],"inLanguage":"pt-BR","potentialAction":[{"@type":"CommentAction","name":"Comment","target":["https:\/\/www.federassantas.org.br\/novosite\/dia-d-de-vacinacao-contra-gripe-acontece-no-sabado-em-todo-pais\/#respond"]}]},{"@type":"WebPage","@id":"https:\/\/www.federassantas.org.br\/novosite\/dia-d-de-vacinacao-contra-gripe-acontece-no-sabado-em-todo-pais\/","url":"https:\/\/www.federassantas.org.br\/novosite\/dia-d-de-vacinacao-contra-gripe-acontece-no-sabado-em-todo-pais\/","name":"Dia D de vacina\u00e7\u00e3o contra Gripe acontece no s\u00e1bado em todo pa\u00eds - Federassantas","isPartOf":{"@id":"https:\/\/www.federassantas.org.br\/novosite\/#website"},"primaryImageOfPage":{"@id":"https:\/\/www.federassantas.org.br\/novosite\/dia-d-de-vacinacao-contra-gripe-acontece-no-sabado-em-todo-pais\/#primaryimage"},"image":{"@id":"https:\/\/www.federassantas.org.br\/novosite\/dia-d-de-vacinacao-contra-gripe-acontece-no-sabado-em-todo-pais\/#primaryimage"},"thumbnailUrl":"","datePublished":"2018-05-09T17:42:21+00:00","breadcrumb":{"@id":"https:\/\/www.federassantas.org.br\/novosite\/dia-d-de-vacinacao-contra-gripe-acontece-no-sabado-em-todo-pais\/#breadcrumb"},"inLanguage":"pt-BR","potentialAction":[{"@type":"ReadAction","target":["https:\/\/www.federassantas.org.br\/novosite\/dia-d-de-vacinacao-contra-gripe-acontece-no-sabado-em-todo-pais\/"]}]},{"@type":"ImageObject","inLanguage":"pt-BR","@id":"https:\/\/www.federassantas.org.br\/novosite\/dia-d-de-vacinacao-contra-gripe-acontece-no-sabado-em-todo-pais\/#primaryimage","url":"","contentUrl":""},{"@type":"BreadcrumbList","@id":"https:\/\/www.federassantas.org.br\/novosite\/dia-d-de-vacinacao-contra-gripe-acontece-no-sabado-em-todo-pais\/#breadcrumb","itemListElement":[{"@type":"ListItem","position":1,"name":"In\u00edcio","item":"https:\/\/www.federassantas.org.br\/novosite\/"},{"@type":"ListItem","position":2,"name":"Dia D de vacina\u00e7\u00e3o contra Gripe acontece no s\u00e1bado em todo pa\u00eds"}]},{"@type":"WebSite","@id":"https:\/\/www.federassantas.org.br\/novosite\/#website","url":"https:\/\/www.federassantas.org.br\/novosite\/","name":"Federassantas","description":"Fed. das Santas Casas e Hospitais Filantr\u00f3picos de MG","publisher":{"@id":"https:\/\/www.federassantas.org.br\/novosite\/#organization"},"potentialAction":[{"@type":"SearchAction","target":{"@type":"EntryPoint","urlTemplate":"https:\/\/www.federassantas.org.br\/novosite\/?s={search_term_string}"},"query-input":{"@type":"PropertyValueSpecification","valueRequired":true,"valueName":"search_term_string"}}],"inLanguage":"pt-BR"},{"@type":"Organization","@id":"https:\/\/www.federassantas.org.br\/novosite\/#organization","name":"Federassantas","url":"https:\/\/www.federassantas.org.br\/novosite\/","logo":{"@type":"ImageObject","inLanguage":"pt-BR","@id":"https:\/\/www.federassantas.org.br\/novosite\/#\/schema\/logo\/image\/","url":"https:\/\/www.federassantas.org.br\/novosite\/wp-content\/uploads\/2021\/12\/logo.png","contentUrl":"https:\/\/www.federassantas.org.br\/novosite\/wp-content\/uploads\/2021\/12\/logo.png","width":243,"height":59,"caption":"Federassantas"},"image":{"@id":"https:\/\/www.federassantas.org.br\/novosite\/#\/schema\/logo\/image\/"}},{"@type":"Person","@id":"https:\/\/www.federassantas.org.br\/novosite\/#\/schema\/person\/75fed98158349313fe56175f232f513c","name":"admin-federas","image":{"@type":"ImageObject","inLanguage":"pt-BR","@id":"https:\/\/www.federassantas.org.br\/novosite\/#\/schema\/person\/image\/","url":"https:\/\/secure.gravatar.com\/avatar\/2a02d7dda59fe8dc6b7ffd3f652e2efede5ccf0dd89dfdc8137c5517f3de8407?s=96&d=mm&r=g","contentUrl":"https:\/\/secure.gravatar.com\/avatar\/2a02d7dda59fe8dc6b7ffd3f652e2efede5ccf0dd89dfdc8137c5517f3de8407?s=96&d=mm&r=g","caption":"admin-federas"},"sameAs":["https:\/\/www.federassantas.org.br\/novosite\/"],"url":"https:\/\/www.federassantas.org.br\/novosite\/author\/admin-federas\/"}]}},"_links":{"self":[{"href":"https:\/\/www.federassantas.org.br\/novosite\/wp-json\/wp\/v2\/posts\/12628","targetHints":{"allow":["GET"]}}],"collection":[{"href":"https:\/\/www.federassantas.org.br\/novosite\/wp-json\/wp\/v2\/posts"}],"about":[{"href":"https:\/\/www.federassantas.org.br\/novosite\/wp-json\/wp\/v2\/types\/post"}],"author":[{"embeddable":true,"href":"https:\/\/www.federassantas.org.br\/novosite\/wp-json\/wp\/v2\/users\/1"}],"replies":[{"embeddable":true,"href":"https:\/\/www.federassantas.org.br\/novosite\/wp-json\/wp\/v2\/comments?post=12628"}],"version-history":[{"count":0,"href":"https:\/\/www.federassantas.org.br\/novosite\/wp-json\/wp\/v2\/posts\/12628\/revisions"}],"wp:featuredmedia":[{"embeddable":true,"href":"https:\/\/www.federassantas.org.br\/novosite\/wp-json\/"}],"wp:attachment":[{"href":"https:\/\/www.federassantas.org.br\/novosite\/wp-json\/wp\/v2\/media?parent=12628"}],"wp:term":[{"taxonomy":"category","embeddable":true,"href":"https:\/\/www.federassantas.org.br\/novosite\/wp-json\/wp\/v2\/categories?post=12628"},{"taxonomy":"post_tag","embeddable":true,"href":"https:\/\/www.federassantas.org.br\/novosite\/wp-json\/wp\/v2\/tags?post=12628"}],"curies":[{"name":"wp","href":"https:\/\/api.w.org\/{rel}","templated":true}]}}