{"id":12638,"date":"2018-05-16T10:48:50","date_gmt":"2018-05-16T13:48:50","guid":{"rendered":"https:\/\/federasbackup.meltcomunicacao.com.br\/?p=12638"},"modified":"2018-05-16T10:48:50","modified_gmt":"2018-05-16T13:48:50","slug":"i-encontro-de-saude-regional-norte","status":"publish","type":"post","link":"https:\/\/www.federassantas.org.br\/novosite\/i-encontro-de-saude-regional-norte\/","title":{"rendered":"I Encontro de Sa\u00fade &#8211; Regional Norte"},"content":{"rendered":"<p>Convidamos a todos para o I Encontro de Sa\u00fade &#8211; Regional Norte que ser\u00e1 realizado pela Federassantas em parceria com a SES-MG e COSEMS, no dia 18 de maio, de 10 \u00e0s 13 horas no CDH &#8211; Centro de Desenvolvimento Humano da Santa Casa de Montes Claros &#8211; Rua Bar\u00e3o do Rio Branco, n\u00ba 882 &#8211; Sala 03.<\/p>\n<p><strong>Pauta<\/strong><\/p>\n<p>&#8211; Atualiza\u00e7\u00e3o de informes das atividades e a\u00e7\u00f5es da Federassantas;<br \/>\n&#8211; Vis\u00e3o do Minist\u00e9rio P\u00fablico quanto ao equil\u00edbrio da rela\u00e7\u00e3o assistencial e financeira: O papel dos gestores e prestadores de servi\u00e7os;<br \/>\n&#8211; Regras de contrata\u00e7\u00e3o das entidades filantr\u00f3picas na manuten\u00e7\u00e3o da oferta dos servi\u00e7os de sa\u00fade no \u00e2mbito regional (SES-MG);<br \/>\n&#8211; O papel da gest\u00e3o municipal na garantia da aten\u00e7\u00e3o hospitalar no territ\u00f3rio regional (COSEMS).<\/p>\n<p><strong>IMPORTANTE:<\/strong> Assuntos estrat\u00e9gicos, de interesse coletivo e n\u00e3o inclu\u00eddos acima, poder\u00e3o ser encaminhados para incorpora\u00e7\u00e3o na pauta e discuss\u00e3o no grupo.<\/p>\n<p><strong>N\u00e3o deixe de participar!<\/strong><\/p>\n<p>Contamos com a sua efetiva participa\u00e7\u00e3o para que possamos criar, de forma colaborativa, um ambiente favor\u00e1vel para o desenvolvimento das atividades das Regionais.<\/p>\n<p>Para confirma\u00e7\u00e3o de presen\u00e7a, gentileza<br \/>\nenviar <strong>e-mail lourdes@federassantas.org.br<\/strong><br \/>\nou <strong>ligar para (31) 3241-4312 \u2013 Lourdes Paiva.<\/strong><\/p>\n<p>&nbsp;<\/p>\n","protected":false},"excerpt":{"rendered":"<p>Convidamos a todos para o I Encontro de Sa\u00fade &#8211; Regional Norte que ser\u00e1 realizado pela Federassantas em parceria com a SES-MG e COSEMS, no dia 18 de maio, de 10 \u00e0s 13 horas no CDH &#8211; Centro de Desenvolvimento Humano da Santa Casa de Montes Claros &#8211; Rua Bar\u00e3o do Rio Branco, n\u00ba 882 [&hellip;]<\/p>\n","protected":false},"author":1,"featured_media":12726,"comment_status":"open","ping_status":"open","sticky":false,"template":"","format":"standard","meta":{"footnotes":""},"categories":[140,141],"tags":[],"class_list":["post-12638","post","type-post","status-publish","format-standard","has-post-thumbnail","hentry","category-noticias","category-noticias-federassantas"],"yoast_head":"<!-- This site is optimized with the Yoast SEO plugin v26.9 - https:\/\/yoast.com\/product\/yoast-seo-wordpress\/ -->\n<title>I Encontro de Sa\u00fade - Regional Norte - Federassantas<\/title>\n<meta name=\"robots\" content=\"index, follow, max-snippet:-1, max-image-preview:large, max-video-preview:-1\" \/>\n<link rel=\"canonical\" href=\"https:\/\/www.federassantas.org.br\/novosite\/i-encontro-de-saude-regional-norte\/\" \/>\n<meta property=\"og:locale\" content=\"pt_BR\" \/>\n<meta property=\"og:type\" content=\"article\" \/>\n<meta property=\"og:title\" content=\"I Encontro de Sa\u00fade - Regional Norte - Federassantas\" \/>\n<meta property=\"og:description\" content=\"Convidamos a todos para o I Encontro de Sa\u00fade &#8211; Regional Norte que ser\u00e1 realizado pela Federassantas em parceria com a SES-MG e COSEMS, no dia 18 de maio, de 10 \u00e0s 13 horas no CDH &#8211; Centro de Desenvolvimento Humano da Santa Casa de Montes Claros &#8211; Rua Bar\u00e3o do Rio Branco, n\u00ba 882 [&hellip;]\" \/>\n<meta property=\"og:url\" content=\"https:\/\/www.federassantas.org.br\/novosite\/i-encontro-de-saude-regional-norte\/\" \/>\n<meta property=\"og:site_name\" content=\"Federassantas\" \/>\n<meta property=\"article:published_time\" content=\"2018-05-16T13:48:50+00:00\" \/>\n<meta name=\"author\" content=\"admin-federas\" \/>\n<meta name=\"twitter:card\" content=\"summary_large_image\" \/>\n<meta name=\"twitter:label1\" content=\"Escrito por\" \/>\n\t<meta name=\"twitter:data1\" content=\"admin-federas\" \/>\n\t<meta name=\"twitter:label2\" content=\"Est. tempo de leitura\" \/>\n\t<meta name=\"twitter:data2\" content=\"1 minuto\" \/>\n<script type=\"application\/ld+json\" class=\"yoast-schema-graph\">{\"@context\":\"https:\/\/schema.org\",\"@graph\":[{\"@type\":\"Article\",\"@id\":\"https:\/\/www.federassantas.org.br\/novosite\/i-encontro-de-saude-regional-norte\/#article\",\"isPartOf\":{\"@id\":\"https:\/\/www.federassantas.org.br\/novosite\/i-encontro-de-saude-regional-norte\/\"},\"author\":{\"name\":\"admin-federas\",\"@id\":\"https:\/\/www.federassantas.org.br\/novosite\/#\/schema\/person\/75fed98158349313fe56175f232f513c\"},\"headline\":\"I Encontro de Sa\u00fade &#8211; Regional Norte\",\"datePublished\":\"2018-05-16T13:48:50+00:00\",\"mainEntityOfPage\":{\"@id\":\"https:\/\/www.federassantas.org.br\/novosite\/i-encontro-de-saude-regional-norte\/\"},\"wordCount\":222,\"commentCount\":0,\"publisher\":{\"@id\":\"https:\/\/www.federassantas.org.br\/novosite\/#organization\"},\"image\":{\"@id\":\"https:\/\/www.federassantas.org.br\/novosite\/i-encontro-de-saude-regional-norte\/#primaryimage\"},\"thumbnailUrl\":\"\",\"articleSection\":[\"Not\u00edcias\",\"Not\u00edcias Federassantas\"],\"inLanguage\":\"pt-BR\",\"potentialAction\":[{\"@type\":\"CommentAction\",\"name\":\"Comment\",\"target\":[\"https:\/\/www.federassantas.org.br\/novosite\/i-encontro-de-saude-regional-norte\/#respond\"]}]},{\"@type\":\"WebPage\",\"@id\":\"https:\/\/www.federassantas.org.br\/novosite\/i-encontro-de-saude-regional-norte\/\",\"url\":\"https:\/\/www.federassantas.org.br\/novosite\/i-encontro-de-saude-regional-norte\/\",\"name\":\"I Encontro de Sa\u00fade - Regional Norte - Federassantas\",\"isPartOf\":{\"@id\":\"https:\/\/www.federassantas.org.br\/novosite\/#website\"},\"primaryImageOfPage\":{\"@id\":\"https:\/\/www.federassantas.org.br\/novosite\/i-encontro-de-saude-regional-norte\/#primaryimage\"},\"image\":{\"@id\":\"https:\/\/www.federassantas.org.br\/novosite\/i-encontro-de-saude-regional-norte\/#primaryimage\"},\"thumbnailUrl\":\"\",\"datePublished\":\"2018-05-16T13:48:50+00:00\",\"breadcrumb\":{\"@id\":\"https:\/\/www.federassantas.org.br\/novosite\/i-encontro-de-saude-regional-norte\/#breadcrumb\"},\"inLanguage\":\"pt-BR\",\"potentialAction\":[{\"@type\":\"ReadAction\",\"target\":[\"https:\/\/www.federassantas.org.br\/novosite\/i-encontro-de-saude-regional-norte\/\"]}]},{\"@type\":\"ImageObject\",\"inLanguage\":\"pt-BR\",\"@id\":\"https:\/\/www.federassantas.org.br\/novosite\/i-encontro-de-saude-regional-norte\/#primaryimage\",\"url\":\"\",\"contentUrl\":\"\"},{\"@type\":\"BreadcrumbList\",\"@id\":\"https:\/\/www.federassantas.org.br\/novosite\/i-encontro-de-saude-regional-norte\/#breadcrumb\",\"itemListElement\":[{\"@type\":\"ListItem\",\"position\":1,\"name\":\"In\u00edcio\",\"item\":\"https:\/\/www.federassantas.org.br\/novosite\/\"},{\"@type\":\"ListItem\",\"position\":2,\"name\":\"I Encontro de Sa\u00fade &#8211; Regional Norte\"}]},{\"@type\":\"WebSite\",\"@id\":\"https:\/\/www.federassantas.org.br\/novosite\/#website\",\"url\":\"https:\/\/www.federassantas.org.br\/novosite\/\",\"name\":\"Federassantas\",\"description\":\"Fed. das Santas Casas e Hospitais Filantr\u00f3picos de MG\",\"publisher\":{\"@id\":\"https:\/\/www.federassantas.org.br\/novosite\/#organization\"},\"potentialAction\":[{\"@type\":\"SearchAction\",\"target\":{\"@type\":\"EntryPoint\",\"urlTemplate\":\"https:\/\/www.federassantas.org.br\/novosite\/?s={search_term_string}\"},\"query-input\":{\"@type\":\"PropertyValueSpecification\",\"valueRequired\":true,\"valueName\":\"search_term_string\"}}],\"inLanguage\":\"pt-BR\"},{\"@type\":\"Organization\",\"@id\":\"https:\/\/www.federassantas.org.br\/novosite\/#organization\",\"name\":\"Federassantas\",\"url\":\"https:\/\/www.federassantas.org.br\/novosite\/\",\"logo\":{\"@type\":\"ImageObject\",\"inLanguage\":\"pt-BR\",\"@id\":\"https:\/\/www.federassantas.org.br\/novosite\/#\/schema\/logo\/image\/\",\"url\":\"https:\/\/www.federassantas.org.br\/novosite\/wp-content\/uploads\/2021\/12\/logo.png\",\"contentUrl\":\"https:\/\/www.federassantas.org.br\/novosite\/wp-content\/uploads\/2021\/12\/logo.png\",\"width\":243,\"height\":59,\"caption\":\"Federassantas\"},\"image\":{\"@id\":\"https:\/\/www.federassantas.org.br\/novosite\/#\/schema\/logo\/image\/\"}},{\"@type\":\"Person\",\"@id\":\"https:\/\/www.federassantas.org.br\/novosite\/#\/schema\/person\/75fed98158349313fe56175f232f513c\",\"name\":\"admin-federas\",\"image\":{\"@type\":\"ImageObject\",\"inLanguage\":\"pt-BR\",\"@id\":\"https:\/\/www.federassantas.org.br\/novosite\/#\/schema\/person\/image\/\",\"url\":\"https:\/\/secure.gravatar.com\/avatar\/2a02d7dda59fe8dc6b7ffd3f652e2efede5ccf0dd89dfdc8137c5517f3de8407?s=96&d=mm&r=g\",\"contentUrl\":\"https:\/\/secure.gravatar.com\/avatar\/2a02d7dda59fe8dc6b7ffd3f652e2efede5ccf0dd89dfdc8137c5517f3de8407?s=96&d=mm&r=g\",\"caption\":\"admin-federas\"},\"sameAs\":[\"https:\/\/www.federassantas.org.br\/novosite\/\"],\"url\":\"https:\/\/www.federassantas.org.br\/novosite\/author\/admin-federas\/\"}]}<\/script>\n<!-- \/ Yoast SEO plugin. -->","yoast_head_json":{"title":"I Encontro de Sa\u00fade - Regional Norte - Federassantas","robots":{"index":"index","follow":"follow","max-snippet":"max-snippet:-1","max-image-preview":"max-image-preview:large","max-video-preview":"max-video-preview:-1"},"canonical":"https:\/\/www.federassantas.org.br\/novosite\/i-encontro-de-saude-regional-norte\/","og_locale":"pt_BR","og_type":"article","og_title":"I Encontro de Sa\u00fade - Regional Norte - Federassantas","og_description":"Convidamos a todos para o I Encontro de Sa\u00fade &#8211; Regional Norte que ser\u00e1 realizado pela Federassantas em parceria com a SES-MG e COSEMS, no dia 18 de maio, de 10 \u00e0s 13 horas no CDH &#8211; Centro de Desenvolvimento Humano da Santa Casa de Montes Claros &#8211; Rua Bar\u00e3o do Rio Branco, n\u00ba 882 [&hellip;]","og_url":"https:\/\/www.federassantas.org.br\/novosite\/i-encontro-de-saude-regional-norte\/","og_site_name":"Federassantas","article_published_time":"2018-05-16T13:48:50+00:00","author":"admin-federas","twitter_card":"summary_large_image","twitter_misc":{"Escrito por":"admin-federas","Est. tempo de leitura":"1 minuto"},"schema":{"@context":"https:\/\/schema.org","@graph":[{"@type":"Article","@id":"https:\/\/www.federassantas.org.br\/novosite\/i-encontro-de-saude-regional-norte\/#article","isPartOf":{"@id":"https:\/\/www.federassantas.org.br\/novosite\/i-encontro-de-saude-regional-norte\/"},"author":{"name":"admin-federas","@id":"https:\/\/www.federassantas.org.br\/novosite\/#\/schema\/person\/75fed98158349313fe56175f232f513c"},"headline":"I Encontro de Sa\u00fade &#8211; Regional Norte","datePublished":"2018-05-16T13:48:50+00:00","mainEntityOfPage":{"@id":"https:\/\/www.federassantas.org.br\/novosite\/i-encontro-de-saude-regional-norte\/"},"wordCount":222,"commentCount":0,"publisher":{"@id":"https:\/\/www.federassantas.org.br\/novosite\/#organization"},"image":{"@id":"https:\/\/www.federassantas.org.br\/novosite\/i-encontro-de-saude-regional-norte\/#primaryimage"},"thumbnailUrl":"","articleSection":["Not\u00edcias","Not\u00edcias Federassantas"],"inLanguage":"pt-BR","potentialAction":[{"@type":"CommentAction","name":"Comment","target":["https:\/\/www.federassantas.org.br\/novosite\/i-encontro-de-saude-regional-norte\/#respond"]}]},{"@type":"WebPage","@id":"https:\/\/www.federassantas.org.br\/novosite\/i-encontro-de-saude-regional-norte\/","url":"https:\/\/www.federassantas.org.br\/novosite\/i-encontro-de-saude-regional-norte\/","name":"I Encontro de Sa\u00fade - Regional Norte - Federassantas","isPartOf":{"@id":"https:\/\/www.federassantas.org.br\/novosite\/#website"},"primaryImageOfPage":{"@id":"https:\/\/www.federassantas.org.br\/novosite\/i-encontro-de-saude-regional-norte\/#primaryimage"},"image":{"@id":"https:\/\/www.federassantas.org.br\/novosite\/i-encontro-de-saude-regional-norte\/#primaryimage"},"thumbnailUrl":"","datePublished":"2018-05-16T13:48:50+00:00","breadcrumb":{"@id":"https:\/\/www.federassantas.org.br\/novosite\/i-encontro-de-saude-regional-norte\/#breadcrumb"},"inLanguage":"pt-BR","potentialAction":[{"@type":"ReadAction","target":["https:\/\/www.federassantas.org.br\/novosite\/i-encontro-de-saude-regional-norte\/"]}]},{"@type":"ImageObject","inLanguage":"pt-BR","@id":"https:\/\/www.federassantas.org.br\/novosite\/i-encontro-de-saude-regional-norte\/#primaryimage","url":"","contentUrl":""},{"@type":"BreadcrumbList","@id":"https:\/\/www.federassantas.org.br\/novosite\/i-encontro-de-saude-regional-norte\/#breadcrumb","itemListElement":[{"@type":"ListItem","position":1,"name":"In\u00edcio","item":"https:\/\/www.federassantas.org.br\/novosite\/"},{"@type":"ListItem","position":2,"name":"I Encontro de Sa\u00fade &#8211; Regional Norte"}]},{"@type":"WebSite","@id":"https:\/\/www.federassantas.org.br\/novosite\/#website","url":"https:\/\/www.federassantas.org.br\/novosite\/","name":"Federassantas","description":"Fed. das Santas Casas e Hospitais Filantr\u00f3picos de MG","publisher":{"@id":"https:\/\/www.federassantas.org.br\/novosite\/#organization"},"potentialAction":[{"@type":"SearchAction","target":{"@type":"EntryPoint","urlTemplate":"https:\/\/www.federassantas.org.br\/novosite\/?s={search_term_string}"},"query-input":{"@type":"PropertyValueSpecification","valueRequired":true,"valueName":"search_term_string"}}],"inLanguage":"pt-BR"},{"@type":"Organization","@id":"https:\/\/www.federassantas.org.br\/novosite\/#organization","name":"Federassantas","url":"https:\/\/www.federassantas.org.br\/novosite\/","logo":{"@type":"ImageObject","inLanguage":"pt-BR","@id":"https:\/\/www.federassantas.org.br\/novosite\/#\/schema\/logo\/image\/","url":"https:\/\/www.federassantas.org.br\/novosite\/wp-content\/uploads\/2021\/12\/logo.png","contentUrl":"https:\/\/www.federassantas.org.br\/novosite\/wp-content\/uploads\/2021\/12\/logo.png","width":243,"height":59,"caption":"Federassantas"},"image":{"@id":"https:\/\/www.federassantas.org.br\/novosite\/#\/schema\/logo\/image\/"}},{"@type":"Person","@id":"https:\/\/www.federassantas.org.br\/novosite\/#\/schema\/person\/75fed98158349313fe56175f232f513c","name":"admin-federas","image":{"@type":"ImageObject","inLanguage":"pt-BR","@id":"https:\/\/www.federassantas.org.br\/novosite\/#\/schema\/person\/image\/","url":"https:\/\/secure.gravatar.com\/avatar\/2a02d7dda59fe8dc6b7ffd3f652e2efede5ccf0dd89dfdc8137c5517f3de8407?s=96&d=mm&r=g","contentUrl":"https:\/\/secure.gravatar.com\/avatar\/2a02d7dda59fe8dc6b7ffd3f652e2efede5ccf0dd89dfdc8137c5517f3de8407?s=96&d=mm&r=g","caption":"admin-federas"},"sameAs":["https:\/\/www.federassantas.org.br\/novosite\/"],"url":"https:\/\/www.federassantas.org.br\/novosite\/author\/admin-federas\/"}]}},"_links":{"self":[{"href":"https:\/\/www.federassantas.org.br\/novosite\/wp-json\/wp\/v2\/posts\/12638","targetHints":{"allow":["GET"]}}],"collection":[{"href":"https:\/\/www.federassantas.org.br\/novosite\/wp-json\/wp\/v2\/posts"}],"about":[{"href":"https:\/\/www.federassantas.org.br\/novosite\/wp-json\/wp\/v2\/types\/post"}],"author":[{"embeddable":true,"href":"https:\/\/www.federassantas.org.br\/novosite\/wp-json\/wp\/v2\/users\/1"}],"replies":[{"embeddable":true,"href":"https:\/\/www.federassantas.org.br\/novosite\/wp-json\/wp\/v2\/comments?post=12638"}],"version-history":[{"count":0,"href":"https:\/\/www.federassantas.org.br\/novosite\/wp-json\/wp\/v2\/posts\/12638\/revisions"}],"wp:featuredmedia":[{"embeddable":true,"href":"https:\/\/www.federassantas.org.br\/novosite\/wp-json\/"}],"wp:attachment":[{"href":"https:\/\/www.federassantas.org.br\/novosite\/wp-json\/wp\/v2\/media?parent=12638"}],"wp:term":[{"taxonomy":"category","embeddable":true,"href":"https:\/\/www.federassantas.org.br\/novosite\/wp-json\/wp\/v2\/categories?post=12638"},{"taxonomy":"post_tag","embeddable":true,"href":"https:\/\/www.federassantas.org.br\/novosite\/wp-json\/wp\/v2\/tags?post=12638"}],"curies":[{"name":"wp","href":"https:\/\/api.w.org\/{rel}","templated":true}]}}