{"id":12642,"date":"2018-05-09T17:35:21","date_gmt":"2018-05-09T20:35:21","guid":{"rendered":"https:\/\/federasbackup.meltcomunicacao.com.br\/?p=12642"},"modified":"2018-05-09T17:35:21","modified_gmt":"2018-05-09T20:35:21","slug":"a-forca-dos-filantropicos-investir-para-ampliar","status":"publish","type":"post","link":"https:\/\/www.federassantas.org.br\/novosite\/a-forca-dos-filantropicos-investir-para-ampliar\/","title":{"rendered":"A FOR\u00c7A DOS FILANTR\u00d3PICOS &#8211; INVESTIR PARA AMPLIAR!"},"content":{"rendered":"<p style=\"text-align: justify;\">Uma verdadeira representa\u00e7\u00e3o s\u00f3 assume sua real express\u00e3o quando a diretoria \u00e9 efetiva porta-voz dos anseios de todos os filiados para o estabelecimento de solu\u00e7\u00f5es estruturantes no Sistema \u00danico de Sa\u00fade.<\/p>\n<p style=\"text-align: justify;\">Em 2017, a diretoria da Federassantas realizou a\u00e7\u00f5es importantes de representa\u00e7\u00e3o das institui\u00e7\u00f5es filiadas junto as principais entidades do setor nas esferas Executiva, Legislativa, Judici\u00e1ria; gestores estaduais e municipais; \u00f3rg\u00e3os de controle; al\u00e9m de entidades representativas do setor.<\/p>\n<p style=\"text-align: justify;\">A Federassantas tem buscado promover as grandes transforma\u00e7\u00f5es que o setor hospitalar filantr\u00f3pico necessita, especialmente quanto \u00e0 constru\u00e7\u00e3o de um novo modelo de tratamento dado \u00e0s institui\u00e7\u00f5es na esfera jur\u00eddica e de conscientiza\u00e7\u00e3o por parte das autoridades p\u00fablicas em rela\u00e7\u00e3o ao financiamento e remunera\u00e7\u00e3o das institui\u00e7\u00f5es.<\/p>\n<p style=\"text-align: justify;\">Para isso, o di\u00e1logo \u00e9 fundamental para alcan\u00e7ar uma integra\u00e7\u00e3o que estruture uma melhor compreens\u00e3o do cen\u00e1rio das institui\u00e7\u00f5es beneficentes e, desta forma, buscar solu\u00e7\u00f5es para o setor, e garantir o equil\u00edbrio econ\u00f4mico e sustentabilidade dos hospitais filantr\u00f3picos.<\/p>\n<p><img fetchpriority=\"high\" decoding=\"async\" class=\"alignnone wp-image-12647\" src=\"http:\/\/federasbackup.meltcomunicacao.com.br\/wp-content\/uploads\/2018\/05\/dir.jpg\" alt=\"\" width=\"346\" height=\"231\" srcset=\"https:\/\/www.federassantas.org.br\/novosite\/wp-content\/uploads\/2018\/05\/dir.jpg 639w, https:\/\/www.federassantas.org.br\/novosite\/wp-content\/uploads\/2018\/05\/dir-300x200.jpg 300w\" sizes=\"(max-width: 346px) 100vw, 346px\" \/>\u00a0 \u00a0 \u00a0\u00a0<img decoding=\"async\" class=\"alignnone wp-image-12648\" src=\"http:\/\/federasbackup.meltcomunicacao.com.br\/wp-content\/uploads\/2018\/05\/dir.jpg2_.jpg\" alt=\"\" width=\"347\" height=\"231\" srcset=\"https:\/\/www.federassantas.org.br\/novosite\/wp-content\/uploads\/2018\/05\/dir.jpg2_.jpg 824w, https:\/\/www.federassantas.org.br\/novosite\/wp-content\/uploads\/2018\/05\/dir.jpg2_-300x200.jpg 300w, https:\/\/www.federassantas.org.br\/novosite\/wp-content\/uploads\/2018\/05\/dir.jpg2_-768x513.jpg 768w\" sizes=\"(max-width: 347px) 100vw, 347px\" \/><\/p>\n<p><img decoding=\"async\" class=\"alignnone wp-image-12649\" src=\"http:\/\/federasbackup.meltcomunicacao.com.br\/wp-content\/uploads\/2018\/05\/dir.jpg23.jpg\" alt=\"\" width=\"347\" height=\"226\" srcset=\"https:\/\/www.federassantas.org.br\/novosite\/wp-content\/uploads\/2018\/05\/dir.jpg23.jpg 768w, https:\/\/www.federassantas.org.br\/novosite\/wp-content\/uploads\/2018\/05\/dir.jpg23-300x195.jpg 300w\" sizes=\"(max-width: 347px) 100vw, 347px\" \/>\u00a0 \u00a0 \u00a0 \u00a0 \u00a0 \u00a0\u00a0<img loading=\"lazy\" decoding=\"async\" class=\"alignnone wp-image-12650\" src=\"http:\/\/federasbackup.meltcomunicacao.com.br\/wp-content\/uploads\/2018\/05\/diretoria.png\" alt=\"\" width=\"307\" height=\"230\" srcset=\"https:\/\/www.federassantas.org.br\/novosite\/wp-content\/uploads\/2018\/05\/diretoria.png 716w, https:\/\/www.federassantas.org.br\/novosite\/wp-content\/uploads\/2018\/05\/diretoria-300x225.png 300w\" sizes=\"(max-width: 307px) 100vw, 307px\" \/><\/p>\n<p>&nbsp;<\/p>\n<p><strong>COMUNICA\u00c7\u00c3O E SOCIEDADE<\/strong><\/p>\n<p style=\"text-align: justify;\">No \u00faltimo ano a Federassantas passou por uma importante restrutura\u00e7\u00e3o no setor de Comunica\u00e7\u00e3o. Esta amplia\u00e7\u00e3o proporcionou, al\u00e9m de avan\u00e7os no trabalho de fortalecimento da imagem institucional, a cria\u00e7\u00e3o de meios para levar informa\u00e7\u00e3o e dialogar com a sociedade.<\/p>\n<p style=\"text-align: justify;\">Este novo projeto inclui a visibilidade e relacionamento permanente com a imprensa; cobertura jornal\u00edstica de reuni\u00f5es da Diretoria; \u00a0elabora\u00e7\u00e3o de reportagens com a cobertura de a\u00e7\u00f5es de filiados; inser\u00e7\u00e3o e atualiza\u00e7\u00e3o de meios digitais, redes sociais, e aplicativos; e campanhas de mobiliza\u00e7\u00e3o da sociedade para a situa\u00e7\u00e3o dos hospitais filantr\u00f3picos e da sa\u00fade em Minas Gerais.<\/p>\n<p style=\"text-align: justify;\">Neste ano, foi poss\u00edvel publicar o <a href=\"https:\/\/federasbackup.meltcomunicacao.com.br\/noticias\/anuario-federassantas-2018\/\">Anu\u00e1rio da Federassantas<\/a>, contendo os principais indicadores do setor filantr\u00f3pico, cases de sucesso dos hospitais filiados, artigos, dentre outros. Al\u00e9m disso, a Comunica\u00e7\u00e3o \u00e9 respons\u00e1vel tamb\u00e9m pela cria\u00e7\u00e3o \u00a0de eventos anuais, que tem o objetivo de aproximar, capacitar e atualizar os gestores das institui\u00e7\u00f5es filiadas.<\/p>\n<p style=\"text-align: justify;\">Outro destaque importante do setor, viabilizada pelo programa \u201cEmpresa amiga dos filantr\u00f3picos\u201d, \u00e9 a web s\u00e9rie <a href=\"http:\/\/goo.gl\/D1rWGQ\"><em>Salve Sa\u00fade! <\/em><\/a>Todos os meses, reportagens produzidas por jornalistas levam ao cidad\u00e3o informa\u00e7\u00f5es sobre o acesso aos servi\u00e7os e os direitos dos usu\u00e1rios do Sistema \u00danico de Sa\u00fade. A participa\u00e7\u00e3o da sociedade na constru\u00e7\u00e3o do SUS \u00e9 fundamental para que as grandes mudan\u00e7as ocorram, sendo imprescind\u00edvel capacitar o cidad\u00e3o com informa\u00e7\u00f5es de qualidade para que conhe\u00e7a seus direitos e deveres.<\/p>\n<p><iframe title=\"SALVE SA\u00daDE! Edi\u00e7\u00e3o especial\" width=\"800\" height=\"450\" src=\"https:\/\/www.youtube.com\/embed\/2d7CcJ_XJIU?feature=oembed\" frameborder=\"0\" allow=\"accelerometer; autoplay; clipboard-write; encrypted-media; gyroscope; picture-in-picture\" allowfullscreen><\/iframe><\/p>\n<p><img loading=\"lazy\" decoding=\"async\" class=\"alignnone size-full wp-image-12597\" src=\"http:\/\/federasbackup.meltcomunicacao.com.br\/wp-content\/uploads\/2018\/05\/Capa_anuario-e1525437245299.jpg\" alt=\"\" width=\"300\" height=\"278\" \/>\u00a0 \u00a0 \u00a0 \u00a0 \u00a0 \u00a0 \u00a0 \u00a0 \u00a0 \u00a0 \u00a0<img loading=\"lazy\" decoding=\"async\" class=\"alignnone wp-image-12651\" src=\"http:\/\/federasbackup.meltcomunicacao.com.br\/wp-content\/uploads\/2018\/05\/celular.png\" alt=\"\" width=\"169\" height=\"293\" \/><\/p>\n<p><strong><br \/>\nCEC &#8211; CENTRO DE EDUCA\u00c7\u00c3O CONTINUADA<\/strong><\/p>\n<p style=\"text-align: justify;\">Com mais de 10 anos de exist\u00eancia, o Centro de Educa\u00e7\u00e3o Continuada foi criado pela Federassantas com o objetivo de oferecer programas de capacita\u00e7\u00e3o e atualiza\u00e7\u00e3o profissional para os diversos agentes envolvidos no processo de gest\u00e3o hospitalar, dentro de uma perspectiva motivacional e de qualifica\u00e7\u00e3o setorial. O CEC oferece v\u00e1rios produtos como cursos de curta dura\u00e7\u00e3o, palestras, workshops, programas modulares, dentre outros.<\/p>\n<p style=\"text-align: justify;\">Em 2017, uma das principais inova\u00e7\u00f5es do CEC Federassantas foi a extens\u00e3o e amplia\u00e7\u00e3o com foco nas sete regionais da Federa\u00e7\u00e3o. Com esta pol\u00edtica de descentraliza\u00e7\u00e3o, foi poss\u00edvel n\u00e3o apenas ampliar o acesso nas diferentes regionais, mas tamb\u00e9m reduzir os custos dos participantes com deslocamentos para a sede do CEC, localizado na capital. Esta descentraliza\u00e7\u00e3o atende tamb\u00e9m as demandas locais dos hospitais filiados, levando em conta as prioridades e necessidades de capacita\u00e7\u00e3o das diferentes equipes e profissionais que atuam nas institui\u00e7\u00f5es de sa\u00fade.<\/p>\n<p style=\"text-align: justify;\">Al\u00e9m de levar treinamento com qualidade e excel\u00eancia para todas as regi\u00f5es do estado, um dos diferenciais do CEC s\u00e3o os valores inferiores aos praticados no mercado.<\/p>\n<p style=\"text-align: justify;\">A Federassantas atua em parceria com instrutores que, muitas vezes s\u00e3o vinculados \u00e0s pr\u00f3prias institui\u00e7\u00f5es e que det\u00eam grande conhecimento da sua \u00e1rea servindo de multiplicadores dos seus conhecimentos nos cursos oferecidos pelo CEC.<\/p>\n<p><img loading=\"lazy\" decoding=\"async\" class=\"alignnone wp-image-12644\" src=\"http:\/\/federasbackup.meltcomunicacao.com.br\/wp-content\/uploads\/2018\/05\/curso-de-qualifica\u00e7\u00e3o-do-enfermeiro-para-inser\u00e7\u00e3o-e-manuten\u00e7\u00e3o-do-picc-neonatal-2.jpeg\" alt=\"\" width=\"302\" height=\"227\" \/>\u00a0\u00a0\u00a0<img loading=\"lazy\" decoding=\"async\" class=\"alignnone wp-image-12646\" src=\"http:\/\/federasbackup.meltcomunicacao.com.br\/wp-content\/uploads\/2018\/05\/faturamento-sus-regional-oeste.jpeg\" alt=\"\" width=\"400\" height=\"225\" srcset=\"https:\/\/www.federassantas.org.br\/novosite\/wp-content\/uploads\/2018\/05\/faturamento-sus-regional-oeste.jpeg 1164w, https:\/\/www.federassantas.org.br\/novosite\/wp-content\/uploads\/2018\/05\/faturamento-sus-regional-oeste-300x169.jpeg 300w, https:\/\/www.federassantas.org.br\/novosite\/wp-content\/uploads\/2018\/05\/faturamento-sus-regional-oeste-1024x576.jpeg 1024w, https:\/\/www.federassantas.org.br\/novosite\/wp-content\/uploads\/2018\/05\/faturamento-sus-regional-oeste-768x432.jpeg 768w\" sizes=\"(max-width: 400px) 100vw, 400px\" \/><\/p>\n<p>&nbsp;<\/p>\n<p><strong>ENCONTROS REGIONAIS FEDERASSANTAS<\/strong><\/p>\n<p style=\"text-align: justify;\">Representar um universo com mais de 300 institui\u00e7\u00f5es, de diferentes perfis e localizadas em regi\u00f5es com realidades t\u00e3o distintas \u00e9 uma tarefa que requer aten\u00e7\u00e3o e dedica\u00e7\u00e3o. Para encurtar estas dist\u00e2ncias e facilitar a identifica\u00e7\u00e3o das demandas locais, a Federassantas vem atuando em conjunto com as suas 7 coordenadorias regionais, que servem de elos com o n\u00edvel central e favorecem a uni\u00e3o e integra\u00e7\u00e3o de pessoas em torno de objetivos comuns.<\/p>\n<p style=\"text-align: justify;\">Em 2018, os encontros regionais com os dirigentes das santas casas e hospitais filantr\u00f3picos foram ampliados. Nesta nova proposta, tamb\u00e9m participam outros atores respons\u00e1veis pelo funcionamento da assist\u00eancia \u00e0 sa\u00fade: representantes regionais do Minist\u00e9rio P\u00fablico, Secretaria de Estado de Sa\u00fade, COSEMS, Associa\u00e7\u00e3o M\u00e9dica e Conselho Regional de Medicina. Nestes encontros, al\u00e9m da troca de experi\u00eancias, \u00e9 fundamental fortalecer o di\u00e1logo que se converge para a busca de solu\u00e7\u00f5es efetivas.<\/p>\n<p style=\"text-align: justify;\">Tamb\u00e9m neste ano, juntamente com a implanta\u00e7\u00e3o das Comiss\u00f5es T\u00e9cnicas, vamos intensificar as a\u00e7\u00f5es nas Regionais para buscar melhores resultados e padroniza\u00e7\u00e3o dos processos nos hospitais filantr\u00f3picos do estado.<\/p>\n<p><img loading=\"lazy\" decoding=\"async\" class=\"size-full wp-image-12660 aligncenter\" src=\"http:\/\/federasbackup.meltcomunicacao.com.br\/wp-content\/uploads\/2018\/05\/RegionalTODAS_CMYK1.png\" alt=\"\" width=\"420\" height=\"123\" \/><\/p>\n<p><em>\u00a0<\/em><\/p>\n","protected":false},"excerpt":{"rendered":"<p>Uma verdadeira representa\u00e7\u00e3o s\u00f3 assume sua real express\u00e3o quando a diretoria \u00e9 efetiva porta-voz dos anseios de todos os filiados para o estabelecimento de solu\u00e7\u00f5es estruturantes no Sistema \u00danico de Sa\u00fade. Em 2017, a diretoria da Federassantas realizou a\u00e7\u00f5es importantes de representa\u00e7\u00e3o das institui\u00e7\u00f5es filiadas junto as principais entidades do setor nas esferas Executiva, Legislativa, [&hellip;]<\/p>\n","protected":false},"author":1,"featured_media":12655,"comment_status":"open","ping_status":"open","sticky":false,"template":"","format":"standard","meta":{"footnotes":""},"categories":[140,141],"tags":[],"class_list":["post-12642","post","type-post","status-publish","format-standard","has-post-thumbnail","hentry","category-noticias","category-noticias-federassantas"],"yoast_head":"<!-- This site is optimized with the Yoast SEO plugin v26.9 - https:\/\/yoast.com\/product\/yoast-seo-wordpress\/ -->\n<title>A FOR\u00c7A DOS FILANTR\u00d3PICOS - INVESTIR PARA AMPLIAR! - Federassantas<\/title>\n<meta name=\"robots\" content=\"index, follow, max-snippet:-1, max-image-preview:large, max-video-preview:-1\" \/>\n<link rel=\"canonical\" href=\"https:\/\/www.federassantas.org.br\/novosite\/a-forca-dos-filantropicos-investir-para-ampliar\/\" \/>\n<meta property=\"og:locale\" content=\"pt_BR\" \/>\n<meta property=\"og:type\" content=\"article\" \/>\n<meta property=\"og:title\" content=\"A FOR\u00c7A DOS FILANTR\u00d3PICOS - INVESTIR PARA AMPLIAR! - Federassantas\" \/>\n<meta property=\"og:description\" content=\"Uma verdadeira representa\u00e7\u00e3o s\u00f3 assume sua real express\u00e3o quando a diretoria \u00e9 efetiva porta-voz dos anseios de todos os filiados para o estabelecimento de solu\u00e7\u00f5es estruturantes no Sistema \u00danico de Sa\u00fade. Em 2017, a diretoria da Federassantas realizou a\u00e7\u00f5es importantes de representa\u00e7\u00e3o das institui\u00e7\u00f5es filiadas junto as principais entidades do setor nas esferas Executiva, Legislativa, [&hellip;]\" \/>\n<meta property=\"og:url\" content=\"https:\/\/www.federassantas.org.br\/novosite\/a-forca-dos-filantropicos-investir-para-ampliar\/\" \/>\n<meta property=\"og:site_name\" content=\"Federassantas\" \/>\n<meta property=\"article:published_time\" content=\"2018-05-09T20:35:21+00:00\" \/>\n<meta name=\"author\" content=\"admin-federas\" \/>\n<meta name=\"twitter:card\" content=\"summary_large_image\" \/>\n<meta name=\"twitter:label1\" content=\"Escrito por\" \/>\n\t<meta name=\"twitter:data1\" content=\"admin-federas\" \/>\n\t<meta name=\"twitter:label2\" content=\"Est. tempo de leitura\" \/>\n\t<meta name=\"twitter:data2\" content=\"4 minutos\" \/>\n<script type=\"application\/ld+json\" class=\"yoast-schema-graph\">{\"@context\":\"https:\/\/schema.org\",\"@graph\":[{\"@type\":\"Article\",\"@id\":\"https:\/\/www.federassantas.org.br\/novosite\/a-forca-dos-filantropicos-investir-para-ampliar\/#article\",\"isPartOf\":{\"@id\":\"https:\/\/www.federassantas.org.br\/novosite\/a-forca-dos-filantropicos-investir-para-ampliar\/\"},\"author\":{\"name\":\"admin-federas\",\"@id\":\"https:\/\/www.federassantas.org.br\/novosite\/#\/schema\/person\/75fed98158349313fe56175f232f513c\"},\"headline\":\"A FOR\u00c7A DOS FILANTR\u00d3PICOS &#8211; INVESTIR PARA AMPLIAR!\",\"datePublished\":\"2018-05-09T20:35:21+00:00\",\"mainEntityOfPage\":{\"@id\":\"https:\/\/www.federassantas.org.br\/novosite\/a-forca-dos-filantropicos-investir-para-ampliar\/\"},\"wordCount\":904,\"commentCount\":0,\"publisher\":{\"@id\":\"https:\/\/www.federassantas.org.br\/novosite\/#organization\"},\"image\":{\"@id\":\"https:\/\/www.federassantas.org.br\/novosite\/a-forca-dos-filantropicos-investir-para-ampliar\/#primaryimage\"},\"thumbnailUrl\":\"\",\"articleSection\":[\"Not\u00edcias\",\"Not\u00edcias Federassantas\"],\"inLanguage\":\"pt-BR\",\"potentialAction\":[{\"@type\":\"CommentAction\",\"name\":\"Comment\",\"target\":[\"https:\/\/www.federassantas.org.br\/novosite\/a-forca-dos-filantropicos-investir-para-ampliar\/#respond\"]}]},{\"@type\":\"WebPage\",\"@id\":\"https:\/\/www.federassantas.org.br\/novosite\/a-forca-dos-filantropicos-investir-para-ampliar\/\",\"url\":\"https:\/\/www.federassantas.org.br\/novosite\/a-forca-dos-filantropicos-investir-para-ampliar\/\",\"name\":\"A FOR\u00c7A DOS FILANTR\u00d3PICOS - INVESTIR PARA AMPLIAR! - Federassantas\",\"isPartOf\":{\"@id\":\"https:\/\/www.federassantas.org.br\/novosite\/#website\"},\"primaryImageOfPage\":{\"@id\":\"https:\/\/www.federassantas.org.br\/novosite\/a-forca-dos-filantropicos-investir-para-ampliar\/#primaryimage\"},\"image\":{\"@id\":\"https:\/\/www.federassantas.org.br\/novosite\/a-forca-dos-filantropicos-investir-para-ampliar\/#primaryimage\"},\"thumbnailUrl\":\"\",\"datePublished\":\"2018-05-09T20:35:21+00:00\",\"breadcrumb\":{\"@id\":\"https:\/\/www.federassantas.org.br\/novosite\/a-forca-dos-filantropicos-investir-para-ampliar\/#breadcrumb\"},\"inLanguage\":\"pt-BR\",\"potentialAction\":[{\"@type\":\"ReadAction\",\"target\":[\"https:\/\/www.federassantas.org.br\/novosite\/a-forca-dos-filantropicos-investir-para-ampliar\/\"]}]},{\"@type\":\"ImageObject\",\"inLanguage\":\"pt-BR\",\"@id\":\"https:\/\/www.federassantas.org.br\/novosite\/a-forca-dos-filantropicos-investir-para-ampliar\/#primaryimage\",\"url\":\"\",\"contentUrl\":\"\"},{\"@type\":\"BreadcrumbList\",\"@id\":\"https:\/\/www.federassantas.org.br\/novosite\/a-forca-dos-filantropicos-investir-para-ampliar\/#breadcrumb\",\"itemListElement\":[{\"@type\":\"ListItem\",\"position\":1,\"name\":\"In\u00edcio\",\"item\":\"https:\/\/www.federassantas.org.br\/novosite\/\"},{\"@type\":\"ListItem\",\"position\":2,\"name\":\"A FOR\u00c7A DOS FILANTR\u00d3PICOS &#8211; INVESTIR PARA AMPLIAR!\"}]},{\"@type\":\"WebSite\",\"@id\":\"https:\/\/www.federassantas.org.br\/novosite\/#website\",\"url\":\"https:\/\/www.federassantas.org.br\/novosite\/\",\"name\":\"Federassantas\",\"description\":\"Fed. das Santas Casas e Hospitais Filantr\u00f3picos de MG\",\"publisher\":{\"@id\":\"https:\/\/www.federassantas.org.br\/novosite\/#organization\"},\"potentialAction\":[{\"@type\":\"SearchAction\",\"target\":{\"@type\":\"EntryPoint\",\"urlTemplate\":\"https:\/\/www.federassantas.org.br\/novosite\/?s={search_term_string}\"},\"query-input\":{\"@type\":\"PropertyValueSpecification\",\"valueRequired\":true,\"valueName\":\"search_term_string\"}}],\"inLanguage\":\"pt-BR\"},{\"@type\":\"Organization\",\"@id\":\"https:\/\/www.federassantas.org.br\/novosite\/#organization\",\"name\":\"Federassantas\",\"url\":\"https:\/\/www.federassantas.org.br\/novosite\/\",\"logo\":{\"@type\":\"ImageObject\",\"inLanguage\":\"pt-BR\",\"@id\":\"https:\/\/www.federassantas.org.br\/novosite\/#\/schema\/logo\/image\/\",\"url\":\"https:\/\/www.federassantas.org.br\/novosite\/wp-content\/uploads\/2021\/12\/logo.png\",\"contentUrl\":\"https:\/\/www.federassantas.org.br\/novosite\/wp-content\/uploads\/2021\/12\/logo.png\",\"width\":243,\"height\":59,\"caption\":\"Federassantas\"},\"image\":{\"@id\":\"https:\/\/www.federassantas.org.br\/novosite\/#\/schema\/logo\/image\/\"}},{\"@type\":\"Person\",\"@id\":\"https:\/\/www.federassantas.org.br\/novosite\/#\/schema\/person\/75fed98158349313fe56175f232f513c\",\"name\":\"admin-federas\",\"image\":{\"@type\":\"ImageObject\",\"inLanguage\":\"pt-BR\",\"@id\":\"https:\/\/www.federassantas.org.br\/novosite\/#\/schema\/person\/image\/\",\"url\":\"https:\/\/secure.gravatar.com\/avatar\/2a02d7dda59fe8dc6b7ffd3f652e2efede5ccf0dd89dfdc8137c5517f3de8407?s=96&d=mm&r=g\",\"contentUrl\":\"https:\/\/secure.gravatar.com\/avatar\/2a02d7dda59fe8dc6b7ffd3f652e2efede5ccf0dd89dfdc8137c5517f3de8407?s=96&d=mm&r=g\",\"caption\":\"admin-federas\"},\"sameAs\":[\"https:\/\/www.federassantas.org.br\/novosite\/\"],\"url\":\"https:\/\/www.federassantas.org.br\/novosite\/author\/admin-federas\/\"}]}<\/script>\n<!-- \/ Yoast SEO plugin. -->","yoast_head_json":{"title":"A FOR\u00c7A DOS FILANTR\u00d3PICOS - INVESTIR PARA AMPLIAR! - Federassantas","robots":{"index":"index","follow":"follow","max-snippet":"max-snippet:-1","max-image-preview":"max-image-preview:large","max-video-preview":"max-video-preview:-1"},"canonical":"https:\/\/www.federassantas.org.br\/novosite\/a-forca-dos-filantropicos-investir-para-ampliar\/","og_locale":"pt_BR","og_type":"article","og_title":"A FOR\u00c7A DOS FILANTR\u00d3PICOS - INVESTIR PARA AMPLIAR! - Federassantas","og_description":"Uma verdadeira representa\u00e7\u00e3o s\u00f3 assume sua real express\u00e3o quando a diretoria \u00e9 efetiva porta-voz dos anseios de todos os filiados para o estabelecimento de solu\u00e7\u00f5es estruturantes no Sistema \u00danico de Sa\u00fade. Em 2017, a diretoria da Federassantas realizou a\u00e7\u00f5es importantes de representa\u00e7\u00e3o das institui\u00e7\u00f5es filiadas junto as principais entidades do setor nas esferas Executiva, Legislativa, [&hellip;]","og_url":"https:\/\/www.federassantas.org.br\/novosite\/a-forca-dos-filantropicos-investir-para-ampliar\/","og_site_name":"Federassantas","article_published_time":"2018-05-09T20:35:21+00:00","author":"admin-federas","twitter_card":"summary_large_image","twitter_misc":{"Escrito por":"admin-federas","Est. tempo de leitura":"4 minutos"},"schema":{"@context":"https:\/\/schema.org","@graph":[{"@type":"Article","@id":"https:\/\/www.federassantas.org.br\/novosite\/a-forca-dos-filantropicos-investir-para-ampliar\/#article","isPartOf":{"@id":"https:\/\/www.federassantas.org.br\/novosite\/a-forca-dos-filantropicos-investir-para-ampliar\/"},"author":{"name":"admin-federas","@id":"https:\/\/www.federassantas.org.br\/novosite\/#\/schema\/person\/75fed98158349313fe56175f232f513c"},"headline":"A FOR\u00c7A DOS FILANTR\u00d3PICOS &#8211; INVESTIR PARA AMPLIAR!","datePublished":"2018-05-09T20:35:21+00:00","mainEntityOfPage":{"@id":"https:\/\/www.federassantas.org.br\/novosite\/a-forca-dos-filantropicos-investir-para-ampliar\/"},"wordCount":904,"commentCount":0,"publisher":{"@id":"https:\/\/www.federassantas.org.br\/novosite\/#organization"},"image":{"@id":"https:\/\/www.federassantas.org.br\/novosite\/a-forca-dos-filantropicos-investir-para-ampliar\/#primaryimage"},"thumbnailUrl":"","articleSection":["Not\u00edcias","Not\u00edcias Federassantas"],"inLanguage":"pt-BR","potentialAction":[{"@type":"CommentAction","name":"Comment","target":["https:\/\/www.federassantas.org.br\/novosite\/a-forca-dos-filantropicos-investir-para-ampliar\/#respond"]}]},{"@type":"WebPage","@id":"https:\/\/www.federassantas.org.br\/novosite\/a-forca-dos-filantropicos-investir-para-ampliar\/","url":"https:\/\/www.federassantas.org.br\/novosite\/a-forca-dos-filantropicos-investir-para-ampliar\/","name":"A FOR\u00c7A DOS FILANTR\u00d3PICOS - INVESTIR PARA AMPLIAR! - Federassantas","isPartOf":{"@id":"https:\/\/www.federassantas.org.br\/novosite\/#website"},"primaryImageOfPage":{"@id":"https:\/\/www.federassantas.org.br\/novosite\/a-forca-dos-filantropicos-investir-para-ampliar\/#primaryimage"},"image":{"@id":"https:\/\/www.federassantas.org.br\/novosite\/a-forca-dos-filantropicos-investir-para-ampliar\/#primaryimage"},"thumbnailUrl":"","datePublished":"2018-05-09T20:35:21+00:00","breadcrumb":{"@id":"https:\/\/www.federassantas.org.br\/novosite\/a-forca-dos-filantropicos-investir-para-ampliar\/#breadcrumb"},"inLanguage":"pt-BR","potentialAction":[{"@type":"ReadAction","target":["https:\/\/www.federassantas.org.br\/novosite\/a-forca-dos-filantropicos-investir-para-ampliar\/"]}]},{"@type":"ImageObject","inLanguage":"pt-BR","@id":"https:\/\/www.federassantas.org.br\/novosite\/a-forca-dos-filantropicos-investir-para-ampliar\/#primaryimage","url":"","contentUrl":""},{"@type":"BreadcrumbList","@id":"https:\/\/www.federassantas.org.br\/novosite\/a-forca-dos-filantropicos-investir-para-ampliar\/#breadcrumb","itemListElement":[{"@type":"ListItem","position":1,"name":"In\u00edcio","item":"https:\/\/www.federassantas.org.br\/novosite\/"},{"@type":"ListItem","position":2,"name":"A FOR\u00c7A DOS FILANTR\u00d3PICOS &#8211; INVESTIR PARA AMPLIAR!"}]},{"@type":"WebSite","@id":"https:\/\/www.federassantas.org.br\/novosite\/#website","url":"https:\/\/www.federassantas.org.br\/novosite\/","name":"Federassantas","description":"Fed. das Santas Casas e Hospitais Filantr\u00f3picos de MG","publisher":{"@id":"https:\/\/www.federassantas.org.br\/novosite\/#organization"},"potentialAction":[{"@type":"SearchAction","target":{"@type":"EntryPoint","urlTemplate":"https:\/\/www.federassantas.org.br\/novosite\/?s={search_term_string}"},"query-input":{"@type":"PropertyValueSpecification","valueRequired":true,"valueName":"search_term_string"}}],"inLanguage":"pt-BR"},{"@type":"Organization","@id":"https:\/\/www.federassantas.org.br\/novosite\/#organization","name":"Federassantas","url":"https:\/\/www.federassantas.org.br\/novosite\/","logo":{"@type":"ImageObject","inLanguage":"pt-BR","@id":"https:\/\/www.federassantas.org.br\/novosite\/#\/schema\/logo\/image\/","url":"https:\/\/www.federassantas.org.br\/novosite\/wp-content\/uploads\/2021\/12\/logo.png","contentUrl":"https:\/\/www.federassantas.org.br\/novosite\/wp-content\/uploads\/2021\/12\/logo.png","width":243,"height":59,"caption":"Federassantas"},"image":{"@id":"https:\/\/www.federassantas.org.br\/novosite\/#\/schema\/logo\/image\/"}},{"@type":"Person","@id":"https:\/\/www.federassantas.org.br\/novosite\/#\/schema\/person\/75fed98158349313fe56175f232f513c","name":"admin-federas","image":{"@type":"ImageObject","inLanguage":"pt-BR","@id":"https:\/\/www.federassantas.org.br\/novosite\/#\/schema\/person\/image\/","url":"https:\/\/secure.gravatar.com\/avatar\/2a02d7dda59fe8dc6b7ffd3f652e2efede5ccf0dd89dfdc8137c5517f3de8407?s=96&d=mm&r=g","contentUrl":"https:\/\/secure.gravatar.com\/avatar\/2a02d7dda59fe8dc6b7ffd3f652e2efede5ccf0dd89dfdc8137c5517f3de8407?s=96&d=mm&r=g","caption":"admin-federas"},"sameAs":["https:\/\/www.federassantas.org.br\/novosite\/"],"url":"https:\/\/www.federassantas.org.br\/novosite\/author\/admin-federas\/"}]}},"_links":{"self":[{"href":"https:\/\/www.federassantas.org.br\/novosite\/wp-json\/wp\/v2\/posts\/12642","targetHints":{"allow":["GET"]}}],"collection":[{"href":"https:\/\/www.federassantas.org.br\/novosite\/wp-json\/wp\/v2\/posts"}],"about":[{"href":"https:\/\/www.federassantas.org.br\/novosite\/wp-json\/wp\/v2\/types\/post"}],"author":[{"embeddable":true,"href":"https:\/\/www.federassantas.org.br\/novosite\/wp-json\/wp\/v2\/users\/1"}],"replies":[{"embeddable":true,"href":"https:\/\/www.federassantas.org.br\/novosite\/wp-json\/wp\/v2\/comments?post=12642"}],"version-history":[{"count":0,"href":"https:\/\/www.federassantas.org.br\/novosite\/wp-json\/wp\/v2\/posts\/12642\/revisions"}],"wp:featuredmedia":[{"embeddable":true,"href":"https:\/\/www.federassantas.org.br\/novosite\/wp-json\/"}],"wp:attachment":[{"href":"https:\/\/www.federassantas.org.br\/novosite\/wp-json\/wp\/v2\/media?parent=12642"}],"wp:term":[{"taxonomy":"category","embeddable":true,"href":"https:\/\/www.federassantas.org.br\/novosite\/wp-json\/wp\/v2\/categories?post=12642"},{"taxonomy":"post_tag","embeddable":true,"href":"https:\/\/www.federassantas.org.br\/novosite\/wp-json\/wp\/v2\/tags?post=12642"}],"curies":[{"name":"wp","href":"https:\/\/api.w.org\/{rel}","templated":true}]}}