{"id":12829,"date":"2018-05-24T17:18:24","date_gmt":"2018-05-24T20:18:24","guid":{"rendered":"https:\/\/federasbackup.meltcomunicacao.com.br\/?p=12829"},"modified":"2018-05-24T17:18:24","modified_gmt":"2018-05-24T20:18:24","slug":"comunicado-federassantas-impactos-da-greve-dos-caminhoneiros-nos-hospitais-filantropicos","status":"publish","type":"post","link":"https:\/\/www.federassantas.org.br\/novosite\/comunicado-federassantas-impactos-da-greve-dos-caminhoneiros-nos-hospitais-filantropicos\/","title":{"rendered":"COMUNICADO FEDERASSANTAS: impactos da greve dos caminhoneiros nos hospitais filantr\u00f3picos"},"content":{"rendered":"<p style=\"text-align: justify;\">Os hospitais filantr\u00f3picos e o setor da sa\u00fade tamb\u00e9m tem sofrido reflexo em raz\u00e3o da greve dos caminhoneiros que afeta todo o pa\u00eds.<\/p>\n<p style=\"text-align: justify;\">Alguns hospitais filiados relataram \u00e0 Federassantas as dificuldades que est\u00e3o sendo encontradas para receber determinados produtos e manter os estoques de rem\u00e9dios, alimentos, suprimentos, insumos, dentre outros. Foi informado tamb\u00e9m que os fornecedores de gases medicinais j\u00e1 alertaram sobre o risco na produ\u00e7\u00e3o e distribui\u00e7\u00e3o dos produtos. O transporte de pacientes tamb\u00e9m est\u00e1 sendo afetado em algumas cidades, prejudicando o atendimento \u00e0 pacientes que necessitam de tratamento cont\u00ednuo.<\/p>\n<p style=\"text-align: justify;\">A Federassantas vem por meio deste comunicado alertar os gestores das nossas institui\u00e7\u00f5es para que se posicionem e comuniquem \u00e0s Secretarias Municipais de Sa\u00fade, prefeituras, Superintend\u00eancias e Gerencias regionais de Sa\u00fade e Minist\u00e9rio P\u00fablico sobre os impactos e as consequ\u00eancias provocadas pela interdi\u00e7\u00e3o das rodovias e a impossibilidade de entrega das mercadorias.<\/p>\n<p style=\"text-align: justify;\">Orientamos tamb\u00e9m que os hospitais comuniquem aos gestores p\u00fablicos as medidas que est\u00e3o sendo tomadas pela institui\u00e7\u00e3o para n\u00e3o comprometer o atendimento e garantir a assist\u00eancia aos pacientes; como, por exemplo, notificar quais servi\u00e7os e atendimentos ser\u00e3o suspensos e quais ser\u00e3o priorizados.<\/p>\n<p style=\"text-align: justify;\">A presidente da Federassantas, K\u00e1tia Rocha, orienta ainda que os gestores dos hospitais dimensionem a capacidade de atendimento com base na capacidade dos estoques. A presidente ressalta que mesmo com o encerramento da greve, demandar\u00e1 tempo para que o abastecimento das institui\u00e7\u00f5es retorne \u00e0 normalidade.<\/p>\n<p style=\"text-align: justify;\"><strong><br \/>\nHOSPITAIS COMUNICAM DIFICULDADES<\/strong><\/p>\n<p style=\"text-align: justify;\">Em Belo Horizonte, a assessoria de comunica\u00e7\u00e3o da Santa Casa de Belo Horizonte afirmou que est\u00e1 com dificuldades na entrega de alimentos e que est\u00e3o buscando alguns produtos com ve\u00edculos pr\u00f3prios da institui\u00e7\u00e3o para driblar o bloqueio nas estradas. O Hospital da Baleia, que \u00e9 refer\u00eancia em pediatria e oncologia, j\u00e1 registra atraso na entrega de alguns medicamentos, inclusive oncol\u00f3gicos, mas que ainda n\u00e3o h\u00e1 consequ\u00eancias para os pacientes. O Hospital S\u00e3o Francisco est\u00e1 em alerta para o estoque de solu\u00e7\u00e3o de hemodi\u00e1lise e oxig\u00eanio, caso as entregas n\u00e3o sejam realizadas. De acordo com a assessoria, o estoque de antibi\u00f3ticos tamb\u00e9m \u00e9 baixo e o hospital j\u00e1 prev\u00ea medidas como reduzir as interna\u00e7\u00f5es e priorizar somente as cirurgias de urg\u00eancia.<\/p>\n<p style=\"text-align: justify;\">Na Zona da Mata, o Hospital S\u00e3o Paulo (Muria\u00e9) informou que caso n\u00e3o haja reposi\u00e7\u00e3o, vai faltar oxig\u00eanio. O estoque dispon\u00edvel s\u00f3 consegue atender a demanda at\u00e9 a pr\u00f3xima ter\u00e7a-feira, pois o hospital conta com um elevado n\u00famero de pacientes com problemas respirat\u00f3rios, principalmente idosos e crian\u00e7as. De acordo com a institui\u00e7\u00e3o, o transporte e encaminhamento de alguns pacientes em tratamento de hemodi\u00e1lise e de c\u00e2ncer est\u00e3o suspensos. Outra ocorr\u00eancia registrada \u00e9 a falta de materiais; ontem, por exemplo, o hospital precisou pedir emprestado em outra institui\u00e7\u00e3o um tipo de fio cir\u00fargico para garantir os atendimentos.<\/p>\n<p style=\"text-align: justify;\">Em Juiz de Fora, a Associa\u00e7\u00e3o Feminina de Preven\u00e7\u00e3o e Combate ao C\u00e2ncer (Ascomcer), o transporte de pacientes para as Casas de Apoio est\u00e1 comprometido. O atendimento ambulatorial de pacientes de cidades vizinhas tamb\u00e9m \u00e9 incerto para a pr\u00f3xima semana. Muitas mercadorias est\u00e3o com envio atrasados, o hospital trabalha com um estoque reduzido, mas ainda n\u00e3o afetou drasticamente a institui\u00e7\u00e3o. Ainda em Juiz de Fora, a Santa Casa informou que j\u00e1 suspendeu as cirurgias eletivas para\u00a0priorizar os atendimentos de urg\u00eancia e emerg\u00eancia.<\/p>\n<p style=\"text-align: justify;\">O Hospital S\u00e3o Jo\u00e3o (S\u00e3o Jo\u00e3o Nepomuceno) j\u00e1 registra a falta de materiais de laborat\u00f3rio, como tubo de exames, escalpes, seringas e que como consequ\u00eancia teve que reduzir a marca\u00e7\u00e3o de exames. O hospital alertou tamb\u00e9m que o estoque de antibi\u00f3ticos est\u00e1 em estado cr\u00edtico e que caso continue sem o fornecimento dever\u00e1 suspender as cirurgias eletivas e atender apenas os pacientes j\u00e1 internados e de urg\u00eancia.<\/p>\n","protected":false},"excerpt":{"rendered":"<p>Os hospitais filantr\u00f3picos e o setor da sa\u00fade tamb\u00e9m tem sofrido reflexo em raz\u00e3o da greve dos caminhoneiros que afeta todo o pa\u00eds. Alguns hospitais filiados relataram \u00e0 Federassantas as dificuldades que est\u00e3o sendo encontradas para receber determinados produtos e manter os estoques de rem\u00e9dios, alimentos, suprimentos, insumos, dentre outros. Foi informado tamb\u00e9m que os [&hellip;]<\/p>\n","protected":false},"author":1,"featured_media":12832,"comment_status":"open","ping_status":"open","sticky":false,"template":"","format":"standard","meta":{"footnotes":""},"categories":[140,141],"tags":[],"class_list":["post-12829","post","type-post","status-publish","format-standard","has-post-thumbnail","hentry","category-noticias","category-noticias-federassantas"],"yoast_head":"<!-- This site is optimized with the Yoast SEO plugin v26.9 - https:\/\/yoast.com\/product\/yoast-seo-wordpress\/ -->\n<title>COMUNICADO FEDERASSANTAS: impactos da greve dos caminhoneiros nos hospitais filantr\u00f3picos - Federassantas<\/title>\n<meta name=\"robots\" content=\"index, follow, max-snippet:-1, max-image-preview:large, max-video-preview:-1\" \/>\n<link rel=\"canonical\" href=\"https:\/\/www.federassantas.org.br\/novosite\/comunicado-federassantas-impactos-da-greve-dos-caminhoneiros-nos-hospitais-filantropicos\/\" \/>\n<meta property=\"og:locale\" content=\"pt_BR\" \/>\n<meta property=\"og:type\" content=\"article\" \/>\n<meta property=\"og:title\" content=\"COMUNICADO FEDERASSANTAS: impactos da greve dos caminhoneiros nos hospitais filantr\u00f3picos - Federassantas\" \/>\n<meta property=\"og:description\" content=\"Os hospitais filantr\u00f3picos e o setor da sa\u00fade tamb\u00e9m tem sofrido reflexo em raz\u00e3o da greve dos caminhoneiros que afeta todo o pa\u00eds. Alguns hospitais filiados relataram \u00e0 Federassantas as dificuldades que est\u00e3o sendo encontradas para receber determinados produtos e manter os estoques de rem\u00e9dios, alimentos, suprimentos, insumos, dentre outros. Foi informado tamb\u00e9m que os [&hellip;]\" \/>\n<meta property=\"og:url\" content=\"https:\/\/www.federassantas.org.br\/novosite\/comunicado-federassantas-impactos-da-greve-dos-caminhoneiros-nos-hospitais-filantropicos\/\" \/>\n<meta property=\"og:site_name\" content=\"Federassantas\" \/>\n<meta property=\"article:published_time\" content=\"2018-05-24T20:18:24+00:00\" \/>\n<meta name=\"author\" content=\"admin-federas\" \/>\n<meta name=\"twitter:card\" content=\"summary_large_image\" \/>\n<meta name=\"twitter:label1\" content=\"Escrito por\" \/>\n\t<meta name=\"twitter:data1\" content=\"admin-federas\" \/>\n\t<meta name=\"twitter:label2\" content=\"Est. tempo de leitura\" \/>\n\t<meta name=\"twitter:data2\" content=\"3 minutos\" \/>\n<script type=\"application\/ld+json\" class=\"yoast-schema-graph\">{\"@context\":\"https:\/\/schema.org\",\"@graph\":[{\"@type\":\"Article\",\"@id\":\"https:\/\/www.federassantas.org.br\/novosite\/comunicado-federassantas-impactos-da-greve-dos-caminhoneiros-nos-hospitais-filantropicos\/#article\",\"isPartOf\":{\"@id\":\"https:\/\/www.federassantas.org.br\/novosite\/comunicado-federassantas-impactos-da-greve-dos-caminhoneiros-nos-hospitais-filantropicos\/\"},\"author\":{\"name\":\"admin-federas\",\"@id\":\"https:\/\/www.federassantas.org.br\/novosite\/#\/schema\/person\/75fed98158349313fe56175f232f513c\"},\"headline\":\"COMUNICADO FEDERASSANTAS: impactos da greve dos caminhoneiros nos hospitais filantr\u00f3picos\",\"datePublished\":\"2018-05-24T20:18:24+00:00\",\"mainEntityOfPage\":{\"@id\":\"https:\/\/www.federassantas.org.br\/novosite\/comunicado-federassantas-impactos-da-greve-dos-caminhoneiros-nos-hospitais-filantropicos\/\"},\"wordCount\":690,\"commentCount\":0,\"publisher\":{\"@id\":\"https:\/\/www.federassantas.org.br\/novosite\/#organization\"},\"image\":{\"@id\":\"https:\/\/www.federassantas.org.br\/novosite\/comunicado-federassantas-impactos-da-greve-dos-caminhoneiros-nos-hospitais-filantropicos\/#primaryimage\"},\"thumbnailUrl\":\"\",\"articleSection\":[\"Not\u00edcias\",\"Not\u00edcias Federassantas\"],\"inLanguage\":\"pt-BR\",\"potentialAction\":[{\"@type\":\"CommentAction\",\"name\":\"Comment\",\"target\":[\"https:\/\/www.federassantas.org.br\/novosite\/comunicado-federassantas-impactos-da-greve-dos-caminhoneiros-nos-hospitais-filantropicos\/#respond\"]}]},{\"@type\":\"WebPage\",\"@id\":\"https:\/\/www.federassantas.org.br\/novosite\/comunicado-federassantas-impactos-da-greve-dos-caminhoneiros-nos-hospitais-filantropicos\/\",\"url\":\"https:\/\/www.federassantas.org.br\/novosite\/comunicado-federassantas-impactos-da-greve-dos-caminhoneiros-nos-hospitais-filantropicos\/\",\"name\":\"COMUNICADO FEDERASSANTAS: impactos da greve dos caminhoneiros nos hospitais filantr\u00f3picos - Federassantas\",\"isPartOf\":{\"@id\":\"https:\/\/www.federassantas.org.br\/novosite\/#website\"},\"primaryImageOfPage\":{\"@id\":\"https:\/\/www.federassantas.org.br\/novosite\/comunicado-federassantas-impactos-da-greve-dos-caminhoneiros-nos-hospitais-filantropicos\/#primaryimage\"},\"image\":{\"@id\":\"https:\/\/www.federassantas.org.br\/novosite\/comunicado-federassantas-impactos-da-greve-dos-caminhoneiros-nos-hospitais-filantropicos\/#primaryimage\"},\"thumbnailUrl\":\"\",\"datePublished\":\"2018-05-24T20:18:24+00:00\",\"breadcrumb\":{\"@id\":\"https:\/\/www.federassantas.org.br\/novosite\/comunicado-federassantas-impactos-da-greve-dos-caminhoneiros-nos-hospitais-filantropicos\/#breadcrumb\"},\"inLanguage\":\"pt-BR\",\"potentialAction\":[{\"@type\":\"ReadAction\",\"target\":[\"https:\/\/www.federassantas.org.br\/novosite\/comunicado-federassantas-impactos-da-greve-dos-caminhoneiros-nos-hospitais-filantropicos\/\"]}]},{\"@type\":\"ImageObject\",\"inLanguage\":\"pt-BR\",\"@id\":\"https:\/\/www.federassantas.org.br\/novosite\/comunicado-federassantas-impactos-da-greve-dos-caminhoneiros-nos-hospitais-filantropicos\/#primaryimage\",\"url\":\"\",\"contentUrl\":\"\"},{\"@type\":\"BreadcrumbList\",\"@id\":\"https:\/\/www.federassantas.org.br\/novosite\/comunicado-federassantas-impactos-da-greve-dos-caminhoneiros-nos-hospitais-filantropicos\/#breadcrumb\",\"itemListElement\":[{\"@type\":\"ListItem\",\"position\":1,\"name\":\"In\u00edcio\",\"item\":\"https:\/\/www.federassantas.org.br\/novosite\/\"},{\"@type\":\"ListItem\",\"position\":2,\"name\":\"COMUNICADO FEDERASSANTAS: impactos da greve dos caminhoneiros nos hospitais filantr\u00f3picos\"}]},{\"@type\":\"WebSite\",\"@id\":\"https:\/\/www.federassantas.org.br\/novosite\/#website\",\"url\":\"https:\/\/www.federassantas.org.br\/novosite\/\",\"name\":\"Federassantas\",\"description\":\"Fed. das Santas Casas e Hospitais Filantr\u00f3picos de MG\",\"publisher\":{\"@id\":\"https:\/\/www.federassantas.org.br\/novosite\/#organization\"},\"potentialAction\":[{\"@type\":\"SearchAction\",\"target\":{\"@type\":\"EntryPoint\",\"urlTemplate\":\"https:\/\/www.federassantas.org.br\/novosite\/?s={search_term_string}\"},\"query-input\":{\"@type\":\"PropertyValueSpecification\",\"valueRequired\":true,\"valueName\":\"search_term_string\"}}],\"inLanguage\":\"pt-BR\"},{\"@type\":\"Organization\",\"@id\":\"https:\/\/www.federassantas.org.br\/novosite\/#organization\",\"name\":\"Federassantas\",\"url\":\"https:\/\/www.federassantas.org.br\/novosite\/\",\"logo\":{\"@type\":\"ImageObject\",\"inLanguage\":\"pt-BR\",\"@id\":\"https:\/\/www.federassantas.org.br\/novosite\/#\/schema\/logo\/image\/\",\"url\":\"https:\/\/www.federassantas.org.br\/novosite\/wp-content\/uploads\/2021\/12\/logo.png\",\"contentUrl\":\"https:\/\/www.federassantas.org.br\/novosite\/wp-content\/uploads\/2021\/12\/logo.png\",\"width\":243,\"height\":59,\"caption\":\"Federassantas\"},\"image\":{\"@id\":\"https:\/\/www.federassantas.org.br\/novosite\/#\/schema\/logo\/image\/\"}},{\"@type\":\"Person\",\"@id\":\"https:\/\/www.federassantas.org.br\/novosite\/#\/schema\/person\/75fed98158349313fe56175f232f513c\",\"name\":\"admin-federas\",\"image\":{\"@type\":\"ImageObject\",\"inLanguage\":\"pt-BR\",\"@id\":\"https:\/\/www.federassantas.org.br\/novosite\/#\/schema\/person\/image\/\",\"url\":\"https:\/\/secure.gravatar.com\/avatar\/2a02d7dda59fe8dc6b7ffd3f652e2efede5ccf0dd89dfdc8137c5517f3de8407?s=96&d=mm&r=g\",\"contentUrl\":\"https:\/\/secure.gravatar.com\/avatar\/2a02d7dda59fe8dc6b7ffd3f652e2efede5ccf0dd89dfdc8137c5517f3de8407?s=96&d=mm&r=g\",\"caption\":\"admin-federas\"},\"sameAs\":[\"https:\/\/www.federassantas.org.br\/novosite\/\"],\"url\":\"https:\/\/www.federassantas.org.br\/novosite\/author\/admin-federas\/\"}]}<\/script>\n<!-- \/ Yoast SEO plugin. -->","yoast_head_json":{"title":"COMUNICADO FEDERASSANTAS: impactos da greve dos caminhoneiros nos hospitais filantr\u00f3picos - Federassantas","robots":{"index":"index","follow":"follow","max-snippet":"max-snippet:-1","max-image-preview":"max-image-preview:large","max-video-preview":"max-video-preview:-1"},"canonical":"https:\/\/www.federassantas.org.br\/novosite\/comunicado-federassantas-impactos-da-greve-dos-caminhoneiros-nos-hospitais-filantropicos\/","og_locale":"pt_BR","og_type":"article","og_title":"COMUNICADO FEDERASSANTAS: impactos da greve dos caminhoneiros nos hospitais filantr\u00f3picos - Federassantas","og_description":"Os hospitais filantr\u00f3picos e o setor da sa\u00fade tamb\u00e9m tem sofrido reflexo em raz\u00e3o da greve dos caminhoneiros que afeta todo o pa\u00eds. Alguns hospitais filiados relataram \u00e0 Federassantas as dificuldades que est\u00e3o sendo encontradas para receber determinados produtos e manter os estoques de rem\u00e9dios, alimentos, suprimentos, insumos, dentre outros. Foi informado tamb\u00e9m que os [&hellip;]","og_url":"https:\/\/www.federassantas.org.br\/novosite\/comunicado-federassantas-impactos-da-greve-dos-caminhoneiros-nos-hospitais-filantropicos\/","og_site_name":"Federassantas","article_published_time":"2018-05-24T20:18:24+00:00","author":"admin-federas","twitter_card":"summary_large_image","twitter_misc":{"Escrito por":"admin-federas","Est. tempo de leitura":"3 minutos"},"schema":{"@context":"https:\/\/schema.org","@graph":[{"@type":"Article","@id":"https:\/\/www.federassantas.org.br\/novosite\/comunicado-federassantas-impactos-da-greve-dos-caminhoneiros-nos-hospitais-filantropicos\/#article","isPartOf":{"@id":"https:\/\/www.federassantas.org.br\/novosite\/comunicado-federassantas-impactos-da-greve-dos-caminhoneiros-nos-hospitais-filantropicos\/"},"author":{"name":"admin-federas","@id":"https:\/\/www.federassantas.org.br\/novosite\/#\/schema\/person\/75fed98158349313fe56175f232f513c"},"headline":"COMUNICADO FEDERASSANTAS: impactos da greve dos caminhoneiros nos hospitais filantr\u00f3picos","datePublished":"2018-05-24T20:18:24+00:00","mainEntityOfPage":{"@id":"https:\/\/www.federassantas.org.br\/novosite\/comunicado-federassantas-impactos-da-greve-dos-caminhoneiros-nos-hospitais-filantropicos\/"},"wordCount":690,"commentCount":0,"publisher":{"@id":"https:\/\/www.federassantas.org.br\/novosite\/#organization"},"image":{"@id":"https:\/\/www.federassantas.org.br\/novosite\/comunicado-federassantas-impactos-da-greve-dos-caminhoneiros-nos-hospitais-filantropicos\/#primaryimage"},"thumbnailUrl":"","articleSection":["Not\u00edcias","Not\u00edcias Federassantas"],"inLanguage":"pt-BR","potentialAction":[{"@type":"CommentAction","name":"Comment","target":["https:\/\/www.federassantas.org.br\/novosite\/comunicado-federassantas-impactos-da-greve-dos-caminhoneiros-nos-hospitais-filantropicos\/#respond"]}]},{"@type":"WebPage","@id":"https:\/\/www.federassantas.org.br\/novosite\/comunicado-federassantas-impactos-da-greve-dos-caminhoneiros-nos-hospitais-filantropicos\/","url":"https:\/\/www.federassantas.org.br\/novosite\/comunicado-federassantas-impactos-da-greve-dos-caminhoneiros-nos-hospitais-filantropicos\/","name":"COMUNICADO FEDERASSANTAS: impactos da greve dos caminhoneiros nos hospitais filantr\u00f3picos - Federassantas","isPartOf":{"@id":"https:\/\/www.federassantas.org.br\/novosite\/#website"},"primaryImageOfPage":{"@id":"https:\/\/www.federassantas.org.br\/novosite\/comunicado-federassantas-impactos-da-greve-dos-caminhoneiros-nos-hospitais-filantropicos\/#primaryimage"},"image":{"@id":"https:\/\/www.federassantas.org.br\/novosite\/comunicado-federassantas-impactos-da-greve-dos-caminhoneiros-nos-hospitais-filantropicos\/#primaryimage"},"thumbnailUrl":"","datePublished":"2018-05-24T20:18:24+00:00","breadcrumb":{"@id":"https:\/\/www.federassantas.org.br\/novosite\/comunicado-federassantas-impactos-da-greve-dos-caminhoneiros-nos-hospitais-filantropicos\/#breadcrumb"},"inLanguage":"pt-BR","potentialAction":[{"@type":"ReadAction","target":["https:\/\/www.federassantas.org.br\/novosite\/comunicado-federassantas-impactos-da-greve-dos-caminhoneiros-nos-hospitais-filantropicos\/"]}]},{"@type":"ImageObject","inLanguage":"pt-BR","@id":"https:\/\/www.federassantas.org.br\/novosite\/comunicado-federassantas-impactos-da-greve-dos-caminhoneiros-nos-hospitais-filantropicos\/#primaryimage","url":"","contentUrl":""},{"@type":"BreadcrumbList","@id":"https:\/\/www.federassantas.org.br\/novosite\/comunicado-federassantas-impactos-da-greve-dos-caminhoneiros-nos-hospitais-filantropicos\/#breadcrumb","itemListElement":[{"@type":"ListItem","position":1,"name":"In\u00edcio","item":"https:\/\/www.federassantas.org.br\/novosite\/"},{"@type":"ListItem","position":2,"name":"COMUNICADO FEDERASSANTAS: impactos da greve dos caminhoneiros nos hospitais filantr\u00f3picos"}]},{"@type":"WebSite","@id":"https:\/\/www.federassantas.org.br\/novosite\/#website","url":"https:\/\/www.federassantas.org.br\/novosite\/","name":"Federassantas","description":"Fed. das Santas Casas e Hospitais Filantr\u00f3picos de MG","publisher":{"@id":"https:\/\/www.federassantas.org.br\/novosite\/#organization"},"potentialAction":[{"@type":"SearchAction","target":{"@type":"EntryPoint","urlTemplate":"https:\/\/www.federassantas.org.br\/novosite\/?s={search_term_string}"},"query-input":{"@type":"PropertyValueSpecification","valueRequired":true,"valueName":"search_term_string"}}],"inLanguage":"pt-BR"},{"@type":"Organization","@id":"https:\/\/www.federassantas.org.br\/novosite\/#organization","name":"Federassantas","url":"https:\/\/www.federassantas.org.br\/novosite\/","logo":{"@type":"ImageObject","inLanguage":"pt-BR","@id":"https:\/\/www.federassantas.org.br\/novosite\/#\/schema\/logo\/image\/","url":"https:\/\/www.federassantas.org.br\/novosite\/wp-content\/uploads\/2021\/12\/logo.png","contentUrl":"https:\/\/www.federassantas.org.br\/novosite\/wp-content\/uploads\/2021\/12\/logo.png","width":243,"height":59,"caption":"Federassantas"},"image":{"@id":"https:\/\/www.federassantas.org.br\/novosite\/#\/schema\/logo\/image\/"}},{"@type":"Person","@id":"https:\/\/www.federassantas.org.br\/novosite\/#\/schema\/person\/75fed98158349313fe56175f232f513c","name":"admin-federas","image":{"@type":"ImageObject","inLanguage":"pt-BR","@id":"https:\/\/www.federassantas.org.br\/novosite\/#\/schema\/person\/image\/","url":"https:\/\/secure.gravatar.com\/avatar\/2a02d7dda59fe8dc6b7ffd3f652e2efede5ccf0dd89dfdc8137c5517f3de8407?s=96&d=mm&r=g","contentUrl":"https:\/\/secure.gravatar.com\/avatar\/2a02d7dda59fe8dc6b7ffd3f652e2efede5ccf0dd89dfdc8137c5517f3de8407?s=96&d=mm&r=g","caption":"admin-federas"},"sameAs":["https:\/\/www.federassantas.org.br\/novosite\/"],"url":"https:\/\/www.federassantas.org.br\/novosite\/author\/admin-federas\/"}]}},"_links":{"self":[{"href":"https:\/\/www.federassantas.org.br\/novosite\/wp-json\/wp\/v2\/posts\/12829","targetHints":{"allow":["GET"]}}],"collection":[{"href":"https:\/\/www.federassantas.org.br\/novosite\/wp-json\/wp\/v2\/posts"}],"about":[{"href":"https:\/\/www.federassantas.org.br\/novosite\/wp-json\/wp\/v2\/types\/post"}],"author":[{"embeddable":true,"href":"https:\/\/www.federassantas.org.br\/novosite\/wp-json\/wp\/v2\/users\/1"}],"replies":[{"embeddable":true,"href":"https:\/\/www.federassantas.org.br\/novosite\/wp-json\/wp\/v2\/comments?post=12829"}],"version-history":[{"count":0,"href":"https:\/\/www.federassantas.org.br\/novosite\/wp-json\/wp\/v2\/posts\/12829\/revisions"}],"wp:featuredmedia":[{"embeddable":true,"href":"https:\/\/www.federassantas.org.br\/novosite\/wp-json\/"}],"wp:attachment":[{"href":"https:\/\/www.federassantas.org.br\/novosite\/wp-json\/wp\/v2\/media?parent=12829"}],"wp:term":[{"taxonomy":"category","embeddable":true,"href":"https:\/\/www.federassantas.org.br\/novosite\/wp-json\/wp\/v2\/categories?post=12829"},{"taxonomy":"post_tag","embeddable":true,"href":"https:\/\/www.federassantas.org.br\/novosite\/wp-json\/wp\/v2\/tags?post=12829"}],"curies":[{"name":"wp","href":"https:\/\/api.w.org\/{rel}","templated":true}]}}