{"id":12844,"date":"2018-05-25T17:47:13","date_gmt":"2018-05-25T20:47:13","guid":{"rendered":"https:\/\/federasbackup.meltcomunicacao.com.br\/?p=12844"},"modified":"2018-05-25T17:47:13","modified_gmt":"2018-05-25T20:47:13","slug":"mpmg-e-ses-firmam-acordo-para-manutencao-de-repasses-a-instituicoes-filantropicas-de-saude","status":"publish","type":"post","link":"https:\/\/www.federassantas.org.br\/novosite\/mpmg-e-ses-firmam-acordo-para-manutencao-de-repasses-a-instituicoes-filantropicas-de-saude\/","title":{"rendered":"MPMG e SES firmam acordo para manuten\u00e7\u00e3o de repasses a institui\u00e7\u00f5es filantr\u00f3picas de sa\u00fade"},"content":{"rendered":"<p style=\"text-align: justify;\">O Minist\u00e9rio P\u00fablico de Minas Gerais (MPMG) e a Secretaria de Estado de Sa\u00fade (SES) assinaram na noite de ontem, 23 de maio, um Termo de Ajustamento de Conduta (TAC) para a manuten\u00e7\u00e3o dos repasses de recursos a hospitais filantr\u00f3picos. Desde a edi\u00e7\u00e3o da Lei Federal n\u00ba 13.650, de 2018, que trata da certifica\u00e7\u00e3o das entidades beneficentes de assist\u00eancia social, havia o perigo de interrup\u00e7\u00e3o imediata do repasses do Estado a essas institui\u00e7\u00f5es at\u00e9 que fossem feitas adequa\u00e7\u00f5es. Pelo acordo, o Estado ter\u00e1 seis meses para se ajustar \u00e0 nova legisla\u00e7\u00e3o.<\/p>\n<p style=\"text-align: justify;\">Entrando em vigor imediatamente ap\u00f3s a publica\u00e7\u00e3o, a Lei n\u00ba 13.650\/2018 inseriu como ato de improbidade administrativa a transfer\u00eancia de recursos p\u00fablicos a entidades privadas de presta\u00e7\u00e3o de servi\u00e7os de sa\u00fade sem pr\u00e9via celebra\u00e7\u00e3o de contrato ou conv\u00eanio. O problema estaria no fato de a lei n\u00e3o ter dado tempo para as institui\u00e7\u00f5es e o Poder P\u00fablico se adequarem a essa nova realidade. Num ato preventivo, para evitar que o secret\u00e1rio estadual de Sa\u00fade fosse acusado de improbidade administrativa, a SES pretendia realizar a interrup\u00e7\u00e3o dos repasses para que fossem feitos ajustes a nova situa\u00e7\u00e3o.<\/p>\n<p style=\"text-align: justify;\">Diante da possibilidade de preju\u00edzo \u00e0 Sa\u00fade P\u00fablica, a presidente da Federassantas, K\u00e1tia Rocha, acionou o MPMG na tentativa de evitar a paralisa\u00e7\u00e3o dos repasses e a interrup\u00e7\u00e3o do atendimento \u00e0 popula\u00e7\u00e3o que procura as institui\u00e7\u00f5es filantr\u00f3picas. Essas entidades privadas atuam de forma complementar ao SUS. E, para realizar esse servi\u00e7o, contam com recursos p\u00fablicos. Com base nisso, o Centro de Apoio Operacional das Promotorias de Justi\u00e7a de Defesa da Sa\u00fade (CAO-Sa\u00fade) e a C\u00e2mara de Preven\u00e7\u00e3o e Resolu\u00e7\u00e3o de Conflitos do MPMG convidaram as partes para constru\u00edrem uma alternativa.<\/p>\n<p style=\"text-align: justify;\"><strong>Prazo<\/strong><br \/>\nNa mesa de discuss\u00e3o, estavam promotores de Justi\u00e7a de Defesa da Sa\u00fade e do Patrim\u00f4nio P\u00fablico, representantes do Minist\u00e9rio da Sa\u00fade (MS) e de institui\u00e7\u00f5es beneficentes, advogados do Estado e integrantes dos Conselho de Secretarias Municipais de Sa\u00fade de Minas Gerais (Cosems-MG). A partir dessas conversas, ficou combinado que a SES manter\u00e1 os repasses \u00e0s institui\u00e7\u00f5es filantr\u00f3picas e que, em seis meses, promover\u00e1 todas as medidas administrativas priorit\u00e1rias \u00e0 formaliza\u00e7\u00e3o dos contratos de presta\u00e7\u00e3o de servi\u00e7os de sa\u00fade, por meio de chamamento p\u00fablico e de credenciamento das entidades, conforme recomenda\u00e7\u00e3o do MS.<\/p>\n<p style=\"text-align: justify;\">Segundo o coordenador do CAO-Sa\u00fade, N\u00e9lio Dutra, a Lei n\u00ba 13.650\/2018 n\u00e3o deu tempo para as partes se ajustassem. \u201cA lei entrou em vigor imediatamente ap\u00f3s a publica\u00e7\u00e3o. Diante disso, entendemos, dentro do bom senso, estabelecer um acordo entre o MP e o Estado, dando ao gestor a possibilidade de se adequar. Para isso, usamos, por analogia, um artigo da Lei de Licita\u00e7\u00e3o que prev\u00ea prazo de 180 dias para contrata\u00e7\u00f5es excepcionais. Ent\u00e3o, o Estado ter\u00e1 seis meses para publicar os editais e formalizar os contratos com as entidades filantr\u00f3picas que possuem papel importante na sa\u00fade e que precisam continuar recebendo recursos\u201d, disse.<\/p>\n<p style=\"text-align: justify;\">Para a presidente da Federassantas, K\u00e1tia Rocha, a assinatura do TAC, al\u00e9m de evitar a paralisa\u00e7\u00e3o dos atendimentos, mostra a import\u00e2ncia das institui\u00e7\u00f5es filantr\u00f3picas para a Sa\u00fade P\u00fablica no estado. \u201cO dia de hoje representa um marco de respeito \u00e0s entidades filantr\u00f3picas que prestam servi\u00e7os hospitalares ao SUS. Conseguimos uma solu\u00e7\u00e3o e impedimos a paralisa\u00e7\u00e3o de 120 hospitais no estado de Minas Gerais. O significado disso para o cidad\u00e3o e o usu\u00e1rio do SUS \u00e9 inestim\u00e1vel. Hoje, salvamos v\u00e1rias vidas mantendo essas institui\u00e7\u00f5es filantr\u00f3picas em funcionamento\u201d, disse.<\/p>\n<p style=\"text-align: justify;\">Assinaram o TAC o procurador-geral de Justi\u00e7a Adjunto Institucional, Nedens Ulisses Freire Vieira; o advogado-geral Adjunto do Estado, S\u00e9rgio Pessoa de Paula Castro; o coordenador do CAO-Sa\u00fade, N\u00e9lio Costa Dutra J\u00fanior; o coordenador do Centro de Apoio Operacional das Promotorias de Justi\u00e7a de Defesa do Patrim\u00f4nio P\u00fablico (CAOPP), Jos\u00e9 Carlos Fernandes J\u00fanior; a promotora de Justi\u00e7a Josely Ramos Pontes; a presidente da Federassantas, K\u00e1tia Rocha; o chefe da Se\u00e7\u00e3o de Auditoria do Minist\u00e9rio da Sa\u00fade em Minas Gerais, Jo\u00e3o Batista da Silva e; o presidente da Cosems, Eduardo Luiz Silva.<\/p>\n<p><em>Fonte: Minist\u00e9rio P\u00fablico de Minas Gerais<\/em><\/p>\n","protected":false},"excerpt":{"rendered":"<p>O Minist\u00e9rio P\u00fablico de Minas Gerais (MPMG) e a Secretaria de Estado de Sa\u00fade (SES) assinaram na noite de ontem, 23 de maio, um Termo de Ajustamento de Conduta (TAC) para a manuten\u00e7\u00e3o dos repasses de recursos a hospitais filantr\u00f3picos. Desde a edi\u00e7\u00e3o da Lei Federal n\u00ba 13.650, de 2018, que trata da certifica\u00e7\u00e3o das [&hellip;]<\/p>\n","protected":false},"author":1,"featured_media":12846,"comment_status":"open","ping_status":"open","sticky":false,"template":"","format":"standard","meta":{"footnotes":""},"categories":[140,143],"tags":[],"class_list":["post-12844","post","type-post","status-publish","format-standard","has-post-thumbnail","hentry","category-noticias","category-noticias-publicas"],"yoast_head":"<!-- This site is optimized with the Yoast SEO plugin v26.9 - https:\/\/yoast.com\/product\/yoast-seo-wordpress\/ -->\n<title>MPMG e SES firmam acordo para manuten\u00e7\u00e3o de repasses a institui\u00e7\u00f5es filantr\u00f3picas de sa\u00fade - Federassantas<\/title>\n<meta name=\"robots\" content=\"index, follow, max-snippet:-1, max-image-preview:large, max-video-preview:-1\" \/>\n<link rel=\"canonical\" href=\"https:\/\/www.federassantas.org.br\/novosite\/mpmg-e-ses-firmam-acordo-para-manutencao-de-repasses-a-instituicoes-filantropicas-de-saude\/\" \/>\n<meta property=\"og:locale\" content=\"pt_BR\" \/>\n<meta property=\"og:type\" content=\"article\" \/>\n<meta property=\"og:title\" content=\"MPMG e SES firmam acordo para manuten\u00e7\u00e3o de repasses a institui\u00e7\u00f5es filantr\u00f3picas de sa\u00fade - Federassantas\" \/>\n<meta property=\"og:description\" content=\"O Minist\u00e9rio P\u00fablico de Minas Gerais (MPMG) e a Secretaria de Estado de Sa\u00fade (SES) assinaram na noite de ontem, 23 de maio, um Termo de Ajustamento de Conduta (TAC) para a manuten\u00e7\u00e3o dos repasses de recursos a hospitais filantr\u00f3picos. Desde a edi\u00e7\u00e3o da Lei Federal n\u00ba 13.650, de 2018, que trata da certifica\u00e7\u00e3o das [&hellip;]\" \/>\n<meta property=\"og:url\" content=\"https:\/\/www.federassantas.org.br\/novosite\/mpmg-e-ses-firmam-acordo-para-manutencao-de-repasses-a-instituicoes-filantropicas-de-saude\/\" \/>\n<meta property=\"og:site_name\" content=\"Federassantas\" \/>\n<meta property=\"article:published_time\" content=\"2018-05-25T20:47:13+00:00\" \/>\n<meta name=\"author\" content=\"admin-federas\" \/>\n<meta name=\"twitter:card\" content=\"summary_large_image\" \/>\n<meta name=\"twitter:label1\" content=\"Escrito por\" \/>\n\t<meta name=\"twitter:data1\" content=\"admin-federas\" \/>\n\t<meta name=\"twitter:label2\" content=\"Est. tempo de leitura\" \/>\n\t<meta name=\"twitter:data2\" content=\"4 minutos\" \/>\n<script type=\"application\/ld+json\" class=\"yoast-schema-graph\">{\"@context\":\"https:\/\/schema.org\",\"@graph\":[{\"@type\":\"Article\",\"@id\":\"https:\/\/www.federassantas.org.br\/novosite\/mpmg-e-ses-firmam-acordo-para-manutencao-de-repasses-a-instituicoes-filantropicas-de-saude\/#article\",\"isPartOf\":{\"@id\":\"https:\/\/www.federassantas.org.br\/novosite\/mpmg-e-ses-firmam-acordo-para-manutencao-de-repasses-a-instituicoes-filantropicas-de-saude\/\"},\"author\":{\"name\":\"admin-federas\",\"@id\":\"https:\/\/www.federassantas.org.br\/novosite\/#\/schema\/person\/75fed98158349313fe56175f232f513c\"},\"headline\":\"MPMG e SES firmam acordo para manuten\u00e7\u00e3o de repasses a institui\u00e7\u00f5es filantr\u00f3picas de sa\u00fade\",\"datePublished\":\"2018-05-25T20:47:13+00:00\",\"mainEntityOfPage\":{\"@id\":\"https:\/\/www.federassantas.org.br\/novosite\/mpmg-e-ses-firmam-acordo-para-manutencao-de-repasses-a-instituicoes-filantropicas-de-saude\/\"},\"wordCount\":771,\"commentCount\":0,\"publisher\":{\"@id\":\"https:\/\/www.federassantas.org.br\/novosite\/#organization\"},\"image\":{\"@id\":\"https:\/\/www.federassantas.org.br\/novosite\/mpmg-e-ses-firmam-acordo-para-manutencao-de-repasses-a-instituicoes-filantropicas-de-saude\/#primaryimage\"},\"thumbnailUrl\":\"\",\"articleSection\":[\"Not\u00edcias\",\"Not\u00edcias P\u00fablicas\"],\"inLanguage\":\"pt-BR\",\"potentialAction\":[{\"@type\":\"CommentAction\",\"name\":\"Comment\",\"target\":[\"https:\/\/www.federassantas.org.br\/novosite\/mpmg-e-ses-firmam-acordo-para-manutencao-de-repasses-a-instituicoes-filantropicas-de-saude\/#respond\"]}]},{\"@type\":\"WebPage\",\"@id\":\"https:\/\/www.federassantas.org.br\/novosite\/mpmg-e-ses-firmam-acordo-para-manutencao-de-repasses-a-instituicoes-filantropicas-de-saude\/\",\"url\":\"https:\/\/www.federassantas.org.br\/novosite\/mpmg-e-ses-firmam-acordo-para-manutencao-de-repasses-a-instituicoes-filantropicas-de-saude\/\",\"name\":\"MPMG e SES firmam acordo para manuten\u00e7\u00e3o de repasses a institui\u00e7\u00f5es filantr\u00f3picas de sa\u00fade - Federassantas\",\"isPartOf\":{\"@id\":\"https:\/\/www.federassantas.org.br\/novosite\/#website\"},\"primaryImageOfPage\":{\"@id\":\"https:\/\/www.federassantas.org.br\/novosite\/mpmg-e-ses-firmam-acordo-para-manutencao-de-repasses-a-instituicoes-filantropicas-de-saude\/#primaryimage\"},\"image\":{\"@id\":\"https:\/\/www.federassantas.org.br\/novosite\/mpmg-e-ses-firmam-acordo-para-manutencao-de-repasses-a-instituicoes-filantropicas-de-saude\/#primaryimage\"},\"thumbnailUrl\":\"\",\"datePublished\":\"2018-05-25T20:47:13+00:00\",\"breadcrumb\":{\"@id\":\"https:\/\/www.federassantas.org.br\/novosite\/mpmg-e-ses-firmam-acordo-para-manutencao-de-repasses-a-instituicoes-filantropicas-de-saude\/#breadcrumb\"},\"inLanguage\":\"pt-BR\",\"potentialAction\":[{\"@type\":\"ReadAction\",\"target\":[\"https:\/\/www.federassantas.org.br\/novosite\/mpmg-e-ses-firmam-acordo-para-manutencao-de-repasses-a-instituicoes-filantropicas-de-saude\/\"]}]},{\"@type\":\"ImageObject\",\"inLanguage\":\"pt-BR\",\"@id\":\"https:\/\/www.federassantas.org.br\/novosite\/mpmg-e-ses-firmam-acordo-para-manutencao-de-repasses-a-instituicoes-filantropicas-de-saude\/#primaryimage\",\"url\":\"\",\"contentUrl\":\"\"},{\"@type\":\"BreadcrumbList\",\"@id\":\"https:\/\/www.federassantas.org.br\/novosite\/mpmg-e-ses-firmam-acordo-para-manutencao-de-repasses-a-instituicoes-filantropicas-de-saude\/#breadcrumb\",\"itemListElement\":[{\"@type\":\"ListItem\",\"position\":1,\"name\":\"In\u00edcio\",\"item\":\"https:\/\/www.federassantas.org.br\/novosite\/\"},{\"@type\":\"ListItem\",\"position\":2,\"name\":\"MPMG e SES firmam acordo para manuten\u00e7\u00e3o de repasses a institui\u00e7\u00f5es filantr\u00f3picas de sa\u00fade\"}]},{\"@type\":\"WebSite\",\"@id\":\"https:\/\/www.federassantas.org.br\/novosite\/#website\",\"url\":\"https:\/\/www.federassantas.org.br\/novosite\/\",\"name\":\"Federassantas\",\"description\":\"Fed. das Santas Casas e Hospitais Filantr\u00f3picos de MG\",\"publisher\":{\"@id\":\"https:\/\/www.federassantas.org.br\/novosite\/#organization\"},\"potentialAction\":[{\"@type\":\"SearchAction\",\"target\":{\"@type\":\"EntryPoint\",\"urlTemplate\":\"https:\/\/www.federassantas.org.br\/novosite\/?s={search_term_string}\"},\"query-input\":{\"@type\":\"PropertyValueSpecification\",\"valueRequired\":true,\"valueName\":\"search_term_string\"}}],\"inLanguage\":\"pt-BR\"},{\"@type\":\"Organization\",\"@id\":\"https:\/\/www.federassantas.org.br\/novosite\/#organization\",\"name\":\"Federassantas\",\"url\":\"https:\/\/www.federassantas.org.br\/novosite\/\",\"logo\":{\"@type\":\"ImageObject\",\"inLanguage\":\"pt-BR\",\"@id\":\"https:\/\/www.federassantas.org.br\/novosite\/#\/schema\/logo\/image\/\",\"url\":\"https:\/\/www.federassantas.org.br\/novosite\/wp-content\/uploads\/2021\/12\/logo.png\",\"contentUrl\":\"https:\/\/www.federassantas.org.br\/novosite\/wp-content\/uploads\/2021\/12\/logo.png\",\"width\":243,\"height\":59,\"caption\":\"Federassantas\"},\"image\":{\"@id\":\"https:\/\/www.federassantas.org.br\/novosite\/#\/schema\/logo\/image\/\"}},{\"@type\":\"Person\",\"@id\":\"https:\/\/www.federassantas.org.br\/novosite\/#\/schema\/person\/75fed98158349313fe56175f232f513c\",\"name\":\"admin-federas\",\"image\":{\"@type\":\"ImageObject\",\"inLanguage\":\"pt-BR\",\"@id\":\"https:\/\/www.federassantas.org.br\/novosite\/#\/schema\/person\/image\/\",\"url\":\"https:\/\/secure.gravatar.com\/avatar\/2a02d7dda59fe8dc6b7ffd3f652e2efede5ccf0dd89dfdc8137c5517f3de8407?s=96&d=mm&r=g\",\"contentUrl\":\"https:\/\/secure.gravatar.com\/avatar\/2a02d7dda59fe8dc6b7ffd3f652e2efede5ccf0dd89dfdc8137c5517f3de8407?s=96&d=mm&r=g\",\"caption\":\"admin-federas\"},\"sameAs\":[\"https:\/\/www.federassantas.org.br\/novosite\/\"],\"url\":\"https:\/\/www.federassantas.org.br\/novosite\/author\/admin-federas\/\"}]}<\/script>\n<!-- \/ Yoast SEO plugin. -->","yoast_head_json":{"title":"MPMG e SES firmam acordo para manuten\u00e7\u00e3o de repasses a institui\u00e7\u00f5es filantr\u00f3picas de sa\u00fade - Federassantas","robots":{"index":"index","follow":"follow","max-snippet":"max-snippet:-1","max-image-preview":"max-image-preview:large","max-video-preview":"max-video-preview:-1"},"canonical":"https:\/\/www.federassantas.org.br\/novosite\/mpmg-e-ses-firmam-acordo-para-manutencao-de-repasses-a-instituicoes-filantropicas-de-saude\/","og_locale":"pt_BR","og_type":"article","og_title":"MPMG e SES firmam acordo para manuten\u00e7\u00e3o de repasses a institui\u00e7\u00f5es filantr\u00f3picas de sa\u00fade - Federassantas","og_description":"O Minist\u00e9rio P\u00fablico de Minas Gerais (MPMG) e a Secretaria de Estado de Sa\u00fade (SES) assinaram na noite de ontem, 23 de maio, um Termo de Ajustamento de Conduta (TAC) para a manuten\u00e7\u00e3o dos repasses de recursos a hospitais filantr\u00f3picos. Desde a edi\u00e7\u00e3o da Lei Federal n\u00ba 13.650, de 2018, que trata da certifica\u00e7\u00e3o das [&hellip;]","og_url":"https:\/\/www.federassantas.org.br\/novosite\/mpmg-e-ses-firmam-acordo-para-manutencao-de-repasses-a-instituicoes-filantropicas-de-saude\/","og_site_name":"Federassantas","article_published_time":"2018-05-25T20:47:13+00:00","author":"admin-federas","twitter_card":"summary_large_image","twitter_misc":{"Escrito por":"admin-federas","Est. tempo de leitura":"4 minutos"},"schema":{"@context":"https:\/\/schema.org","@graph":[{"@type":"Article","@id":"https:\/\/www.federassantas.org.br\/novosite\/mpmg-e-ses-firmam-acordo-para-manutencao-de-repasses-a-instituicoes-filantropicas-de-saude\/#article","isPartOf":{"@id":"https:\/\/www.federassantas.org.br\/novosite\/mpmg-e-ses-firmam-acordo-para-manutencao-de-repasses-a-instituicoes-filantropicas-de-saude\/"},"author":{"name":"admin-federas","@id":"https:\/\/www.federassantas.org.br\/novosite\/#\/schema\/person\/75fed98158349313fe56175f232f513c"},"headline":"MPMG e SES firmam acordo para manuten\u00e7\u00e3o de repasses a institui\u00e7\u00f5es filantr\u00f3picas de sa\u00fade","datePublished":"2018-05-25T20:47:13+00:00","mainEntityOfPage":{"@id":"https:\/\/www.federassantas.org.br\/novosite\/mpmg-e-ses-firmam-acordo-para-manutencao-de-repasses-a-instituicoes-filantropicas-de-saude\/"},"wordCount":771,"commentCount":0,"publisher":{"@id":"https:\/\/www.federassantas.org.br\/novosite\/#organization"},"image":{"@id":"https:\/\/www.federassantas.org.br\/novosite\/mpmg-e-ses-firmam-acordo-para-manutencao-de-repasses-a-instituicoes-filantropicas-de-saude\/#primaryimage"},"thumbnailUrl":"","articleSection":["Not\u00edcias","Not\u00edcias P\u00fablicas"],"inLanguage":"pt-BR","potentialAction":[{"@type":"CommentAction","name":"Comment","target":["https:\/\/www.federassantas.org.br\/novosite\/mpmg-e-ses-firmam-acordo-para-manutencao-de-repasses-a-instituicoes-filantropicas-de-saude\/#respond"]}]},{"@type":"WebPage","@id":"https:\/\/www.federassantas.org.br\/novosite\/mpmg-e-ses-firmam-acordo-para-manutencao-de-repasses-a-instituicoes-filantropicas-de-saude\/","url":"https:\/\/www.federassantas.org.br\/novosite\/mpmg-e-ses-firmam-acordo-para-manutencao-de-repasses-a-instituicoes-filantropicas-de-saude\/","name":"MPMG e SES firmam acordo para manuten\u00e7\u00e3o de repasses a institui\u00e7\u00f5es filantr\u00f3picas de sa\u00fade - Federassantas","isPartOf":{"@id":"https:\/\/www.federassantas.org.br\/novosite\/#website"},"primaryImageOfPage":{"@id":"https:\/\/www.federassantas.org.br\/novosite\/mpmg-e-ses-firmam-acordo-para-manutencao-de-repasses-a-instituicoes-filantropicas-de-saude\/#primaryimage"},"image":{"@id":"https:\/\/www.federassantas.org.br\/novosite\/mpmg-e-ses-firmam-acordo-para-manutencao-de-repasses-a-instituicoes-filantropicas-de-saude\/#primaryimage"},"thumbnailUrl":"","datePublished":"2018-05-25T20:47:13+00:00","breadcrumb":{"@id":"https:\/\/www.federassantas.org.br\/novosite\/mpmg-e-ses-firmam-acordo-para-manutencao-de-repasses-a-instituicoes-filantropicas-de-saude\/#breadcrumb"},"inLanguage":"pt-BR","potentialAction":[{"@type":"ReadAction","target":["https:\/\/www.federassantas.org.br\/novosite\/mpmg-e-ses-firmam-acordo-para-manutencao-de-repasses-a-instituicoes-filantropicas-de-saude\/"]}]},{"@type":"ImageObject","inLanguage":"pt-BR","@id":"https:\/\/www.federassantas.org.br\/novosite\/mpmg-e-ses-firmam-acordo-para-manutencao-de-repasses-a-instituicoes-filantropicas-de-saude\/#primaryimage","url":"","contentUrl":""},{"@type":"BreadcrumbList","@id":"https:\/\/www.federassantas.org.br\/novosite\/mpmg-e-ses-firmam-acordo-para-manutencao-de-repasses-a-instituicoes-filantropicas-de-saude\/#breadcrumb","itemListElement":[{"@type":"ListItem","position":1,"name":"In\u00edcio","item":"https:\/\/www.federassantas.org.br\/novosite\/"},{"@type":"ListItem","position":2,"name":"MPMG e SES firmam acordo para manuten\u00e7\u00e3o de repasses a institui\u00e7\u00f5es filantr\u00f3picas de sa\u00fade"}]},{"@type":"WebSite","@id":"https:\/\/www.federassantas.org.br\/novosite\/#website","url":"https:\/\/www.federassantas.org.br\/novosite\/","name":"Federassantas","description":"Fed. das Santas Casas e Hospitais Filantr\u00f3picos de MG","publisher":{"@id":"https:\/\/www.federassantas.org.br\/novosite\/#organization"},"potentialAction":[{"@type":"SearchAction","target":{"@type":"EntryPoint","urlTemplate":"https:\/\/www.federassantas.org.br\/novosite\/?s={search_term_string}"},"query-input":{"@type":"PropertyValueSpecification","valueRequired":true,"valueName":"search_term_string"}}],"inLanguage":"pt-BR"},{"@type":"Organization","@id":"https:\/\/www.federassantas.org.br\/novosite\/#organization","name":"Federassantas","url":"https:\/\/www.federassantas.org.br\/novosite\/","logo":{"@type":"ImageObject","inLanguage":"pt-BR","@id":"https:\/\/www.federassantas.org.br\/novosite\/#\/schema\/logo\/image\/","url":"https:\/\/www.federassantas.org.br\/novosite\/wp-content\/uploads\/2021\/12\/logo.png","contentUrl":"https:\/\/www.federassantas.org.br\/novosite\/wp-content\/uploads\/2021\/12\/logo.png","width":243,"height":59,"caption":"Federassantas"},"image":{"@id":"https:\/\/www.federassantas.org.br\/novosite\/#\/schema\/logo\/image\/"}},{"@type":"Person","@id":"https:\/\/www.federassantas.org.br\/novosite\/#\/schema\/person\/75fed98158349313fe56175f232f513c","name":"admin-federas","image":{"@type":"ImageObject","inLanguage":"pt-BR","@id":"https:\/\/www.federassantas.org.br\/novosite\/#\/schema\/person\/image\/","url":"https:\/\/secure.gravatar.com\/avatar\/2a02d7dda59fe8dc6b7ffd3f652e2efede5ccf0dd89dfdc8137c5517f3de8407?s=96&d=mm&r=g","contentUrl":"https:\/\/secure.gravatar.com\/avatar\/2a02d7dda59fe8dc6b7ffd3f652e2efede5ccf0dd89dfdc8137c5517f3de8407?s=96&d=mm&r=g","caption":"admin-federas"},"sameAs":["https:\/\/www.federassantas.org.br\/novosite\/"],"url":"https:\/\/www.federassantas.org.br\/novosite\/author\/admin-federas\/"}]}},"_links":{"self":[{"href":"https:\/\/www.federassantas.org.br\/novosite\/wp-json\/wp\/v2\/posts\/12844","targetHints":{"allow":["GET"]}}],"collection":[{"href":"https:\/\/www.federassantas.org.br\/novosite\/wp-json\/wp\/v2\/posts"}],"about":[{"href":"https:\/\/www.federassantas.org.br\/novosite\/wp-json\/wp\/v2\/types\/post"}],"author":[{"embeddable":true,"href":"https:\/\/www.federassantas.org.br\/novosite\/wp-json\/wp\/v2\/users\/1"}],"replies":[{"embeddable":true,"href":"https:\/\/www.federassantas.org.br\/novosite\/wp-json\/wp\/v2\/comments?post=12844"}],"version-history":[{"count":0,"href":"https:\/\/www.federassantas.org.br\/novosite\/wp-json\/wp\/v2\/posts\/12844\/revisions"}],"wp:featuredmedia":[{"embeddable":true,"href":"https:\/\/www.federassantas.org.br\/novosite\/wp-json\/"}],"wp:attachment":[{"href":"https:\/\/www.federassantas.org.br\/novosite\/wp-json\/wp\/v2\/media?parent=12844"}],"wp:term":[{"taxonomy":"category","embeddable":true,"href":"https:\/\/www.federassantas.org.br\/novosite\/wp-json\/wp\/v2\/categories?post=12844"},{"taxonomy":"post_tag","embeddable":true,"href":"https:\/\/www.federassantas.org.br\/novosite\/wp-json\/wp\/v2\/tags?post=12844"}],"curies":[{"name":"wp","href":"https:\/\/api.w.org\/{rel}","templated":true}]}}