{"id":12850,"date":"2018-05-28T15:04:09","date_gmt":"2018-05-28T18:04:09","guid":{"rendered":"https:\/\/federasbackup.meltcomunicacao.com.br\/?p=12850"},"modified":"2018-05-28T15:04:09","modified_gmt":"2018-05-28T18:04:09","slug":"semana-de-mobilizacao-pela-saude-das-mulheres","status":"publish","type":"post","link":"https:\/\/www.federassantas.org.br\/novosite\/semana-de-mobilizacao-pela-saude-das-mulheres\/","title":{"rendered":"Semana de Mobiliza\u00e7\u00e3o pela Sa\u00fade das Mulheres"},"content":{"rendered":"<p style=\"text-align: justify;\">Para garantir mais acesso, cuidado, informa\u00e7\u00e3o e sa\u00fade \u00e0 mulher brasileira, o Minist\u00e9rio da Sa\u00fade instituiu a Semana de Mobiliza\u00e7\u00e3o Nacional pela Sa\u00fade das Mulheres no SUS, que ser\u00e1 celebrada at\u00e9 31 de maio. Este ano, o tema ser\u00e1 redu\u00e7\u00e3o da mortalidade materna, um importante indicador de sa\u00fade da popula\u00e7\u00e3o feminina.<\/p>\n<p style=\"text-align: justify;\">Nesta segunda-feira (28), no Dia Internacional de Luta pela Sa\u00fade da Mulher e Dia Nacional de Redu\u00e7\u00e3o da Mortalidade Materna, ser\u00e1 feito o lan\u00e7amento pelo Minist\u00e9rio da Sa\u00fade, em evento na Organiza\u00e7\u00e3o Pan-Americana da Sa\u00fade (Opas), da meta de redu\u00e7\u00e3o da mortalidade materna para os Objetivos do Desenvolvimento Sustent\u00e1vel 2015\/2030, compromisso internacional assumido pelo pa\u00eds.<\/p>\n<p style=\"text-align: justify;\">Entre 1990 e 2015 a redu\u00e7\u00e3o na raz\u00e3o de mortalidade materna no Brasil foi de 143 para 62 \u00f3bitos maternos por 100 mil nascidos vivos, o que representou uma diminui\u00e7\u00e3o de 56%. Esta redu\u00e7\u00e3o tem sido reconhecida pela\u00a0<a href=\"https:\/\/www.paho.org\/bra\/\" target=\"_blank\" rel=\"noopener\">Organiza\u00e7\u00e3o Mundial da Sa\u00fade (OMS)<\/a>, ao destacar que houve avan\u00e7os significativos desde a d\u00e9cada de 90 nas pol\u00edticas p\u00fablicas de sa\u00fade.<\/p>\n<p style=\"text-align: justify;\">De acordo com dados do Sistema de Informa\u00e7\u00e3o sobre Mortalidade, em 2015, o Brasil registrou 1.738 casos de morte materna, que engloba \u00f3bitos causados por problemas relacionados \u00e0 gravidez ou ao parto ou ocorridos at\u00e9 42 dias depois. Em 2016, foram registrados 1.463 casos, uma queda de 16% em rela\u00e7\u00e3o ao ano anterior.<\/p>\n<p style=\"text-align: justify;\">Para reduzir a morte materna, o Minist\u00e9rio da Sa\u00fade tem implementado pol\u00edticas para fortalecer a humaniza\u00e7\u00e3o do atendimento das gestantes, a melhoria da aten\u00e7\u00e3o pr\u00e9-natal, nascimento e p\u00f3s-parto, assim como institu\u00eddo medidas de orienta\u00e7\u00e3o e qualifica\u00e7\u00e3o dos profissionais de sa\u00fade, tanto no \u00e2mbito da aten\u00e7\u00e3o b\u00e1sica como naquele de urg\u00eancia e emerg\u00eancia. Associadamente, o fortalecimento das a\u00e7\u00f5es da Comiss\u00e3o Nacional de Mortalidade Materna e dos Comit\u00eas Estaduais e Municipais de Investiga\u00e7\u00e3o do \u00d3bito Materno \u00e9 outra importante estrat\u00e9gia em curso.<\/p>\n<p>Veja reportagem completa em:<br \/>\n<a href=\"http:\/\/portalms.saude.gov.br\/noticias\/agencia-saude\/43325-ministerio-da-saude-investe-na-reducao-da-mortalidade-materna\">http:\/\/portalms.saude.gov.br\/noticias\/agencia-saude\/43325-ministerio-da-saude-investe-na-reducao-da-mortalidade-materna<\/a><\/p>\n","protected":false},"excerpt":{"rendered":"<p>Para garantir mais acesso, cuidado, informa\u00e7\u00e3o e sa\u00fade \u00e0 mulher brasileira, o Minist\u00e9rio da Sa\u00fade instituiu a Semana de Mobiliza\u00e7\u00e3o Nacional pela Sa\u00fade das Mulheres no SUS, que ser\u00e1 celebrada at\u00e9 31 de maio. Este ano, o tema ser\u00e1 redu\u00e7\u00e3o da mortalidade materna, um importante indicador de sa\u00fade da popula\u00e7\u00e3o feminina. Nesta segunda-feira (28), no [&hellip;]<\/p>\n","protected":false},"author":1,"featured_media":12851,"comment_status":"open","ping_status":"open","sticky":false,"template":"","format":"standard","meta":{"footnotes":""},"categories":[140],"tags":[],"class_list":["post-12850","post","type-post","status-publish","format-standard","has-post-thumbnail","hentry","category-noticias"],"yoast_head":"<!-- This site is optimized with the Yoast SEO plugin v26.9 - https:\/\/yoast.com\/product\/yoast-seo-wordpress\/ -->\n<title>Semana de Mobiliza\u00e7\u00e3o pela Sa\u00fade das Mulheres - Federassantas<\/title>\n<meta name=\"robots\" content=\"index, follow, max-snippet:-1, max-image-preview:large, max-video-preview:-1\" \/>\n<link rel=\"canonical\" href=\"https:\/\/www.federassantas.org.br\/novosite\/semana-de-mobilizacao-pela-saude-das-mulheres\/\" \/>\n<meta property=\"og:locale\" content=\"pt_BR\" \/>\n<meta property=\"og:type\" content=\"article\" \/>\n<meta property=\"og:title\" content=\"Semana de Mobiliza\u00e7\u00e3o pela Sa\u00fade das Mulheres - Federassantas\" \/>\n<meta property=\"og:description\" content=\"Para garantir mais acesso, cuidado, informa\u00e7\u00e3o e sa\u00fade \u00e0 mulher brasileira, o Minist\u00e9rio da Sa\u00fade instituiu a Semana de Mobiliza\u00e7\u00e3o Nacional pela Sa\u00fade das Mulheres no SUS, que ser\u00e1 celebrada at\u00e9 31 de maio. Este ano, o tema ser\u00e1 redu\u00e7\u00e3o da mortalidade materna, um importante indicador de sa\u00fade da popula\u00e7\u00e3o feminina. Nesta segunda-feira (28), no [&hellip;]\" \/>\n<meta property=\"og:url\" content=\"https:\/\/www.federassantas.org.br\/novosite\/semana-de-mobilizacao-pela-saude-das-mulheres\/\" \/>\n<meta property=\"og:site_name\" content=\"Federassantas\" \/>\n<meta property=\"article:published_time\" content=\"2018-05-28T18:04:09+00:00\" \/>\n<meta name=\"author\" content=\"admin-federas\" \/>\n<meta name=\"twitter:card\" content=\"summary_large_image\" \/>\n<meta name=\"twitter:label1\" content=\"Escrito por\" \/>\n\t<meta name=\"twitter:data1\" content=\"admin-federas\" \/>\n\t<meta name=\"twitter:label2\" content=\"Est. tempo de leitura\" \/>\n\t<meta name=\"twitter:data2\" content=\"2 minutos\" \/>\n<script type=\"application\/ld+json\" class=\"yoast-schema-graph\">{\"@context\":\"https:\/\/schema.org\",\"@graph\":[{\"@type\":\"Article\",\"@id\":\"https:\/\/www.federassantas.org.br\/novosite\/semana-de-mobilizacao-pela-saude-das-mulheres\/#article\",\"isPartOf\":{\"@id\":\"https:\/\/www.federassantas.org.br\/novosite\/semana-de-mobilizacao-pela-saude-das-mulheres\/\"},\"author\":{\"name\":\"admin-federas\",\"@id\":\"https:\/\/www.federassantas.org.br\/novosite\/#\/schema\/person\/75fed98158349313fe56175f232f513c\"},\"headline\":\"Semana de Mobiliza\u00e7\u00e3o pela Sa\u00fade das Mulheres\",\"datePublished\":\"2018-05-28T18:04:09+00:00\",\"mainEntityOfPage\":{\"@id\":\"https:\/\/www.federassantas.org.br\/novosite\/semana-de-mobilizacao-pela-saude-das-mulheres\/\"},\"wordCount\":352,\"commentCount\":0,\"publisher\":{\"@id\":\"https:\/\/www.federassantas.org.br\/novosite\/#organization\"},\"image\":{\"@id\":\"https:\/\/www.federassantas.org.br\/novosite\/semana-de-mobilizacao-pela-saude-das-mulheres\/#primaryimage\"},\"thumbnailUrl\":\"\",\"articleSection\":[\"Not\u00edcias\"],\"inLanguage\":\"pt-BR\",\"potentialAction\":[{\"@type\":\"CommentAction\",\"name\":\"Comment\",\"target\":[\"https:\/\/www.federassantas.org.br\/novosite\/semana-de-mobilizacao-pela-saude-das-mulheres\/#respond\"]}]},{\"@type\":\"WebPage\",\"@id\":\"https:\/\/www.federassantas.org.br\/novosite\/semana-de-mobilizacao-pela-saude-das-mulheres\/\",\"url\":\"https:\/\/www.federassantas.org.br\/novosite\/semana-de-mobilizacao-pela-saude-das-mulheres\/\",\"name\":\"Semana de Mobiliza\u00e7\u00e3o pela Sa\u00fade das Mulheres - Federassantas\",\"isPartOf\":{\"@id\":\"https:\/\/www.federassantas.org.br\/novosite\/#website\"},\"primaryImageOfPage\":{\"@id\":\"https:\/\/www.federassantas.org.br\/novosite\/semana-de-mobilizacao-pela-saude-das-mulheres\/#primaryimage\"},\"image\":{\"@id\":\"https:\/\/www.federassantas.org.br\/novosite\/semana-de-mobilizacao-pela-saude-das-mulheres\/#primaryimage\"},\"thumbnailUrl\":\"\",\"datePublished\":\"2018-05-28T18:04:09+00:00\",\"breadcrumb\":{\"@id\":\"https:\/\/www.federassantas.org.br\/novosite\/semana-de-mobilizacao-pela-saude-das-mulheres\/#breadcrumb\"},\"inLanguage\":\"pt-BR\",\"potentialAction\":[{\"@type\":\"ReadAction\",\"target\":[\"https:\/\/www.federassantas.org.br\/novosite\/semana-de-mobilizacao-pela-saude-das-mulheres\/\"]}]},{\"@type\":\"ImageObject\",\"inLanguage\":\"pt-BR\",\"@id\":\"https:\/\/www.federassantas.org.br\/novosite\/semana-de-mobilizacao-pela-saude-das-mulheres\/#primaryimage\",\"url\":\"\",\"contentUrl\":\"\"},{\"@type\":\"BreadcrumbList\",\"@id\":\"https:\/\/www.federassantas.org.br\/novosite\/semana-de-mobilizacao-pela-saude-das-mulheres\/#breadcrumb\",\"itemListElement\":[{\"@type\":\"ListItem\",\"position\":1,\"name\":\"In\u00edcio\",\"item\":\"https:\/\/www.federassantas.org.br\/novosite\/\"},{\"@type\":\"ListItem\",\"position\":2,\"name\":\"Semana de Mobiliza\u00e7\u00e3o pela Sa\u00fade das Mulheres\"}]},{\"@type\":\"WebSite\",\"@id\":\"https:\/\/www.federassantas.org.br\/novosite\/#website\",\"url\":\"https:\/\/www.federassantas.org.br\/novosite\/\",\"name\":\"Federassantas\",\"description\":\"Fed. das Santas Casas e Hospitais Filantr\u00f3picos de MG\",\"publisher\":{\"@id\":\"https:\/\/www.federassantas.org.br\/novosite\/#organization\"},\"potentialAction\":[{\"@type\":\"SearchAction\",\"target\":{\"@type\":\"EntryPoint\",\"urlTemplate\":\"https:\/\/www.federassantas.org.br\/novosite\/?s={search_term_string}\"},\"query-input\":{\"@type\":\"PropertyValueSpecification\",\"valueRequired\":true,\"valueName\":\"search_term_string\"}}],\"inLanguage\":\"pt-BR\"},{\"@type\":\"Organization\",\"@id\":\"https:\/\/www.federassantas.org.br\/novosite\/#organization\",\"name\":\"Federassantas\",\"url\":\"https:\/\/www.federassantas.org.br\/novosite\/\",\"logo\":{\"@type\":\"ImageObject\",\"inLanguage\":\"pt-BR\",\"@id\":\"https:\/\/www.federassantas.org.br\/novosite\/#\/schema\/logo\/image\/\",\"url\":\"https:\/\/www.federassantas.org.br\/novosite\/wp-content\/uploads\/2021\/12\/logo.png\",\"contentUrl\":\"https:\/\/www.federassantas.org.br\/novosite\/wp-content\/uploads\/2021\/12\/logo.png\",\"width\":243,\"height\":59,\"caption\":\"Federassantas\"},\"image\":{\"@id\":\"https:\/\/www.federassantas.org.br\/novosite\/#\/schema\/logo\/image\/\"}},{\"@type\":\"Person\",\"@id\":\"https:\/\/www.federassantas.org.br\/novosite\/#\/schema\/person\/75fed98158349313fe56175f232f513c\",\"name\":\"admin-federas\",\"image\":{\"@type\":\"ImageObject\",\"inLanguage\":\"pt-BR\",\"@id\":\"https:\/\/www.federassantas.org.br\/novosite\/#\/schema\/person\/image\/\",\"url\":\"https:\/\/secure.gravatar.com\/avatar\/2a02d7dda59fe8dc6b7ffd3f652e2efede5ccf0dd89dfdc8137c5517f3de8407?s=96&d=mm&r=g\",\"contentUrl\":\"https:\/\/secure.gravatar.com\/avatar\/2a02d7dda59fe8dc6b7ffd3f652e2efede5ccf0dd89dfdc8137c5517f3de8407?s=96&d=mm&r=g\",\"caption\":\"admin-federas\"},\"sameAs\":[\"https:\/\/www.federassantas.org.br\/novosite\/\"],\"url\":\"https:\/\/www.federassantas.org.br\/novosite\/author\/admin-federas\/\"}]}<\/script>\n<!-- \/ Yoast SEO plugin. -->","yoast_head_json":{"title":"Semana de Mobiliza\u00e7\u00e3o pela Sa\u00fade das Mulheres - Federassantas","robots":{"index":"index","follow":"follow","max-snippet":"max-snippet:-1","max-image-preview":"max-image-preview:large","max-video-preview":"max-video-preview:-1"},"canonical":"https:\/\/www.federassantas.org.br\/novosite\/semana-de-mobilizacao-pela-saude-das-mulheres\/","og_locale":"pt_BR","og_type":"article","og_title":"Semana de Mobiliza\u00e7\u00e3o pela Sa\u00fade das Mulheres - Federassantas","og_description":"Para garantir mais acesso, cuidado, informa\u00e7\u00e3o e sa\u00fade \u00e0 mulher brasileira, o Minist\u00e9rio da Sa\u00fade instituiu a Semana de Mobiliza\u00e7\u00e3o Nacional pela Sa\u00fade das Mulheres no SUS, que ser\u00e1 celebrada at\u00e9 31 de maio. Este ano, o tema ser\u00e1 redu\u00e7\u00e3o da mortalidade materna, um importante indicador de sa\u00fade da popula\u00e7\u00e3o feminina. Nesta segunda-feira (28), no [&hellip;]","og_url":"https:\/\/www.federassantas.org.br\/novosite\/semana-de-mobilizacao-pela-saude-das-mulheres\/","og_site_name":"Federassantas","article_published_time":"2018-05-28T18:04:09+00:00","author":"admin-federas","twitter_card":"summary_large_image","twitter_misc":{"Escrito por":"admin-federas","Est. tempo de leitura":"2 minutos"},"schema":{"@context":"https:\/\/schema.org","@graph":[{"@type":"Article","@id":"https:\/\/www.federassantas.org.br\/novosite\/semana-de-mobilizacao-pela-saude-das-mulheres\/#article","isPartOf":{"@id":"https:\/\/www.federassantas.org.br\/novosite\/semana-de-mobilizacao-pela-saude-das-mulheres\/"},"author":{"name":"admin-federas","@id":"https:\/\/www.federassantas.org.br\/novosite\/#\/schema\/person\/75fed98158349313fe56175f232f513c"},"headline":"Semana de Mobiliza\u00e7\u00e3o pela Sa\u00fade das Mulheres","datePublished":"2018-05-28T18:04:09+00:00","mainEntityOfPage":{"@id":"https:\/\/www.federassantas.org.br\/novosite\/semana-de-mobilizacao-pela-saude-das-mulheres\/"},"wordCount":352,"commentCount":0,"publisher":{"@id":"https:\/\/www.federassantas.org.br\/novosite\/#organization"},"image":{"@id":"https:\/\/www.federassantas.org.br\/novosite\/semana-de-mobilizacao-pela-saude-das-mulheres\/#primaryimage"},"thumbnailUrl":"","articleSection":["Not\u00edcias"],"inLanguage":"pt-BR","potentialAction":[{"@type":"CommentAction","name":"Comment","target":["https:\/\/www.federassantas.org.br\/novosite\/semana-de-mobilizacao-pela-saude-das-mulheres\/#respond"]}]},{"@type":"WebPage","@id":"https:\/\/www.federassantas.org.br\/novosite\/semana-de-mobilizacao-pela-saude-das-mulheres\/","url":"https:\/\/www.federassantas.org.br\/novosite\/semana-de-mobilizacao-pela-saude-das-mulheres\/","name":"Semana de Mobiliza\u00e7\u00e3o pela Sa\u00fade das Mulheres - Federassantas","isPartOf":{"@id":"https:\/\/www.federassantas.org.br\/novosite\/#website"},"primaryImageOfPage":{"@id":"https:\/\/www.federassantas.org.br\/novosite\/semana-de-mobilizacao-pela-saude-das-mulheres\/#primaryimage"},"image":{"@id":"https:\/\/www.federassantas.org.br\/novosite\/semana-de-mobilizacao-pela-saude-das-mulheres\/#primaryimage"},"thumbnailUrl":"","datePublished":"2018-05-28T18:04:09+00:00","breadcrumb":{"@id":"https:\/\/www.federassantas.org.br\/novosite\/semana-de-mobilizacao-pela-saude-das-mulheres\/#breadcrumb"},"inLanguage":"pt-BR","potentialAction":[{"@type":"ReadAction","target":["https:\/\/www.federassantas.org.br\/novosite\/semana-de-mobilizacao-pela-saude-das-mulheres\/"]}]},{"@type":"ImageObject","inLanguage":"pt-BR","@id":"https:\/\/www.federassantas.org.br\/novosite\/semana-de-mobilizacao-pela-saude-das-mulheres\/#primaryimage","url":"","contentUrl":""},{"@type":"BreadcrumbList","@id":"https:\/\/www.federassantas.org.br\/novosite\/semana-de-mobilizacao-pela-saude-das-mulheres\/#breadcrumb","itemListElement":[{"@type":"ListItem","position":1,"name":"In\u00edcio","item":"https:\/\/www.federassantas.org.br\/novosite\/"},{"@type":"ListItem","position":2,"name":"Semana de Mobiliza\u00e7\u00e3o pela Sa\u00fade das Mulheres"}]},{"@type":"WebSite","@id":"https:\/\/www.federassantas.org.br\/novosite\/#website","url":"https:\/\/www.federassantas.org.br\/novosite\/","name":"Federassantas","description":"Fed. das Santas Casas e Hospitais Filantr\u00f3picos de MG","publisher":{"@id":"https:\/\/www.federassantas.org.br\/novosite\/#organization"},"potentialAction":[{"@type":"SearchAction","target":{"@type":"EntryPoint","urlTemplate":"https:\/\/www.federassantas.org.br\/novosite\/?s={search_term_string}"},"query-input":{"@type":"PropertyValueSpecification","valueRequired":true,"valueName":"search_term_string"}}],"inLanguage":"pt-BR"},{"@type":"Organization","@id":"https:\/\/www.federassantas.org.br\/novosite\/#organization","name":"Federassantas","url":"https:\/\/www.federassantas.org.br\/novosite\/","logo":{"@type":"ImageObject","inLanguage":"pt-BR","@id":"https:\/\/www.federassantas.org.br\/novosite\/#\/schema\/logo\/image\/","url":"https:\/\/www.federassantas.org.br\/novosite\/wp-content\/uploads\/2021\/12\/logo.png","contentUrl":"https:\/\/www.federassantas.org.br\/novosite\/wp-content\/uploads\/2021\/12\/logo.png","width":243,"height":59,"caption":"Federassantas"},"image":{"@id":"https:\/\/www.federassantas.org.br\/novosite\/#\/schema\/logo\/image\/"}},{"@type":"Person","@id":"https:\/\/www.federassantas.org.br\/novosite\/#\/schema\/person\/75fed98158349313fe56175f232f513c","name":"admin-federas","image":{"@type":"ImageObject","inLanguage":"pt-BR","@id":"https:\/\/www.federassantas.org.br\/novosite\/#\/schema\/person\/image\/","url":"https:\/\/secure.gravatar.com\/avatar\/2a02d7dda59fe8dc6b7ffd3f652e2efede5ccf0dd89dfdc8137c5517f3de8407?s=96&d=mm&r=g","contentUrl":"https:\/\/secure.gravatar.com\/avatar\/2a02d7dda59fe8dc6b7ffd3f652e2efede5ccf0dd89dfdc8137c5517f3de8407?s=96&d=mm&r=g","caption":"admin-federas"},"sameAs":["https:\/\/www.federassantas.org.br\/novosite\/"],"url":"https:\/\/www.federassantas.org.br\/novosite\/author\/admin-federas\/"}]}},"_links":{"self":[{"href":"https:\/\/www.federassantas.org.br\/novosite\/wp-json\/wp\/v2\/posts\/12850","targetHints":{"allow":["GET"]}}],"collection":[{"href":"https:\/\/www.federassantas.org.br\/novosite\/wp-json\/wp\/v2\/posts"}],"about":[{"href":"https:\/\/www.federassantas.org.br\/novosite\/wp-json\/wp\/v2\/types\/post"}],"author":[{"embeddable":true,"href":"https:\/\/www.federassantas.org.br\/novosite\/wp-json\/wp\/v2\/users\/1"}],"replies":[{"embeddable":true,"href":"https:\/\/www.federassantas.org.br\/novosite\/wp-json\/wp\/v2\/comments?post=12850"}],"version-history":[{"count":0,"href":"https:\/\/www.federassantas.org.br\/novosite\/wp-json\/wp\/v2\/posts\/12850\/revisions"}],"wp:featuredmedia":[{"embeddable":true,"href":"https:\/\/www.federassantas.org.br\/novosite\/wp-json\/"}],"wp:attachment":[{"href":"https:\/\/www.federassantas.org.br\/novosite\/wp-json\/wp\/v2\/media?parent=12850"}],"wp:term":[{"taxonomy":"category","embeddable":true,"href":"https:\/\/www.federassantas.org.br\/novosite\/wp-json\/wp\/v2\/categories?post=12850"},{"taxonomy":"post_tag","embeddable":true,"href":"https:\/\/www.federassantas.org.br\/novosite\/wp-json\/wp\/v2\/tags?post=12850"}],"curies":[{"name":"wp","href":"https:\/\/api.w.org\/{rel}","templated":true}]}}