{"id":12853,"date":"2018-05-28T18:04:30","date_gmt":"2018-05-28T21:04:30","guid":{"rendered":"https:\/\/federasbackup.meltcomunicacao.com.br\/?p=12853"},"modified":"2018-05-28T18:04:30","modified_gmt":"2018-05-28T21:04:30","slug":"ministerio-da-saude-cria-formulario-para-apoio-logistico","status":"publish","type":"post","link":"https:\/\/www.federassantas.org.br\/novosite\/ministerio-da-saude-cria-formulario-para-apoio-logistico\/","title":{"rendered":"Minist\u00e9rio da Sa\u00fade cria formul\u00e1rio para apoio log\u00edstico"},"content":{"rendered":"<p style=\"text-align: justify;\">Diante dos transtornos causados pela greve dos caminhoneiros e da necessidade de\u00a0garantir servi\u00e7os essenciais \u00e0 popula\u00e7\u00e3o, o Minist\u00e9rio da Sa\u00fade est\u00e1 fazendo um levantamento das\u00a0principais dificuldades das institui\u00e7\u00f5es hospitalares para viabilizar o transporte de medicamentos e insumos de sa\u00fade que s\u00e3o fundamentais ao suporte de vida.<\/p>\n<p>Para fazer este mapeamento, o \u00f3rg\u00e3o disponibilizou um formul\u00e1rio (<a href=\"https:\/\/docs.google.com\/forms\/d\/e\/1FAIpQLSergkwDJR27NGHI9yCyRMZr4I1U3_8I5znO0rSRvqd2qZETQA\/viewform?usp=sf_link\" target=\"_blank\" rel=\"noopener\" data-saferedirecturl=\"https:\/\/www.google.com\/url?hl=pt-BR&amp;q=https:\/\/docs.google.com\/forms\/d\/e\/1FAIpQLSergkwDJR27NGHI9yCyRMZr4I1U3_8I5znO0rSRvqd2qZETQA\/viewform?usp%3Dsf_link&amp;source=gmail&amp;ust=1527625746689000&amp;usg=AFQjCNGg2tDJ8XGfl0x3skaFw1OX5BJ4yw\">https:\/\/docs.google.com\/<wbr \/>forms\/d\/e\/<wbr \/>1FAIpQLSergkwDJR27NGHI9yCyRMZr<wbr \/>4I1U3_8I5znO0rSRvqd2qZETQA\/<wbr \/>viewform?usp=sf_link<\/a>) afim de registrar o diagn\u00f3stico e o detalhamento dos servi\u00e7os que est\u00e3o sofrendo com o desabastecimento nos estados, e a raz\u00e3o deste impedimento (falta de combust\u00edvel; interrup\u00e7\u00e3o de estradas ou dificuldade de tr\u00e1fico a\u00e9reo).<\/p>\n<p>De acordo com o Secret\u00e1rio de Aten\u00e7\u00e3o \u00e0 Sa\u00fade, Francisco de Assis Figueiredo, ao preencher o formul\u00e1rio, \u00e9 necess\u00e1rio identificar tamb\u00e9m o tamanho da carga, local de origem (localiza\u00e7\u00e3o atual) e destino. As informa\u00e7\u00f5es ser\u00e3o encaminhadas diretamente para o banco de dados do Minist\u00e9rio da Sa\u00fade.<\/p>\n<p>Ainda de acordo com o \u00f3rg\u00e3o, as necessidades est\u00e3o sendo atendidas com o apoio das for\u00e7as federais, estaduais e municipais.\u00a0\u00a0O Governo Federal est\u00e1 identificando as \u00e1reas cr\u00edticas e priorizando a escolta\u00a0para atender pontualmente \u00e0s demandas mais cr\u00edticas.<\/p>\n<p>A Federassantas recomenda que os hospitais que est\u00e3o passando por este desabastecimento, preencham o formul\u00e1rio e encaminhem com urg\u00eancia para o Minist\u00e9rio da Sa\u00fade. Nossa equipe encontra-se \u00e0 disposi\u00e7\u00e3o em caso de d\u00favidas.<\/p>\n","protected":false},"excerpt":{"rendered":"<p>Diante dos transtornos causados pela greve dos caminhoneiros e da necessidade de\u00a0garantir servi\u00e7os essenciais \u00e0 popula\u00e7\u00e3o, o Minist\u00e9rio da Sa\u00fade est\u00e1 fazendo um levantamento das\u00a0principais dificuldades das institui\u00e7\u00f5es hospitalares para viabilizar o transporte de medicamentos e insumos de sa\u00fade que s\u00e3o fundamentais ao suporte de vida. Para fazer este mapeamento, o \u00f3rg\u00e3o disponibilizou um formul\u00e1rio [&hellip;]<\/p>\n","protected":false},"author":1,"featured_media":12676,"comment_status":"open","ping_status":"open","sticky":false,"template":"","format":"standard","meta":{"footnotes":""},"categories":[140,143],"tags":[],"class_list":["post-12853","post","type-post","status-publish","format-standard","has-post-thumbnail","hentry","category-noticias","category-noticias-publicas"],"yoast_head":"<!-- This site is optimized with the Yoast SEO plugin v26.9 - https:\/\/yoast.com\/product\/yoast-seo-wordpress\/ -->\n<title>Minist\u00e9rio da Sa\u00fade cria formul\u00e1rio para apoio log\u00edstico - Federassantas<\/title>\n<meta name=\"robots\" content=\"index, follow, max-snippet:-1, max-image-preview:large, max-video-preview:-1\" \/>\n<link rel=\"canonical\" href=\"https:\/\/www.federassantas.org.br\/novosite\/ministerio-da-saude-cria-formulario-para-apoio-logistico\/\" \/>\n<meta property=\"og:locale\" content=\"pt_BR\" \/>\n<meta property=\"og:type\" content=\"article\" \/>\n<meta property=\"og:title\" content=\"Minist\u00e9rio da Sa\u00fade cria formul\u00e1rio para apoio log\u00edstico - Federassantas\" \/>\n<meta property=\"og:description\" content=\"Diante dos transtornos causados pela greve dos caminhoneiros e da necessidade de\u00a0garantir servi\u00e7os essenciais \u00e0 popula\u00e7\u00e3o, o Minist\u00e9rio da Sa\u00fade est\u00e1 fazendo um levantamento das\u00a0principais dificuldades das institui\u00e7\u00f5es hospitalares para viabilizar o transporte de medicamentos e insumos de sa\u00fade que s\u00e3o fundamentais ao suporte de vida. Para fazer este mapeamento, o \u00f3rg\u00e3o disponibilizou um formul\u00e1rio [&hellip;]\" \/>\n<meta property=\"og:url\" content=\"https:\/\/www.federassantas.org.br\/novosite\/ministerio-da-saude-cria-formulario-para-apoio-logistico\/\" \/>\n<meta property=\"og:site_name\" content=\"Federassantas\" \/>\n<meta property=\"article:published_time\" content=\"2018-05-28T21:04:30+00:00\" \/>\n<meta name=\"author\" content=\"admin-federas\" \/>\n<meta name=\"twitter:card\" content=\"summary_large_image\" \/>\n<meta name=\"twitter:label1\" content=\"Escrito por\" \/>\n\t<meta name=\"twitter:data1\" content=\"admin-federas\" \/>\n\t<meta name=\"twitter:label2\" content=\"Est. tempo de leitura\" \/>\n\t<meta name=\"twitter:data2\" content=\"1 minuto\" \/>\n<script type=\"application\/ld+json\" class=\"yoast-schema-graph\">{\"@context\":\"https:\/\/schema.org\",\"@graph\":[{\"@type\":\"Article\",\"@id\":\"https:\/\/www.federassantas.org.br\/novosite\/ministerio-da-saude-cria-formulario-para-apoio-logistico\/#article\",\"isPartOf\":{\"@id\":\"https:\/\/www.federassantas.org.br\/novosite\/ministerio-da-saude-cria-formulario-para-apoio-logistico\/\"},\"author\":{\"name\":\"admin-federas\",\"@id\":\"https:\/\/www.federassantas.org.br\/novosite\/#\/schema\/person\/75fed98158349313fe56175f232f513c\"},\"headline\":\"Minist\u00e9rio da Sa\u00fade cria formul\u00e1rio para apoio log\u00edstico\",\"datePublished\":\"2018-05-28T21:04:30+00:00\",\"mainEntityOfPage\":{\"@id\":\"https:\/\/www.federassantas.org.br\/novosite\/ministerio-da-saude-cria-formulario-para-apoio-logistico\/\"},\"wordCount\":277,\"commentCount\":0,\"publisher\":{\"@id\":\"https:\/\/www.federassantas.org.br\/novosite\/#organization\"},\"image\":{\"@id\":\"https:\/\/www.federassantas.org.br\/novosite\/ministerio-da-saude-cria-formulario-para-apoio-logistico\/#primaryimage\"},\"thumbnailUrl\":\"\",\"articleSection\":[\"Not\u00edcias\",\"Not\u00edcias P\u00fablicas\"],\"inLanguage\":\"pt-BR\",\"potentialAction\":[{\"@type\":\"CommentAction\",\"name\":\"Comment\",\"target\":[\"https:\/\/www.federassantas.org.br\/novosite\/ministerio-da-saude-cria-formulario-para-apoio-logistico\/#respond\"]}]},{\"@type\":\"WebPage\",\"@id\":\"https:\/\/www.federassantas.org.br\/novosite\/ministerio-da-saude-cria-formulario-para-apoio-logistico\/\",\"url\":\"https:\/\/www.federassantas.org.br\/novosite\/ministerio-da-saude-cria-formulario-para-apoio-logistico\/\",\"name\":\"Minist\u00e9rio da Sa\u00fade cria formul\u00e1rio para apoio log\u00edstico - Federassantas\",\"isPartOf\":{\"@id\":\"https:\/\/www.federassantas.org.br\/novosite\/#website\"},\"primaryImageOfPage\":{\"@id\":\"https:\/\/www.federassantas.org.br\/novosite\/ministerio-da-saude-cria-formulario-para-apoio-logistico\/#primaryimage\"},\"image\":{\"@id\":\"https:\/\/www.federassantas.org.br\/novosite\/ministerio-da-saude-cria-formulario-para-apoio-logistico\/#primaryimage\"},\"thumbnailUrl\":\"\",\"datePublished\":\"2018-05-28T21:04:30+00:00\",\"breadcrumb\":{\"@id\":\"https:\/\/www.federassantas.org.br\/novosite\/ministerio-da-saude-cria-formulario-para-apoio-logistico\/#breadcrumb\"},\"inLanguage\":\"pt-BR\",\"potentialAction\":[{\"@type\":\"ReadAction\",\"target\":[\"https:\/\/www.federassantas.org.br\/novosite\/ministerio-da-saude-cria-formulario-para-apoio-logistico\/\"]}]},{\"@type\":\"ImageObject\",\"inLanguage\":\"pt-BR\",\"@id\":\"https:\/\/www.federassantas.org.br\/novosite\/ministerio-da-saude-cria-formulario-para-apoio-logistico\/#primaryimage\",\"url\":\"\",\"contentUrl\":\"\"},{\"@type\":\"BreadcrumbList\",\"@id\":\"https:\/\/www.federassantas.org.br\/novosite\/ministerio-da-saude-cria-formulario-para-apoio-logistico\/#breadcrumb\",\"itemListElement\":[{\"@type\":\"ListItem\",\"position\":1,\"name\":\"In\u00edcio\",\"item\":\"https:\/\/www.federassantas.org.br\/novosite\/\"},{\"@type\":\"ListItem\",\"position\":2,\"name\":\"Minist\u00e9rio da Sa\u00fade cria formul\u00e1rio para apoio log\u00edstico\"}]},{\"@type\":\"WebSite\",\"@id\":\"https:\/\/www.federassantas.org.br\/novosite\/#website\",\"url\":\"https:\/\/www.federassantas.org.br\/novosite\/\",\"name\":\"Federassantas\",\"description\":\"Fed. das Santas Casas e Hospitais Filantr\u00f3picos de MG\",\"publisher\":{\"@id\":\"https:\/\/www.federassantas.org.br\/novosite\/#organization\"},\"potentialAction\":[{\"@type\":\"SearchAction\",\"target\":{\"@type\":\"EntryPoint\",\"urlTemplate\":\"https:\/\/www.federassantas.org.br\/novosite\/?s={search_term_string}\"},\"query-input\":{\"@type\":\"PropertyValueSpecification\",\"valueRequired\":true,\"valueName\":\"search_term_string\"}}],\"inLanguage\":\"pt-BR\"},{\"@type\":\"Organization\",\"@id\":\"https:\/\/www.federassantas.org.br\/novosite\/#organization\",\"name\":\"Federassantas\",\"url\":\"https:\/\/www.federassantas.org.br\/novosite\/\",\"logo\":{\"@type\":\"ImageObject\",\"inLanguage\":\"pt-BR\",\"@id\":\"https:\/\/www.federassantas.org.br\/novosite\/#\/schema\/logo\/image\/\",\"url\":\"https:\/\/www.federassantas.org.br\/novosite\/wp-content\/uploads\/2021\/12\/logo.png\",\"contentUrl\":\"https:\/\/www.federassantas.org.br\/novosite\/wp-content\/uploads\/2021\/12\/logo.png\",\"width\":243,\"height\":59,\"caption\":\"Federassantas\"},\"image\":{\"@id\":\"https:\/\/www.federassantas.org.br\/novosite\/#\/schema\/logo\/image\/\"}},{\"@type\":\"Person\",\"@id\":\"https:\/\/www.federassantas.org.br\/novosite\/#\/schema\/person\/75fed98158349313fe56175f232f513c\",\"name\":\"admin-federas\",\"image\":{\"@type\":\"ImageObject\",\"inLanguage\":\"pt-BR\",\"@id\":\"https:\/\/www.federassantas.org.br\/novosite\/#\/schema\/person\/image\/\",\"url\":\"https:\/\/secure.gravatar.com\/avatar\/2a02d7dda59fe8dc6b7ffd3f652e2efede5ccf0dd89dfdc8137c5517f3de8407?s=96&d=mm&r=g\",\"contentUrl\":\"https:\/\/secure.gravatar.com\/avatar\/2a02d7dda59fe8dc6b7ffd3f652e2efede5ccf0dd89dfdc8137c5517f3de8407?s=96&d=mm&r=g\",\"caption\":\"admin-federas\"},\"sameAs\":[\"https:\/\/www.federassantas.org.br\/novosite\/\"],\"url\":\"https:\/\/www.federassantas.org.br\/novosite\/author\/admin-federas\/\"}]}<\/script>\n<!-- \/ Yoast SEO plugin. -->","yoast_head_json":{"title":"Minist\u00e9rio da Sa\u00fade cria formul\u00e1rio para apoio log\u00edstico - Federassantas","robots":{"index":"index","follow":"follow","max-snippet":"max-snippet:-1","max-image-preview":"max-image-preview:large","max-video-preview":"max-video-preview:-1"},"canonical":"https:\/\/www.federassantas.org.br\/novosite\/ministerio-da-saude-cria-formulario-para-apoio-logistico\/","og_locale":"pt_BR","og_type":"article","og_title":"Minist\u00e9rio da Sa\u00fade cria formul\u00e1rio para apoio log\u00edstico - Federassantas","og_description":"Diante dos transtornos causados pela greve dos caminhoneiros e da necessidade de\u00a0garantir servi\u00e7os essenciais \u00e0 popula\u00e7\u00e3o, o Minist\u00e9rio da Sa\u00fade est\u00e1 fazendo um levantamento das\u00a0principais dificuldades das institui\u00e7\u00f5es hospitalares para viabilizar o transporte de medicamentos e insumos de sa\u00fade que s\u00e3o fundamentais ao suporte de vida. Para fazer este mapeamento, o \u00f3rg\u00e3o disponibilizou um formul\u00e1rio [&hellip;]","og_url":"https:\/\/www.federassantas.org.br\/novosite\/ministerio-da-saude-cria-formulario-para-apoio-logistico\/","og_site_name":"Federassantas","article_published_time":"2018-05-28T21:04:30+00:00","author":"admin-federas","twitter_card":"summary_large_image","twitter_misc":{"Escrito por":"admin-federas","Est. tempo de leitura":"1 minuto"},"schema":{"@context":"https:\/\/schema.org","@graph":[{"@type":"Article","@id":"https:\/\/www.federassantas.org.br\/novosite\/ministerio-da-saude-cria-formulario-para-apoio-logistico\/#article","isPartOf":{"@id":"https:\/\/www.federassantas.org.br\/novosite\/ministerio-da-saude-cria-formulario-para-apoio-logistico\/"},"author":{"name":"admin-federas","@id":"https:\/\/www.federassantas.org.br\/novosite\/#\/schema\/person\/75fed98158349313fe56175f232f513c"},"headline":"Minist\u00e9rio da Sa\u00fade cria formul\u00e1rio para apoio log\u00edstico","datePublished":"2018-05-28T21:04:30+00:00","mainEntityOfPage":{"@id":"https:\/\/www.federassantas.org.br\/novosite\/ministerio-da-saude-cria-formulario-para-apoio-logistico\/"},"wordCount":277,"commentCount":0,"publisher":{"@id":"https:\/\/www.federassantas.org.br\/novosite\/#organization"},"image":{"@id":"https:\/\/www.federassantas.org.br\/novosite\/ministerio-da-saude-cria-formulario-para-apoio-logistico\/#primaryimage"},"thumbnailUrl":"","articleSection":["Not\u00edcias","Not\u00edcias P\u00fablicas"],"inLanguage":"pt-BR","potentialAction":[{"@type":"CommentAction","name":"Comment","target":["https:\/\/www.federassantas.org.br\/novosite\/ministerio-da-saude-cria-formulario-para-apoio-logistico\/#respond"]}]},{"@type":"WebPage","@id":"https:\/\/www.federassantas.org.br\/novosite\/ministerio-da-saude-cria-formulario-para-apoio-logistico\/","url":"https:\/\/www.federassantas.org.br\/novosite\/ministerio-da-saude-cria-formulario-para-apoio-logistico\/","name":"Minist\u00e9rio da Sa\u00fade cria formul\u00e1rio para apoio log\u00edstico - Federassantas","isPartOf":{"@id":"https:\/\/www.federassantas.org.br\/novosite\/#website"},"primaryImageOfPage":{"@id":"https:\/\/www.federassantas.org.br\/novosite\/ministerio-da-saude-cria-formulario-para-apoio-logistico\/#primaryimage"},"image":{"@id":"https:\/\/www.federassantas.org.br\/novosite\/ministerio-da-saude-cria-formulario-para-apoio-logistico\/#primaryimage"},"thumbnailUrl":"","datePublished":"2018-05-28T21:04:30+00:00","breadcrumb":{"@id":"https:\/\/www.federassantas.org.br\/novosite\/ministerio-da-saude-cria-formulario-para-apoio-logistico\/#breadcrumb"},"inLanguage":"pt-BR","potentialAction":[{"@type":"ReadAction","target":["https:\/\/www.federassantas.org.br\/novosite\/ministerio-da-saude-cria-formulario-para-apoio-logistico\/"]}]},{"@type":"ImageObject","inLanguage":"pt-BR","@id":"https:\/\/www.federassantas.org.br\/novosite\/ministerio-da-saude-cria-formulario-para-apoio-logistico\/#primaryimage","url":"","contentUrl":""},{"@type":"BreadcrumbList","@id":"https:\/\/www.federassantas.org.br\/novosite\/ministerio-da-saude-cria-formulario-para-apoio-logistico\/#breadcrumb","itemListElement":[{"@type":"ListItem","position":1,"name":"In\u00edcio","item":"https:\/\/www.federassantas.org.br\/novosite\/"},{"@type":"ListItem","position":2,"name":"Minist\u00e9rio da Sa\u00fade cria formul\u00e1rio para apoio log\u00edstico"}]},{"@type":"WebSite","@id":"https:\/\/www.federassantas.org.br\/novosite\/#website","url":"https:\/\/www.federassantas.org.br\/novosite\/","name":"Federassantas","description":"Fed. das Santas Casas e Hospitais Filantr\u00f3picos de MG","publisher":{"@id":"https:\/\/www.federassantas.org.br\/novosite\/#organization"},"potentialAction":[{"@type":"SearchAction","target":{"@type":"EntryPoint","urlTemplate":"https:\/\/www.federassantas.org.br\/novosite\/?s={search_term_string}"},"query-input":{"@type":"PropertyValueSpecification","valueRequired":true,"valueName":"search_term_string"}}],"inLanguage":"pt-BR"},{"@type":"Organization","@id":"https:\/\/www.federassantas.org.br\/novosite\/#organization","name":"Federassantas","url":"https:\/\/www.federassantas.org.br\/novosite\/","logo":{"@type":"ImageObject","inLanguage":"pt-BR","@id":"https:\/\/www.federassantas.org.br\/novosite\/#\/schema\/logo\/image\/","url":"https:\/\/www.federassantas.org.br\/novosite\/wp-content\/uploads\/2021\/12\/logo.png","contentUrl":"https:\/\/www.federassantas.org.br\/novosite\/wp-content\/uploads\/2021\/12\/logo.png","width":243,"height":59,"caption":"Federassantas"},"image":{"@id":"https:\/\/www.federassantas.org.br\/novosite\/#\/schema\/logo\/image\/"}},{"@type":"Person","@id":"https:\/\/www.federassantas.org.br\/novosite\/#\/schema\/person\/75fed98158349313fe56175f232f513c","name":"admin-federas","image":{"@type":"ImageObject","inLanguage":"pt-BR","@id":"https:\/\/www.federassantas.org.br\/novosite\/#\/schema\/person\/image\/","url":"https:\/\/secure.gravatar.com\/avatar\/2a02d7dda59fe8dc6b7ffd3f652e2efede5ccf0dd89dfdc8137c5517f3de8407?s=96&d=mm&r=g","contentUrl":"https:\/\/secure.gravatar.com\/avatar\/2a02d7dda59fe8dc6b7ffd3f652e2efede5ccf0dd89dfdc8137c5517f3de8407?s=96&d=mm&r=g","caption":"admin-federas"},"sameAs":["https:\/\/www.federassantas.org.br\/novosite\/"],"url":"https:\/\/www.federassantas.org.br\/novosite\/author\/admin-federas\/"}]}},"_links":{"self":[{"href":"https:\/\/www.federassantas.org.br\/novosite\/wp-json\/wp\/v2\/posts\/12853","targetHints":{"allow":["GET"]}}],"collection":[{"href":"https:\/\/www.federassantas.org.br\/novosite\/wp-json\/wp\/v2\/posts"}],"about":[{"href":"https:\/\/www.federassantas.org.br\/novosite\/wp-json\/wp\/v2\/types\/post"}],"author":[{"embeddable":true,"href":"https:\/\/www.federassantas.org.br\/novosite\/wp-json\/wp\/v2\/users\/1"}],"replies":[{"embeddable":true,"href":"https:\/\/www.federassantas.org.br\/novosite\/wp-json\/wp\/v2\/comments?post=12853"}],"version-history":[{"count":0,"href":"https:\/\/www.federassantas.org.br\/novosite\/wp-json\/wp\/v2\/posts\/12853\/revisions"}],"wp:featuredmedia":[{"embeddable":true,"href":"https:\/\/www.federassantas.org.br\/novosite\/wp-json\/"}],"wp:attachment":[{"href":"https:\/\/www.federassantas.org.br\/novosite\/wp-json\/wp\/v2\/media?parent=12853"}],"wp:term":[{"taxonomy":"category","embeddable":true,"href":"https:\/\/www.federassantas.org.br\/novosite\/wp-json\/wp\/v2\/categories?post=12853"},{"taxonomy":"post_tag","embeddable":true,"href":"https:\/\/www.federassantas.org.br\/novosite\/wp-json\/wp\/v2\/tags?post=12853"}],"curies":[{"name":"wp","href":"https:\/\/api.w.org\/{rel}","templated":true}]}}