{"id":13048,"date":"2018-06-20T13:20:36","date_gmt":"2018-06-20T16:20:36","guid":{"rendered":"https:\/\/federasbackup.meltcomunicacao.com.br\/?p=13048"},"modified":"2018-06-20T13:20:36","modified_gmt":"2018-06-20T16:20:36","slug":"encontro-federassantas-regional-sul","status":"publish","type":"post","link":"https:\/\/www.federassantas.org.br\/novosite\/encontro-federassantas-regional-sul\/","title":{"rendered":"Encontro Federassantas Regional Sul"},"content":{"rendered":"<p>Programa\u00e7\u00e3o<\/p>\n<p>10h \u00e0s 12h<\/p>\n<p>CONTRATUALIZA\u00c7\u00c3O DOS HOSPITAIS FILANTR\u00d3PICOS<\/p>\n<p>Objetivo: Esclarecer d\u00favidas sobre o fluxo e o modelo de contratualiza\u00e7\u00e3o (requisitos, principais dificultadores e tr\u00e2mite do processo do chamamento p\u00fablico).<\/p>\n<p>14h \u00e0s 17h<\/p>\n<p>A CRISE FINANCEIRA DO ESTADO E OS HOSPITAIS FILANTR\u00d3PICOS<\/p>\n<p>\u201cVis\u00e3o do Poder Judici\u00e1rio e do Minist\u00e9rio P\u00fablico sobre o comprometimento<br \/>\nda assit\u00eancia prestada aos usu\u00e1rios do Sistema de Sa\u00fade\u201d<\/p>\n<p>Objetivos: Promover debate sobre os graves problemas enfrentados atualmente pelos filantr\u00f3picos, que refletem na qualidade dos servi\u00e7oes prestados e no atendimento aos usu\u00e1rios do sistema de sa\u00fade;<\/p>\n<p>Definir a\u00e7\u00f5es imediatas que dever\u00e3o ser tomadas pelos prestadores (inclusive de movimentos de paralisa\u00e7\u00e3o), mediante aprova\u00e7\u00e3o dos dirigentes hospitalares e com o devido respaldo das autoridades presentes.<\/p>\n<p>&nbsp;<\/p>\n<p>Convidados<\/p>\n<ul>\n<li>Presidente da Federassantas;<\/li>\n<li>Representantes do CONASEMS, COSEMS, Minist\u00e9rio P\u00fablico<br \/>\ne Poder Judici\u00e1rio<\/li>\n<\/ul>\n<p><strong>As inscri\u00e7\u00f5es s\u00e3o gratuitas mas as vagas s\u00e3o limitadas.<\/strong><br \/>\n<strong>as confirma\u00e7\u00f5es de presen\u00e7a dever\u00e3o ser obrigatoriamente<\/strong><br \/>\n<strong>efetuadas pelo telefone (31) 3241-4312 (Viviane)<\/strong><\/p>\n<p><img fetchpriority=\"high\" decoding=\"async\" class=\"alignnone wp-image-13049\" src=\"http:\/\/federasbackup.meltcomunicacao.com.br\/wp-content\/uploads\/2018\/06\/encontro_email_rodape.png\" alt=\"\" width=\"509\" height=\"285\" \/><\/p>\n<p>&nbsp;<\/p>\n","protected":false},"excerpt":{"rendered":"<p>Programa\u00e7\u00e3o 10h \u00e0s 12h CONTRATUALIZA\u00c7\u00c3O DOS HOSPITAIS FILANTR\u00d3PICOS Objetivo: Esclarecer d\u00favidas sobre o fluxo e o modelo de contratualiza\u00e7\u00e3o (requisitos, principais dificultadores e tr\u00e2mite do processo do chamamento p\u00fablico). 14h \u00e0s 17h A CRISE FINANCEIRA DO ESTADO E OS HOSPITAIS FILANTR\u00d3PICOS \u201cVis\u00e3o do Poder Judici\u00e1rio e do Minist\u00e9rio P\u00fablico sobre o comprometimento da assit\u00eancia prestada [&hellip;]<\/p>\n","protected":false},"author":1,"featured_media":13073,"comment_status":"open","ping_status":"open","sticky":false,"template":"","format":"standard","meta":{"footnotes":""},"categories":[140,141],"tags":[81,45,82,83],"class_list":["post-13048","post","type-post","status-publish","format-standard","has-post-thumbnail","hentry","category-noticias","category-noticias-federassantas","tag-encontro-federassantas","tag-hospitais-filantropicos","tag-regionais","tag-regional-sul"],"yoast_head":"<!-- This site is optimized with the Yoast SEO plugin v26.9 - https:\/\/yoast.com\/product\/yoast-seo-wordpress\/ -->\n<title>Encontro Federassantas Regional Sul - Federassantas<\/title>\n<meta name=\"robots\" content=\"index, follow, max-snippet:-1, max-image-preview:large, max-video-preview:-1\" \/>\n<link rel=\"canonical\" href=\"https:\/\/www.federassantas.org.br\/novosite\/encontro-federassantas-regional-sul\/\" \/>\n<meta property=\"og:locale\" content=\"pt_BR\" \/>\n<meta property=\"og:type\" content=\"article\" \/>\n<meta property=\"og:title\" content=\"Encontro Federassantas Regional Sul - Federassantas\" \/>\n<meta property=\"og:description\" content=\"Programa\u00e7\u00e3o 10h \u00e0s 12h CONTRATUALIZA\u00c7\u00c3O DOS HOSPITAIS FILANTR\u00d3PICOS Objetivo: Esclarecer d\u00favidas sobre o fluxo e o modelo de contratualiza\u00e7\u00e3o (requisitos, principais dificultadores e tr\u00e2mite do processo do chamamento p\u00fablico). 14h \u00e0s 17h A CRISE FINANCEIRA DO ESTADO E OS HOSPITAIS FILANTR\u00d3PICOS \u201cVis\u00e3o do Poder Judici\u00e1rio e do Minist\u00e9rio P\u00fablico sobre o comprometimento da assit\u00eancia prestada [&hellip;]\" \/>\n<meta property=\"og:url\" content=\"https:\/\/www.federassantas.org.br\/novosite\/encontro-federassantas-regional-sul\/\" \/>\n<meta property=\"og:site_name\" content=\"Federassantas\" \/>\n<meta property=\"article:published_time\" content=\"2018-06-20T16:20:36+00:00\" \/>\n<meta name=\"author\" content=\"admin-federas\" \/>\n<meta name=\"twitter:card\" content=\"summary_large_image\" \/>\n<meta name=\"twitter:label1\" content=\"Escrito por\" \/>\n\t<meta name=\"twitter:data1\" content=\"admin-federas\" \/>\n\t<meta name=\"twitter:label2\" content=\"Est. tempo de leitura\" \/>\n\t<meta name=\"twitter:data2\" content=\"1 minuto\" \/>\n<script type=\"application\/ld+json\" class=\"yoast-schema-graph\">{\"@context\":\"https:\/\/schema.org\",\"@graph\":[{\"@type\":\"Article\",\"@id\":\"https:\/\/www.federassantas.org.br\/novosite\/encontro-federassantas-regional-sul\/#article\",\"isPartOf\":{\"@id\":\"https:\/\/www.federassantas.org.br\/novosite\/encontro-federassantas-regional-sul\/\"},\"author\":{\"name\":\"admin-federas\",\"@id\":\"https:\/\/www.federassantas.org.br\/novosite\/#\/schema\/person\/75fed98158349313fe56175f232f513c\"},\"headline\":\"Encontro Federassantas Regional Sul\",\"datePublished\":\"2018-06-20T16:20:36+00:00\",\"mainEntityOfPage\":{\"@id\":\"https:\/\/www.federassantas.org.br\/novosite\/encontro-federassantas-regional-sul\/\"},\"wordCount\":187,\"commentCount\":0,\"publisher\":{\"@id\":\"https:\/\/www.federassantas.org.br\/novosite\/#organization\"},\"image\":{\"@id\":\"https:\/\/www.federassantas.org.br\/novosite\/encontro-federassantas-regional-sul\/#primaryimage\"},\"thumbnailUrl\":\"\",\"keywords\":[\"encontro federassantas\",\"hospitais filantr\u00f3picos\",\"regionais\",\"regional sul\"],\"articleSection\":[\"Not\u00edcias\",\"Not\u00edcias Federassantas\"],\"inLanguage\":\"pt-BR\",\"potentialAction\":[{\"@type\":\"CommentAction\",\"name\":\"Comment\",\"target\":[\"https:\/\/www.federassantas.org.br\/novosite\/encontro-federassantas-regional-sul\/#respond\"]}]},{\"@type\":\"WebPage\",\"@id\":\"https:\/\/www.federassantas.org.br\/novosite\/encontro-federassantas-regional-sul\/\",\"url\":\"https:\/\/www.federassantas.org.br\/novosite\/encontro-federassantas-regional-sul\/\",\"name\":\"Encontro Federassantas Regional Sul - Federassantas\",\"isPartOf\":{\"@id\":\"https:\/\/www.federassantas.org.br\/novosite\/#website\"},\"primaryImageOfPage\":{\"@id\":\"https:\/\/www.federassantas.org.br\/novosite\/encontro-federassantas-regional-sul\/#primaryimage\"},\"image\":{\"@id\":\"https:\/\/www.federassantas.org.br\/novosite\/encontro-federassantas-regional-sul\/#primaryimage\"},\"thumbnailUrl\":\"\",\"datePublished\":\"2018-06-20T16:20:36+00:00\",\"breadcrumb\":{\"@id\":\"https:\/\/www.federassantas.org.br\/novosite\/encontro-federassantas-regional-sul\/#breadcrumb\"},\"inLanguage\":\"pt-BR\",\"potentialAction\":[{\"@type\":\"ReadAction\",\"target\":[\"https:\/\/www.federassantas.org.br\/novosite\/encontro-federassantas-regional-sul\/\"]}]},{\"@type\":\"ImageObject\",\"inLanguage\":\"pt-BR\",\"@id\":\"https:\/\/www.federassantas.org.br\/novosite\/encontro-federassantas-regional-sul\/#primaryimage\",\"url\":\"\",\"contentUrl\":\"\"},{\"@type\":\"BreadcrumbList\",\"@id\":\"https:\/\/www.federassantas.org.br\/novosite\/encontro-federassantas-regional-sul\/#breadcrumb\",\"itemListElement\":[{\"@type\":\"ListItem\",\"position\":1,\"name\":\"In\u00edcio\",\"item\":\"https:\/\/www.federassantas.org.br\/novosite\/\"},{\"@type\":\"ListItem\",\"position\":2,\"name\":\"Encontro Federassantas Regional Sul\"}]},{\"@type\":\"WebSite\",\"@id\":\"https:\/\/www.federassantas.org.br\/novosite\/#website\",\"url\":\"https:\/\/www.federassantas.org.br\/novosite\/\",\"name\":\"Federassantas\",\"description\":\"Entidade de representa\u00e7\u00e3o e fortalecimento das Santas Casas, hospitais filantr\u00f3picos e entidades beneficentes de sa\u00fade de Minas Gerais, atuando na defesa institucional, qualifica\u00e7\u00e3o da gest\u00e3o e sustentabilidade do setor.\",\"publisher\":{\"@id\":\"https:\/\/www.federassantas.org.br\/novosite\/#organization\"},\"potentialAction\":[{\"@type\":\"SearchAction\",\"target\":{\"@type\":\"EntryPoint\",\"urlTemplate\":\"https:\/\/www.federassantas.org.br\/novosite\/?s={search_term_string}\"},\"query-input\":{\"@type\":\"PropertyValueSpecification\",\"valueRequired\":true,\"valueName\":\"search_term_string\"}}],\"inLanguage\":\"pt-BR\"},{\"@type\":\"Organization\",\"@id\":\"https:\/\/www.federassantas.org.br\/novosite\/#organization\",\"name\":\"Federassantas\",\"url\":\"https:\/\/www.federassantas.org.br\/novosite\/\",\"logo\":{\"@type\":\"ImageObject\",\"inLanguage\":\"pt-BR\",\"@id\":\"https:\/\/www.federassantas.org.br\/novosite\/#\/schema\/logo\/image\/\",\"url\":\"https:\/\/www.federassantas.org.br\/novosite\/wp-content\/uploads\/2021\/12\/logo.png\",\"contentUrl\":\"https:\/\/www.federassantas.org.br\/novosite\/wp-content\/uploads\/2021\/12\/logo.png\",\"width\":243,\"height\":59,\"caption\":\"Federassantas\"},\"image\":{\"@id\":\"https:\/\/www.federassantas.org.br\/novosite\/#\/schema\/logo\/image\/\"}},{\"@type\":\"Person\",\"@id\":\"https:\/\/www.federassantas.org.br\/novosite\/#\/schema\/person\/75fed98158349313fe56175f232f513c\",\"name\":\"admin-federas\",\"image\":{\"@type\":\"ImageObject\",\"inLanguage\":\"pt-BR\",\"@id\":\"https:\/\/www.federassantas.org.br\/novosite\/#\/schema\/person\/image\/\",\"url\":\"https:\/\/secure.gravatar.com\/avatar\/2a02d7dda59fe8dc6b7ffd3f652e2efede5ccf0dd89dfdc8137c5517f3de8407?s=96&d=mm&r=g\",\"contentUrl\":\"https:\/\/secure.gravatar.com\/avatar\/2a02d7dda59fe8dc6b7ffd3f652e2efede5ccf0dd89dfdc8137c5517f3de8407?s=96&d=mm&r=g\",\"caption\":\"admin-federas\"},\"sameAs\":[\"https:\/\/www.federassantas.org.br\/novosite\/\"],\"url\":\"https:\/\/www.federassantas.org.br\/novosite\/author\/admin-federas\/\"}]}<\/script>\n<!-- \/ Yoast SEO plugin. -->","yoast_head_json":{"title":"Encontro Federassantas Regional Sul - Federassantas","robots":{"index":"index","follow":"follow","max-snippet":"max-snippet:-1","max-image-preview":"max-image-preview:large","max-video-preview":"max-video-preview:-1"},"canonical":"https:\/\/www.federassantas.org.br\/novosite\/encontro-federassantas-regional-sul\/","og_locale":"pt_BR","og_type":"article","og_title":"Encontro Federassantas Regional Sul - Federassantas","og_description":"Programa\u00e7\u00e3o 10h \u00e0s 12h CONTRATUALIZA\u00c7\u00c3O DOS HOSPITAIS FILANTR\u00d3PICOS Objetivo: Esclarecer d\u00favidas sobre o fluxo e o modelo de contratualiza\u00e7\u00e3o (requisitos, principais dificultadores e tr\u00e2mite do processo do chamamento p\u00fablico). 14h \u00e0s 17h A CRISE FINANCEIRA DO ESTADO E OS HOSPITAIS FILANTR\u00d3PICOS \u201cVis\u00e3o do Poder Judici\u00e1rio e do Minist\u00e9rio P\u00fablico sobre o comprometimento da assit\u00eancia prestada [&hellip;]","og_url":"https:\/\/www.federassantas.org.br\/novosite\/encontro-federassantas-regional-sul\/","og_site_name":"Federassantas","article_published_time":"2018-06-20T16:20:36+00:00","author":"admin-federas","twitter_card":"summary_large_image","twitter_misc":{"Escrito por":"admin-federas","Est. tempo de leitura":"1 minuto"},"schema":{"@context":"https:\/\/schema.org","@graph":[{"@type":"Article","@id":"https:\/\/www.federassantas.org.br\/novosite\/encontro-federassantas-regional-sul\/#article","isPartOf":{"@id":"https:\/\/www.federassantas.org.br\/novosite\/encontro-federassantas-regional-sul\/"},"author":{"name":"admin-federas","@id":"https:\/\/www.federassantas.org.br\/novosite\/#\/schema\/person\/75fed98158349313fe56175f232f513c"},"headline":"Encontro Federassantas Regional Sul","datePublished":"2018-06-20T16:20:36+00:00","mainEntityOfPage":{"@id":"https:\/\/www.federassantas.org.br\/novosite\/encontro-federassantas-regional-sul\/"},"wordCount":187,"commentCount":0,"publisher":{"@id":"https:\/\/www.federassantas.org.br\/novosite\/#organization"},"image":{"@id":"https:\/\/www.federassantas.org.br\/novosite\/encontro-federassantas-regional-sul\/#primaryimage"},"thumbnailUrl":"","keywords":["encontro federassantas","hospitais filantr\u00f3picos","regionais","regional sul"],"articleSection":["Not\u00edcias","Not\u00edcias Federassantas"],"inLanguage":"pt-BR","potentialAction":[{"@type":"CommentAction","name":"Comment","target":["https:\/\/www.federassantas.org.br\/novosite\/encontro-federassantas-regional-sul\/#respond"]}]},{"@type":"WebPage","@id":"https:\/\/www.federassantas.org.br\/novosite\/encontro-federassantas-regional-sul\/","url":"https:\/\/www.federassantas.org.br\/novosite\/encontro-federassantas-regional-sul\/","name":"Encontro Federassantas Regional Sul - Federassantas","isPartOf":{"@id":"https:\/\/www.federassantas.org.br\/novosite\/#website"},"primaryImageOfPage":{"@id":"https:\/\/www.federassantas.org.br\/novosite\/encontro-federassantas-regional-sul\/#primaryimage"},"image":{"@id":"https:\/\/www.federassantas.org.br\/novosite\/encontro-federassantas-regional-sul\/#primaryimage"},"thumbnailUrl":"","datePublished":"2018-06-20T16:20:36+00:00","breadcrumb":{"@id":"https:\/\/www.federassantas.org.br\/novosite\/encontro-federassantas-regional-sul\/#breadcrumb"},"inLanguage":"pt-BR","potentialAction":[{"@type":"ReadAction","target":["https:\/\/www.federassantas.org.br\/novosite\/encontro-federassantas-regional-sul\/"]}]},{"@type":"ImageObject","inLanguage":"pt-BR","@id":"https:\/\/www.federassantas.org.br\/novosite\/encontro-federassantas-regional-sul\/#primaryimage","url":"","contentUrl":""},{"@type":"BreadcrumbList","@id":"https:\/\/www.federassantas.org.br\/novosite\/encontro-federassantas-regional-sul\/#breadcrumb","itemListElement":[{"@type":"ListItem","position":1,"name":"In\u00edcio","item":"https:\/\/www.federassantas.org.br\/novosite\/"},{"@type":"ListItem","position":2,"name":"Encontro Federassantas Regional Sul"}]},{"@type":"WebSite","@id":"https:\/\/www.federassantas.org.br\/novosite\/#website","url":"https:\/\/www.federassantas.org.br\/novosite\/","name":"Federassantas","description":"Entidade de representa\u00e7\u00e3o e fortalecimento das Santas Casas, hospitais filantr\u00f3picos e entidades beneficentes de sa\u00fade de Minas Gerais, atuando na defesa institucional, qualifica\u00e7\u00e3o da gest\u00e3o e sustentabilidade do setor.","publisher":{"@id":"https:\/\/www.federassantas.org.br\/novosite\/#organization"},"potentialAction":[{"@type":"SearchAction","target":{"@type":"EntryPoint","urlTemplate":"https:\/\/www.federassantas.org.br\/novosite\/?s={search_term_string}"},"query-input":{"@type":"PropertyValueSpecification","valueRequired":true,"valueName":"search_term_string"}}],"inLanguage":"pt-BR"},{"@type":"Organization","@id":"https:\/\/www.federassantas.org.br\/novosite\/#organization","name":"Federassantas","url":"https:\/\/www.federassantas.org.br\/novosite\/","logo":{"@type":"ImageObject","inLanguage":"pt-BR","@id":"https:\/\/www.federassantas.org.br\/novosite\/#\/schema\/logo\/image\/","url":"https:\/\/www.federassantas.org.br\/novosite\/wp-content\/uploads\/2021\/12\/logo.png","contentUrl":"https:\/\/www.federassantas.org.br\/novosite\/wp-content\/uploads\/2021\/12\/logo.png","width":243,"height":59,"caption":"Federassantas"},"image":{"@id":"https:\/\/www.federassantas.org.br\/novosite\/#\/schema\/logo\/image\/"}},{"@type":"Person","@id":"https:\/\/www.federassantas.org.br\/novosite\/#\/schema\/person\/75fed98158349313fe56175f232f513c","name":"admin-federas","image":{"@type":"ImageObject","inLanguage":"pt-BR","@id":"https:\/\/www.federassantas.org.br\/novosite\/#\/schema\/person\/image\/","url":"https:\/\/secure.gravatar.com\/avatar\/2a02d7dda59fe8dc6b7ffd3f652e2efede5ccf0dd89dfdc8137c5517f3de8407?s=96&d=mm&r=g","contentUrl":"https:\/\/secure.gravatar.com\/avatar\/2a02d7dda59fe8dc6b7ffd3f652e2efede5ccf0dd89dfdc8137c5517f3de8407?s=96&d=mm&r=g","caption":"admin-federas"},"sameAs":["https:\/\/www.federassantas.org.br\/novosite\/"],"url":"https:\/\/www.federassantas.org.br\/novosite\/author\/admin-federas\/"}]}},"_links":{"self":[{"href":"https:\/\/www.federassantas.org.br\/novosite\/wp-json\/wp\/v2\/posts\/13048","targetHints":{"allow":["GET"]}}],"collection":[{"href":"https:\/\/www.federassantas.org.br\/novosite\/wp-json\/wp\/v2\/posts"}],"about":[{"href":"https:\/\/www.federassantas.org.br\/novosite\/wp-json\/wp\/v2\/types\/post"}],"author":[{"embeddable":true,"href":"https:\/\/www.federassantas.org.br\/novosite\/wp-json\/wp\/v2\/users\/1"}],"replies":[{"embeddable":true,"href":"https:\/\/www.federassantas.org.br\/novosite\/wp-json\/wp\/v2\/comments?post=13048"}],"version-history":[{"count":0,"href":"https:\/\/www.federassantas.org.br\/novosite\/wp-json\/wp\/v2\/posts\/13048\/revisions"}],"wp:attachment":[{"href":"https:\/\/www.federassantas.org.br\/novosite\/wp-json\/wp\/v2\/media?parent=13048"}],"wp:term":[{"taxonomy":"category","embeddable":true,"href":"https:\/\/www.federassantas.org.br\/novosite\/wp-json\/wp\/v2\/categories?post=13048"},{"taxonomy":"post_tag","embeddable":true,"href":"https:\/\/www.federassantas.org.br\/novosite\/wp-json\/wp\/v2\/tags?post=13048"}],"curies":[{"name":"wp","href":"https:\/\/api.w.org\/{rel}","templated":true}]}}