{"id":13052,"date":"2018-06-19T15:37:56","date_gmt":"2018-06-19T18:37:56","guid":{"rendered":"https:\/\/federasbackup.meltcomunicacao.com.br\/?p=13052"},"modified":"2018-06-19T15:37:56","modified_gmt":"2018-06-19T18:37:56","slug":"transplante-de-medula-muda-vida-de-pessoa-com-doenca-falciforme","status":"publish","type":"post","link":"https:\/\/www.federassantas.org.br\/novosite\/transplante-de-medula-muda-vida-de-pessoa-com-doenca-falciforme\/","title":{"rendered":"Transplante de medula muda vida de pessoa com doen\u00e7a falciforme"},"content":{"rendered":"<div class=\"subtitle\">\n<p style=\"text-align: justify;\">Em 2005, a vida de Elvis Magalh\u00e3es mudou. Aos 38 anos, ele foi um dos primeiros pacientes a receber transplante de medula para curar a doen\u00e7a falciforme. A partir daquele momento, ele se livrou de dores nas articula\u00e7\u00f5es, infec\u00e7\u00f5es constantes, palidez, dentre outros sintomas da doen\u00e7a.<\/p>\n<p style=\"text-align: justify;\">\u201cDeu uma modificada na vida. Eu vejo a doen\u00e7a cr\u00f4nica como um contrato com a vida, no qual voc\u00ea tem de estar o todo dia fazendo exerc\u00edcio na madrugada por conta do priaprismo, cuidando da sa\u00fade. Depois do transplante foi como se rasgasse um contrato. Eu n\u00e3o precisava mais ir toda semana no hospital para fazer consultas e exames\u201d, desabafa Magalh\u00e3es, que chegou a ficar internado em Unidade de Terapia Intensiva (UTI) e a precisar de transfus\u00e3o de sangue a cada 40 dias por causa da doen\u00e7a.<\/p>\n<\/div>\n<p style=\"text-align: justify;\">Em fevereiro deste ano, o <a href=\"http:\/\/portalms.saude.gov.br\/\">Minist\u00e9rio da Sa\u00fade<\/a> suspendeu o limite de idade para transplante de medula como tratamento para doen\u00e7a falciforme, ap\u00f3s a an\u00e1lise de evid\u00eancias cient\u00edficas. Em 2015, quando foi inclu\u00edda no Sistema \u00danico de Sa\u00fade (SUS), a terapia era para pessoas at\u00e9 16 anos. Para a realiza\u00e7\u00e3o do procedimento, a pessoa precisa ter irm\u00e3 ou irm\u00e3o doador com medula compat\u00edvel, entre outros crit\u00e9rios cl\u00ednicos.<\/p>\n<p style=\"text-align: justify;\">Aos 51 anos, Elvis Magalh\u00e3es conta que ap\u00f3s o tratamento come\u00e7ou a ter uma nova perspectiva de vida e a viajar para lugares mais distantes de casa. Por causa das crises de dores causadas pela doen\u00e7a, evitava viajar com o medo de n\u00e3o conseguir o atendimento adequado. \u201cPude ver a formatura do meu filho em direito. Tamb\u00e9m comecei a ter mais expectativa de vida. A partir do transplante, minha chance de vida \u00e9 maior\u201d, relata o aposentado, que \u00e9 membro da Associa\u00e7\u00e3o Brasiliense de Pessoas com Doen\u00e7a Falciforme e coordenador cient\u00edfico da Federa\u00e7\u00e3o Nacional das Associa\u00e7\u00f5es de Pessoas com Doen\u00e7a Falciforme (Fenafal).<\/p>\n<h3 style=\"text-align: justify;\">Diagn\u00f3stico da doen\u00e7a falciforme<\/h3>\n<p style=\"text-align: justify;\">A doen\u00e7a falciforme \u00e9 gen\u00e9tica e heredit\u00e1ria. Ela \u00e9 causada por um defeito na estrutura da Hemoglobina, que leva as hem\u00e1cias a assumirem forma de lua minguante. Isso dificulta a circula\u00e7\u00e3o de oxig\u00eanio nos tecidos. Os principais sinais da doen\u00e7a s\u00e3o dores cr\u00f4nicas, infec\u00e7\u00f5es e icter\u00edcia, e ocorrem j\u00e1 no primeiro ano de vida.<\/p>\n<p style=\"text-align: justify;\">J\u00e1 nos primeiros meses de vida, Elvis Magalh\u00e3es come\u00e7ou a ter sintomas, como cor amarelada no corpo, pele p\u00e1lida e muita dor. A m\u00e3e dele, que tinha perdido uma filha de dois anos por causa da doen\u00e7a, viu a repeti\u00e7\u00e3o dos sintomas e come\u00e7ou uma maratona \u00e0 procura de ajuda at\u00e9 conseguir o diagn\u00f3stico.<\/p>\n<p style=\"text-align: justify;\">Ap\u00f3s o diagn\u00f3stico, a fam\u00edlia saiu de An\u00e1polis (GO) para Bras\u00edlia em busca de melhor atendimento. Ao longo dos 38 anos convivendo com a doen\u00e7a, Magalh\u00e3es teve diversas interna\u00e7\u00f5es, crises de dores, pneumonia de repeti\u00e7\u00e3o, s\u00edndrome tor\u00e1cica aguda (STA) \u2013 que \u00e9 a maior causa morte de pessoa com doen\u00e7a falciforme, e achegou a ser internado em UTI (Unidade de Terapia Intensiva) diversas vezes.<\/p>\n<p style=\"text-align: justify;\">Atualmente, o diagn\u00f3stico da doen\u00e7a falciforme \u00e9 feito na triagem neonatal, no exame conhecido como teste do pezinho, realizado nos primeiros dias de vida. Se n\u00e3o realizado, a eletroforese de hemoglobina \u00e9 o exame utilizado para o diagn\u00f3stico da doen\u00e7a a partir do quarto m\u00eas de vida. \u00c9 crucial que o tratamento seja iniciado o mais cedo poss\u00edvel.<\/p>\n<p>Para saber mais acesse\u00a0<a href=\"http:\/\/www.blog.saude.gov.br\/index.php\/servicos\/53389-transplante-de-medula-muda-vida-de-pessoa-com-doenca-falciforme\">http:\/\/www.blog.saude.gov.br\/index.php\/servicos\/53389-transplante-de-medula-muda-vida-de-pessoa-com-doenca-falciforme<\/a><\/p>\n","protected":false},"excerpt":{"rendered":"<p>Em 2005, a vida de Elvis Magalh\u00e3es mudou. Aos 38 anos, ele foi um dos primeiros pacientes a receber transplante de medula para curar a doen\u00e7a falciforme. A partir daquele momento, ele se livrou de dores nas articula\u00e7\u00f5es, infec\u00e7\u00f5es constantes, palidez, dentre outros sintomas da doen\u00e7a. \u201cDeu uma modificada na vida. Eu vejo a doen\u00e7a [&hellip;]<\/p>\n","protected":false},"author":1,"featured_media":13053,"comment_status":"open","ping_status":"open","sticky":false,"template":"","format":"standard","meta":{"footnotes":""},"categories":[140],"tags":[239,240,241],"class_list":["post-13052","post","type-post","status-publish","format-standard","has-post-thumbnail","hentry","category-noticias","tag-conscientizacao","tag-doenca-falciforme","tag-federassanta-falciforme"],"yoast_head":"<!-- This site is optimized with the Yoast SEO plugin v26.9 - https:\/\/yoast.com\/product\/yoast-seo-wordpress\/ -->\n<title>Transplante de medula muda vida de pessoa com doen\u00e7a falciforme - Federassantas<\/title>\n<meta name=\"robots\" content=\"index, follow, max-snippet:-1, max-image-preview:large, max-video-preview:-1\" \/>\n<link rel=\"canonical\" href=\"https:\/\/www.federassantas.org.br\/novosite\/transplante-de-medula-muda-vida-de-pessoa-com-doenca-falciforme\/\" \/>\n<meta property=\"og:locale\" content=\"pt_BR\" \/>\n<meta property=\"og:type\" content=\"article\" \/>\n<meta property=\"og:title\" content=\"Transplante de medula muda vida de pessoa com doen\u00e7a falciforme - Federassantas\" \/>\n<meta property=\"og:description\" content=\"Em 2005, a vida de Elvis Magalh\u00e3es mudou. Aos 38 anos, ele foi um dos primeiros pacientes a receber transplante de medula para curar a doen\u00e7a falciforme. A partir daquele momento, ele se livrou de dores nas articula\u00e7\u00f5es, infec\u00e7\u00f5es constantes, palidez, dentre outros sintomas da doen\u00e7a. \u201cDeu uma modificada na vida. Eu vejo a doen\u00e7a [&hellip;]\" \/>\n<meta property=\"og:url\" content=\"https:\/\/www.federassantas.org.br\/novosite\/transplante-de-medula-muda-vida-de-pessoa-com-doenca-falciforme\/\" \/>\n<meta property=\"og:site_name\" content=\"Federassantas\" \/>\n<meta property=\"article:published_time\" content=\"2018-06-19T18:37:56+00:00\" \/>\n<meta name=\"author\" content=\"admin-federas\" \/>\n<meta name=\"twitter:card\" content=\"summary_large_image\" \/>\n<meta name=\"twitter:label1\" content=\"Escrito por\" \/>\n\t<meta name=\"twitter:data1\" content=\"admin-federas\" \/>\n\t<meta name=\"twitter:label2\" content=\"Est. tempo de leitura\" \/>\n\t<meta name=\"twitter:data2\" content=\"3 minutos\" \/>\n<script type=\"application\/ld+json\" class=\"yoast-schema-graph\">{\"@context\":\"https:\/\/schema.org\",\"@graph\":[{\"@type\":\"Article\",\"@id\":\"https:\/\/www.federassantas.org.br\/novosite\/transplante-de-medula-muda-vida-de-pessoa-com-doenca-falciforme\/#article\",\"isPartOf\":{\"@id\":\"https:\/\/www.federassantas.org.br\/novosite\/transplante-de-medula-muda-vida-de-pessoa-com-doenca-falciforme\/\"},\"author\":{\"name\":\"admin-federas\",\"@id\":\"https:\/\/www.federassantas.org.br\/novosite\/#\/schema\/person\/75fed98158349313fe56175f232f513c\"},\"headline\":\"Transplante de medula muda vida de pessoa com doen\u00e7a falciforme\",\"datePublished\":\"2018-06-19T18:37:56+00:00\",\"mainEntityOfPage\":{\"@id\":\"https:\/\/www.federassantas.org.br\/novosite\/transplante-de-medula-muda-vida-de-pessoa-com-doenca-falciforme\/\"},\"wordCount\":623,\"commentCount\":0,\"publisher\":{\"@id\":\"https:\/\/www.federassantas.org.br\/novosite\/#organization\"},\"image\":{\"@id\":\"https:\/\/www.federassantas.org.br\/novosite\/transplante-de-medula-muda-vida-de-pessoa-com-doenca-falciforme\/#primaryimage\"},\"thumbnailUrl\":\"\",\"keywords\":[\"conscientiza\u00e7\u00e3o\",\"doen\u00e7a falciforme\",\"federassanta. falciforme\"],\"articleSection\":[\"Not\u00edcias\"],\"inLanguage\":\"pt-BR\",\"potentialAction\":[{\"@type\":\"CommentAction\",\"name\":\"Comment\",\"target\":[\"https:\/\/www.federassantas.org.br\/novosite\/transplante-de-medula-muda-vida-de-pessoa-com-doenca-falciforme\/#respond\"]}]},{\"@type\":\"WebPage\",\"@id\":\"https:\/\/www.federassantas.org.br\/novosite\/transplante-de-medula-muda-vida-de-pessoa-com-doenca-falciforme\/\",\"url\":\"https:\/\/www.federassantas.org.br\/novosite\/transplante-de-medula-muda-vida-de-pessoa-com-doenca-falciforme\/\",\"name\":\"Transplante de medula muda vida de pessoa com doen\u00e7a falciforme - Federassantas\",\"isPartOf\":{\"@id\":\"https:\/\/www.federassantas.org.br\/novosite\/#website\"},\"primaryImageOfPage\":{\"@id\":\"https:\/\/www.federassantas.org.br\/novosite\/transplante-de-medula-muda-vida-de-pessoa-com-doenca-falciforme\/#primaryimage\"},\"image\":{\"@id\":\"https:\/\/www.federassantas.org.br\/novosite\/transplante-de-medula-muda-vida-de-pessoa-com-doenca-falciforme\/#primaryimage\"},\"thumbnailUrl\":\"\",\"datePublished\":\"2018-06-19T18:37:56+00:00\",\"breadcrumb\":{\"@id\":\"https:\/\/www.federassantas.org.br\/novosite\/transplante-de-medula-muda-vida-de-pessoa-com-doenca-falciforme\/#breadcrumb\"},\"inLanguage\":\"pt-BR\",\"potentialAction\":[{\"@type\":\"ReadAction\",\"target\":[\"https:\/\/www.federassantas.org.br\/novosite\/transplante-de-medula-muda-vida-de-pessoa-com-doenca-falciforme\/\"]}]},{\"@type\":\"ImageObject\",\"inLanguage\":\"pt-BR\",\"@id\":\"https:\/\/www.federassantas.org.br\/novosite\/transplante-de-medula-muda-vida-de-pessoa-com-doenca-falciforme\/#primaryimage\",\"url\":\"\",\"contentUrl\":\"\"},{\"@type\":\"BreadcrumbList\",\"@id\":\"https:\/\/www.federassantas.org.br\/novosite\/transplante-de-medula-muda-vida-de-pessoa-com-doenca-falciforme\/#breadcrumb\",\"itemListElement\":[{\"@type\":\"ListItem\",\"position\":1,\"name\":\"In\u00edcio\",\"item\":\"https:\/\/www.federassantas.org.br\/novosite\/\"},{\"@type\":\"ListItem\",\"position\":2,\"name\":\"Transplante de medula muda vida de pessoa com doen\u00e7a falciforme\"}]},{\"@type\":\"WebSite\",\"@id\":\"https:\/\/www.federassantas.org.br\/novosite\/#website\",\"url\":\"https:\/\/www.federassantas.org.br\/novosite\/\",\"name\":\"Federassantas\",\"description\":\"Entidade de representa\u00e7\u00e3o e fortalecimento das Santas Casas, hospitais filantr\u00f3picos e entidades beneficentes de sa\u00fade de Minas Gerais, atuando na defesa institucional, qualifica\u00e7\u00e3o da gest\u00e3o e sustentabilidade do setor.\",\"publisher\":{\"@id\":\"https:\/\/www.federassantas.org.br\/novosite\/#organization\"},\"potentialAction\":[{\"@type\":\"SearchAction\",\"target\":{\"@type\":\"EntryPoint\",\"urlTemplate\":\"https:\/\/www.federassantas.org.br\/novosite\/?s={search_term_string}\"},\"query-input\":{\"@type\":\"PropertyValueSpecification\",\"valueRequired\":true,\"valueName\":\"search_term_string\"}}],\"inLanguage\":\"pt-BR\"},{\"@type\":\"Organization\",\"@id\":\"https:\/\/www.federassantas.org.br\/novosite\/#organization\",\"name\":\"Federassantas\",\"url\":\"https:\/\/www.federassantas.org.br\/novosite\/\",\"logo\":{\"@type\":\"ImageObject\",\"inLanguage\":\"pt-BR\",\"@id\":\"https:\/\/www.federassantas.org.br\/novosite\/#\/schema\/logo\/image\/\",\"url\":\"https:\/\/www.federassantas.org.br\/novosite\/wp-content\/uploads\/2021\/12\/logo.png\",\"contentUrl\":\"https:\/\/www.federassantas.org.br\/novosite\/wp-content\/uploads\/2021\/12\/logo.png\",\"width\":243,\"height\":59,\"caption\":\"Federassantas\"},\"image\":{\"@id\":\"https:\/\/www.federassantas.org.br\/novosite\/#\/schema\/logo\/image\/\"}},{\"@type\":\"Person\",\"@id\":\"https:\/\/www.federassantas.org.br\/novosite\/#\/schema\/person\/75fed98158349313fe56175f232f513c\",\"name\":\"admin-federas\",\"image\":{\"@type\":\"ImageObject\",\"inLanguage\":\"pt-BR\",\"@id\":\"https:\/\/www.federassantas.org.br\/novosite\/#\/schema\/person\/image\/\",\"url\":\"https:\/\/secure.gravatar.com\/avatar\/2a02d7dda59fe8dc6b7ffd3f652e2efede5ccf0dd89dfdc8137c5517f3de8407?s=96&d=mm&r=g\",\"contentUrl\":\"https:\/\/secure.gravatar.com\/avatar\/2a02d7dda59fe8dc6b7ffd3f652e2efede5ccf0dd89dfdc8137c5517f3de8407?s=96&d=mm&r=g\",\"caption\":\"admin-federas\"},\"sameAs\":[\"https:\/\/www.federassantas.org.br\/novosite\/\"],\"url\":\"https:\/\/www.federassantas.org.br\/novosite\/author\/admin-federas\/\"}]}<\/script>\n<!-- \/ Yoast SEO plugin. -->","yoast_head_json":{"title":"Transplante de medula muda vida de pessoa com doen\u00e7a falciforme - Federassantas","robots":{"index":"index","follow":"follow","max-snippet":"max-snippet:-1","max-image-preview":"max-image-preview:large","max-video-preview":"max-video-preview:-1"},"canonical":"https:\/\/www.federassantas.org.br\/novosite\/transplante-de-medula-muda-vida-de-pessoa-com-doenca-falciforme\/","og_locale":"pt_BR","og_type":"article","og_title":"Transplante de medula muda vida de pessoa com doen\u00e7a falciforme - Federassantas","og_description":"Em 2005, a vida de Elvis Magalh\u00e3es mudou. Aos 38 anos, ele foi um dos primeiros pacientes a receber transplante de medula para curar a doen\u00e7a falciforme. A partir daquele momento, ele se livrou de dores nas articula\u00e7\u00f5es, infec\u00e7\u00f5es constantes, palidez, dentre outros sintomas da doen\u00e7a. \u201cDeu uma modificada na vida. Eu vejo a doen\u00e7a [&hellip;]","og_url":"https:\/\/www.federassantas.org.br\/novosite\/transplante-de-medula-muda-vida-de-pessoa-com-doenca-falciforme\/","og_site_name":"Federassantas","article_published_time":"2018-06-19T18:37:56+00:00","author":"admin-federas","twitter_card":"summary_large_image","twitter_misc":{"Escrito por":"admin-federas","Est. tempo de leitura":"3 minutos"},"schema":{"@context":"https:\/\/schema.org","@graph":[{"@type":"Article","@id":"https:\/\/www.federassantas.org.br\/novosite\/transplante-de-medula-muda-vida-de-pessoa-com-doenca-falciforme\/#article","isPartOf":{"@id":"https:\/\/www.federassantas.org.br\/novosite\/transplante-de-medula-muda-vida-de-pessoa-com-doenca-falciforme\/"},"author":{"name":"admin-federas","@id":"https:\/\/www.federassantas.org.br\/novosite\/#\/schema\/person\/75fed98158349313fe56175f232f513c"},"headline":"Transplante de medula muda vida de pessoa com doen\u00e7a falciforme","datePublished":"2018-06-19T18:37:56+00:00","mainEntityOfPage":{"@id":"https:\/\/www.federassantas.org.br\/novosite\/transplante-de-medula-muda-vida-de-pessoa-com-doenca-falciforme\/"},"wordCount":623,"commentCount":0,"publisher":{"@id":"https:\/\/www.federassantas.org.br\/novosite\/#organization"},"image":{"@id":"https:\/\/www.federassantas.org.br\/novosite\/transplante-de-medula-muda-vida-de-pessoa-com-doenca-falciforme\/#primaryimage"},"thumbnailUrl":"","keywords":["conscientiza\u00e7\u00e3o","doen\u00e7a falciforme","federassanta. falciforme"],"articleSection":["Not\u00edcias"],"inLanguage":"pt-BR","potentialAction":[{"@type":"CommentAction","name":"Comment","target":["https:\/\/www.federassantas.org.br\/novosite\/transplante-de-medula-muda-vida-de-pessoa-com-doenca-falciforme\/#respond"]}]},{"@type":"WebPage","@id":"https:\/\/www.federassantas.org.br\/novosite\/transplante-de-medula-muda-vida-de-pessoa-com-doenca-falciforme\/","url":"https:\/\/www.federassantas.org.br\/novosite\/transplante-de-medula-muda-vida-de-pessoa-com-doenca-falciforme\/","name":"Transplante de medula muda vida de pessoa com doen\u00e7a falciforme - Federassantas","isPartOf":{"@id":"https:\/\/www.federassantas.org.br\/novosite\/#website"},"primaryImageOfPage":{"@id":"https:\/\/www.federassantas.org.br\/novosite\/transplante-de-medula-muda-vida-de-pessoa-com-doenca-falciforme\/#primaryimage"},"image":{"@id":"https:\/\/www.federassantas.org.br\/novosite\/transplante-de-medula-muda-vida-de-pessoa-com-doenca-falciforme\/#primaryimage"},"thumbnailUrl":"","datePublished":"2018-06-19T18:37:56+00:00","breadcrumb":{"@id":"https:\/\/www.federassantas.org.br\/novosite\/transplante-de-medula-muda-vida-de-pessoa-com-doenca-falciforme\/#breadcrumb"},"inLanguage":"pt-BR","potentialAction":[{"@type":"ReadAction","target":["https:\/\/www.federassantas.org.br\/novosite\/transplante-de-medula-muda-vida-de-pessoa-com-doenca-falciforme\/"]}]},{"@type":"ImageObject","inLanguage":"pt-BR","@id":"https:\/\/www.federassantas.org.br\/novosite\/transplante-de-medula-muda-vida-de-pessoa-com-doenca-falciforme\/#primaryimage","url":"","contentUrl":""},{"@type":"BreadcrumbList","@id":"https:\/\/www.federassantas.org.br\/novosite\/transplante-de-medula-muda-vida-de-pessoa-com-doenca-falciforme\/#breadcrumb","itemListElement":[{"@type":"ListItem","position":1,"name":"In\u00edcio","item":"https:\/\/www.federassantas.org.br\/novosite\/"},{"@type":"ListItem","position":2,"name":"Transplante de medula muda vida de pessoa com doen\u00e7a falciforme"}]},{"@type":"WebSite","@id":"https:\/\/www.federassantas.org.br\/novosite\/#website","url":"https:\/\/www.federassantas.org.br\/novosite\/","name":"Federassantas","description":"Entidade de representa\u00e7\u00e3o e fortalecimento das Santas Casas, hospitais filantr\u00f3picos e entidades beneficentes de sa\u00fade de Minas Gerais, atuando na defesa institucional, qualifica\u00e7\u00e3o da gest\u00e3o e sustentabilidade do setor.","publisher":{"@id":"https:\/\/www.federassantas.org.br\/novosite\/#organization"},"potentialAction":[{"@type":"SearchAction","target":{"@type":"EntryPoint","urlTemplate":"https:\/\/www.federassantas.org.br\/novosite\/?s={search_term_string}"},"query-input":{"@type":"PropertyValueSpecification","valueRequired":true,"valueName":"search_term_string"}}],"inLanguage":"pt-BR"},{"@type":"Organization","@id":"https:\/\/www.federassantas.org.br\/novosite\/#organization","name":"Federassantas","url":"https:\/\/www.federassantas.org.br\/novosite\/","logo":{"@type":"ImageObject","inLanguage":"pt-BR","@id":"https:\/\/www.federassantas.org.br\/novosite\/#\/schema\/logo\/image\/","url":"https:\/\/www.federassantas.org.br\/novosite\/wp-content\/uploads\/2021\/12\/logo.png","contentUrl":"https:\/\/www.federassantas.org.br\/novosite\/wp-content\/uploads\/2021\/12\/logo.png","width":243,"height":59,"caption":"Federassantas"},"image":{"@id":"https:\/\/www.federassantas.org.br\/novosite\/#\/schema\/logo\/image\/"}},{"@type":"Person","@id":"https:\/\/www.federassantas.org.br\/novosite\/#\/schema\/person\/75fed98158349313fe56175f232f513c","name":"admin-federas","image":{"@type":"ImageObject","inLanguage":"pt-BR","@id":"https:\/\/www.federassantas.org.br\/novosite\/#\/schema\/person\/image\/","url":"https:\/\/secure.gravatar.com\/avatar\/2a02d7dda59fe8dc6b7ffd3f652e2efede5ccf0dd89dfdc8137c5517f3de8407?s=96&d=mm&r=g","contentUrl":"https:\/\/secure.gravatar.com\/avatar\/2a02d7dda59fe8dc6b7ffd3f652e2efede5ccf0dd89dfdc8137c5517f3de8407?s=96&d=mm&r=g","caption":"admin-federas"},"sameAs":["https:\/\/www.federassantas.org.br\/novosite\/"],"url":"https:\/\/www.federassantas.org.br\/novosite\/author\/admin-federas\/"}]}},"_links":{"self":[{"href":"https:\/\/www.federassantas.org.br\/novosite\/wp-json\/wp\/v2\/posts\/13052","targetHints":{"allow":["GET"]}}],"collection":[{"href":"https:\/\/www.federassantas.org.br\/novosite\/wp-json\/wp\/v2\/posts"}],"about":[{"href":"https:\/\/www.federassantas.org.br\/novosite\/wp-json\/wp\/v2\/types\/post"}],"author":[{"embeddable":true,"href":"https:\/\/www.federassantas.org.br\/novosite\/wp-json\/wp\/v2\/users\/1"}],"replies":[{"embeddable":true,"href":"https:\/\/www.federassantas.org.br\/novosite\/wp-json\/wp\/v2\/comments?post=13052"}],"version-history":[{"count":0,"href":"https:\/\/www.federassantas.org.br\/novosite\/wp-json\/wp\/v2\/posts\/13052\/revisions"}],"wp:attachment":[{"href":"https:\/\/www.federassantas.org.br\/novosite\/wp-json\/wp\/v2\/media?parent=13052"}],"wp:term":[{"taxonomy":"category","embeddable":true,"href":"https:\/\/www.federassantas.org.br\/novosite\/wp-json\/wp\/v2\/categories?post=13052"},{"taxonomy":"post_tag","embeddable":true,"href":"https:\/\/www.federassantas.org.br\/novosite\/wp-json\/wp\/v2\/tags?post=13052"}],"curies":[{"name":"wp","href":"https:\/\/api.w.org\/{rel}","templated":true}]}}