{"id":13055,"date":"2018-06-19T18:04:33","date_gmt":"2018-06-19T21:04:33","guid":{"rendered":"https:\/\/federasbackup.meltcomunicacao.com.br\/?p=13055"},"modified":"2018-06-19T18:04:33","modified_gmt":"2018-06-19T21:04:33","slug":"santa-casa-de-bom-despacho-revitaliza-fachada-e-realiza-acoes-para-arrecadar-recursos","status":"publish","type":"post","link":"https:\/\/www.federassantas.org.br\/novosite\/santa-casa-de-bom-despacho-revitaliza-fachada-e-realiza-acoes-para-arrecadar-recursos\/","title":{"rendered":"Santa Casa de Bom Despacho revitaliza fachada e realiza a\u00e7\u00f5es para arrecadar recursos"},"content":{"rendered":"<p style=\"text-align: justify;\">A Diretoria da Santa Casa de Bom Despacho realizou ontem uma cerim\u00f4nia de inaugura\u00e7\u00e3o do projeto \u201cA Santa Casa que eu quero para o futuro\u201d. A proposta consiste na reforma da fachada da institui\u00e7\u00e3o, que faz parte do patrim\u00f4nio hist\u00f3rico da cidade e estava sem manuten\u00e7\u00e3o h\u00e1 anos.<\/p>\n<p style=\"text-align: justify;\">De acordo com a Diretoria do hospital, em um per\u00edodo de 30 dias, os pr\u00f3prios m\u00e9dicos arrecadaram cerca de R$ 23 mil para viabilizar a reforma. Outro valor de cerca de R$ 9 mil foi doado pelo munic\u00edpio por meio da Secretaria de Cultura.<\/p>\n<p style=\"text-align: justify;\">Durante a cerim\u00f4nia os m\u00e9dicos realizaram uma pintura de uma das paredes, um marco simb\u00f3lico do in\u00edcio da reforma da fachada.<\/p>\n<p style=\"text-align: justify;\">A revitaliza\u00e7\u00e3o do pr\u00e9dio faz parte de um conjunto de a\u00e7\u00f5es e projetos que vem sendo elaborados desde 2013. Para driblar a crise, a Diretoria do hospital percebeu que era preciso buscar alternativas para reverter o cen\u00e1rio desfavor\u00e1vel e n\u00e3o apenas aguardar recursos financeiros do Estado. \u201cNa Santa Casa, a Diretoria tratou de estimular entre os colaboradores e toda sociedade o esp\u00edrito de equipe e parceria para resolver problemas sejam eles mais simples, como manuten\u00e7\u00e3o de \u00e1reas, a constru\u00e7\u00e3o de mais leitos e humaniza\u00e7\u00e3o do SUS, prezando a cada dia pela excel\u00eancia na assist\u00eancia e boas pr\u00e1ticas em gerenciamento que garantem a qualidade da presta\u00e7\u00e3o de nosso servi\u00e7o, sempre aliada a a\u00e7\u00f5es administrativas de gest\u00e3o que retomaram a credibilidade da institui\u00e7\u00e3o\u201d, explica o administrador do Hospital, Henrique Andrade do Carmo.<\/p>\n<p style=\"text-align: justify;\">Al\u00e9m do lan\u00e7amento do projeto, a cerim\u00f4nia inaugurou tamb\u00e9m o Centro de Imagens do hospital, um setor que antes era terceirizado e agora faz parte da institui\u00e7\u00e3o, e vai promover mais autonomia nos atendimentos e auxiliar na sustentabilidade financeira.<\/p>\n<p style=\"text-align: justify;\">Na ocasi\u00e3o, houve tamb\u00e9m a entrega de homenagens aos colaboradores da campanha \u201cAmigos da Santa Casa\u201d. Os projetos criados para serem executados com recursos de parceiros come\u00e7aram em 2013 e desde ent\u00e3o, foram reformadas duas alas 100% SUS, atrav\u00e9s do projeto \u201cAdote o SUS\u201d, realizada a constru\u00e7\u00e3o de 06 novas enfermarias, al\u00e9m da reestrutura\u00e7\u00e3o de outras cinco. De acordo com a diretoria do hospital, de dezembro de 2013 a junho de 2018, o projeto conseguiu arrecadar R$ 1.314.258,00 referentes a 108.998 recibos de doa\u00e7\u00f5es.<\/p>\n<p style=\"text-align: justify;\">Com esse dinheiro arrecadado a Santa Casa consegue comprar insumos b\u00e1sicos, al\u00e9m de prosseguir com as reformas de outros setores. \u201cTeremos ainda, toda maternidade reformada com 100% de recursos de doa\u00e7\u00f5es, cuja obra j\u00e1 est\u00e1 em andamento, com prazo para ser finalizada em tr\u00eas meses\u201d, finaliza a administrador da institui\u00e7\u00e3o.<\/p>\n<p style=\"text-align: justify;\">Ontem durante a cerim\u00f4nia, representantes do hospital fizeram tamb\u00e9m a entrega de uma carta aos deputados estaduais que compareceram ao evento. O documento, elaborado pela Federassantas e pela Diretoria do hospital, exp\u00f5e a situa\u00e7\u00e3o critica que se encontram os filantr\u00f3picos, ressalta a representa\u00e7\u00e3o e import\u00e2ncia dos hospitais e alerta para a urg\u00eancia da necessidade de mobiliza\u00e7\u00e3o da sociedade. Em resposta os parlamentares disseram estar empenhados para buscar uma solu\u00e7\u00e3o para esta situa\u00e7\u00e3o.<\/p>\n<p><img fetchpriority=\"high\" decoding=\"async\" class=\" wp-image-13059\" src=\"http:\/\/federasbackup.meltcomunicacao.com.br\/wp-content\/uploads\/2018\/06\/WhatsApp-Image-2018-06-19-at-16.32.14.jpeg\" alt=\"\" width=\"644\" height=\"429\" srcset=\"https:\/\/www.federassantas.org.br\/novosite\/wp-content\/uploads\/2018\/06\/WhatsApp-Image-2018-06-19-at-16.32.14.jpeg 1280w, https:\/\/www.federassantas.org.br\/novosite\/wp-content\/uploads\/2018\/06\/WhatsApp-Image-2018-06-19-at-16.32.14-300x200.jpeg 300w, https:\/\/www.federassantas.org.br\/novosite\/wp-content\/uploads\/2018\/06\/WhatsApp-Image-2018-06-19-at-16.32.14-1024x682.jpeg 1024w, https:\/\/www.federassantas.org.br\/novosite\/wp-content\/uploads\/2018\/06\/WhatsApp-Image-2018-06-19-at-16.32.14-768x512.jpeg 768w\" sizes=\"(max-width: 644px) 100vw, 644px\" \/><br \/>\n<span style=\"font-size: 14px;\">Representantes do hospital e deputados estaduais<br \/>\n<\/span><\/p>\n<p><img decoding=\"async\" class=\"alignnone wp-image-13056\" src=\"http:\/\/federasbackup.meltcomunicacao.com.br\/wp-content\/uploads\/2018\/06\/WhatsApp-Image-2018-06-19-at-16.32.03-1.jpeg\" alt=\"\" width=\"646\" height=\"190\" srcset=\"https:\/\/www.federassantas.org.br\/novosite\/wp-content\/uploads\/2018\/06\/WhatsApp-Image-2018-06-19-at-16.32.03-1.jpeg 1144w, https:\/\/www.federassantas.org.br\/novosite\/wp-content\/uploads\/2018\/06\/WhatsApp-Image-2018-06-19-at-16.32.03-1-300x88.jpeg 300w, https:\/\/www.federassantas.org.br\/novosite\/wp-content\/uploads\/2018\/06\/WhatsApp-Image-2018-06-19-at-16.32.03-1-1024x301.jpeg 1024w, https:\/\/www.federassantas.org.br\/novosite\/wp-content\/uploads\/2018\/06\/WhatsApp-Image-2018-06-19-at-16.32.03-1-768x226.jpeg 768w\" sizes=\"(max-width: 646px) 100vw, 646px\" \/><\/p>\n<p><img decoding=\"async\" class=\"alignnone wp-image-13065\" src=\"http:\/\/federasbackup.meltcomunicacao.com.br\/wp-content\/uploads\/2018\/06\/WhatsApp-Image-2018-06-19-at-18.13.21.jpeg\" alt=\"\" width=\"645\" height=\"430\" srcset=\"https:\/\/www.federassantas.org.br\/novosite\/wp-content\/uploads\/2018\/06\/WhatsApp-Image-2018-06-19-at-18.13.21.jpeg 1280w, https:\/\/www.federassantas.org.br\/novosite\/wp-content\/uploads\/2018\/06\/WhatsApp-Image-2018-06-19-at-18.13.21-300x200.jpeg 300w, https:\/\/www.federassantas.org.br\/novosite\/wp-content\/uploads\/2018\/06\/WhatsApp-Image-2018-06-19-at-18.13.21-1024x682.jpeg 1024w, https:\/\/www.federassantas.org.br\/novosite\/wp-content\/uploads\/2018\/06\/WhatsApp-Image-2018-06-19-at-18.13.21-768x512.jpeg 768w\" sizes=\"(max-width: 645px) 100vw, 645px\" \/> <img loading=\"lazy\" decoding=\"async\" class=\"alignnone wp-image-13066\" src=\"http:\/\/federasbackup.meltcomunicacao.com.br\/wp-content\/uploads\/2018\/06\/WhatsApp-Image-2018-06-19-at-18.13.22.jpeg\" alt=\"\" width=\"644\" height=\"429\" srcset=\"https:\/\/www.federassantas.org.br\/novosite\/wp-content\/uploads\/2018\/06\/WhatsApp-Image-2018-06-19-at-18.13.22.jpeg 1280w, https:\/\/www.federassantas.org.br\/novosite\/wp-content\/uploads\/2018\/06\/WhatsApp-Image-2018-06-19-at-18.13.22-300x200.jpeg 300w, https:\/\/www.federassantas.org.br\/novosite\/wp-content\/uploads\/2018\/06\/WhatsApp-Image-2018-06-19-at-18.13.22-1024x682.jpeg 1024w, https:\/\/www.federassantas.org.br\/novosite\/wp-content\/uploads\/2018\/06\/WhatsApp-Image-2018-06-19-at-18.13.22-768x512.jpeg 768w\" sizes=\"(max-width: 644px) 100vw, 644px\" \/> <img loading=\"lazy\" decoding=\"async\" class=\"alignnone wp-image-13064\" src=\"http:\/\/federasbackup.meltcomunicacao.com.br\/wp-content\/uploads\/2018\/06\/WhatsApp-Image-2018-06-19-at-18.13.20.jpeg\" alt=\"\" width=\"647\" height=\"431\" srcset=\"https:\/\/www.federassantas.org.br\/novosite\/wp-content\/uploads\/2018\/06\/WhatsApp-Image-2018-06-19-at-18.13.20.jpeg 1280w, https:\/\/www.federassantas.org.br\/novosite\/wp-content\/uploads\/2018\/06\/WhatsApp-Image-2018-06-19-at-18.13.20-300x200.jpeg 300w, https:\/\/www.federassantas.org.br\/novosite\/wp-content\/uploads\/2018\/06\/WhatsApp-Image-2018-06-19-at-18.13.20-1024x682.jpeg 1024w, https:\/\/www.federassantas.org.br\/novosite\/wp-content\/uploads\/2018\/06\/WhatsApp-Image-2018-06-19-at-18.13.20-768x512.jpeg 768w\" sizes=\"(max-width: 647px) 100vw, 647px\" \/> <img loading=\"lazy\" decoding=\"async\" class=\"alignnone wp-image-13067\" src=\"http:\/\/federasbackup.meltcomunicacao.com.br\/wp-content\/uploads\/2018\/06\/WhatsApp-Image-2018-06-19-at-18.13.24.jpeg\" alt=\"\" width=\"645\" height=\"430\" srcset=\"https:\/\/www.federassantas.org.br\/novosite\/wp-content\/uploads\/2018\/06\/WhatsApp-Image-2018-06-19-at-18.13.24.jpeg 1280w, https:\/\/www.federassantas.org.br\/novosite\/wp-content\/uploads\/2018\/06\/WhatsApp-Image-2018-06-19-at-18.13.24-300x200.jpeg 300w, https:\/\/www.federassantas.org.br\/novosite\/wp-content\/uploads\/2018\/06\/WhatsApp-Image-2018-06-19-at-18.13.24-1024x682.jpeg 1024w, https:\/\/www.federassantas.org.br\/novosite\/wp-content\/uploads\/2018\/06\/WhatsApp-Image-2018-06-19-at-18.13.24-768x512.jpeg 768w\" sizes=\"(max-width: 645px) 100vw, 645px\" \/> <img loading=\"lazy\" decoding=\"async\" class=\"alignnone wp-image-13058\" src=\"http:\/\/federasbackup.meltcomunicacao.com.br\/wp-content\/uploads\/2018\/06\/WhatsApp-Image-2018-06-19-at-16.32.05.jpeg\" alt=\"\" width=\"647\" height=\"431\" srcset=\"https:\/\/www.federassantas.org.br\/novosite\/wp-content\/uploads\/2018\/06\/WhatsApp-Image-2018-06-19-at-16.32.05.jpeg 1280w, https:\/\/www.federassantas.org.br\/novosite\/wp-content\/uploads\/2018\/06\/WhatsApp-Image-2018-06-19-at-16.32.05-300x200.jpeg 300w, https:\/\/www.federassantas.org.br\/novosite\/wp-content\/uploads\/2018\/06\/WhatsApp-Image-2018-06-19-at-16.32.05-1024x682.jpeg 1024w, https:\/\/www.federassantas.org.br\/novosite\/wp-content\/uploads\/2018\/06\/WhatsApp-Image-2018-06-19-at-16.32.05-768x512.jpeg 768w\" sizes=\"(max-width: 647px) 100vw, 647px\" \/><\/p>\n","protected":false},"excerpt":{"rendered":"<p>A Diretoria da Santa Casa de Bom Despacho realizou ontem uma cerim\u00f4nia de inaugura\u00e7\u00e3o do projeto \u201cA Santa Casa que eu quero para o futuro\u201d. A proposta consiste na reforma da fachada da institui\u00e7\u00e3o, que faz parte do patrim\u00f4nio hist\u00f3rico da cidade e estava sem manuten\u00e7\u00e3o h\u00e1 anos. De acordo com a Diretoria do hospital, [&hellip;]<\/p>\n","protected":false},"author":1,"featured_media":13063,"comment_status":"open","ping_status":"open","sticky":false,"template":"","format":"standard","meta":{"footnotes":""},"categories":[140,139],"tags":[],"class_list":["post-13055","post","type-post","status-publish","format-standard","has-post-thumbnail","hentry","category-noticias","category-noticias-filiados"],"yoast_head":"<!-- This site is optimized with the Yoast SEO plugin v26.9 - https:\/\/yoast.com\/product\/yoast-seo-wordpress\/ -->\n<title>Santa Casa de Bom Despacho revitaliza fachada e realiza a\u00e7\u00f5es para arrecadar recursos - Federassantas<\/title>\n<meta name=\"robots\" content=\"index, follow, max-snippet:-1, max-image-preview:large, max-video-preview:-1\" \/>\n<link rel=\"canonical\" href=\"https:\/\/www.federassantas.org.br\/novosite\/santa-casa-de-bom-despacho-revitaliza-fachada-e-realiza-acoes-para-arrecadar-recursos\/\" \/>\n<meta property=\"og:locale\" content=\"pt_BR\" \/>\n<meta property=\"og:type\" content=\"article\" \/>\n<meta property=\"og:title\" content=\"Santa Casa de Bom Despacho revitaliza fachada e realiza a\u00e7\u00f5es para arrecadar recursos - Federassantas\" \/>\n<meta property=\"og:description\" content=\"A Diretoria da Santa Casa de Bom Despacho realizou ontem uma cerim\u00f4nia de inaugura\u00e7\u00e3o do projeto \u201cA Santa Casa que eu quero para o futuro\u201d. A proposta consiste na reforma da fachada da institui\u00e7\u00e3o, que faz parte do patrim\u00f4nio hist\u00f3rico da cidade e estava sem manuten\u00e7\u00e3o h\u00e1 anos. De acordo com a Diretoria do hospital, [&hellip;]\" \/>\n<meta property=\"og:url\" content=\"https:\/\/www.federassantas.org.br\/novosite\/santa-casa-de-bom-despacho-revitaliza-fachada-e-realiza-acoes-para-arrecadar-recursos\/\" \/>\n<meta property=\"og:site_name\" content=\"Federassantas\" \/>\n<meta property=\"article:published_time\" content=\"2018-06-19T21:04:33+00:00\" \/>\n<meta property=\"og:image\" content=\"https:\/\/www.federassantas.org.br\/novosite\/wp-content\/uploads\/2018\/06\/WhatsApp-Image-2018-06-19-at-18.13.20-1.jpeg\" \/>\n\t<meta property=\"og:image:width\" content=\"1280\" \/>\n\t<meta property=\"og:image:height\" content=\"853\" \/>\n\t<meta property=\"og:image:type\" content=\"image\/jpeg\" \/>\n<meta name=\"author\" content=\"admin-federas\" \/>\n<meta name=\"twitter:card\" content=\"summary_large_image\" \/>\n<meta name=\"twitter:label1\" content=\"Escrito por\" \/>\n\t<meta name=\"twitter:data1\" content=\"admin-federas\" \/>\n\t<meta name=\"twitter:label2\" content=\"Est. tempo de leitura\" \/>\n\t<meta name=\"twitter:data2\" content=\"3 minutos\" \/>\n<script type=\"application\/ld+json\" class=\"yoast-schema-graph\">{\"@context\":\"https:\/\/schema.org\",\"@graph\":[{\"@type\":\"Article\",\"@id\":\"https:\/\/www.federassantas.org.br\/novosite\/santa-casa-de-bom-despacho-revitaliza-fachada-e-realiza-acoes-para-arrecadar-recursos\/#article\",\"isPartOf\":{\"@id\":\"https:\/\/www.federassantas.org.br\/novosite\/santa-casa-de-bom-despacho-revitaliza-fachada-e-realiza-acoes-para-arrecadar-recursos\/\"},\"author\":{\"name\":\"admin-federas\",\"@id\":\"https:\/\/www.federassantas.org.br\/novosite\/#\/schema\/person\/75fed98158349313fe56175f232f513c\"},\"headline\":\"Santa Casa de Bom Despacho revitaliza fachada e realiza a\u00e7\u00f5es para arrecadar recursos\",\"datePublished\":\"2018-06-19T21:04:33+00:00\",\"mainEntityOfPage\":{\"@id\":\"https:\/\/www.federassantas.org.br\/novosite\/santa-casa-de-bom-despacho-revitaliza-fachada-e-realiza-acoes-para-arrecadar-recursos\/\"},\"wordCount\":558,\"commentCount\":0,\"publisher\":{\"@id\":\"https:\/\/www.federassantas.org.br\/novosite\/#organization\"},\"image\":{\"@id\":\"https:\/\/www.federassantas.org.br\/novosite\/santa-casa-de-bom-despacho-revitaliza-fachada-e-realiza-acoes-para-arrecadar-recursos\/#primaryimage\"},\"thumbnailUrl\":\"https:\/\/www.federassantas.org.br\/novosite\/wp-content\/uploads\/2018\/06\/WhatsApp-Image-2018-06-19-at-18.13.20-1.jpeg\",\"articleSection\":[\"Not\u00edcias\",\"Not\u00edcias filiados\"],\"inLanguage\":\"pt-BR\",\"potentialAction\":[{\"@type\":\"CommentAction\",\"name\":\"Comment\",\"target\":[\"https:\/\/www.federassantas.org.br\/novosite\/santa-casa-de-bom-despacho-revitaliza-fachada-e-realiza-acoes-para-arrecadar-recursos\/#respond\"]}]},{\"@type\":\"WebPage\",\"@id\":\"https:\/\/www.federassantas.org.br\/novosite\/santa-casa-de-bom-despacho-revitaliza-fachada-e-realiza-acoes-para-arrecadar-recursos\/\",\"url\":\"https:\/\/www.federassantas.org.br\/novosite\/santa-casa-de-bom-despacho-revitaliza-fachada-e-realiza-acoes-para-arrecadar-recursos\/\",\"name\":\"Santa Casa de Bom Despacho revitaliza fachada e realiza a\u00e7\u00f5es para arrecadar recursos - Federassantas\",\"isPartOf\":{\"@id\":\"https:\/\/www.federassantas.org.br\/novosite\/#website\"},\"primaryImageOfPage\":{\"@id\":\"https:\/\/www.federassantas.org.br\/novosite\/santa-casa-de-bom-despacho-revitaliza-fachada-e-realiza-acoes-para-arrecadar-recursos\/#primaryimage\"},\"image\":{\"@id\":\"https:\/\/www.federassantas.org.br\/novosite\/santa-casa-de-bom-despacho-revitaliza-fachada-e-realiza-acoes-para-arrecadar-recursos\/#primaryimage\"},\"thumbnailUrl\":\"https:\/\/www.federassantas.org.br\/novosite\/wp-content\/uploads\/2018\/06\/WhatsApp-Image-2018-06-19-at-18.13.20-1.jpeg\",\"datePublished\":\"2018-06-19T21:04:33+00:00\",\"breadcrumb\":{\"@id\":\"https:\/\/www.federassantas.org.br\/novosite\/santa-casa-de-bom-despacho-revitaliza-fachada-e-realiza-acoes-para-arrecadar-recursos\/#breadcrumb\"},\"inLanguage\":\"pt-BR\",\"potentialAction\":[{\"@type\":\"ReadAction\",\"target\":[\"https:\/\/www.federassantas.org.br\/novosite\/santa-casa-de-bom-despacho-revitaliza-fachada-e-realiza-acoes-para-arrecadar-recursos\/\"]}]},{\"@type\":\"ImageObject\",\"inLanguage\":\"pt-BR\",\"@id\":\"https:\/\/www.federassantas.org.br\/novosite\/santa-casa-de-bom-despacho-revitaliza-fachada-e-realiza-acoes-para-arrecadar-recursos\/#primaryimage\",\"url\":\"https:\/\/www.federassantas.org.br\/novosite\/wp-content\/uploads\/2018\/06\/WhatsApp-Image-2018-06-19-at-18.13.20-1.jpeg\",\"contentUrl\":\"https:\/\/www.federassantas.org.br\/novosite\/wp-content\/uploads\/2018\/06\/WhatsApp-Image-2018-06-19-at-18.13.20-1.jpeg\",\"width\":1280,\"height\":853},{\"@type\":\"BreadcrumbList\",\"@id\":\"https:\/\/www.federassantas.org.br\/novosite\/santa-casa-de-bom-despacho-revitaliza-fachada-e-realiza-acoes-para-arrecadar-recursos\/#breadcrumb\",\"itemListElement\":[{\"@type\":\"ListItem\",\"position\":1,\"name\":\"In\u00edcio\",\"item\":\"https:\/\/www.federassantas.org.br\/novosite\/\"},{\"@type\":\"ListItem\",\"position\":2,\"name\":\"Santa Casa de Bom Despacho revitaliza fachada e realiza a\u00e7\u00f5es para arrecadar recursos\"}]},{\"@type\":\"WebSite\",\"@id\":\"https:\/\/www.federassantas.org.br\/novosite\/#website\",\"url\":\"https:\/\/www.federassantas.org.br\/novosite\/\",\"name\":\"Federassantas\",\"description\":\"Entidade de representa\u00e7\u00e3o e fortalecimento das Santas Casas, hospitais filantr\u00f3picos e entidades beneficentes de sa\u00fade de Minas Gerais, atuando na defesa institucional, qualifica\u00e7\u00e3o da gest\u00e3o e sustentabilidade do setor.\",\"publisher\":{\"@id\":\"https:\/\/www.federassantas.org.br\/novosite\/#organization\"},\"potentialAction\":[{\"@type\":\"SearchAction\",\"target\":{\"@type\":\"EntryPoint\",\"urlTemplate\":\"https:\/\/www.federassantas.org.br\/novosite\/?s={search_term_string}\"},\"query-input\":{\"@type\":\"PropertyValueSpecification\",\"valueRequired\":true,\"valueName\":\"search_term_string\"}}],\"inLanguage\":\"pt-BR\"},{\"@type\":\"Organization\",\"@id\":\"https:\/\/www.federassantas.org.br\/novosite\/#organization\",\"name\":\"Federassantas\",\"url\":\"https:\/\/www.federassantas.org.br\/novosite\/\",\"logo\":{\"@type\":\"ImageObject\",\"inLanguage\":\"pt-BR\",\"@id\":\"https:\/\/www.federassantas.org.br\/novosite\/#\/schema\/logo\/image\/\",\"url\":\"https:\/\/www.federassantas.org.br\/novosite\/wp-content\/uploads\/2021\/12\/logo.png\",\"contentUrl\":\"https:\/\/www.federassantas.org.br\/novosite\/wp-content\/uploads\/2021\/12\/logo.png\",\"width\":243,\"height\":59,\"caption\":\"Federassantas\"},\"image\":{\"@id\":\"https:\/\/www.federassantas.org.br\/novosite\/#\/schema\/logo\/image\/\"}},{\"@type\":\"Person\",\"@id\":\"https:\/\/www.federassantas.org.br\/novosite\/#\/schema\/person\/75fed98158349313fe56175f232f513c\",\"name\":\"admin-federas\",\"image\":{\"@type\":\"ImageObject\",\"inLanguage\":\"pt-BR\",\"@id\":\"https:\/\/www.federassantas.org.br\/novosite\/#\/schema\/person\/image\/\",\"url\":\"https:\/\/secure.gravatar.com\/avatar\/2a02d7dda59fe8dc6b7ffd3f652e2efede5ccf0dd89dfdc8137c5517f3de8407?s=96&d=mm&r=g\",\"contentUrl\":\"https:\/\/secure.gravatar.com\/avatar\/2a02d7dda59fe8dc6b7ffd3f652e2efede5ccf0dd89dfdc8137c5517f3de8407?s=96&d=mm&r=g\",\"caption\":\"admin-federas\"},\"sameAs\":[\"https:\/\/www.federassantas.org.br\/novosite\/\"],\"url\":\"https:\/\/www.federassantas.org.br\/novosite\/author\/admin-federas\/\"}]}<\/script>\n<!-- \/ Yoast SEO plugin. -->","yoast_head_json":{"title":"Santa Casa de Bom Despacho revitaliza fachada e realiza a\u00e7\u00f5es para arrecadar recursos - Federassantas","robots":{"index":"index","follow":"follow","max-snippet":"max-snippet:-1","max-image-preview":"max-image-preview:large","max-video-preview":"max-video-preview:-1"},"canonical":"https:\/\/www.federassantas.org.br\/novosite\/santa-casa-de-bom-despacho-revitaliza-fachada-e-realiza-acoes-para-arrecadar-recursos\/","og_locale":"pt_BR","og_type":"article","og_title":"Santa Casa de Bom Despacho revitaliza fachada e realiza a\u00e7\u00f5es para arrecadar recursos - Federassantas","og_description":"A Diretoria da Santa Casa de Bom Despacho realizou ontem uma cerim\u00f4nia de inaugura\u00e7\u00e3o do projeto \u201cA Santa Casa que eu quero para o futuro\u201d. A proposta consiste na reforma da fachada da institui\u00e7\u00e3o, que faz parte do patrim\u00f4nio hist\u00f3rico da cidade e estava sem manuten\u00e7\u00e3o h\u00e1 anos. De acordo com a Diretoria do hospital, [&hellip;]","og_url":"https:\/\/www.federassantas.org.br\/novosite\/santa-casa-de-bom-despacho-revitaliza-fachada-e-realiza-acoes-para-arrecadar-recursos\/","og_site_name":"Federassantas","article_published_time":"2018-06-19T21:04:33+00:00","og_image":[{"width":1280,"height":853,"url":"https:\/\/www.federassantas.org.br\/novosite\/wp-content\/uploads\/2018\/06\/WhatsApp-Image-2018-06-19-at-18.13.20-1.jpeg","type":"image\/jpeg"}],"author":"admin-federas","twitter_card":"summary_large_image","twitter_misc":{"Escrito por":"admin-federas","Est. tempo de leitura":"3 minutos"},"schema":{"@context":"https:\/\/schema.org","@graph":[{"@type":"Article","@id":"https:\/\/www.federassantas.org.br\/novosite\/santa-casa-de-bom-despacho-revitaliza-fachada-e-realiza-acoes-para-arrecadar-recursos\/#article","isPartOf":{"@id":"https:\/\/www.federassantas.org.br\/novosite\/santa-casa-de-bom-despacho-revitaliza-fachada-e-realiza-acoes-para-arrecadar-recursos\/"},"author":{"name":"admin-federas","@id":"https:\/\/www.federassantas.org.br\/novosite\/#\/schema\/person\/75fed98158349313fe56175f232f513c"},"headline":"Santa Casa de Bom Despacho revitaliza fachada e realiza a\u00e7\u00f5es para arrecadar recursos","datePublished":"2018-06-19T21:04:33+00:00","mainEntityOfPage":{"@id":"https:\/\/www.federassantas.org.br\/novosite\/santa-casa-de-bom-despacho-revitaliza-fachada-e-realiza-acoes-para-arrecadar-recursos\/"},"wordCount":558,"commentCount":0,"publisher":{"@id":"https:\/\/www.federassantas.org.br\/novosite\/#organization"},"image":{"@id":"https:\/\/www.federassantas.org.br\/novosite\/santa-casa-de-bom-despacho-revitaliza-fachada-e-realiza-acoes-para-arrecadar-recursos\/#primaryimage"},"thumbnailUrl":"https:\/\/www.federassantas.org.br\/novosite\/wp-content\/uploads\/2018\/06\/WhatsApp-Image-2018-06-19-at-18.13.20-1.jpeg","articleSection":["Not\u00edcias","Not\u00edcias filiados"],"inLanguage":"pt-BR","potentialAction":[{"@type":"CommentAction","name":"Comment","target":["https:\/\/www.federassantas.org.br\/novosite\/santa-casa-de-bom-despacho-revitaliza-fachada-e-realiza-acoes-para-arrecadar-recursos\/#respond"]}]},{"@type":"WebPage","@id":"https:\/\/www.federassantas.org.br\/novosite\/santa-casa-de-bom-despacho-revitaliza-fachada-e-realiza-acoes-para-arrecadar-recursos\/","url":"https:\/\/www.federassantas.org.br\/novosite\/santa-casa-de-bom-despacho-revitaliza-fachada-e-realiza-acoes-para-arrecadar-recursos\/","name":"Santa Casa de Bom Despacho revitaliza fachada e realiza a\u00e7\u00f5es para arrecadar recursos - Federassantas","isPartOf":{"@id":"https:\/\/www.federassantas.org.br\/novosite\/#website"},"primaryImageOfPage":{"@id":"https:\/\/www.federassantas.org.br\/novosite\/santa-casa-de-bom-despacho-revitaliza-fachada-e-realiza-acoes-para-arrecadar-recursos\/#primaryimage"},"image":{"@id":"https:\/\/www.federassantas.org.br\/novosite\/santa-casa-de-bom-despacho-revitaliza-fachada-e-realiza-acoes-para-arrecadar-recursos\/#primaryimage"},"thumbnailUrl":"https:\/\/www.federassantas.org.br\/novosite\/wp-content\/uploads\/2018\/06\/WhatsApp-Image-2018-06-19-at-18.13.20-1.jpeg","datePublished":"2018-06-19T21:04:33+00:00","breadcrumb":{"@id":"https:\/\/www.federassantas.org.br\/novosite\/santa-casa-de-bom-despacho-revitaliza-fachada-e-realiza-acoes-para-arrecadar-recursos\/#breadcrumb"},"inLanguage":"pt-BR","potentialAction":[{"@type":"ReadAction","target":["https:\/\/www.federassantas.org.br\/novosite\/santa-casa-de-bom-despacho-revitaliza-fachada-e-realiza-acoes-para-arrecadar-recursos\/"]}]},{"@type":"ImageObject","inLanguage":"pt-BR","@id":"https:\/\/www.federassantas.org.br\/novosite\/santa-casa-de-bom-despacho-revitaliza-fachada-e-realiza-acoes-para-arrecadar-recursos\/#primaryimage","url":"https:\/\/www.federassantas.org.br\/novosite\/wp-content\/uploads\/2018\/06\/WhatsApp-Image-2018-06-19-at-18.13.20-1.jpeg","contentUrl":"https:\/\/www.federassantas.org.br\/novosite\/wp-content\/uploads\/2018\/06\/WhatsApp-Image-2018-06-19-at-18.13.20-1.jpeg","width":1280,"height":853},{"@type":"BreadcrumbList","@id":"https:\/\/www.federassantas.org.br\/novosite\/santa-casa-de-bom-despacho-revitaliza-fachada-e-realiza-acoes-para-arrecadar-recursos\/#breadcrumb","itemListElement":[{"@type":"ListItem","position":1,"name":"In\u00edcio","item":"https:\/\/www.federassantas.org.br\/novosite\/"},{"@type":"ListItem","position":2,"name":"Santa Casa de Bom Despacho revitaliza fachada e realiza a\u00e7\u00f5es para arrecadar recursos"}]},{"@type":"WebSite","@id":"https:\/\/www.federassantas.org.br\/novosite\/#website","url":"https:\/\/www.federassantas.org.br\/novosite\/","name":"Federassantas","description":"Entidade de representa\u00e7\u00e3o e fortalecimento das Santas Casas, hospitais filantr\u00f3picos e entidades beneficentes de sa\u00fade de Minas Gerais, atuando na defesa institucional, qualifica\u00e7\u00e3o da gest\u00e3o e sustentabilidade do setor.","publisher":{"@id":"https:\/\/www.federassantas.org.br\/novosite\/#organization"},"potentialAction":[{"@type":"SearchAction","target":{"@type":"EntryPoint","urlTemplate":"https:\/\/www.federassantas.org.br\/novosite\/?s={search_term_string}"},"query-input":{"@type":"PropertyValueSpecification","valueRequired":true,"valueName":"search_term_string"}}],"inLanguage":"pt-BR"},{"@type":"Organization","@id":"https:\/\/www.federassantas.org.br\/novosite\/#organization","name":"Federassantas","url":"https:\/\/www.federassantas.org.br\/novosite\/","logo":{"@type":"ImageObject","inLanguage":"pt-BR","@id":"https:\/\/www.federassantas.org.br\/novosite\/#\/schema\/logo\/image\/","url":"https:\/\/www.federassantas.org.br\/novosite\/wp-content\/uploads\/2021\/12\/logo.png","contentUrl":"https:\/\/www.federassantas.org.br\/novosite\/wp-content\/uploads\/2021\/12\/logo.png","width":243,"height":59,"caption":"Federassantas"},"image":{"@id":"https:\/\/www.federassantas.org.br\/novosite\/#\/schema\/logo\/image\/"}},{"@type":"Person","@id":"https:\/\/www.federassantas.org.br\/novosite\/#\/schema\/person\/75fed98158349313fe56175f232f513c","name":"admin-federas","image":{"@type":"ImageObject","inLanguage":"pt-BR","@id":"https:\/\/www.federassantas.org.br\/novosite\/#\/schema\/person\/image\/","url":"https:\/\/secure.gravatar.com\/avatar\/2a02d7dda59fe8dc6b7ffd3f652e2efede5ccf0dd89dfdc8137c5517f3de8407?s=96&d=mm&r=g","contentUrl":"https:\/\/secure.gravatar.com\/avatar\/2a02d7dda59fe8dc6b7ffd3f652e2efede5ccf0dd89dfdc8137c5517f3de8407?s=96&d=mm&r=g","caption":"admin-federas"},"sameAs":["https:\/\/www.federassantas.org.br\/novosite\/"],"url":"https:\/\/www.federassantas.org.br\/novosite\/author\/admin-federas\/"}]}},"_links":{"self":[{"href":"https:\/\/www.federassantas.org.br\/novosite\/wp-json\/wp\/v2\/posts\/13055","targetHints":{"allow":["GET"]}}],"collection":[{"href":"https:\/\/www.federassantas.org.br\/novosite\/wp-json\/wp\/v2\/posts"}],"about":[{"href":"https:\/\/www.federassantas.org.br\/novosite\/wp-json\/wp\/v2\/types\/post"}],"author":[{"embeddable":true,"href":"https:\/\/www.federassantas.org.br\/novosite\/wp-json\/wp\/v2\/users\/1"}],"replies":[{"embeddable":true,"href":"https:\/\/www.federassantas.org.br\/novosite\/wp-json\/wp\/v2\/comments?post=13055"}],"version-history":[{"count":0,"href":"https:\/\/www.federassantas.org.br\/novosite\/wp-json\/wp\/v2\/posts\/13055\/revisions"}],"wp:featuredmedia":[{"embeddable":true,"href":"https:\/\/www.federassantas.org.br\/novosite\/wp-json\/wp\/v2\/media\/13063"}],"wp:attachment":[{"href":"https:\/\/www.federassantas.org.br\/novosite\/wp-json\/wp\/v2\/media?parent=13055"}],"wp:term":[{"taxonomy":"category","embeddable":true,"href":"https:\/\/www.federassantas.org.br\/novosite\/wp-json\/wp\/v2\/categories?post=13055"},{"taxonomy":"post_tag","embeddable":true,"href":"https:\/\/www.federassantas.org.br\/novosite\/wp-json\/wp\/v2\/tags?post=13055"}],"curies":[{"name":"wp","href":"https:\/\/api.w.org\/{rel}","templated":true}]}}