{"id":13084,"date":"2018-06-22T13:30:56","date_gmt":"2018-06-22T16:30:56","guid":{"rendered":"https:\/\/federasbackup.meltcomunicacao.com.br\/?p=13084"},"modified":"2018-06-22T13:30:56","modified_gmt":"2018-06-22T16:30:56","slug":"santa-casa-jf-realiza-primeiro-transplante-simultaneo-de-orgaos","status":"publish","type":"post","link":"https:\/\/www.federassantas.org.br\/novosite\/santa-casa-jf-realiza-primeiro-transplante-simultaneo-de-orgaos\/","title":{"rendered":"Santa Casa JF realiza primeiro transplante simult\u00e2neo de \u00f3rg\u00e3os"},"content":{"rendered":"<p style=\"font-weight: 400; text-align: justify;\"><em>Paciente, diagnosticado com diabetes tipo 1 com um ano de vida, recebeu rim e p\u00e2ncreas ao mesmo tempo, procedimento at\u00e9 ent\u00e3o in\u00e9dito na regi\u00e3o<\/em><\/p>\n<p style=\"font-weight: 400; text-align: justify;\">Um juiz-forano de 30 anos foi o primeiro paciente da regi\u00e3o a passar por um transplante simult\u00e2neo de \u00f3rg\u00e3os, realizado pela Santa Casa de Miseric\u00f3rdia. O paciente recebeu um rim e o p\u00e2ncreas, sendo que este \u00faltimo configurou como o primeiro a ser realizado pela institui\u00e7\u00e3o na regi\u00e3o, somando-se aos demais procedimentos j\u00e1 existentes desde a d\u00e9cada de 1980, como de rins; de c\u00f3rneas, desde 2008; e de f\u00edgado, que acontece desde 2017. A cirurgia foi realizada no dia 12 de junho, e os \u00f3rg\u00e3os vieram de um doador de Muria\u00e9, de 36 anos. Os detalhes sobre o procedimento foram repassados \u00e0 imprensa na manh\u00e3 desta quarta-feira (20).<\/p>\n<p style=\"font-weight: 400; text-align: justify;\">Segundo o coordenador da Unidade de Pr\u00e1tica Integrada de Transplante da Santa Casa, Gustavo Fernandes Ferreira, o paciente transplantado foi diagnosticado com diabetes tipo 1 quando completou um ano de idade. \u201cEm 2013, o diabetes dele evoluiu para a fal\u00eancia dos rins, fazendo com que ele passasse a realizar a hemodi\u00e1lise. Mas, devido \u00e0 gravidade da diabetes, ele precisou entrar na fila do transplante de rim. Mas, como em 2017, a Santa Casa foi credenciada para realizar o transplante de p\u00e2ncreas e rim, foi poss\u00edvel ofertar a este paciente o transplante simult\u00e2neo de \u00f3rg\u00e3os, oferecendo maior qualidade de vida e sobrevida a este paciente\u201d, destacou.<\/p>\n<p style=\"font-weight: 400; text-align: justify;\">A dura\u00e7\u00e3o entre a capta\u00e7\u00e3o dos \u00f3rg\u00e3os em Muria\u00e9, realiza\u00e7\u00e3o de exames de compatibilidade entre o doador e o receptor e a implanta\u00e7\u00e3o dos mesmos no paciente em Juiz de Fora foi de nove horas e 50 minutos. O transporte dos \u00f3rg\u00e3os e da equipe m\u00e9dica entre as duas cidades foi realizado pelo P\u00e9gasus, helic\u00f3ptero da Pol\u00edcia Militar, que prestou apoio aos trabalhos. A cirurgia na Santa Casa teve dura\u00e7\u00e3o de cinco horas e meia. O cirurgi\u00e3o de transplante da Santa Casa, Gl\u00e1ucio Souza, avaliou o tempo como h\u00e1bil e adequado para o procedimento. \u201cO tempo \u00e9 decisivo. O tempo entre a retirada do \u00f3rg\u00e3o no doador e a implanta\u00e7\u00e3o dele no receptor tem que durar at\u00e9, no m\u00e1ximo, 12 horas. Se isto ocorrer em menos horas, melhor. N\u00f3s corremos contra o tempo, que \u00e9 a nossa maior preocupa\u00e7\u00e3o. Depois come\u00e7am as outras, como as altera\u00e7\u00f5es no p\u00f3s-operat\u00f3rio, mas, felizmente, este paciente est\u00e1 evoluindo bem e estamos muito felizes com o resultado\u201d, comentou o cirurgi\u00e3o.<\/p>\n<p style=\"font-weight: 400; text-align: justify;\"><strong>Transplante de p\u00e2ncreas em tr\u00eas modalidades<\/strong><\/p>\n<p style=\"font-weight: 400; text-align: justify;\">Com a certifica\u00e7\u00e3o da Santa Casa para a realiza\u00e7\u00e3o do transplante de p\u00e2ncreas, a institui\u00e7\u00e3o passa a oferecer o procedimento em tr\u00eas modalidades. De acordo com Gustavo, a primeira e a principal delas \u00e9 o simult\u00e2neo, indicado para pacientes que tiveram a fal\u00eancia dos rins provocada pelo diabetes tipo 1. \u201cA segunda op\u00e7\u00e3o \u00e9 o transplante de p\u00e2ncreas ap\u00f3s o rim, ou seja, para pacientes com diabetes que tenham sido submetidos primeiramente ao transplante de rim para controlar a doen\u00e7a, mas alguns pacientes n\u00e3o t\u00eam capacidade de manter o controle glic\u00eamico, e a hipoglicemia que eleva o risco de morte e \u00e9 a principal indica\u00e7\u00e3o. Inclusive, j\u00e1 temos um paciente aguardando na fila neste modelo. Por \u00faltimo, e mais restrito, \u00e9 o transplante isolado do p\u00e2ncreas, para pacientes que ainda t\u00eam o rim funcionando, mas que que n\u00e3o conseguem controlar. Estes casos s\u00e3o mais raros em fun\u00e7\u00e3o do avan\u00e7o das terapias medicamentosas\u201d, explicou.<\/p>\n<p style=\"font-weight: 400; text-align: justify;\">O coordenador acrescentou que agora, com a Santa Casa, Minas Gerais passa a contar com dois hospitais credenciados para realizar este tipo de transplante muito espec\u00edfico. O outro fica em Belo Horizonte. \u201cFechamos um ciclo importante dentro dos transplantes de \u00f3rg\u00e3os abdominais dentro da Santa Casa. Isto \u00e9 fruto de um trabalho desenhado h\u00e1 alguns anos e feito por um grupo muito robusto. A gente n\u00e3o conseguiria fazer isso sem a estrutura que o hospital nos forneceu e o grupo multidisciplinar, que nos oferece seguran\u00e7a para realizar esse procedimento\u201d, ressalta Gustavo.<\/p>\n<p style=\"font-weight: 400; text-align: justify;\"><strong>\u2018Quero beber uma garrafa de \u00e1gua\u2019<\/strong><\/p>\n<p style=\"font-weight: 400; text-align: justify;\">No quarto, em plena recupera\u00e7\u00e3o e cheio de expectativas, est\u00e1 Diogo de Souza Bernardes, 30 anos, morador do Bairro Maril\u00e2ndia, na Cidade Alta, e o primeiro paciente na regi\u00e3o a receber \u00f3rg\u00e3os em um transplante simult\u00e2neo. Para ele, ser\u00e1 uma oportunidade para come\u00e7ar uma vida nova, j\u00e1 que convive desde seu primeiro ano de vida com o diabetes tipo 1, que em 2013 evoluiu para a fal\u00eancia renal, obrigando o ex-cobrador de \u00f4nibus a realizar sess\u00f5es de hemodi\u00e1lise. \u201cForam quatro anos e sete meses sofrendo com a insufici\u00eancia renal. Hoje eu sinto como se fosse um beb\u00ea, que vai ter que aprender a fazer tudo de novo, mais regrado e certinho\u201d, ressalta ele, que \u00e9 pai do pequeno Gabriel, 6 anos.<\/p>\n<p style=\"font-weight: 400; text-align: justify;\">Diante de novas possibilidades, o maior desejo de Diogo \u00e9 simples: beber uma garrafa de \u00e1gua, algo que n\u00e3o pode fazer por conta da hemodi\u00e1lise. \u201cEu sempre soube que a minha chance de cura era o transplante, por isso, sempre tive esperan\u00e7as. Agora quero aproveitar ao m\u00e1ximo cada instante e agradecer bastante a Deus. Sei que n\u00e3o poderei abusar, pois os transplantes n\u00e3o me deixam livre para fazer qualquer coisa. Pelo contr\u00e1rio, preciso ter mais cuidados para n\u00e3o regredir e ter complica\u00e7\u00f5es futuras\u201d, comenta ele, que espera ter alta m\u00e9dica at\u00e9 o final desta semana, ir para a casa e matar a saudade do filho.<\/p>\n<figure id=\"attachment_13085\" aria-describedby=\"caption-attachment-13085\" style=\"width: 563px\" class=\"wp-caption alignnone\"><img fetchpriority=\"high\" decoding=\"async\" class=\" wp-image-13085\" src=\"http:\/\/federasbackup.meltcomunicacao.com.br\/wp-content\/uploads\/2018\/06\/IMG_0008.jpg\" alt=\"\" width=\"563\" height=\"422\" srcset=\"https:\/\/www.federassantas.org.br\/novosite\/wp-content\/uploads\/2018\/06\/IMG_0008.jpg 1600w, https:\/\/www.federassantas.org.br\/novosite\/wp-content\/uploads\/2018\/06\/IMG_0008-300x225.jpg 300w, https:\/\/www.federassantas.org.br\/novosite\/wp-content\/uploads\/2018\/06\/IMG_0008-1024x768.jpg 1024w, https:\/\/www.federassantas.org.br\/novosite\/wp-content\/uploads\/2018\/06\/IMG_0008-768x576.jpg 768w, https:\/\/www.federassantas.org.br\/novosite\/wp-content\/uploads\/2018\/06\/IMG_0008-1536x1152.jpg 1536w\" sizes=\"(max-width: 563px) 100vw, 563px\" \/><figcaption id=\"caption-attachment-13085\" class=\"wp-caption-text\">Gustavo Fernandes Ferreira, coordenador da Unidade de Pr\u00e1tica Integrada de Transplante da Santa Casa JF<\/figcaption><\/figure>\n<p><img decoding=\"async\" class=\"alignnone  wp-image-13086\" src=\"http:\/\/federasbackup.meltcomunicacao.com.br\/wp-content\/uploads\/2018\/06\/IMG_0017.jpg\" alt=\"\" width=\"560\" height=\"420\" srcset=\"https:\/\/www.federassantas.org.br\/novosite\/wp-content\/uploads\/2018\/06\/IMG_0017.jpg 1600w, https:\/\/www.federassantas.org.br\/novosite\/wp-content\/uploads\/2018\/06\/IMG_0017-300x225.jpg 300w, https:\/\/www.federassantas.org.br\/novosite\/wp-content\/uploads\/2018\/06\/IMG_0017-1024x768.jpg 1024w, https:\/\/www.federassantas.org.br\/novosite\/wp-content\/uploads\/2018\/06\/IMG_0017-768x576.jpg 768w, https:\/\/www.federassantas.org.br\/novosite\/wp-content\/uploads\/2018\/06\/IMG_0017-1536x1152.jpg 1536w\" sizes=\"(max-width: 560px) 100vw, 560px\" \/><\/p>\n<p><em>Fonte: Jornal Tribuna de Minas<\/em><\/p>\n","protected":false},"excerpt":{"rendered":"<p>Paciente, diagnosticado com diabetes tipo 1 com um ano de vida, recebeu rim e p\u00e2ncreas ao mesmo tempo, procedimento at\u00e9 ent\u00e3o in\u00e9dito na regi\u00e3o Um juiz-forano de 30 anos foi o primeiro paciente da regi\u00e3o a passar por um transplante simult\u00e2neo de \u00f3rg\u00e3os, realizado pela Santa Casa de Miseric\u00f3rdia. O paciente recebeu um rim e [&hellip;]<\/p>\n","protected":false},"author":1,"featured_media":13087,"comment_status":"open","ping_status":"open","sticky":false,"template":"","format":"standard","meta":{"footnotes":""},"categories":[140,139],"tags":[],"class_list":["post-13084","post","type-post","status-publish","format-standard","has-post-thumbnail","hentry","category-noticias","category-noticias-filiados"],"yoast_head":"<!-- This site is optimized with the Yoast SEO plugin v26.9 - https:\/\/yoast.com\/product\/yoast-seo-wordpress\/ -->\n<title>Santa Casa JF realiza primeiro transplante simult\u00e2neo de \u00f3rg\u00e3os - Federassantas<\/title>\n<meta name=\"robots\" content=\"index, follow, max-snippet:-1, max-image-preview:large, max-video-preview:-1\" \/>\n<link rel=\"canonical\" href=\"https:\/\/www.federassantas.org.br\/novosite\/santa-casa-jf-realiza-primeiro-transplante-simultaneo-de-orgaos\/\" \/>\n<meta property=\"og:locale\" content=\"pt_BR\" \/>\n<meta property=\"og:type\" content=\"article\" \/>\n<meta property=\"og:title\" content=\"Santa Casa JF realiza primeiro transplante simult\u00e2neo de \u00f3rg\u00e3os - Federassantas\" \/>\n<meta property=\"og:description\" content=\"Paciente, diagnosticado com diabetes tipo 1 com um ano de vida, recebeu rim e p\u00e2ncreas ao mesmo tempo, procedimento at\u00e9 ent\u00e3o in\u00e9dito na regi\u00e3o Um juiz-forano de 30 anos foi o primeiro paciente da regi\u00e3o a passar por um transplante simult\u00e2neo de \u00f3rg\u00e3os, realizado pela Santa Casa de Miseric\u00f3rdia. O paciente recebeu um rim e [&hellip;]\" \/>\n<meta property=\"og:url\" content=\"https:\/\/www.federassantas.org.br\/novosite\/santa-casa-jf-realiza-primeiro-transplante-simultaneo-de-orgaos\/\" \/>\n<meta property=\"og:site_name\" content=\"Federassantas\" \/>\n<meta property=\"article:published_time\" content=\"2018-06-22T16:30:56+00:00\" \/>\n<meta property=\"og:image\" content=\"https:\/\/www.federassantas.org.br\/novosite\/wp-content\/uploads\/2018\/06\/IMG_0039.jpg\" \/>\n\t<meta property=\"og:image:width\" content=\"1600\" \/>\n\t<meta property=\"og:image:height\" content=\"1200\" \/>\n\t<meta property=\"og:image:type\" content=\"image\/jpeg\" \/>\n<meta name=\"author\" content=\"admin-federas\" \/>\n<meta name=\"twitter:card\" content=\"summary_large_image\" \/>\n<meta name=\"twitter:label1\" content=\"Escrito por\" \/>\n\t<meta name=\"twitter:data1\" content=\"admin-federas\" \/>\n\t<meta name=\"twitter:label2\" content=\"Est. tempo de leitura\" \/>\n\t<meta name=\"twitter:data2\" content=\"5 minutos\" \/>\n<script type=\"application\/ld+json\" class=\"yoast-schema-graph\">{\"@context\":\"https:\/\/schema.org\",\"@graph\":[{\"@type\":\"Article\",\"@id\":\"https:\/\/www.federassantas.org.br\/novosite\/santa-casa-jf-realiza-primeiro-transplante-simultaneo-de-orgaos\/#article\",\"isPartOf\":{\"@id\":\"https:\/\/www.federassantas.org.br\/novosite\/santa-casa-jf-realiza-primeiro-transplante-simultaneo-de-orgaos\/\"},\"author\":{\"name\":\"admin-federas\",\"@id\":\"https:\/\/www.federassantas.org.br\/novosite\/#\/schema\/person\/75fed98158349313fe56175f232f513c\"},\"headline\":\"Santa Casa JF realiza primeiro transplante simult\u00e2neo de \u00f3rg\u00e3os\",\"datePublished\":\"2018-06-22T16:30:56+00:00\",\"mainEntityOfPage\":{\"@id\":\"https:\/\/www.federassantas.org.br\/novosite\/santa-casa-jf-realiza-primeiro-transplante-simultaneo-de-orgaos\/\"},\"wordCount\":987,\"commentCount\":0,\"publisher\":{\"@id\":\"https:\/\/www.federassantas.org.br\/novosite\/#organization\"},\"image\":{\"@id\":\"https:\/\/www.federassantas.org.br\/novosite\/santa-casa-jf-realiza-primeiro-transplante-simultaneo-de-orgaos\/#primaryimage\"},\"thumbnailUrl\":\"https:\/\/www.federassantas.org.br\/novosite\/wp-content\/uploads\/2018\/06\/IMG_0039.jpg\",\"articleSection\":[\"Not\u00edcias\",\"Not\u00edcias filiados\"],\"inLanguage\":\"pt-BR\",\"potentialAction\":[{\"@type\":\"CommentAction\",\"name\":\"Comment\",\"target\":[\"https:\/\/www.federassantas.org.br\/novosite\/santa-casa-jf-realiza-primeiro-transplante-simultaneo-de-orgaos\/#respond\"]}]},{\"@type\":\"WebPage\",\"@id\":\"https:\/\/www.federassantas.org.br\/novosite\/santa-casa-jf-realiza-primeiro-transplante-simultaneo-de-orgaos\/\",\"url\":\"https:\/\/www.federassantas.org.br\/novosite\/santa-casa-jf-realiza-primeiro-transplante-simultaneo-de-orgaos\/\",\"name\":\"Santa Casa JF realiza primeiro transplante simult\u00e2neo de \u00f3rg\u00e3os - Federassantas\",\"isPartOf\":{\"@id\":\"https:\/\/www.federassantas.org.br\/novosite\/#website\"},\"primaryImageOfPage\":{\"@id\":\"https:\/\/www.federassantas.org.br\/novosite\/santa-casa-jf-realiza-primeiro-transplante-simultaneo-de-orgaos\/#primaryimage\"},\"image\":{\"@id\":\"https:\/\/www.federassantas.org.br\/novosite\/santa-casa-jf-realiza-primeiro-transplante-simultaneo-de-orgaos\/#primaryimage\"},\"thumbnailUrl\":\"https:\/\/www.federassantas.org.br\/novosite\/wp-content\/uploads\/2018\/06\/IMG_0039.jpg\",\"datePublished\":\"2018-06-22T16:30:56+00:00\",\"breadcrumb\":{\"@id\":\"https:\/\/www.federassantas.org.br\/novosite\/santa-casa-jf-realiza-primeiro-transplante-simultaneo-de-orgaos\/#breadcrumb\"},\"inLanguage\":\"pt-BR\",\"potentialAction\":[{\"@type\":\"ReadAction\",\"target\":[\"https:\/\/www.federassantas.org.br\/novosite\/santa-casa-jf-realiza-primeiro-transplante-simultaneo-de-orgaos\/\"]}]},{\"@type\":\"ImageObject\",\"inLanguage\":\"pt-BR\",\"@id\":\"https:\/\/www.federassantas.org.br\/novosite\/santa-casa-jf-realiza-primeiro-transplante-simultaneo-de-orgaos\/#primaryimage\",\"url\":\"https:\/\/www.federassantas.org.br\/novosite\/wp-content\/uploads\/2018\/06\/IMG_0039.jpg\",\"contentUrl\":\"https:\/\/www.federassantas.org.br\/novosite\/wp-content\/uploads\/2018\/06\/IMG_0039.jpg\",\"width\":1600,\"height\":1200},{\"@type\":\"BreadcrumbList\",\"@id\":\"https:\/\/www.federassantas.org.br\/novosite\/santa-casa-jf-realiza-primeiro-transplante-simultaneo-de-orgaos\/#breadcrumb\",\"itemListElement\":[{\"@type\":\"ListItem\",\"position\":1,\"name\":\"In\u00edcio\",\"item\":\"https:\/\/www.federassantas.org.br\/novosite\/\"},{\"@type\":\"ListItem\",\"position\":2,\"name\":\"Santa Casa JF realiza primeiro transplante simult\u00e2neo de \u00f3rg\u00e3os\"}]},{\"@type\":\"WebSite\",\"@id\":\"https:\/\/www.federassantas.org.br\/novosite\/#website\",\"url\":\"https:\/\/www.federassantas.org.br\/novosite\/\",\"name\":\"Federassantas\",\"description\":\"Entidade de representa\u00e7\u00e3o e fortalecimento das Santas Casas, hospitais filantr\u00f3picos e entidades beneficentes de sa\u00fade de Minas Gerais, atuando na defesa institucional, qualifica\u00e7\u00e3o da gest\u00e3o e sustentabilidade do setor.\",\"publisher\":{\"@id\":\"https:\/\/www.federassantas.org.br\/novosite\/#organization\"},\"potentialAction\":[{\"@type\":\"SearchAction\",\"target\":{\"@type\":\"EntryPoint\",\"urlTemplate\":\"https:\/\/www.federassantas.org.br\/novosite\/?s={search_term_string}\"},\"query-input\":{\"@type\":\"PropertyValueSpecification\",\"valueRequired\":true,\"valueName\":\"search_term_string\"}}],\"inLanguage\":\"pt-BR\"},{\"@type\":\"Organization\",\"@id\":\"https:\/\/www.federassantas.org.br\/novosite\/#organization\",\"name\":\"Federassantas\",\"url\":\"https:\/\/www.federassantas.org.br\/novosite\/\",\"logo\":{\"@type\":\"ImageObject\",\"inLanguage\":\"pt-BR\",\"@id\":\"https:\/\/www.federassantas.org.br\/novosite\/#\/schema\/logo\/image\/\",\"url\":\"https:\/\/www.federassantas.org.br\/novosite\/wp-content\/uploads\/2021\/12\/logo.png\",\"contentUrl\":\"https:\/\/www.federassantas.org.br\/novosite\/wp-content\/uploads\/2021\/12\/logo.png\",\"width\":243,\"height\":59,\"caption\":\"Federassantas\"},\"image\":{\"@id\":\"https:\/\/www.federassantas.org.br\/novosite\/#\/schema\/logo\/image\/\"}},{\"@type\":\"Person\",\"@id\":\"https:\/\/www.federassantas.org.br\/novosite\/#\/schema\/person\/75fed98158349313fe56175f232f513c\",\"name\":\"admin-federas\",\"image\":{\"@type\":\"ImageObject\",\"inLanguage\":\"pt-BR\",\"@id\":\"https:\/\/www.federassantas.org.br\/novosite\/#\/schema\/person\/image\/\",\"url\":\"https:\/\/secure.gravatar.com\/avatar\/2a02d7dda59fe8dc6b7ffd3f652e2efede5ccf0dd89dfdc8137c5517f3de8407?s=96&d=mm&r=g\",\"contentUrl\":\"https:\/\/secure.gravatar.com\/avatar\/2a02d7dda59fe8dc6b7ffd3f652e2efede5ccf0dd89dfdc8137c5517f3de8407?s=96&d=mm&r=g\",\"caption\":\"admin-federas\"},\"sameAs\":[\"https:\/\/www.federassantas.org.br\/novosite\/\"],\"url\":\"https:\/\/www.federassantas.org.br\/novosite\/author\/admin-federas\/\"}]}<\/script>\n<!-- \/ Yoast SEO plugin. -->","yoast_head_json":{"title":"Santa Casa JF realiza primeiro transplante simult\u00e2neo de \u00f3rg\u00e3os - Federassantas","robots":{"index":"index","follow":"follow","max-snippet":"max-snippet:-1","max-image-preview":"max-image-preview:large","max-video-preview":"max-video-preview:-1"},"canonical":"https:\/\/www.federassantas.org.br\/novosite\/santa-casa-jf-realiza-primeiro-transplante-simultaneo-de-orgaos\/","og_locale":"pt_BR","og_type":"article","og_title":"Santa Casa JF realiza primeiro transplante simult\u00e2neo de \u00f3rg\u00e3os - Federassantas","og_description":"Paciente, diagnosticado com diabetes tipo 1 com um ano de vida, recebeu rim e p\u00e2ncreas ao mesmo tempo, procedimento at\u00e9 ent\u00e3o in\u00e9dito na regi\u00e3o Um juiz-forano de 30 anos foi o primeiro paciente da regi\u00e3o a passar por um transplante simult\u00e2neo de \u00f3rg\u00e3os, realizado pela Santa Casa de Miseric\u00f3rdia. O paciente recebeu um rim e [&hellip;]","og_url":"https:\/\/www.federassantas.org.br\/novosite\/santa-casa-jf-realiza-primeiro-transplante-simultaneo-de-orgaos\/","og_site_name":"Federassantas","article_published_time":"2018-06-22T16:30:56+00:00","og_image":[{"width":1600,"height":1200,"url":"https:\/\/www.federassantas.org.br\/novosite\/wp-content\/uploads\/2018\/06\/IMG_0039.jpg","type":"image\/jpeg"}],"author":"admin-federas","twitter_card":"summary_large_image","twitter_misc":{"Escrito por":"admin-federas","Est. tempo de leitura":"5 minutos"},"schema":{"@context":"https:\/\/schema.org","@graph":[{"@type":"Article","@id":"https:\/\/www.federassantas.org.br\/novosite\/santa-casa-jf-realiza-primeiro-transplante-simultaneo-de-orgaos\/#article","isPartOf":{"@id":"https:\/\/www.federassantas.org.br\/novosite\/santa-casa-jf-realiza-primeiro-transplante-simultaneo-de-orgaos\/"},"author":{"name":"admin-federas","@id":"https:\/\/www.federassantas.org.br\/novosite\/#\/schema\/person\/75fed98158349313fe56175f232f513c"},"headline":"Santa Casa JF realiza primeiro transplante simult\u00e2neo de \u00f3rg\u00e3os","datePublished":"2018-06-22T16:30:56+00:00","mainEntityOfPage":{"@id":"https:\/\/www.federassantas.org.br\/novosite\/santa-casa-jf-realiza-primeiro-transplante-simultaneo-de-orgaos\/"},"wordCount":987,"commentCount":0,"publisher":{"@id":"https:\/\/www.federassantas.org.br\/novosite\/#organization"},"image":{"@id":"https:\/\/www.federassantas.org.br\/novosite\/santa-casa-jf-realiza-primeiro-transplante-simultaneo-de-orgaos\/#primaryimage"},"thumbnailUrl":"https:\/\/www.federassantas.org.br\/novosite\/wp-content\/uploads\/2018\/06\/IMG_0039.jpg","articleSection":["Not\u00edcias","Not\u00edcias filiados"],"inLanguage":"pt-BR","potentialAction":[{"@type":"CommentAction","name":"Comment","target":["https:\/\/www.federassantas.org.br\/novosite\/santa-casa-jf-realiza-primeiro-transplante-simultaneo-de-orgaos\/#respond"]}]},{"@type":"WebPage","@id":"https:\/\/www.federassantas.org.br\/novosite\/santa-casa-jf-realiza-primeiro-transplante-simultaneo-de-orgaos\/","url":"https:\/\/www.federassantas.org.br\/novosite\/santa-casa-jf-realiza-primeiro-transplante-simultaneo-de-orgaos\/","name":"Santa Casa JF realiza primeiro transplante simult\u00e2neo de \u00f3rg\u00e3os - Federassantas","isPartOf":{"@id":"https:\/\/www.federassantas.org.br\/novosite\/#website"},"primaryImageOfPage":{"@id":"https:\/\/www.federassantas.org.br\/novosite\/santa-casa-jf-realiza-primeiro-transplante-simultaneo-de-orgaos\/#primaryimage"},"image":{"@id":"https:\/\/www.federassantas.org.br\/novosite\/santa-casa-jf-realiza-primeiro-transplante-simultaneo-de-orgaos\/#primaryimage"},"thumbnailUrl":"https:\/\/www.federassantas.org.br\/novosite\/wp-content\/uploads\/2018\/06\/IMG_0039.jpg","datePublished":"2018-06-22T16:30:56+00:00","breadcrumb":{"@id":"https:\/\/www.federassantas.org.br\/novosite\/santa-casa-jf-realiza-primeiro-transplante-simultaneo-de-orgaos\/#breadcrumb"},"inLanguage":"pt-BR","potentialAction":[{"@type":"ReadAction","target":["https:\/\/www.federassantas.org.br\/novosite\/santa-casa-jf-realiza-primeiro-transplante-simultaneo-de-orgaos\/"]}]},{"@type":"ImageObject","inLanguage":"pt-BR","@id":"https:\/\/www.federassantas.org.br\/novosite\/santa-casa-jf-realiza-primeiro-transplante-simultaneo-de-orgaos\/#primaryimage","url":"https:\/\/www.federassantas.org.br\/novosite\/wp-content\/uploads\/2018\/06\/IMG_0039.jpg","contentUrl":"https:\/\/www.federassantas.org.br\/novosite\/wp-content\/uploads\/2018\/06\/IMG_0039.jpg","width":1600,"height":1200},{"@type":"BreadcrumbList","@id":"https:\/\/www.federassantas.org.br\/novosite\/santa-casa-jf-realiza-primeiro-transplante-simultaneo-de-orgaos\/#breadcrumb","itemListElement":[{"@type":"ListItem","position":1,"name":"In\u00edcio","item":"https:\/\/www.federassantas.org.br\/novosite\/"},{"@type":"ListItem","position":2,"name":"Santa Casa JF realiza primeiro transplante simult\u00e2neo de \u00f3rg\u00e3os"}]},{"@type":"WebSite","@id":"https:\/\/www.federassantas.org.br\/novosite\/#website","url":"https:\/\/www.federassantas.org.br\/novosite\/","name":"Federassantas","description":"Entidade de representa\u00e7\u00e3o e fortalecimento das Santas Casas, hospitais filantr\u00f3picos e entidades beneficentes de sa\u00fade de Minas Gerais, atuando na defesa institucional, qualifica\u00e7\u00e3o da gest\u00e3o e sustentabilidade do setor.","publisher":{"@id":"https:\/\/www.federassantas.org.br\/novosite\/#organization"},"potentialAction":[{"@type":"SearchAction","target":{"@type":"EntryPoint","urlTemplate":"https:\/\/www.federassantas.org.br\/novosite\/?s={search_term_string}"},"query-input":{"@type":"PropertyValueSpecification","valueRequired":true,"valueName":"search_term_string"}}],"inLanguage":"pt-BR"},{"@type":"Organization","@id":"https:\/\/www.federassantas.org.br\/novosite\/#organization","name":"Federassantas","url":"https:\/\/www.federassantas.org.br\/novosite\/","logo":{"@type":"ImageObject","inLanguage":"pt-BR","@id":"https:\/\/www.federassantas.org.br\/novosite\/#\/schema\/logo\/image\/","url":"https:\/\/www.federassantas.org.br\/novosite\/wp-content\/uploads\/2021\/12\/logo.png","contentUrl":"https:\/\/www.federassantas.org.br\/novosite\/wp-content\/uploads\/2021\/12\/logo.png","width":243,"height":59,"caption":"Federassantas"},"image":{"@id":"https:\/\/www.federassantas.org.br\/novosite\/#\/schema\/logo\/image\/"}},{"@type":"Person","@id":"https:\/\/www.federassantas.org.br\/novosite\/#\/schema\/person\/75fed98158349313fe56175f232f513c","name":"admin-federas","image":{"@type":"ImageObject","inLanguage":"pt-BR","@id":"https:\/\/www.federassantas.org.br\/novosite\/#\/schema\/person\/image\/","url":"https:\/\/secure.gravatar.com\/avatar\/2a02d7dda59fe8dc6b7ffd3f652e2efede5ccf0dd89dfdc8137c5517f3de8407?s=96&d=mm&r=g","contentUrl":"https:\/\/secure.gravatar.com\/avatar\/2a02d7dda59fe8dc6b7ffd3f652e2efede5ccf0dd89dfdc8137c5517f3de8407?s=96&d=mm&r=g","caption":"admin-federas"},"sameAs":["https:\/\/www.federassantas.org.br\/novosite\/"],"url":"https:\/\/www.federassantas.org.br\/novosite\/author\/admin-federas\/"}]}},"_links":{"self":[{"href":"https:\/\/www.federassantas.org.br\/novosite\/wp-json\/wp\/v2\/posts\/13084","targetHints":{"allow":["GET"]}}],"collection":[{"href":"https:\/\/www.federassantas.org.br\/novosite\/wp-json\/wp\/v2\/posts"}],"about":[{"href":"https:\/\/www.federassantas.org.br\/novosite\/wp-json\/wp\/v2\/types\/post"}],"author":[{"embeddable":true,"href":"https:\/\/www.federassantas.org.br\/novosite\/wp-json\/wp\/v2\/users\/1"}],"replies":[{"embeddable":true,"href":"https:\/\/www.federassantas.org.br\/novosite\/wp-json\/wp\/v2\/comments?post=13084"}],"version-history":[{"count":0,"href":"https:\/\/www.federassantas.org.br\/novosite\/wp-json\/wp\/v2\/posts\/13084\/revisions"}],"wp:featuredmedia":[{"embeddable":true,"href":"https:\/\/www.federassantas.org.br\/novosite\/wp-json\/wp\/v2\/media\/13087"}],"wp:attachment":[{"href":"https:\/\/www.federassantas.org.br\/novosite\/wp-json\/wp\/v2\/media?parent=13084"}],"wp:term":[{"taxonomy":"category","embeddable":true,"href":"https:\/\/www.federassantas.org.br\/novosite\/wp-json\/wp\/v2\/categories?post=13084"},{"taxonomy":"post_tag","embeddable":true,"href":"https:\/\/www.federassantas.org.br\/novosite\/wp-json\/wp\/v2\/tags?post=13084"}],"curies":[{"name":"wp","href":"https:\/\/api.w.org\/{rel}","templated":true}]}}