{"id":13089,"date":"2018-06-22T16:39:28","date_gmt":"2018-06-22T19:39:28","guid":{"rendered":"https:\/\/federasbackup.meltcomunicacao.com.br\/?p=13089"},"modified":"2018-06-22T16:39:28","modified_gmt":"2018-06-22T19:39:28","slug":"cosems-mg-publica-relatorio-da-divida-do-governo-do-estado-com-os-municipios","status":"publish","type":"post","link":"https:\/\/www.federassantas.org.br\/novosite\/cosems-mg-publica-relatorio-da-divida-do-governo-do-estado-com-os-municipios\/","title":{"rendered":"COSEMS\/MG publica relat\u00f3rio da d\u00edvida do Governo do Estado com os munic\u00edpios"},"content":{"rendered":"<p style=\"text-align: justify;\">O COSEMS\/MG \u2013 Conselho de Secretarias Municipais de Sa\u00fade de Minas Gerais,\u00a0em cumprimento de seu dever estatut\u00e1rio, comunica que encontra-se publicado em www.cosemsmg.org.br o relat\u00f3rio atualizado e detalhado referente \u00e0 d\u00edvida do Governo do Estado de Minas Gerais em rela\u00e7\u00e3o aos 853 munic\u00edpios mineiros e prestadores de servi\u00e7os, que j\u00e1 ultrapassa os 3,9 bilh\u00f5es de reais para as d\u00edvidas contra\u00eddas at\u00e9 31 de dezembro de 2017.<\/p>\n<p style=\"text-align: justify;\">A d\u00edvida do Fundo Estadual de Sa\u00fade identificada por munic\u00edpio sede do credor, em restos a pagar, \u00e9 de R$ 3.483.997.391,08 (tr\u00eas bilh\u00f5es, quatrocentos e oitenta e tr\u00eas milh\u00f5es, novecentos e noventa e sete mil, trezentos e noventa e um reais e oito centavos), totalizando R$ 3.982.189.688,21 (tr\u00eas bilh\u00f5es, novecentos e oitenta e dois\u00a0milh\u00f5es, cento e oitenta e nove mil, seiscentos e oitenta e oito reais e vinte e um centavos). Nesse valor est\u00e3o apenas os repasses fundo a fundo aos munic\u00edpios e aos credores com objeto do empenho vinculado a presta\u00e7\u00e3o de servi\u00e7os de sa\u00fade poss\u00edvel de identifica\u00e7\u00e3o.<\/p>\n<p>A d\u00edvida total inscrita em restos a pagar e vencida no exerc\u00edcio de 2018 vinculada ao Fundo Estadual de Sa\u00fade \u00e9 da ordem de R$ 5.000.000.000,00 (cinco bilh\u00f5es de reais), se inclu\u00eddos os fornecedores diretos do Estado, despesas com pessoal como b\u00f4nus de desempenho e di\u00e1rias, despesas administrativas, al\u00e9m de senten\u00e7as judiciais e encargos, entre outros.<\/p>\n<p style=\"text-align: justify;\">Cada munic\u00edpio possui seu pr\u00f3prio relat\u00f3rio, com todo o detalhamento necess\u00e1rio para identifica\u00e7\u00e3o e monitoramento da d\u00edvida estadual referente a cada\u00a0empenho\/resolu\u00e7\u00e3o.<\/p>\n<p>A metodologia empregada para obten\u00e7\u00e3o dos relat\u00f3rios encontra-se detalhada ao fim do corpo de cada relat\u00f3rio.<\/p>\n<p>O COSEMS\/MG tem trabalhado no monitoramento e detalhamento da d\u00edvida estadual desde o ano de 2016, momento em que os atrasos nos repasses de recursos estaduais para a execu\u00e7\u00e3o das pol\u00edticas p\u00fablicas de sa\u00fade se tornaram progressivos.<\/p>\n<p>O objetivo da divulga\u00e7\u00e3o do relat\u00f3rio \u00e9 garantir que os prefeitos e gestores municipais de sa\u00fade tenham acesso \u00e0 informa\u00e7\u00e3o e possam acompanhar a discuss\u00e3o de pagamento, bem como organizar os or\u00e7amentos municipais e proteger a sa\u00fade de seus cidad\u00e3os. Pretende-se ainda garantir que outras entidades de controle possam acessar os relat\u00f3rios da d\u00edvida por empenho e contribuir para a mitiga\u00e7\u00e3o na situa\u00e7\u00e3o de crise da Sa\u00fade P\u00fablica de Minas Gerais.<\/p>\n<p><strong>Para ter acesso aos relat\u00f3rios com \u00e0 d\u00edvida total do Estado com os munic\u00edpios acesse o site:<br \/>\n<\/strong><a href=\"http:\/\/www.cosemsmg.org.br\/site\/index.php\/todas-as-noticias-do-cosems\/63-ultimas-noticias-do-cosems\/1724-relatorio-atualizado-com-o-levantamento-da-divida-estadual-nos-municipios-de-minas-gerais-2\">http:\/\/www.cosemsmg.org.br\/site\/index.php\/todas-as-noticias-do-cosems\/63-ultimas-noticias-do-cosems\/1724-relatorio-atualizado-com-o-levantamento-da-divida-estadual-nos-municipios-de-minas-gerais-2<\/a><\/p>\n","protected":false},"excerpt":{"rendered":"<p>O COSEMS\/MG \u2013 Conselho de Secretarias Municipais de Sa\u00fade de Minas Gerais,\u00a0em cumprimento de seu dever estatut\u00e1rio, comunica que encontra-se publicado em www.cosemsmg.org.br o relat\u00f3rio atualizado e detalhado referente \u00e0 d\u00edvida do Governo do Estado de Minas Gerais em rela\u00e7\u00e3o aos 853 munic\u00edpios mineiros e prestadores de servi\u00e7os, que j\u00e1 ultrapassa os 3,9 bilh\u00f5es de [&hellip;]<\/p>\n","protected":false},"author":1,"featured_media":13090,"comment_status":"open","ping_status":"open","sticky":false,"template":"","format":"standard","meta":{"footnotes":""},"categories":[140,143],"tags":[],"class_list":["post-13089","post","type-post","status-publish","format-standard","has-post-thumbnail","hentry","category-noticias","category-noticias-publicas"],"yoast_head":"<!-- This site is optimized with the Yoast SEO plugin v26.9 - https:\/\/yoast.com\/product\/yoast-seo-wordpress\/ -->\n<title>COSEMS\/MG publica relat\u00f3rio da d\u00edvida do Governo do Estado com os munic\u00edpios - Federassantas<\/title>\n<meta name=\"robots\" content=\"index, follow, max-snippet:-1, max-image-preview:large, max-video-preview:-1\" \/>\n<link rel=\"canonical\" href=\"https:\/\/www.federassantas.org.br\/novosite\/cosems-mg-publica-relatorio-da-divida-do-governo-do-estado-com-os-municipios\/\" \/>\n<meta property=\"og:locale\" content=\"pt_BR\" \/>\n<meta property=\"og:type\" content=\"article\" \/>\n<meta property=\"og:title\" content=\"COSEMS\/MG publica relat\u00f3rio da d\u00edvida do Governo do Estado com os munic\u00edpios - Federassantas\" \/>\n<meta property=\"og:description\" content=\"O COSEMS\/MG \u2013 Conselho de Secretarias Municipais de Sa\u00fade de Minas Gerais,\u00a0em cumprimento de seu dever estatut\u00e1rio, comunica que encontra-se publicado em www.cosemsmg.org.br o relat\u00f3rio atualizado e detalhado referente \u00e0 d\u00edvida do Governo do Estado de Minas Gerais em rela\u00e7\u00e3o aos 853 munic\u00edpios mineiros e prestadores de servi\u00e7os, que j\u00e1 ultrapassa os 3,9 bilh\u00f5es de [&hellip;]\" \/>\n<meta property=\"og:url\" content=\"https:\/\/www.federassantas.org.br\/novosite\/cosems-mg-publica-relatorio-da-divida-do-governo-do-estado-com-os-municipios\/\" \/>\n<meta property=\"og:site_name\" content=\"Federassantas\" \/>\n<meta property=\"article:published_time\" content=\"2018-06-22T19:39:28+00:00\" \/>\n<meta name=\"author\" content=\"admin-federas\" \/>\n<meta name=\"twitter:card\" content=\"summary_large_image\" \/>\n<meta name=\"twitter:label1\" content=\"Escrito por\" \/>\n\t<meta name=\"twitter:data1\" content=\"admin-federas\" \/>\n\t<meta name=\"twitter:label2\" content=\"Est. tempo de leitura\" \/>\n\t<meta name=\"twitter:data2\" content=\"2 minutos\" \/>\n<script type=\"application\/ld+json\" class=\"yoast-schema-graph\">{\"@context\":\"https:\/\/schema.org\",\"@graph\":[{\"@type\":\"Article\",\"@id\":\"https:\/\/www.federassantas.org.br\/novosite\/cosems-mg-publica-relatorio-da-divida-do-governo-do-estado-com-os-municipios\/#article\",\"isPartOf\":{\"@id\":\"https:\/\/www.federassantas.org.br\/novosite\/cosems-mg-publica-relatorio-da-divida-do-governo-do-estado-com-os-municipios\/\"},\"author\":{\"name\":\"admin-federas\",\"@id\":\"https:\/\/www.federassantas.org.br\/novosite\/#\/schema\/person\/75fed98158349313fe56175f232f513c\"},\"headline\":\"COSEMS\/MG publica relat\u00f3rio da d\u00edvida do Governo do Estado com os munic\u00edpios\",\"datePublished\":\"2018-06-22T19:39:28+00:00\",\"mainEntityOfPage\":{\"@id\":\"https:\/\/www.federassantas.org.br\/novosite\/cosems-mg-publica-relatorio-da-divida-do-governo-do-estado-com-os-municipios\/\"},\"wordCount\":471,\"commentCount\":0,\"publisher\":{\"@id\":\"https:\/\/www.federassantas.org.br\/novosite\/#organization\"},\"image\":{\"@id\":\"https:\/\/www.federassantas.org.br\/novosite\/cosems-mg-publica-relatorio-da-divida-do-governo-do-estado-com-os-municipios\/#primaryimage\"},\"thumbnailUrl\":\"\",\"articleSection\":[\"Not\u00edcias\",\"Not\u00edcias P\u00fablicas\"],\"inLanguage\":\"pt-BR\",\"potentialAction\":[{\"@type\":\"CommentAction\",\"name\":\"Comment\",\"target\":[\"https:\/\/www.federassantas.org.br\/novosite\/cosems-mg-publica-relatorio-da-divida-do-governo-do-estado-com-os-municipios\/#respond\"]}]},{\"@type\":\"WebPage\",\"@id\":\"https:\/\/www.federassantas.org.br\/novosite\/cosems-mg-publica-relatorio-da-divida-do-governo-do-estado-com-os-municipios\/\",\"url\":\"https:\/\/www.federassantas.org.br\/novosite\/cosems-mg-publica-relatorio-da-divida-do-governo-do-estado-com-os-municipios\/\",\"name\":\"COSEMS\/MG publica relat\u00f3rio da d\u00edvida do Governo do Estado com os munic\u00edpios - Federassantas\",\"isPartOf\":{\"@id\":\"https:\/\/www.federassantas.org.br\/novosite\/#website\"},\"primaryImageOfPage\":{\"@id\":\"https:\/\/www.federassantas.org.br\/novosite\/cosems-mg-publica-relatorio-da-divida-do-governo-do-estado-com-os-municipios\/#primaryimage\"},\"image\":{\"@id\":\"https:\/\/www.federassantas.org.br\/novosite\/cosems-mg-publica-relatorio-da-divida-do-governo-do-estado-com-os-municipios\/#primaryimage\"},\"thumbnailUrl\":\"\",\"datePublished\":\"2018-06-22T19:39:28+00:00\",\"breadcrumb\":{\"@id\":\"https:\/\/www.federassantas.org.br\/novosite\/cosems-mg-publica-relatorio-da-divida-do-governo-do-estado-com-os-municipios\/#breadcrumb\"},\"inLanguage\":\"pt-BR\",\"potentialAction\":[{\"@type\":\"ReadAction\",\"target\":[\"https:\/\/www.federassantas.org.br\/novosite\/cosems-mg-publica-relatorio-da-divida-do-governo-do-estado-com-os-municipios\/\"]}]},{\"@type\":\"ImageObject\",\"inLanguage\":\"pt-BR\",\"@id\":\"https:\/\/www.federassantas.org.br\/novosite\/cosems-mg-publica-relatorio-da-divida-do-governo-do-estado-com-os-municipios\/#primaryimage\",\"url\":\"\",\"contentUrl\":\"\"},{\"@type\":\"BreadcrumbList\",\"@id\":\"https:\/\/www.federassantas.org.br\/novosite\/cosems-mg-publica-relatorio-da-divida-do-governo-do-estado-com-os-municipios\/#breadcrumb\",\"itemListElement\":[{\"@type\":\"ListItem\",\"position\":1,\"name\":\"In\u00edcio\",\"item\":\"https:\/\/www.federassantas.org.br\/novosite\/\"},{\"@type\":\"ListItem\",\"position\":2,\"name\":\"COSEMS\/MG publica relat\u00f3rio da d\u00edvida do Governo do Estado com os munic\u00edpios\"}]},{\"@type\":\"WebSite\",\"@id\":\"https:\/\/www.federassantas.org.br\/novosite\/#website\",\"url\":\"https:\/\/www.federassantas.org.br\/novosite\/\",\"name\":\"Federassantas\",\"description\":\"Entidade de representa\u00e7\u00e3o e fortalecimento das Santas Casas, hospitais filantr\u00f3picos e entidades beneficentes de sa\u00fade de Minas Gerais, atuando na defesa institucional, qualifica\u00e7\u00e3o da gest\u00e3o e sustentabilidade do setor.\",\"publisher\":{\"@id\":\"https:\/\/www.federassantas.org.br\/novosite\/#organization\"},\"potentialAction\":[{\"@type\":\"SearchAction\",\"target\":{\"@type\":\"EntryPoint\",\"urlTemplate\":\"https:\/\/www.federassantas.org.br\/novosite\/?s={search_term_string}\"},\"query-input\":{\"@type\":\"PropertyValueSpecification\",\"valueRequired\":true,\"valueName\":\"search_term_string\"}}],\"inLanguage\":\"pt-BR\"},{\"@type\":\"Organization\",\"@id\":\"https:\/\/www.federassantas.org.br\/novosite\/#organization\",\"name\":\"Federassantas\",\"url\":\"https:\/\/www.federassantas.org.br\/novosite\/\",\"logo\":{\"@type\":\"ImageObject\",\"inLanguage\":\"pt-BR\",\"@id\":\"https:\/\/www.federassantas.org.br\/novosite\/#\/schema\/logo\/image\/\",\"url\":\"https:\/\/www.federassantas.org.br\/novosite\/wp-content\/uploads\/2021\/12\/logo.png\",\"contentUrl\":\"https:\/\/www.federassantas.org.br\/novosite\/wp-content\/uploads\/2021\/12\/logo.png\",\"width\":243,\"height\":59,\"caption\":\"Federassantas\"},\"image\":{\"@id\":\"https:\/\/www.federassantas.org.br\/novosite\/#\/schema\/logo\/image\/\"}},{\"@type\":\"Person\",\"@id\":\"https:\/\/www.federassantas.org.br\/novosite\/#\/schema\/person\/75fed98158349313fe56175f232f513c\",\"name\":\"admin-federas\",\"image\":{\"@type\":\"ImageObject\",\"inLanguage\":\"pt-BR\",\"@id\":\"https:\/\/www.federassantas.org.br\/novosite\/#\/schema\/person\/image\/\",\"url\":\"https:\/\/secure.gravatar.com\/avatar\/2a02d7dda59fe8dc6b7ffd3f652e2efede5ccf0dd89dfdc8137c5517f3de8407?s=96&d=mm&r=g\",\"contentUrl\":\"https:\/\/secure.gravatar.com\/avatar\/2a02d7dda59fe8dc6b7ffd3f652e2efede5ccf0dd89dfdc8137c5517f3de8407?s=96&d=mm&r=g\",\"caption\":\"admin-federas\"},\"sameAs\":[\"https:\/\/www.federassantas.org.br\/novosite\/\"],\"url\":\"https:\/\/www.federassantas.org.br\/novosite\/author\/admin-federas\/\"}]}<\/script>\n<!-- \/ Yoast SEO plugin. -->","yoast_head_json":{"title":"COSEMS\/MG publica relat\u00f3rio da d\u00edvida do Governo do Estado com os munic\u00edpios - Federassantas","robots":{"index":"index","follow":"follow","max-snippet":"max-snippet:-1","max-image-preview":"max-image-preview:large","max-video-preview":"max-video-preview:-1"},"canonical":"https:\/\/www.federassantas.org.br\/novosite\/cosems-mg-publica-relatorio-da-divida-do-governo-do-estado-com-os-municipios\/","og_locale":"pt_BR","og_type":"article","og_title":"COSEMS\/MG publica relat\u00f3rio da d\u00edvida do Governo do Estado com os munic\u00edpios - Federassantas","og_description":"O COSEMS\/MG \u2013 Conselho de Secretarias Municipais de Sa\u00fade de Minas Gerais,\u00a0em cumprimento de seu dever estatut\u00e1rio, comunica que encontra-se publicado em www.cosemsmg.org.br o relat\u00f3rio atualizado e detalhado referente \u00e0 d\u00edvida do Governo do Estado de Minas Gerais em rela\u00e7\u00e3o aos 853 munic\u00edpios mineiros e prestadores de servi\u00e7os, que j\u00e1 ultrapassa os 3,9 bilh\u00f5es de [&hellip;]","og_url":"https:\/\/www.federassantas.org.br\/novosite\/cosems-mg-publica-relatorio-da-divida-do-governo-do-estado-com-os-municipios\/","og_site_name":"Federassantas","article_published_time":"2018-06-22T19:39:28+00:00","author":"admin-federas","twitter_card":"summary_large_image","twitter_misc":{"Escrito por":"admin-federas","Est. tempo de leitura":"2 minutos"},"schema":{"@context":"https:\/\/schema.org","@graph":[{"@type":"Article","@id":"https:\/\/www.federassantas.org.br\/novosite\/cosems-mg-publica-relatorio-da-divida-do-governo-do-estado-com-os-municipios\/#article","isPartOf":{"@id":"https:\/\/www.federassantas.org.br\/novosite\/cosems-mg-publica-relatorio-da-divida-do-governo-do-estado-com-os-municipios\/"},"author":{"name":"admin-federas","@id":"https:\/\/www.federassantas.org.br\/novosite\/#\/schema\/person\/75fed98158349313fe56175f232f513c"},"headline":"COSEMS\/MG publica relat\u00f3rio da d\u00edvida do Governo do Estado com os munic\u00edpios","datePublished":"2018-06-22T19:39:28+00:00","mainEntityOfPage":{"@id":"https:\/\/www.federassantas.org.br\/novosite\/cosems-mg-publica-relatorio-da-divida-do-governo-do-estado-com-os-municipios\/"},"wordCount":471,"commentCount":0,"publisher":{"@id":"https:\/\/www.federassantas.org.br\/novosite\/#organization"},"image":{"@id":"https:\/\/www.federassantas.org.br\/novosite\/cosems-mg-publica-relatorio-da-divida-do-governo-do-estado-com-os-municipios\/#primaryimage"},"thumbnailUrl":"","articleSection":["Not\u00edcias","Not\u00edcias P\u00fablicas"],"inLanguage":"pt-BR","potentialAction":[{"@type":"CommentAction","name":"Comment","target":["https:\/\/www.federassantas.org.br\/novosite\/cosems-mg-publica-relatorio-da-divida-do-governo-do-estado-com-os-municipios\/#respond"]}]},{"@type":"WebPage","@id":"https:\/\/www.federassantas.org.br\/novosite\/cosems-mg-publica-relatorio-da-divida-do-governo-do-estado-com-os-municipios\/","url":"https:\/\/www.federassantas.org.br\/novosite\/cosems-mg-publica-relatorio-da-divida-do-governo-do-estado-com-os-municipios\/","name":"COSEMS\/MG publica relat\u00f3rio da d\u00edvida do Governo do Estado com os munic\u00edpios - Federassantas","isPartOf":{"@id":"https:\/\/www.federassantas.org.br\/novosite\/#website"},"primaryImageOfPage":{"@id":"https:\/\/www.federassantas.org.br\/novosite\/cosems-mg-publica-relatorio-da-divida-do-governo-do-estado-com-os-municipios\/#primaryimage"},"image":{"@id":"https:\/\/www.federassantas.org.br\/novosite\/cosems-mg-publica-relatorio-da-divida-do-governo-do-estado-com-os-municipios\/#primaryimage"},"thumbnailUrl":"","datePublished":"2018-06-22T19:39:28+00:00","breadcrumb":{"@id":"https:\/\/www.federassantas.org.br\/novosite\/cosems-mg-publica-relatorio-da-divida-do-governo-do-estado-com-os-municipios\/#breadcrumb"},"inLanguage":"pt-BR","potentialAction":[{"@type":"ReadAction","target":["https:\/\/www.federassantas.org.br\/novosite\/cosems-mg-publica-relatorio-da-divida-do-governo-do-estado-com-os-municipios\/"]}]},{"@type":"ImageObject","inLanguage":"pt-BR","@id":"https:\/\/www.federassantas.org.br\/novosite\/cosems-mg-publica-relatorio-da-divida-do-governo-do-estado-com-os-municipios\/#primaryimage","url":"","contentUrl":""},{"@type":"BreadcrumbList","@id":"https:\/\/www.federassantas.org.br\/novosite\/cosems-mg-publica-relatorio-da-divida-do-governo-do-estado-com-os-municipios\/#breadcrumb","itemListElement":[{"@type":"ListItem","position":1,"name":"In\u00edcio","item":"https:\/\/www.federassantas.org.br\/novosite\/"},{"@type":"ListItem","position":2,"name":"COSEMS\/MG publica relat\u00f3rio da d\u00edvida do Governo do Estado com os munic\u00edpios"}]},{"@type":"WebSite","@id":"https:\/\/www.federassantas.org.br\/novosite\/#website","url":"https:\/\/www.federassantas.org.br\/novosite\/","name":"Federassantas","description":"Entidade de representa\u00e7\u00e3o e fortalecimento das Santas Casas, hospitais filantr\u00f3picos e entidades beneficentes de sa\u00fade de Minas Gerais, atuando na defesa institucional, qualifica\u00e7\u00e3o da gest\u00e3o e sustentabilidade do setor.","publisher":{"@id":"https:\/\/www.federassantas.org.br\/novosite\/#organization"},"potentialAction":[{"@type":"SearchAction","target":{"@type":"EntryPoint","urlTemplate":"https:\/\/www.federassantas.org.br\/novosite\/?s={search_term_string}"},"query-input":{"@type":"PropertyValueSpecification","valueRequired":true,"valueName":"search_term_string"}}],"inLanguage":"pt-BR"},{"@type":"Organization","@id":"https:\/\/www.federassantas.org.br\/novosite\/#organization","name":"Federassantas","url":"https:\/\/www.federassantas.org.br\/novosite\/","logo":{"@type":"ImageObject","inLanguage":"pt-BR","@id":"https:\/\/www.federassantas.org.br\/novosite\/#\/schema\/logo\/image\/","url":"https:\/\/www.federassantas.org.br\/novosite\/wp-content\/uploads\/2021\/12\/logo.png","contentUrl":"https:\/\/www.federassantas.org.br\/novosite\/wp-content\/uploads\/2021\/12\/logo.png","width":243,"height":59,"caption":"Federassantas"},"image":{"@id":"https:\/\/www.federassantas.org.br\/novosite\/#\/schema\/logo\/image\/"}},{"@type":"Person","@id":"https:\/\/www.federassantas.org.br\/novosite\/#\/schema\/person\/75fed98158349313fe56175f232f513c","name":"admin-federas","image":{"@type":"ImageObject","inLanguage":"pt-BR","@id":"https:\/\/www.federassantas.org.br\/novosite\/#\/schema\/person\/image\/","url":"https:\/\/secure.gravatar.com\/avatar\/2a02d7dda59fe8dc6b7ffd3f652e2efede5ccf0dd89dfdc8137c5517f3de8407?s=96&d=mm&r=g","contentUrl":"https:\/\/secure.gravatar.com\/avatar\/2a02d7dda59fe8dc6b7ffd3f652e2efede5ccf0dd89dfdc8137c5517f3de8407?s=96&d=mm&r=g","caption":"admin-federas"},"sameAs":["https:\/\/www.federassantas.org.br\/novosite\/"],"url":"https:\/\/www.federassantas.org.br\/novosite\/author\/admin-federas\/"}]}},"_links":{"self":[{"href":"https:\/\/www.federassantas.org.br\/novosite\/wp-json\/wp\/v2\/posts\/13089","targetHints":{"allow":["GET"]}}],"collection":[{"href":"https:\/\/www.federassantas.org.br\/novosite\/wp-json\/wp\/v2\/posts"}],"about":[{"href":"https:\/\/www.federassantas.org.br\/novosite\/wp-json\/wp\/v2\/types\/post"}],"author":[{"embeddable":true,"href":"https:\/\/www.federassantas.org.br\/novosite\/wp-json\/wp\/v2\/users\/1"}],"replies":[{"embeddable":true,"href":"https:\/\/www.federassantas.org.br\/novosite\/wp-json\/wp\/v2\/comments?post=13089"}],"version-history":[{"count":0,"href":"https:\/\/www.federassantas.org.br\/novosite\/wp-json\/wp\/v2\/posts\/13089\/revisions"}],"wp:attachment":[{"href":"https:\/\/www.federassantas.org.br\/novosite\/wp-json\/wp\/v2\/media?parent=13089"}],"wp:term":[{"taxonomy":"category","embeddable":true,"href":"https:\/\/www.federassantas.org.br\/novosite\/wp-json\/wp\/v2\/categories?post=13089"},{"taxonomy":"post_tag","embeddable":true,"href":"https:\/\/www.federassantas.org.br\/novosite\/wp-json\/wp\/v2\/tags?post=13089"}],"curies":[{"name":"wp","href":"https:\/\/api.w.org\/{rel}","templated":true}]}}