{"id":13093,"date":"2018-06-22T16:46:40","date_gmt":"2018-06-22T19:46:40","guid":{"rendered":"https:\/\/federasbackup.meltcomunicacao.com.br\/?p=13093"},"modified":"2018-06-22T16:46:40","modified_gmt":"2018-06-22T19:46:40","slug":"cemig-investe-r-40-milhoes-em-eficiencia-energetica-para-hospitais-mineiros","status":"publish","type":"post","link":"https:\/\/www.federassantas.org.br\/novosite\/cemig-investe-r-40-milhoes-em-eficiencia-energetica-para-hospitais-mineiros\/","title":{"rendered":"Cemig investe R$ 40 milh\u00f5es em efici\u00eancia energ\u00e9tica para hospitais mineiros"},"content":{"rendered":"<p style=\"text-align: justify;\">O\u00a0Governo do Estado de Minas Gerais\u00a0vai destinar\u00a0R$ 40 milh\u00f5es,\u00a0por meio da\u00a0Cemig, para a efici\u00eancia energ\u00e9tica em hospitais mineiros\u00a0que atendem pacientes pelo Sistema \u00danico de Sa\u00fade (SUS).<\/p>\n<p>Em reuni\u00e3o na sede da empresa, os representantes das 34 institui\u00e7\u00f5es presentes receberam o certificado das m\u00e3os do presidente em exerc\u00edcio da Cemig, Luiz Humberto Fernandes, acompanhado pelo diretor de Comunica\u00e7\u00e3o e Rela\u00e7\u00f5es Institucionais, Thiago Azevedo Camargo, os secret\u00e1rios de Estado de\u00a0Sa\u00fade, Nalton Sebasti\u00e3o\u00a0da Cruz, e de\u00a0Planejamento e Gest\u00e3o, Helv\u00e9cio Magalh\u00e3es, entre outros participantes.<\/p>\n<p>Segundo o diretor de Rela\u00e7\u00f5es Institucionais e Comunica\u00e7\u00e3o da Cemig, Thiago de Azevedo Camargo, que fez o an\u00fancio aos representantes dos hospitais nesta quinta-feira (21\/6),\u00a0&#8220;o\u00a0objetivo \u00e9 identificar oportunidades de melhorias nos equipamentos e nos processos hospitalares, introduzindo as melhores pr\u00e1ticas em economia de energia e promovendo o uso consciente\u201d, frisou.<\/p>\n<p>De acordo com o secret\u00e1rio Nalton da Cruz, os recursos que est\u00e3o sendo aplicados s\u00e3o de grande import\u00e2ncia para os hospitais. \u201cEm um momento de dificuldade financeira que o pa\u00eds e o estado de Minas Gerais est\u00e3o vivendo, essa quest\u00e3o da efici\u00eancia energ\u00e9tica, com o lan\u00e7amento desse programa, ser\u00e1 consider\u00e1vel para diminuir os custos dos nossos hospitais\u201d, afirmou.<\/p>\n<p>O Programa Energia Inteligente ir\u00e1 beneficiar 80 hospitais em Minas Gerais, com a troca de l\u00e2mpadas convencionais por equipamentos de tecnologia LED, de alto rendimento e baixo consumo de energia, e a substitui\u00e7\u00e3o de aparelhos de esteriliza\u00e7\u00e3o das unidades hospitalares (autoclaves) por equipamentos com maior capacidade.<\/p>\n<p>Para o setor de lavanderia dos hospitais, o programa far\u00e1 a substitui\u00e7\u00e3o de secadoras por m\u00e1quinas rotativas, com controle de tempo e temperatura autom\u00e1tico, com comando autom\u00e1tico e digital de tempo e temperatura regul\u00e1vel. As novas secadoras proporcionar\u00e3o ainda economia de reposi\u00e7\u00e3o de materiais, pois evitam o superaquecimento dos tecidos.<\/p>\n<p>Alguns hospitais ser\u00e3o contemplados tamb\u00e9m com sistemas de aquecimento solar. O objetivo \u00e9 proporcionar a retirada de consumo de energia do hor\u00e1rio de ponta, al\u00e9m de proporcionar economia estimada em 70% da energia consumida para banhos. Outros hospitais contar\u00e3o com a gera\u00e7\u00e3o pr\u00f3pria de energia, por meio da implanta\u00e7\u00e3o de sistemas de energia solar fotovoltaica, reduzindo diretamente a fatura de energia das unidades hospitalares beneficiadas.<\/p>\n<p>Os focos cir\u00fargicos, que s\u00e3o equipamentos de ilumina\u00e7\u00e3o utilizados nos blocos cir\u00fargicos, ser\u00e3o substitu\u00eddos pela tecnologia LED. Al\u00e9m de melhorar a ilumina\u00e7\u00e3o nas salas, esses focos possuem c\u00e2mera de v\u00eddeo e tela de alta defini\u00e7\u00e3o, que ir\u00e3o permitir aos hospitais realizarem procedimentos cir\u00fargicos de maior complexidade.<\/p>\n<p>Ser\u00e1 aplicada, tamb\u00e9m, gest\u00e3o energ\u00e9tica nas unidades, pela elabora\u00e7\u00e3o de planos de gest\u00e3o de energia que estabele\u00e7am metas, objetivos e estrat\u00e9gias para a redu\u00e7\u00e3o do consumo e do planejamento do uso eficiente de energia el\u00e9trica na administra\u00e7\u00e3o universit\u00e1ria.<\/p>\n<p>As diversas a\u00e7\u00f5es implementadas t\u00eam o objetivo de difundir os conceitos do uso seguro e eficiente da energia e dos recursos naturais, promovendo iniciativas educacionais, visando orientar m\u00e9dicos, enfermeiros e demais colaboradores dos hospitais.<\/p>\n<p>\u201cAcreditamos que as iniciativas trar\u00e3o benef\u00edcios para milhares de pessoas atendidas pela institui\u00e7\u00e3o de sa\u00fade com a substitui\u00e7\u00e3o de equipamentos ineficientes por outros mais eficientes e modernos. E as entidades ir\u00e3o economizar na sua conta de energia el\u00e9trica e os recursos poupados poder\u00e3o ser revertidos em melhorias. Al\u00e9m disso, os novos equipamentos s\u00e3o mais adequados para o ambiente hospitalar, proporcionando melhor qualidade no trabalho dos m\u00e9dicos e, para os pacientes, conforto e seguran\u00e7a\u201d, afirmou o diretor, Thiago Camargo.<\/p>\n<p><strong>Primeira etapa<\/strong><\/p>\n<p>Nesta quinta-feira (21\/6), foram anunciados os investimentos em 34 institui\u00e7\u00f5es que ser\u00e3o atendidas at\u00e9 o final do ano, como a Santa Casa de Miseric\u00f3rdia de Diamantina, a Santa Casa de Belo Horizonte e o hospital M\u00e1rcio Cunha, de Ipatinga, dentre outras.<\/p>\n<p>O representante da Santa Casa de Belo Horizonte, Luis Fernando Guimar\u00e3es,\u00a0recebeu o certificado do Programa Inteligente da Cemig e agradeceu a parceria.<\/p>\n<p>\u201cA ajuda que a Cemig proporciona para os hospitais filantr\u00f3picos, que vivem grandes dificuldades no estado, \u00e9 uma contribui\u00e7\u00e3o enorme, pois a participa\u00e7\u00e3o da energia el\u00e9trica nas opera\u00e7\u00f5es dos hospitais \u00e9 de extrema import\u00e2ncia.\u00a0 Essa contribui\u00e7\u00e3o vai ajudar os hospitais a se manterem\u201d, afirmou Luis, que \u00e9 superintendente de Suporte Operacional da Santa Casa.<\/p>\n<p>O diretor-t\u00e9cnico do Hospital Municipal Odilon Behrens, Cleinis de Alvarenga Mafra Junior, recebeu o certificado com satisfa\u00e7\u00e3o.\u00a0\u201cEste projeto vai ao encontro de uma das nossas diretrizes atuais que \u00e9 a de fazer mais com menos ou com os mesmos recursos\u201d, disse.<\/p>\n<p><strong>Programa Energia Inteligente<\/strong><\/p>\n<p>O Programa Energia Inteligente da Cemig, regulado pela Aneel, baseia-se no incentivo \u00e0 mudan\u00e7a de h\u00e1bitos na utiliza\u00e7\u00e3o da energia el\u00e9trica e no fomento \u00e0 cultura do consumo consciente, resultando na redu\u00e7\u00e3o e elimina\u00e7\u00e3o dos desperd\u00edcios de recursos naturais. Desde 2015, a iniciativa j\u00e1 destinou mais de R$ 170 milh\u00f5es para projetos em diversas \u00e1reas, beneficiando escolas, prefeituras e hospitais.<\/p>\n<p>Fonte:\u00a0<a href=\"http:\/\/agenciaminas.mg.gov.br\/noticia\/governo-de-minas-gerais-investe-r-40-milhoes-em-eficiencia-energetica-para-o-sistema-de-saude\">Ag\u00eancia Minas<\/a><\/p>\n","protected":false},"excerpt":{"rendered":"<p>O\u00a0Governo do Estado de Minas Gerais\u00a0vai destinar\u00a0R$ 40 milh\u00f5es,\u00a0por meio da\u00a0Cemig, para a efici\u00eancia energ\u00e9tica em hospitais mineiros\u00a0que atendem pacientes pelo Sistema \u00danico de Sa\u00fade (SUS). Em reuni\u00e3o na sede da empresa, os representantes das 34 institui\u00e7\u00f5es presentes receberam o certificado das m\u00e3os do presidente em exerc\u00edcio da Cemig, Luiz Humberto Fernandes, acompanhado pelo diretor [&hellip;]<\/p>\n","protected":false},"author":1,"featured_media":13094,"comment_status":"open","ping_status":"open","sticky":false,"template":"","format":"standard","meta":{"footnotes":""},"categories":[140],"tags":[],"class_list":["post-13093","post","type-post","status-publish","format-standard","has-post-thumbnail","hentry","category-noticias"],"yoast_head":"<!-- This site is optimized with the Yoast SEO plugin v26.9 - https:\/\/yoast.com\/product\/yoast-seo-wordpress\/ -->\n<title>Cemig investe R$ 40 milh\u00f5es em efici\u00eancia energ\u00e9tica para hospitais mineiros - Federassantas<\/title>\n<meta name=\"robots\" content=\"index, follow, max-snippet:-1, max-image-preview:large, max-video-preview:-1\" \/>\n<link rel=\"canonical\" href=\"https:\/\/www.federassantas.org.br\/novosite\/cemig-investe-r-40-milhoes-em-eficiencia-energetica-para-hospitais-mineiros\/\" \/>\n<meta property=\"og:locale\" content=\"pt_BR\" \/>\n<meta property=\"og:type\" content=\"article\" \/>\n<meta property=\"og:title\" content=\"Cemig investe R$ 40 milh\u00f5es em efici\u00eancia energ\u00e9tica para hospitais mineiros - Federassantas\" \/>\n<meta property=\"og:description\" content=\"O\u00a0Governo do Estado de Minas Gerais\u00a0vai destinar\u00a0R$ 40 milh\u00f5es,\u00a0por meio da\u00a0Cemig, para a efici\u00eancia energ\u00e9tica em hospitais mineiros\u00a0que atendem pacientes pelo Sistema \u00danico de Sa\u00fade (SUS). Em reuni\u00e3o na sede da empresa, os representantes das 34 institui\u00e7\u00f5es presentes receberam o certificado das m\u00e3os do presidente em exerc\u00edcio da Cemig, Luiz Humberto Fernandes, acompanhado pelo diretor [&hellip;]\" \/>\n<meta property=\"og:url\" content=\"https:\/\/www.federassantas.org.br\/novosite\/cemig-investe-r-40-milhoes-em-eficiencia-energetica-para-hospitais-mineiros\/\" \/>\n<meta property=\"og:site_name\" content=\"Federassantas\" \/>\n<meta property=\"article:published_time\" content=\"2018-06-22T19:46:40+00:00\" \/>\n<meta name=\"author\" content=\"admin-federas\" \/>\n<meta name=\"twitter:card\" content=\"summary_large_image\" \/>\n<meta name=\"twitter:label1\" content=\"Escrito por\" \/>\n\t<meta name=\"twitter:data1\" content=\"admin-federas\" \/>\n\t<meta name=\"twitter:label2\" content=\"Est. tempo de leitura\" \/>\n\t<meta name=\"twitter:data2\" content=\"4 minutos\" \/>\n<script type=\"application\/ld+json\" class=\"yoast-schema-graph\">{\"@context\":\"https:\/\/schema.org\",\"@graph\":[{\"@type\":\"Article\",\"@id\":\"https:\/\/www.federassantas.org.br\/novosite\/cemig-investe-r-40-milhoes-em-eficiencia-energetica-para-hospitais-mineiros\/#article\",\"isPartOf\":{\"@id\":\"https:\/\/www.federassantas.org.br\/novosite\/cemig-investe-r-40-milhoes-em-eficiencia-energetica-para-hospitais-mineiros\/\"},\"author\":{\"name\":\"admin-federas\",\"@id\":\"https:\/\/www.federassantas.org.br\/novosite\/#\/schema\/person\/75fed98158349313fe56175f232f513c\"},\"headline\":\"Cemig investe R$ 40 milh\u00f5es em efici\u00eancia energ\u00e9tica para hospitais mineiros\",\"datePublished\":\"2018-06-22T19:46:40+00:00\",\"mainEntityOfPage\":{\"@id\":\"https:\/\/www.federassantas.org.br\/novosite\/cemig-investe-r-40-milhoes-em-eficiencia-energetica-para-hospitais-mineiros\/\"},\"wordCount\":891,\"commentCount\":0,\"publisher\":{\"@id\":\"https:\/\/www.federassantas.org.br\/novosite\/#organization\"},\"image\":{\"@id\":\"https:\/\/www.federassantas.org.br\/novosite\/cemig-investe-r-40-milhoes-em-eficiencia-energetica-para-hospitais-mineiros\/#primaryimage\"},\"thumbnailUrl\":\"\",\"articleSection\":[\"Not\u00edcias\"],\"inLanguage\":\"pt-BR\",\"potentialAction\":[{\"@type\":\"CommentAction\",\"name\":\"Comment\",\"target\":[\"https:\/\/www.federassantas.org.br\/novosite\/cemig-investe-r-40-milhoes-em-eficiencia-energetica-para-hospitais-mineiros\/#respond\"]}]},{\"@type\":\"WebPage\",\"@id\":\"https:\/\/www.federassantas.org.br\/novosite\/cemig-investe-r-40-milhoes-em-eficiencia-energetica-para-hospitais-mineiros\/\",\"url\":\"https:\/\/www.federassantas.org.br\/novosite\/cemig-investe-r-40-milhoes-em-eficiencia-energetica-para-hospitais-mineiros\/\",\"name\":\"Cemig investe R$ 40 milh\u00f5es em efici\u00eancia energ\u00e9tica para hospitais mineiros - Federassantas\",\"isPartOf\":{\"@id\":\"https:\/\/www.federassantas.org.br\/novosite\/#website\"},\"primaryImageOfPage\":{\"@id\":\"https:\/\/www.federassantas.org.br\/novosite\/cemig-investe-r-40-milhoes-em-eficiencia-energetica-para-hospitais-mineiros\/#primaryimage\"},\"image\":{\"@id\":\"https:\/\/www.federassantas.org.br\/novosite\/cemig-investe-r-40-milhoes-em-eficiencia-energetica-para-hospitais-mineiros\/#primaryimage\"},\"thumbnailUrl\":\"\",\"datePublished\":\"2018-06-22T19:46:40+00:00\",\"breadcrumb\":{\"@id\":\"https:\/\/www.federassantas.org.br\/novosite\/cemig-investe-r-40-milhoes-em-eficiencia-energetica-para-hospitais-mineiros\/#breadcrumb\"},\"inLanguage\":\"pt-BR\",\"potentialAction\":[{\"@type\":\"ReadAction\",\"target\":[\"https:\/\/www.federassantas.org.br\/novosite\/cemig-investe-r-40-milhoes-em-eficiencia-energetica-para-hospitais-mineiros\/\"]}]},{\"@type\":\"ImageObject\",\"inLanguage\":\"pt-BR\",\"@id\":\"https:\/\/www.federassantas.org.br\/novosite\/cemig-investe-r-40-milhoes-em-eficiencia-energetica-para-hospitais-mineiros\/#primaryimage\",\"url\":\"\",\"contentUrl\":\"\"},{\"@type\":\"BreadcrumbList\",\"@id\":\"https:\/\/www.federassantas.org.br\/novosite\/cemig-investe-r-40-milhoes-em-eficiencia-energetica-para-hospitais-mineiros\/#breadcrumb\",\"itemListElement\":[{\"@type\":\"ListItem\",\"position\":1,\"name\":\"In\u00edcio\",\"item\":\"https:\/\/www.federassantas.org.br\/novosite\/\"},{\"@type\":\"ListItem\",\"position\":2,\"name\":\"Cemig investe R$ 40 milh\u00f5es em efici\u00eancia energ\u00e9tica para hospitais mineiros\"}]},{\"@type\":\"WebSite\",\"@id\":\"https:\/\/www.federassantas.org.br\/novosite\/#website\",\"url\":\"https:\/\/www.federassantas.org.br\/novosite\/\",\"name\":\"Federassantas\",\"description\":\"Entidade de representa\u00e7\u00e3o e fortalecimento das Santas Casas, hospitais filantr\u00f3picos e entidades beneficentes de sa\u00fade de Minas Gerais, atuando na defesa institucional, qualifica\u00e7\u00e3o da gest\u00e3o e sustentabilidade do setor.\",\"publisher\":{\"@id\":\"https:\/\/www.federassantas.org.br\/novosite\/#organization\"},\"potentialAction\":[{\"@type\":\"SearchAction\",\"target\":{\"@type\":\"EntryPoint\",\"urlTemplate\":\"https:\/\/www.federassantas.org.br\/novosite\/?s={search_term_string}\"},\"query-input\":{\"@type\":\"PropertyValueSpecification\",\"valueRequired\":true,\"valueName\":\"search_term_string\"}}],\"inLanguage\":\"pt-BR\"},{\"@type\":\"Organization\",\"@id\":\"https:\/\/www.federassantas.org.br\/novosite\/#organization\",\"name\":\"Federassantas\",\"url\":\"https:\/\/www.federassantas.org.br\/novosite\/\",\"logo\":{\"@type\":\"ImageObject\",\"inLanguage\":\"pt-BR\",\"@id\":\"https:\/\/www.federassantas.org.br\/novosite\/#\/schema\/logo\/image\/\",\"url\":\"https:\/\/www.federassantas.org.br\/novosite\/wp-content\/uploads\/2021\/12\/logo.png\",\"contentUrl\":\"https:\/\/www.federassantas.org.br\/novosite\/wp-content\/uploads\/2021\/12\/logo.png\",\"width\":243,\"height\":59,\"caption\":\"Federassantas\"},\"image\":{\"@id\":\"https:\/\/www.federassantas.org.br\/novosite\/#\/schema\/logo\/image\/\"}},{\"@type\":\"Person\",\"@id\":\"https:\/\/www.federassantas.org.br\/novosite\/#\/schema\/person\/75fed98158349313fe56175f232f513c\",\"name\":\"admin-federas\",\"image\":{\"@type\":\"ImageObject\",\"inLanguage\":\"pt-BR\",\"@id\":\"https:\/\/www.federassantas.org.br\/novosite\/#\/schema\/person\/image\/\",\"url\":\"https:\/\/secure.gravatar.com\/avatar\/2a02d7dda59fe8dc6b7ffd3f652e2efede5ccf0dd89dfdc8137c5517f3de8407?s=96&d=mm&r=g\",\"contentUrl\":\"https:\/\/secure.gravatar.com\/avatar\/2a02d7dda59fe8dc6b7ffd3f652e2efede5ccf0dd89dfdc8137c5517f3de8407?s=96&d=mm&r=g\",\"caption\":\"admin-federas\"},\"sameAs\":[\"https:\/\/www.federassantas.org.br\/novosite\/\"],\"url\":\"https:\/\/www.federassantas.org.br\/novosite\/author\/admin-federas\/\"}]}<\/script>\n<!-- \/ Yoast SEO plugin. -->","yoast_head_json":{"title":"Cemig investe R$ 40 milh\u00f5es em efici\u00eancia energ\u00e9tica para hospitais mineiros - Federassantas","robots":{"index":"index","follow":"follow","max-snippet":"max-snippet:-1","max-image-preview":"max-image-preview:large","max-video-preview":"max-video-preview:-1"},"canonical":"https:\/\/www.federassantas.org.br\/novosite\/cemig-investe-r-40-milhoes-em-eficiencia-energetica-para-hospitais-mineiros\/","og_locale":"pt_BR","og_type":"article","og_title":"Cemig investe R$ 40 milh\u00f5es em efici\u00eancia energ\u00e9tica para hospitais mineiros - Federassantas","og_description":"O\u00a0Governo do Estado de Minas Gerais\u00a0vai destinar\u00a0R$ 40 milh\u00f5es,\u00a0por meio da\u00a0Cemig, para a efici\u00eancia energ\u00e9tica em hospitais mineiros\u00a0que atendem pacientes pelo Sistema \u00danico de Sa\u00fade (SUS). Em reuni\u00e3o na sede da empresa, os representantes das 34 institui\u00e7\u00f5es presentes receberam o certificado das m\u00e3os do presidente em exerc\u00edcio da Cemig, Luiz Humberto Fernandes, acompanhado pelo diretor [&hellip;]","og_url":"https:\/\/www.federassantas.org.br\/novosite\/cemig-investe-r-40-milhoes-em-eficiencia-energetica-para-hospitais-mineiros\/","og_site_name":"Federassantas","article_published_time":"2018-06-22T19:46:40+00:00","author":"admin-federas","twitter_card":"summary_large_image","twitter_misc":{"Escrito por":"admin-federas","Est. tempo de leitura":"4 minutos"},"schema":{"@context":"https:\/\/schema.org","@graph":[{"@type":"Article","@id":"https:\/\/www.federassantas.org.br\/novosite\/cemig-investe-r-40-milhoes-em-eficiencia-energetica-para-hospitais-mineiros\/#article","isPartOf":{"@id":"https:\/\/www.federassantas.org.br\/novosite\/cemig-investe-r-40-milhoes-em-eficiencia-energetica-para-hospitais-mineiros\/"},"author":{"name":"admin-federas","@id":"https:\/\/www.federassantas.org.br\/novosite\/#\/schema\/person\/75fed98158349313fe56175f232f513c"},"headline":"Cemig investe R$ 40 milh\u00f5es em efici\u00eancia energ\u00e9tica para hospitais mineiros","datePublished":"2018-06-22T19:46:40+00:00","mainEntityOfPage":{"@id":"https:\/\/www.federassantas.org.br\/novosite\/cemig-investe-r-40-milhoes-em-eficiencia-energetica-para-hospitais-mineiros\/"},"wordCount":891,"commentCount":0,"publisher":{"@id":"https:\/\/www.federassantas.org.br\/novosite\/#organization"},"image":{"@id":"https:\/\/www.federassantas.org.br\/novosite\/cemig-investe-r-40-milhoes-em-eficiencia-energetica-para-hospitais-mineiros\/#primaryimage"},"thumbnailUrl":"","articleSection":["Not\u00edcias"],"inLanguage":"pt-BR","potentialAction":[{"@type":"CommentAction","name":"Comment","target":["https:\/\/www.federassantas.org.br\/novosite\/cemig-investe-r-40-milhoes-em-eficiencia-energetica-para-hospitais-mineiros\/#respond"]}]},{"@type":"WebPage","@id":"https:\/\/www.federassantas.org.br\/novosite\/cemig-investe-r-40-milhoes-em-eficiencia-energetica-para-hospitais-mineiros\/","url":"https:\/\/www.federassantas.org.br\/novosite\/cemig-investe-r-40-milhoes-em-eficiencia-energetica-para-hospitais-mineiros\/","name":"Cemig investe R$ 40 milh\u00f5es em efici\u00eancia energ\u00e9tica para hospitais mineiros - Federassantas","isPartOf":{"@id":"https:\/\/www.federassantas.org.br\/novosite\/#website"},"primaryImageOfPage":{"@id":"https:\/\/www.federassantas.org.br\/novosite\/cemig-investe-r-40-milhoes-em-eficiencia-energetica-para-hospitais-mineiros\/#primaryimage"},"image":{"@id":"https:\/\/www.federassantas.org.br\/novosite\/cemig-investe-r-40-milhoes-em-eficiencia-energetica-para-hospitais-mineiros\/#primaryimage"},"thumbnailUrl":"","datePublished":"2018-06-22T19:46:40+00:00","breadcrumb":{"@id":"https:\/\/www.federassantas.org.br\/novosite\/cemig-investe-r-40-milhoes-em-eficiencia-energetica-para-hospitais-mineiros\/#breadcrumb"},"inLanguage":"pt-BR","potentialAction":[{"@type":"ReadAction","target":["https:\/\/www.federassantas.org.br\/novosite\/cemig-investe-r-40-milhoes-em-eficiencia-energetica-para-hospitais-mineiros\/"]}]},{"@type":"ImageObject","inLanguage":"pt-BR","@id":"https:\/\/www.federassantas.org.br\/novosite\/cemig-investe-r-40-milhoes-em-eficiencia-energetica-para-hospitais-mineiros\/#primaryimage","url":"","contentUrl":""},{"@type":"BreadcrumbList","@id":"https:\/\/www.federassantas.org.br\/novosite\/cemig-investe-r-40-milhoes-em-eficiencia-energetica-para-hospitais-mineiros\/#breadcrumb","itemListElement":[{"@type":"ListItem","position":1,"name":"In\u00edcio","item":"https:\/\/www.federassantas.org.br\/novosite\/"},{"@type":"ListItem","position":2,"name":"Cemig investe R$ 40 milh\u00f5es em efici\u00eancia energ\u00e9tica para hospitais mineiros"}]},{"@type":"WebSite","@id":"https:\/\/www.federassantas.org.br\/novosite\/#website","url":"https:\/\/www.federassantas.org.br\/novosite\/","name":"Federassantas","description":"Entidade de representa\u00e7\u00e3o e fortalecimento das Santas Casas, hospitais filantr\u00f3picos e entidades beneficentes de sa\u00fade de Minas Gerais, atuando na defesa institucional, qualifica\u00e7\u00e3o da gest\u00e3o e sustentabilidade do setor.","publisher":{"@id":"https:\/\/www.federassantas.org.br\/novosite\/#organization"},"potentialAction":[{"@type":"SearchAction","target":{"@type":"EntryPoint","urlTemplate":"https:\/\/www.federassantas.org.br\/novosite\/?s={search_term_string}"},"query-input":{"@type":"PropertyValueSpecification","valueRequired":true,"valueName":"search_term_string"}}],"inLanguage":"pt-BR"},{"@type":"Organization","@id":"https:\/\/www.federassantas.org.br\/novosite\/#organization","name":"Federassantas","url":"https:\/\/www.federassantas.org.br\/novosite\/","logo":{"@type":"ImageObject","inLanguage":"pt-BR","@id":"https:\/\/www.federassantas.org.br\/novosite\/#\/schema\/logo\/image\/","url":"https:\/\/www.federassantas.org.br\/novosite\/wp-content\/uploads\/2021\/12\/logo.png","contentUrl":"https:\/\/www.federassantas.org.br\/novosite\/wp-content\/uploads\/2021\/12\/logo.png","width":243,"height":59,"caption":"Federassantas"},"image":{"@id":"https:\/\/www.federassantas.org.br\/novosite\/#\/schema\/logo\/image\/"}},{"@type":"Person","@id":"https:\/\/www.federassantas.org.br\/novosite\/#\/schema\/person\/75fed98158349313fe56175f232f513c","name":"admin-federas","image":{"@type":"ImageObject","inLanguage":"pt-BR","@id":"https:\/\/www.federassantas.org.br\/novosite\/#\/schema\/person\/image\/","url":"https:\/\/secure.gravatar.com\/avatar\/2a02d7dda59fe8dc6b7ffd3f652e2efede5ccf0dd89dfdc8137c5517f3de8407?s=96&d=mm&r=g","contentUrl":"https:\/\/secure.gravatar.com\/avatar\/2a02d7dda59fe8dc6b7ffd3f652e2efede5ccf0dd89dfdc8137c5517f3de8407?s=96&d=mm&r=g","caption":"admin-federas"},"sameAs":["https:\/\/www.federassantas.org.br\/novosite\/"],"url":"https:\/\/www.federassantas.org.br\/novosite\/author\/admin-federas\/"}]}},"_links":{"self":[{"href":"https:\/\/www.federassantas.org.br\/novosite\/wp-json\/wp\/v2\/posts\/13093","targetHints":{"allow":["GET"]}}],"collection":[{"href":"https:\/\/www.federassantas.org.br\/novosite\/wp-json\/wp\/v2\/posts"}],"about":[{"href":"https:\/\/www.federassantas.org.br\/novosite\/wp-json\/wp\/v2\/types\/post"}],"author":[{"embeddable":true,"href":"https:\/\/www.federassantas.org.br\/novosite\/wp-json\/wp\/v2\/users\/1"}],"replies":[{"embeddable":true,"href":"https:\/\/www.federassantas.org.br\/novosite\/wp-json\/wp\/v2\/comments?post=13093"}],"version-history":[{"count":0,"href":"https:\/\/www.federassantas.org.br\/novosite\/wp-json\/wp\/v2\/posts\/13093\/revisions"}],"wp:attachment":[{"href":"https:\/\/www.federassantas.org.br\/novosite\/wp-json\/wp\/v2\/media?parent=13093"}],"wp:term":[{"taxonomy":"category","embeddable":true,"href":"https:\/\/www.federassantas.org.br\/novosite\/wp-json\/wp\/v2\/categories?post=13093"},{"taxonomy":"post_tag","embeddable":true,"href":"https:\/\/www.federassantas.org.br\/novosite\/wp-json\/wp\/v2\/tags?post=13093"}],"curies":[{"name":"wp","href":"https:\/\/api.w.org\/{rel}","templated":true}]}}