{"id":13097,"date":"2018-06-25T13:31:27","date_gmt":"2018-06-25T16:31:27","guid":{"rendered":"https:\/\/federasbackup.meltcomunicacao.com.br\/?p=13097"},"modified":"2018-06-25T13:31:27","modified_gmt":"2018-06-25T16:31:27","slug":"243o-reuniao-da-cib-e-realizada-sem-a-presenca-de-representantes-da-ses-mg","status":"publish","type":"post","link":"https:\/\/www.federassantas.org.br\/novosite\/243o-reuniao-da-cib-e-realizada-sem-a-presenca-de-representantes-da-ses-mg\/","title":{"rendered":"243\u00ba reuni\u00e3o da CIB \u00e9 realizada sem a presen\u00e7a de representantes da SES\/MG"},"content":{"rendered":"<p style=\"text-align: justify;\">A 243\u00aa reuni\u00e3o ordin\u00e1ria da\u00a0Comiss\u00e3o Intergestores Bipartite (CIB), realizada no \u00faltimo dia 20 de junho, ocorreu sem a presen\u00e7a de representantes da Secretaria Estadual de Sa\u00fade (SES\/MG). Em nota, o COSEMS\/ MG afirmou que recebeu, no dia 14 de junho, um of\u00edcio da Subsecret\u00e1ria de Gest\u00e3o Regional da SES\/MG, M\u00e1rcia Faria Moraes da Silva, solicitando que a reuni\u00e3o fosse adiada para o dia 26 de junho, devido a compromissos de relev\u00e2ncia p\u00fablica que contavam com a presen\u00e7a do Secret\u00e1rio de Estado e Subsecret\u00e1rios.<\/p>\n<p style=\"text-align: justify;\">O presidente do COSEMS, Eduardo Luiz da Silva, respondeu ao of\u00edcio informando sobre a impossibilidade do adiamento, considerando: a Delibera\u00e7\u00e3o CIB-SUS\/MG n\u00ba 2.280, de 17 de fevereiro de 2016, que aprova o Regimento Interno da Comiss\u00e3o; a publica\u00e7\u00e3o do calend\u00e1rio anual de reuni\u00f5es da CIB\/SUS\/MG; a reuni\u00e3o mensal do COSEMS\/MG segue exatamente as datas de reuni\u00e3o de CIB\/SUS\/MG; e as convoca\u00e7\u00f5es expedidas aos representantes COSEMS\/MG no dia 10 de junho. O COSEMS informou ainda que o adiamento comprometeria a pactua\u00e7\u00e3o de pautas com prazos j\u00e1 estabelecidos, al\u00e9m de gerar transtornos financeiros para a entidade.<\/p>\n<p style=\"text-align: justify;\">O COSEMS ressaltou ainda que nos termos da Delibera\u00e7\u00e3o CIB SUS\/MG n\u00ba 2.280, \u00e9 de responsabilidade do membro titular convocar seu suplente quando houver impedimento para sua participa\u00e7\u00e3o.<\/p>\n<p style=\"text-align: justify;\">Diante da resposta do presidente do COSEMS\/MG sobre a impossibilidade de adiamento da reuni\u00e3o, a Subsecret\u00e1ria M\u00e1rcia enviou\u00a0novo of\u00edcio anunciando o cancelamento da reuni\u00e3o, devido \u00e0 incompatibilidade das agendas da SESMG e COSEMS\/MG. Em reposta ao cancelamento da reuni\u00e3o, o presidente Eduardo, enviou novo of\u00edcio, informando que o COSEMS\/MG, n\u00e3o reconhecia como v\u00e1lida a decis\u00e3o do cancelamento da 243\u00aa reuni\u00e3o, visto os termos da Delibera\u00e7\u00e3o CIB\/SUS\/MG.<\/p>\n<p style=\"text-align: justify;\">No dia 20 de junho, o vice-presidente do COSEMS, Herm\u00f3genes Vaneli, deu in\u00edcio a 243\u00ba reuni\u00e3o da CIB\/SUS\/MG,\u00a0mas ap\u00f3s considerar o qu\u00f3rum, deu a reuni\u00e3o por encerrada pela aus\u00eancia de representantes da SES\/MG.<\/p>\n<p style=\"text-align: justify;\">As pautas discutidas durante a reuni\u00e3o ser\u00e3o remetidas \u00e0 Secretaria Estadual de Sa\u00fade, para solicita\u00e7\u00e3o <em>Ad Referendum<\/em> da CIB, buscando n\u00e3o comprometer a execu\u00e7\u00e3o das pol\u00edticas p\u00fablicas de sa\u00fade de Minas.<\/p>\n<p style=\"text-align: justify;\">Em nota divulgada no <a href=\"http:\/\/www.saude.mg.gov.br\/component\/gmg\/story\/10617-nota-de-esclarecimento-sobre-a-falta-de-consenso-para-a-reuniao-da-cib-no-mes-de-junho\" target=\"_blank\" rel=\"noopener\">site<\/a> a SES\/MG informou que solicitou ao COSEMS a mudan\u00e7a de data da reuni\u00e3o, tendo em vista a impossibilidade de comparecimento do secret\u00e1rio de Estado de Sa\u00fade, coordenador da CIB, devido a compromissos do Estado. A pasta afirmou que o COSEMS se recusou a aceitar as sugest\u00f5es propostas de novas datas, sem justificativa plaus\u00edvel, al\u00e9m de n\u00e3o apresentar outras op\u00e7\u00f5es de data.<\/p>\n<p style=\"text-align: justify;\">A SES\/MG destacou ainda que na sua aus\u00eancia ou impedimento do Secret\u00e1rio de Estado, a coordena\u00e7\u00e3o da reuni\u00e3o da CIB ser\u00e1 exercida pelo secret\u00e1rio de Estado adjunto, mas que, no entanto, a pasta encontra-se, no momento, sem secret\u00e1rio adjunto.<\/p>\n<p style=\"text-align: justify;\">Todos os pontos discutidos na reuni\u00e3o podem ser acessados no site do COSEMS:<br \/>\n<a href=\"http:\/\/www.cosemsmg.org.br\/site\/index.php\/todas-as-noticias-do-cosems\/63-ultimas-noticias-do-cosems\/1726-por-falta-de-representacao-da-ses-mg-nao-acontece-a-243-reuniao-da-cib-mg\">http:\/\/www.cosemsmg.org.br\/site\/index.php\/todas-as-noticias-do-cosems\/63-ultimas-noticias-do-cosems\/1726-por-falta-de-representacao-da-ses-mg-nao-acontece-a-243-reuniao-da-cib-mg<\/a><\/p>\n","protected":false},"excerpt":{"rendered":"<p>A 243\u00aa reuni\u00e3o ordin\u00e1ria da\u00a0Comiss\u00e3o Intergestores Bipartite (CIB), realizada no \u00faltimo dia 20 de junho, ocorreu sem a presen\u00e7a de representantes da Secretaria Estadual de Sa\u00fade (SES\/MG). Em nota, o COSEMS\/ MG afirmou que recebeu, no dia 14 de junho, um of\u00edcio da Subsecret\u00e1ria de Gest\u00e3o Regional da SES\/MG, M\u00e1rcia Faria Moraes da Silva, solicitando [&hellip;]<\/p>\n","protected":false},"author":1,"featured_media":13098,"comment_status":"open","ping_status":"open","sticky":false,"template":"","format":"standard","meta":{"footnotes":""},"categories":[140,143],"tags":[],"class_list":["post-13097","post","type-post","status-publish","format-standard","has-post-thumbnail","hentry","category-noticias","category-noticias-publicas"],"yoast_head":"<!-- This site is optimized with the Yoast SEO plugin v26.9 - https:\/\/yoast.com\/product\/yoast-seo-wordpress\/ -->\n<title>243\u00ba reuni\u00e3o da CIB \u00e9 realizada sem a presen\u00e7a de representantes da SES\/MG - Federassantas<\/title>\n<meta name=\"robots\" content=\"index, follow, max-snippet:-1, max-image-preview:large, max-video-preview:-1\" \/>\n<link rel=\"canonical\" href=\"https:\/\/www.federassantas.org.br\/novosite\/243o-reuniao-da-cib-e-realizada-sem-a-presenca-de-representantes-da-ses-mg\/\" \/>\n<meta property=\"og:locale\" content=\"pt_BR\" \/>\n<meta property=\"og:type\" content=\"article\" \/>\n<meta property=\"og:title\" content=\"243\u00ba reuni\u00e3o da CIB \u00e9 realizada sem a presen\u00e7a de representantes da SES\/MG - Federassantas\" \/>\n<meta property=\"og:description\" content=\"A 243\u00aa reuni\u00e3o ordin\u00e1ria da\u00a0Comiss\u00e3o Intergestores Bipartite (CIB), realizada no \u00faltimo dia 20 de junho, ocorreu sem a presen\u00e7a de representantes da Secretaria Estadual de Sa\u00fade (SES\/MG). Em nota, o COSEMS\/ MG afirmou que recebeu, no dia 14 de junho, um of\u00edcio da Subsecret\u00e1ria de Gest\u00e3o Regional da SES\/MG, M\u00e1rcia Faria Moraes da Silva, solicitando [&hellip;]\" \/>\n<meta property=\"og:url\" content=\"https:\/\/www.federassantas.org.br\/novosite\/243o-reuniao-da-cib-e-realizada-sem-a-presenca-de-representantes-da-ses-mg\/\" \/>\n<meta property=\"og:site_name\" content=\"Federassantas\" \/>\n<meta property=\"article:published_time\" content=\"2018-06-25T16:31:27+00:00\" \/>\n<meta name=\"author\" content=\"admin-federas\" \/>\n<meta name=\"twitter:card\" content=\"summary_large_image\" \/>\n<meta name=\"twitter:label1\" content=\"Escrito por\" \/>\n\t<meta name=\"twitter:data1\" content=\"admin-federas\" \/>\n\t<meta name=\"twitter:label2\" content=\"Est. tempo de leitura\" \/>\n\t<meta name=\"twitter:data2\" content=\"3 minutos\" \/>\n<script type=\"application\/ld+json\" class=\"yoast-schema-graph\">{\"@context\":\"https:\/\/schema.org\",\"@graph\":[{\"@type\":\"Article\",\"@id\":\"https:\/\/www.federassantas.org.br\/novosite\/243o-reuniao-da-cib-e-realizada-sem-a-presenca-de-representantes-da-ses-mg\/#article\",\"isPartOf\":{\"@id\":\"https:\/\/www.federassantas.org.br\/novosite\/243o-reuniao-da-cib-e-realizada-sem-a-presenca-de-representantes-da-ses-mg\/\"},\"author\":{\"name\":\"admin-federas\",\"@id\":\"https:\/\/www.federassantas.org.br\/novosite\/#\/schema\/person\/75fed98158349313fe56175f232f513c\"},\"headline\":\"243\u00ba reuni\u00e3o da CIB \u00e9 realizada sem a presen\u00e7a de representantes da SES\/MG\",\"datePublished\":\"2018-06-25T16:31:27+00:00\",\"mainEntityOfPage\":{\"@id\":\"https:\/\/www.federassantas.org.br\/novosite\/243o-reuniao-da-cib-e-realizada-sem-a-presenca-de-representantes-da-ses-mg\/\"},\"wordCount\":559,\"commentCount\":0,\"publisher\":{\"@id\":\"https:\/\/www.federassantas.org.br\/novosite\/#organization\"},\"image\":{\"@id\":\"https:\/\/www.federassantas.org.br\/novosite\/243o-reuniao-da-cib-e-realizada-sem-a-presenca-de-representantes-da-ses-mg\/#primaryimage\"},\"thumbnailUrl\":\"\",\"articleSection\":[\"Not\u00edcias\",\"Not\u00edcias P\u00fablicas\"],\"inLanguage\":\"pt-BR\",\"potentialAction\":[{\"@type\":\"CommentAction\",\"name\":\"Comment\",\"target\":[\"https:\/\/www.federassantas.org.br\/novosite\/243o-reuniao-da-cib-e-realizada-sem-a-presenca-de-representantes-da-ses-mg\/#respond\"]}]},{\"@type\":\"WebPage\",\"@id\":\"https:\/\/www.federassantas.org.br\/novosite\/243o-reuniao-da-cib-e-realizada-sem-a-presenca-de-representantes-da-ses-mg\/\",\"url\":\"https:\/\/www.federassantas.org.br\/novosite\/243o-reuniao-da-cib-e-realizada-sem-a-presenca-de-representantes-da-ses-mg\/\",\"name\":\"243\u00ba reuni\u00e3o da CIB \u00e9 realizada sem a presen\u00e7a de representantes da SES\/MG - Federassantas\",\"isPartOf\":{\"@id\":\"https:\/\/www.federassantas.org.br\/novosite\/#website\"},\"primaryImageOfPage\":{\"@id\":\"https:\/\/www.federassantas.org.br\/novosite\/243o-reuniao-da-cib-e-realizada-sem-a-presenca-de-representantes-da-ses-mg\/#primaryimage\"},\"image\":{\"@id\":\"https:\/\/www.federassantas.org.br\/novosite\/243o-reuniao-da-cib-e-realizada-sem-a-presenca-de-representantes-da-ses-mg\/#primaryimage\"},\"thumbnailUrl\":\"\",\"datePublished\":\"2018-06-25T16:31:27+00:00\",\"breadcrumb\":{\"@id\":\"https:\/\/www.federassantas.org.br\/novosite\/243o-reuniao-da-cib-e-realizada-sem-a-presenca-de-representantes-da-ses-mg\/#breadcrumb\"},\"inLanguage\":\"pt-BR\",\"potentialAction\":[{\"@type\":\"ReadAction\",\"target\":[\"https:\/\/www.federassantas.org.br\/novosite\/243o-reuniao-da-cib-e-realizada-sem-a-presenca-de-representantes-da-ses-mg\/\"]}]},{\"@type\":\"ImageObject\",\"inLanguage\":\"pt-BR\",\"@id\":\"https:\/\/www.federassantas.org.br\/novosite\/243o-reuniao-da-cib-e-realizada-sem-a-presenca-de-representantes-da-ses-mg\/#primaryimage\",\"url\":\"\",\"contentUrl\":\"\"},{\"@type\":\"BreadcrumbList\",\"@id\":\"https:\/\/www.federassantas.org.br\/novosite\/243o-reuniao-da-cib-e-realizada-sem-a-presenca-de-representantes-da-ses-mg\/#breadcrumb\",\"itemListElement\":[{\"@type\":\"ListItem\",\"position\":1,\"name\":\"In\u00edcio\",\"item\":\"https:\/\/www.federassantas.org.br\/novosite\/\"},{\"@type\":\"ListItem\",\"position\":2,\"name\":\"243\u00ba reuni\u00e3o da CIB \u00e9 realizada sem a presen\u00e7a de representantes da SES\/MG\"}]},{\"@type\":\"WebSite\",\"@id\":\"https:\/\/www.federassantas.org.br\/novosite\/#website\",\"url\":\"https:\/\/www.federassantas.org.br\/novosite\/\",\"name\":\"Federassantas\",\"description\":\"Entidade de representa\u00e7\u00e3o e fortalecimento das Santas Casas, hospitais filantr\u00f3picos e entidades beneficentes de sa\u00fade de Minas Gerais, atuando na defesa institucional, qualifica\u00e7\u00e3o da gest\u00e3o e sustentabilidade do setor.\",\"publisher\":{\"@id\":\"https:\/\/www.federassantas.org.br\/novosite\/#organization\"},\"potentialAction\":[{\"@type\":\"SearchAction\",\"target\":{\"@type\":\"EntryPoint\",\"urlTemplate\":\"https:\/\/www.federassantas.org.br\/novosite\/?s={search_term_string}\"},\"query-input\":{\"@type\":\"PropertyValueSpecification\",\"valueRequired\":true,\"valueName\":\"search_term_string\"}}],\"inLanguage\":\"pt-BR\"},{\"@type\":\"Organization\",\"@id\":\"https:\/\/www.federassantas.org.br\/novosite\/#organization\",\"name\":\"Federassantas\",\"url\":\"https:\/\/www.federassantas.org.br\/novosite\/\",\"logo\":{\"@type\":\"ImageObject\",\"inLanguage\":\"pt-BR\",\"@id\":\"https:\/\/www.federassantas.org.br\/novosite\/#\/schema\/logo\/image\/\",\"url\":\"https:\/\/www.federassantas.org.br\/novosite\/wp-content\/uploads\/2021\/12\/logo.png\",\"contentUrl\":\"https:\/\/www.federassantas.org.br\/novosite\/wp-content\/uploads\/2021\/12\/logo.png\",\"width\":243,\"height\":59,\"caption\":\"Federassantas\"},\"image\":{\"@id\":\"https:\/\/www.federassantas.org.br\/novosite\/#\/schema\/logo\/image\/\"}},{\"@type\":\"Person\",\"@id\":\"https:\/\/www.federassantas.org.br\/novosite\/#\/schema\/person\/75fed98158349313fe56175f232f513c\",\"name\":\"admin-federas\",\"image\":{\"@type\":\"ImageObject\",\"inLanguage\":\"pt-BR\",\"@id\":\"https:\/\/www.federassantas.org.br\/novosite\/#\/schema\/person\/image\/\",\"url\":\"https:\/\/secure.gravatar.com\/avatar\/2a02d7dda59fe8dc6b7ffd3f652e2efede5ccf0dd89dfdc8137c5517f3de8407?s=96&d=mm&r=g\",\"contentUrl\":\"https:\/\/secure.gravatar.com\/avatar\/2a02d7dda59fe8dc6b7ffd3f652e2efede5ccf0dd89dfdc8137c5517f3de8407?s=96&d=mm&r=g\",\"caption\":\"admin-federas\"},\"sameAs\":[\"https:\/\/www.federassantas.org.br\/novosite\/\"],\"url\":\"https:\/\/www.federassantas.org.br\/novosite\/author\/admin-federas\/\"}]}<\/script>\n<!-- \/ Yoast SEO plugin. -->","yoast_head_json":{"title":"243\u00ba reuni\u00e3o da CIB \u00e9 realizada sem a presen\u00e7a de representantes da SES\/MG - Federassantas","robots":{"index":"index","follow":"follow","max-snippet":"max-snippet:-1","max-image-preview":"max-image-preview:large","max-video-preview":"max-video-preview:-1"},"canonical":"https:\/\/www.federassantas.org.br\/novosite\/243o-reuniao-da-cib-e-realizada-sem-a-presenca-de-representantes-da-ses-mg\/","og_locale":"pt_BR","og_type":"article","og_title":"243\u00ba reuni\u00e3o da CIB \u00e9 realizada sem a presen\u00e7a de representantes da SES\/MG - Federassantas","og_description":"A 243\u00aa reuni\u00e3o ordin\u00e1ria da\u00a0Comiss\u00e3o Intergestores Bipartite (CIB), realizada no \u00faltimo dia 20 de junho, ocorreu sem a presen\u00e7a de representantes da Secretaria Estadual de Sa\u00fade (SES\/MG). Em nota, o COSEMS\/ MG afirmou que recebeu, no dia 14 de junho, um of\u00edcio da Subsecret\u00e1ria de Gest\u00e3o Regional da SES\/MG, M\u00e1rcia Faria Moraes da Silva, solicitando [&hellip;]","og_url":"https:\/\/www.federassantas.org.br\/novosite\/243o-reuniao-da-cib-e-realizada-sem-a-presenca-de-representantes-da-ses-mg\/","og_site_name":"Federassantas","article_published_time":"2018-06-25T16:31:27+00:00","author":"admin-federas","twitter_card":"summary_large_image","twitter_misc":{"Escrito por":"admin-federas","Est. tempo de leitura":"3 minutos"},"schema":{"@context":"https:\/\/schema.org","@graph":[{"@type":"Article","@id":"https:\/\/www.federassantas.org.br\/novosite\/243o-reuniao-da-cib-e-realizada-sem-a-presenca-de-representantes-da-ses-mg\/#article","isPartOf":{"@id":"https:\/\/www.federassantas.org.br\/novosite\/243o-reuniao-da-cib-e-realizada-sem-a-presenca-de-representantes-da-ses-mg\/"},"author":{"name":"admin-federas","@id":"https:\/\/www.federassantas.org.br\/novosite\/#\/schema\/person\/75fed98158349313fe56175f232f513c"},"headline":"243\u00ba reuni\u00e3o da CIB \u00e9 realizada sem a presen\u00e7a de representantes da SES\/MG","datePublished":"2018-06-25T16:31:27+00:00","mainEntityOfPage":{"@id":"https:\/\/www.federassantas.org.br\/novosite\/243o-reuniao-da-cib-e-realizada-sem-a-presenca-de-representantes-da-ses-mg\/"},"wordCount":559,"commentCount":0,"publisher":{"@id":"https:\/\/www.federassantas.org.br\/novosite\/#organization"},"image":{"@id":"https:\/\/www.federassantas.org.br\/novosite\/243o-reuniao-da-cib-e-realizada-sem-a-presenca-de-representantes-da-ses-mg\/#primaryimage"},"thumbnailUrl":"","articleSection":["Not\u00edcias","Not\u00edcias P\u00fablicas"],"inLanguage":"pt-BR","potentialAction":[{"@type":"CommentAction","name":"Comment","target":["https:\/\/www.federassantas.org.br\/novosite\/243o-reuniao-da-cib-e-realizada-sem-a-presenca-de-representantes-da-ses-mg\/#respond"]}]},{"@type":"WebPage","@id":"https:\/\/www.federassantas.org.br\/novosite\/243o-reuniao-da-cib-e-realizada-sem-a-presenca-de-representantes-da-ses-mg\/","url":"https:\/\/www.federassantas.org.br\/novosite\/243o-reuniao-da-cib-e-realizada-sem-a-presenca-de-representantes-da-ses-mg\/","name":"243\u00ba reuni\u00e3o da CIB \u00e9 realizada sem a presen\u00e7a de representantes da SES\/MG - Federassantas","isPartOf":{"@id":"https:\/\/www.federassantas.org.br\/novosite\/#website"},"primaryImageOfPage":{"@id":"https:\/\/www.federassantas.org.br\/novosite\/243o-reuniao-da-cib-e-realizada-sem-a-presenca-de-representantes-da-ses-mg\/#primaryimage"},"image":{"@id":"https:\/\/www.federassantas.org.br\/novosite\/243o-reuniao-da-cib-e-realizada-sem-a-presenca-de-representantes-da-ses-mg\/#primaryimage"},"thumbnailUrl":"","datePublished":"2018-06-25T16:31:27+00:00","breadcrumb":{"@id":"https:\/\/www.federassantas.org.br\/novosite\/243o-reuniao-da-cib-e-realizada-sem-a-presenca-de-representantes-da-ses-mg\/#breadcrumb"},"inLanguage":"pt-BR","potentialAction":[{"@type":"ReadAction","target":["https:\/\/www.federassantas.org.br\/novosite\/243o-reuniao-da-cib-e-realizada-sem-a-presenca-de-representantes-da-ses-mg\/"]}]},{"@type":"ImageObject","inLanguage":"pt-BR","@id":"https:\/\/www.federassantas.org.br\/novosite\/243o-reuniao-da-cib-e-realizada-sem-a-presenca-de-representantes-da-ses-mg\/#primaryimage","url":"","contentUrl":""},{"@type":"BreadcrumbList","@id":"https:\/\/www.federassantas.org.br\/novosite\/243o-reuniao-da-cib-e-realizada-sem-a-presenca-de-representantes-da-ses-mg\/#breadcrumb","itemListElement":[{"@type":"ListItem","position":1,"name":"In\u00edcio","item":"https:\/\/www.federassantas.org.br\/novosite\/"},{"@type":"ListItem","position":2,"name":"243\u00ba reuni\u00e3o da CIB \u00e9 realizada sem a presen\u00e7a de representantes da SES\/MG"}]},{"@type":"WebSite","@id":"https:\/\/www.federassantas.org.br\/novosite\/#website","url":"https:\/\/www.federassantas.org.br\/novosite\/","name":"Federassantas","description":"Entidade de representa\u00e7\u00e3o e fortalecimento das Santas Casas, hospitais filantr\u00f3picos e entidades beneficentes de sa\u00fade de Minas Gerais, atuando na defesa institucional, qualifica\u00e7\u00e3o da gest\u00e3o e sustentabilidade do setor.","publisher":{"@id":"https:\/\/www.federassantas.org.br\/novosite\/#organization"},"potentialAction":[{"@type":"SearchAction","target":{"@type":"EntryPoint","urlTemplate":"https:\/\/www.federassantas.org.br\/novosite\/?s={search_term_string}"},"query-input":{"@type":"PropertyValueSpecification","valueRequired":true,"valueName":"search_term_string"}}],"inLanguage":"pt-BR"},{"@type":"Organization","@id":"https:\/\/www.federassantas.org.br\/novosite\/#organization","name":"Federassantas","url":"https:\/\/www.federassantas.org.br\/novosite\/","logo":{"@type":"ImageObject","inLanguage":"pt-BR","@id":"https:\/\/www.federassantas.org.br\/novosite\/#\/schema\/logo\/image\/","url":"https:\/\/www.federassantas.org.br\/novosite\/wp-content\/uploads\/2021\/12\/logo.png","contentUrl":"https:\/\/www.federassantas.org.br\/novosite\/wp-content\/uploads\/2021\/12\/logo.png","width":243,"height":59,"caption":"Federassantas"},"image":{"@id":"https:\/\/www.federassantas.org.br\/novosite\/#\/schema\/logo\/image\/"}},{"@type":"Person","@id":"https:\/\/www.federassantas.org.br\/novosite\/#\/schema\/person\/75fed98158349313fe56175f232f513c","name":"admin-federas","image":{"@type":"ImageObject","inLanguage":"pt-BR","@id":"https:\/\/www.federassantas.org.br\/novosite\/#\/schema\/person\/image\/","url":"https:\/\/secure.gravatar.com\/avatar\/2a02d7dda59fe8dc6b7ffd3f652e2efede5ccf0dd89dfdc8137c5517f3de8407?s=96&d=mm&r=g","contentUrl":"https:\/\/secure.gravatar.com\/avatar\/2a02d7dda59fe8dc6b7ffd3f652e2efede5ccf0dd89dfdc8137c5517f3de8407?s=96&d=mm&r=g","caption":"admin-federas"},"sameAs":["https:\/\/www.federassantas.org.br\/novosite\/"],"url":"https:\/\/www.federassantas.org.br\/novosite\/author\/admin-federas\/"}]}},"_links":{"self":[{"href":"https:\/\/www.federassantas.org.br\/novosite\/wp-json\/wp\/v2\/posts\/13097","targetHints":{"allow":["GET"]}}],"collection":[{"href":"https:\/\/www.federassantas.org.br\/novosite\/wp-json\/wp\/v2\/posts"}],"about":[{"href":"https:\/\/www.federassantas.org.br\/novosite\/wp-json\/wp\/v2\/types\/post"}],"author":[{"embeddable":true,"href":"https:\/\/www.federassantas.org.br\/novosite\/wp-json\/wp\/v2\/users\/1"}],"replies":[{"embeddable":true,"href":"https:\/\/www.federassantas.org.br\/novosite\/wp-json\/wp\/v2\/comments?post=13097"}],"version-history":[{"count":0,"href":"https:\/\/www.federassantas.org.br\/novosite\/wp-json\/wp\/v2\/posts\/13097\/revisions"}],"wp:attachment":[{"href":"https:\/\/www.federassantas.org.br\/novosite\/wp-json\/wp\/v2\/media?parent=13097"}],"wp:term":[{"taxonomy":"category","embeddable":true,"href":"https:\/\/www.federassantas.org.br\/novosite\/wp-json\/wp\/v2\/categories?post=13097"},{"taxonomy":"post_tag","embeddable":true,"href":"https:\/\/www.federassantas.org.br\/novosite\/wp-json\/wp\/v2\/tags?post=13097"}],"curies":[{"name":"wp","href":"https:\/\/api.w.org\/{rel}","templated":true}]}}