{"id":13106,"date":"2018-06-25T17:06:07","date_gmt":"2018-06-25T20:06:07","guid":{"rendered":"https:\/\/federasbackup.meltcomunicacao.com.br\/?p=13106"},"modified":"2018-06-25T17:06:07","modified_gmt":"2018-06-25T20:06:07","slug":"ministro-da-saude-inaugura-moderno-centro-de-oncologia-e-hematologia-da-santa-casa-de-montes-claros","status":"publish","type":"post","link":"https:\/\/www.federassantas.org.br\/novosite\/ministro-da-saude-inaugura-moderno-centro-de-oncologia-e-hematologia-da-santa-casa-de-montes-claros\/","title":{"rendered":"Ministro da Sa\u00fade inaugura moderno Centro de Oncologia e Hematologia da Santa Casa de Montes Claros"},"content":{"rendered":"<p style=\"font-weight: 400; text-align: justify;\">Na manh\u00e3 de hoje, 25, a Santa Casa de Montes Claros inaugurou a Oncocenter &#8211; Centro Avan\u00e7ado de Oncologia e Hematologia. De acordo com uma das coordenadoras da cl\u00ednica, a m\u00e9dica oncologista Cl\u00e1udia Teixeira, a popula\u00e7\u00e3o assistida passa a contar com um refor\u00e7o para ampliar e qualificar os atendimentos de pacientes com c\u00e2ncer na regi\u00e3o. \u201cA Oncocenter tem como proposta aliar humaniza\u00e7\u00e3o e tecnologia. Al\u00e9m disso, a cl\u00ednica apresenta dois grandes diferenciais, estar localizada no pr\u00e9dio da Cl\u00ednica Radialis, que conta com o parque tecnol\u00f3gico mais moderno da regi\u00e3o em radioterapia e radiologia; e o suporte hospitalar da Santa Casa de Montes Claros\u201d, disse.<\/p>\n<p><img fetchpriority=\"high\" decoding=\"async\" class=\"alignnone size-full wp-image-13107\" src=\"http:\/\/federasbackup.meltcomunicacao.com.br\/wp-content\/uploads\/2018\/06\/IMG_2830.jpg\" alt=\"\" width=\"5184\" height=\"3456\" \/><\/p>\n<p style=\"font-weight: 400; text-align: justify;\">A Santa Casa de Montes Claros \u00e9 a principal refer\u00eancia em tratamento de c\u00e2ncer no norte de Minas. Com a proposta de integrar e humanizar a assist\u00eancia prestada aos pacientes, traz a melhor assist\u00eancia com o suporte hospitalar da Santa Casa de Montes Claros e da mais moderna cl\u00ednica de Radioterapia da regi\u00e3o, a Radialis.\u00a0No mesmo local, a unidade que j\u00e1 oferece radioterapia e passar\u00e1 a oferecer tamb\u00e9m quimioterapia, concentrando todos os pacientes com c\u00e2ncer num \u00fanico estabelecimento, otimizando a assist\u00eancia.\u00a0A Santa Casa de Montes Claros \u00e9 refer\u00eancia em atendimentos de m\u00e9dia e alta complexidade e conta com 392 leitos.<\/p>\n<p style=\"font-weight: 400; text-align: justify;\">Durante a solenidade, o superintendente da Santa Casa de Montes Claros, Maur\u00edcio S\u00e9rgio Sousa e Silva, ressalta que\u00a0a Oncocenter ir\u00e1 proporcionar tratamento integrado, aliando humaniza\u00e7\u00e3o e tecnologia. &#8220;A inaugura\u00e7\u00e3o da Oncocenter representa mais um avan\u00e7o importante para a sa\u00fade no norte de Minas, pois proporcionar\u00e1 o que existe de mais moderno em tratamento oncol\u00f3gico na atualidade. Na oportunidade, em nome da Santa Casa de Montes Claros, agrade\u00e7o ao deputado Gil Pereira por ter intermediado a vinda do Ministro da Sa\u00fade, o senhor Gilberto Occhi a nossa cidade&#8221;, diz.<\/p>\n<p style=\"font-weight: 400; text-align: justify;\">A solenidade contou com a presen\u00e7a de v\u00e1rias autoridades, entre elas o Ministro da Sa\u00fade Gilberto Occhi. Na oportunidade, o ministro parabenizou a Santa Casa de Montes Claros pelo empenho do hospital em buscar melhorar ainda mais o atendimento prestado na regi\u00e3o. \u201c\u00c9 a inaugura\u00e7\u00e3o de um grande servi\u00e7o oncol\u00f3gico, com instala\u00e7\u00f5es mais modernas, mais humanizadas e principalmente qualificando atendimento em oncologia\u201d. Gilberto Occhi ainda anunciou que o Minist\u00e9rio da Sa\u00fade vai habilitar a Unidade de AVC Madre Teresa de Calcut\u00e1, localizada na Santa Casa de Montes Claros. \u201cA unidade j\u00e1 est\u00e1 em funcionamento. Vamos liberar o valor para o custeio, que \u00e9 em torno de 2 milh\u00f5es de reais\u201d, ressaltou. O ministro tamb\u00e9m afirmou que vai liberar o custeio de mais um tom\u00f3grafo para o hospital. O pedido foi feito atrav\u00e9s do Deputado Gil Pereira.<\/p>\n<p style=\"font-weight: 400; text-align: justify;\">Heli de Oliveira Penido, provedor do hospital, disse que a inaugura\u00e7\u00e3o da Oncocenter representa a concretiza\u00e7\u00e3o do trabalho pela melhoria da sa\u00fade e assist\u00eancia prestada \u00e0 popula\u00e7\u00e3o. \u201cA Oncocenter n\u00e3o \u00e9 apenas a amplia\u00e7\u00e3o do servi\u00e7o no que diz respeito a estrutura. Ela representa o pioneirismo da Santa Casa de Montes Claros\u201d, afirmou.<\/p>\n<h3 style=\"font-weight: 400; text-align: justify;\"><strong>Realidade<\/strong><\/h3>\n<p style=\"font-weight: 400; text-align: justify;\">De acordo com o Instituto Nacional do C\u00e2ncer &#8211; INCA, com exce\u00e7\u00e3o do c\u00e2ncer de pele n\u00e3o-melanoma, os tipos de c\u00e2ncer mais frequentes para o bi\u00eanio 2018\/2019, ser\u00e3o os c\u00e2nceres de pr\u00f3stata (68.220 casos novos) em homens e mama (59.700 mil) em mulheres. Al\u00e9m dos citados, completam a lista dos dez tipos de c\u00e2ncer mais incidentes: c\u00f3lon e reto (intestino \u2013 36.360), pulm\u00e3o (31.270), est\u00f4mago (21.290), colo do \u00fatero (16.370), cavidade oral (14.700), sistema nervoso central (11.320), leucemias (10.800) e es\u00f4fago (10.970). Os dados mostram ainda que os c\u00e2nceres de pr\u00f3stata (61 mil casos) em homens e mama (58 mil casos em mulheres) ser\u00e3o os mais frequentes. No Norte de Minas, o c\u00e2ncer de mama, pr\u00f3stata e os tumores do aparelho digestivo s\u00e3o os mais prevalentes.<\/p>\n<p style=\"font-weight: 400; text-align: justify;\">Ao final da solenidade, o Arcebispo Metropolitano de Montes Claros, Dom Jos\u00e9 Alberto Moura, realizou uma b\u00ean\u00e7\u00e3o nas novas instala\u00e7\u00f5es.\u00a0Estiveram presentes no evento os deputados federais Raquel Muniz (PSD-MG ), Saraiva Felipe (MDB-MG) e Toninho Pinheiro (PP-MG); os deputados estaduais Arlen Santiago (PTB), Carlos Pimenta (PDT) e\u00a0\u00a0Gil Pereira (PP); o prefeito de Montes Claros, Humberto Souto, al\u00e9m de outras autoridades regionais.<\/p>\n<p>Fonte: Assessoria de Imprensa da Santa Casa de Montes Claros<\/p>\n","protected":false},"excerpt":{"rendered":"<p>Na manh\u00e3 de hoje, 25, a Santa Casa de Montes Claros inaugurou a Oncocenter &#8211; Centro Avan\u00e7ado de Oncologia e Hematologia. De acordo com uma das coordenadoras da cl\u00ednica, a m\u00e9dica oncologista Cl\u00e1udia Teixeira, a popula\u00e7\u00e3o assistida passa a contar com um refor\u00e7o para ampliar e qualificar os atendimentos de pacientes com c\u00e2ncer na regi\u00e3o. [&hellip;]<\/p>\n","protected":false},"author":1,"featured_media":13108,"comment_status":"open","ping_status":"open","sticky":false,"template":"","format":"standard","meta":{"footnotes":""},"categories":[140,139],"tags":[121,118,47,122],"class_list":["post-13106","post","type-post","status-publish","format-standard","has-post-thumbnail","hentry","category-noticias","category-noticias-filiados","tag-centro-de-oncologia","tag-federas","tag-federassantas","tag-minstro-da-saude"],"yoast_head":"<!-- This site is optimized with the Yoast SEO plugin v26.9 - https:\/\/yoast.com\/product\/yoast-seo-wordpress\/ -->\n<title>Ministro da Sa\u00fade inaugura moderno Centro de Oncologia e Hematologia da Santa Casa de Montes Claros - Federassantas<\/title>\n<meta name=\"robots\" content=\"index, follow, max-snippet:-1, max-image-preview:large, max-video-preview:-1\" \/>\n<link rel=\"canonical\" href=\"https:\/\/www.federassantas.org.br\/novosite\/ministro-da-saude-inaugura-moderno-centro-de-oncologia-e-hematologia-da-santa-casa-de-montes-claros\/\" \/>\n<meta property=\"og:locale\" content=\"pt_BR\" \/>\n<meta property=\"og:type\" content=\"article\" \/>\n<meta property=\"og:title\" content=\"Ministro da Sa\u00fade inaugura moderno Centro de Oncologia e Hematologia da Santa Casa de Montes Claros - Federassantas\" \/>\n<meta property=\"og:description\" content=\"Na manh\u00e3 de hoje, 25, a Santa Casa de Montes Claros inaugurou a Oncocenter &#8211; Centro Avan\u00e7ado de Oncologia e Hematologia. De acordo com uma das coordenadoras da cl\u00ednica, a m\u00e9dica oncologista Cl\u00e1udia Teixeira, a popula\u00e7\u00e3o assistida passa a contar com um refor\u00e7o para ampliar e qualificar os atendimentos de pacientes com c\u00e2ncer na regi\u00e3o. [&hellip;]\" \/>\n<meta property=\"og:url\" content=\"https:\/\/www.federassantas.org.br\/novosite\/ministro-da-saude-inaugura-moderno-centro-de-oncologia-e-hematologia-da-santa-casa-de-montes-claros\/\" \/>\n<meta property=\"og:site_name\" content=\"Federassantas\" \/>\n<meta property=\"article:published_time\" content=\"2018-06-25T20:06:07+00:00\" \/>\n<meta property=\"og:image\" content=\"https:\/\/www.federassantas.org.br\/novosite\/wp-content\/uploads\/2018\/06\/IMG_2931novo-scaled.jpg\" \/>\n\t<meta property=\"og:image:width\" content=\"2560\" \/>\n\t<meta property=\"og:image:height\" content=\"1707\" \/>\n\t<meta property=\"og:image:type\" content=\"image\/jpeg\" \/>\n<meta name=\"author\" content=\"admin-federas\" \/>\n<meta name=\"twitter:card\" content=\"summary_large_image\" \/>\n<meta name=\"twitter:label1\" content=\"Escrito por\" \/>\n\t<meta name=\"twitter:data1\" content=\"admin-federas\" \/>\n\t<meta name=\"twitter:label2\" content=\"Est. tempo de leitura\" \/>\n\t<meta name=\"twitter:data2\" content=\"4 minutos\" \/>\n<script type=\"application\/ld+json\" class=\"yoast-schema-graph\">{\"@context\":\"https:\/\/schema.org\",\"@graph\":[{\"@type\":\"Article\",\"@id\":\"https:\/\/www.federassantas.org.br\/novosite\/ministro-da-saude-inaugura-moderno-centro-de-oncologia-e-hematologia-da-santa-casa-de-montes-claros\/#article\",\"isPartOf\":{\"@id\":\"https:\/\/www.federassantas.org.br\/novosite\/ministro-da-saude-inaugura-moderno-centro-de-oncologia-e-hematologia-da-santa-casa-de-montes-claros\/\"},\"author\":{\"name\":\"admin-federas\",\"@id\":\"https:\/\/www.federassantas.org.br\/novosite\/#\/schema\/person\/75fed98158349313fe56175f232f513c\"},\"headline\":\"Ministro da Sa\u00fade inaugura moderno Centro de Oncologia e Hematologia da Santa Casa de Montes Claros\",\"datePublished\":\"2018-06-25T20:06:07+00:00\",\"mainEntityOfPage\":{\"@id\":\"https:\/\/www.federassantas.org.br\/novosite\/ministro-da-saude-inaugura-moderno-centro-de-oncologia-e-hematologia-da-santa-casa-de-montes-claros\/\"},\"wordCount\":759,\"commentCount\":0,\"publisher\":{\"@id\":\"https:\/\/www.federassantas.org.br\/novosite\/#organization\"},\"image\":{\"@id\":\"https:\/\/www.federassantas.org.br\/novosite\/ministro-da-saude-inaugura-moderno-centro-de-oncologia-e-hematologia-da-santa-casa-de-montes-claros\/#primaryimage\"},\"thumbnailUrl\":\"https:\/\/www.federassantas.org.br\/novosite\/wp-content\/uploads\/2018\/06\/IMG_2931novo-scaled.jpg\",\"keywords\":[\"centro de oncologia\",\"federas\",\"Federassantas\",\"minstro da sa\u00fade\"],\"articleSection\":[\"Not\u00edcias\",\"Not\u00edcias filiados\"],\"inLanguage\":\"pt-BR\",\"potentialAction\":[{\"@type\":\"CommentAction\",\"name\":\"Comment\",\"target\":[\"https:\/\/www.federassantas.org.br\/novosite\/ministro-da-saude-inaugura-moderno-centro-de-oncologia-e-hematologia-da-santa-casa-de-montes-claros\/#respond\"]}]},{\"@type\":\"WebPage\",\"@id\":\"https:\/\/www.federassantas.org.br\/novosite\/ministro-da-saude-inaugura-moderno-centro-de-oncologia-e-hematologia-da-santa-casa-de-montes-claros\/\",\"url\":\"https:\/\/www.federassantas.org.br\/novosite\/ministro-da-saude-inaugura-moderno-centro-de-oncologia-e-hematologia-da-santa-casa-de-montes-claros\/\",\"name\":\"Ministro da Sa\u00fade inaugura moderno Centro de Oncologia e Hematologia da Santa Casa de Montes Claros - Federassantas\",\"isPartOf\":{\"@id\":\"https:\/\/www.federassantas.org.br\/novosite\/#website\"},\"primaryImageOfPage\":{\"@id\":\"https:\/\/www.federassantas.org.br\/novosite\/ministro-da-saude-inaugura-moderno-centro-de-oncologia-e-hematologia-da-santa-casa-de-montes-claros\/#primaryimage\"},\"image\":{\"@id\":\"https:\/\/www.federassantas.org.br\/novosite\/ministro-da-saude-inaugura-moderno-centro-de-oncologia-e-hematologia-da-santa-casa-de-montes-claros\/#primaryimage\"},\"thumbnailUrl\":\"https:\/\/www.federassantas.org.br\/novosite\/wp-content\/uploads\/2018\/06\/IMG_2931novo-scaled.jpg\",\"datePublished\":\"2018-06-25T20:06:07+00:00\",\"breadcrumb\":{\"@id\":\"https:\/\/www.federassantas.org.br\/novosite\/ministro-da-saude-inaugura-moderno-centro-de-oncologia-e-hematologia-da-santa-casa-de-montes-claros\/#breadcrumb\"},\"inLanguage\":\"pt-BR\",\"potentialAction\":[{\"@type\":\"ReadAction\",\"target\":[\"https:\/\/www.federassantas.org.br\/novosite\/ministro-da-saude-inaugura-moderno-centro-de-oncologia-e-hematologia-da-santa-casa-de-montes-claros\/\"]}]},{\"@type\":\"ImageObject\",\"inLanguage\":\"pt-BR\",\"@id\":\"https:\/\/www.federassantas.org.br\/novosite\/ministro-da-saude-inaugura-moderno-centro-de-oncologia-e-hematologia-da-santa-casa-de-montes-claros\/#primaryimage\",\"url\":\"https:\/\/www.federassantas.org.br\/novosite\/wp-content\/uploads\/2018\/06\/IMG_2931novo-scaled.jpg\",\"contentUrl\":\"https:\/\/www.federassantas.org.br\/novosite\/wp-content\/uploads\/2018\/06\/IMG_2931novo-scaled.jpg\",\"width\":2560,\"height\":1707},{\"@type\":\"BreadcrumbList\",\"@id\":\"https:\/\/www.federassantas.org.br\/novosite\/ministro-da-saude-inaugura-moderno-centro-de-oncologia-e-hematologia-da-santa-casa-de-montes-claros\/#breadcrumb\",\"itemListElement\":[{\"@type\":\"ListItem\",\"position\":1,\"name\":\"In\u00edcio\",\"item\":\"https:\/\/www.federassantas.org.br\/novosite\/\"},{\"@type\":\"ListItem\",\"position\":2,\"name\":\"Ministro da Sa\u00fade inaugura moderno Centro de Oncologia e Hematologia da Santa Casa de Montes Claros\"}]},{\"@type\":\"WebSite\",\"@id\":\"https:\/\/www.federassantas.org.br\/novosite\/#website\",\"url\":\"https:\/\/www.federassantas.org.br\/novosite\/\",\"name\":\"Federassantas\",\"description\":\"Entidade de representa\u00e7\u00e3o e fortalecimento das Santas Casas, hospitais filantr\u00f3picos e entidades beneficentes de sa\u00fade de Minas Gerais, atuando na defesa institucional, qualifica\u00e7\u00e3o da gest\u00e3o e sustentabilidade do setor.\",\"publisher\":{\"@id\":\"https:\/\/www.federassantas.org.br\/novosite\/#organization\"},\"potentialAction\":[{\"@type\":\"SearchAction\",\"target\":{\"@type\":\"EntryPoint\",\"urlTemplate\":\"https:\/\/www.federassantas.org.br\/novosite\/?s={search_term_string}\"},\"query-input\":{\"@type\":\"PropertyValueSpecification\",\"valueRequired\":true,\"valueName\":\"search_term_string\"}}],\"inLanguage\":\"pt-BR\"},{\"@type\":\"Organization\",\"@id\":\"https:\/\/www.federassantas.org.br\/novosite\/#organization\",\"name\":\"Federassantas\",\"url\":\"https:\/\/www.federassantas.org.br\/novosite\/\",\"logo\":{\"@type\":\"ImageObject\",\"inLanguage\":\"pt-BR\",\"@id\":\"https:\/\/www.federassantas.org.br\/novosite\/#\/schema\/logo\/image\/\",\"url\":\"https:\/\/www.federassantas.org.br\/novosite\/wp-content\/uploads\/2021\/12\/logo.png\",\"contentUrl\":\"https:\/\/www.federassantas.org.br\/novosite\/wp-content\/uploads\/2021\/12\/logo.png\",\"width\":243,\"height\":59,\"caption\":\"Federassantas\"},\"image\":{\"@id\":\"https:\/\/www.federassantas.org.br\/novosite\/#\/schema\/logo\/image\/\"}},{\"@type\":\"Person\",\"@id\":\"https:\/\/www.federassantas.org.br\/novosite\/#\/schema\/person\/75fed98158349313fe56175f232f513c\",\"name\":\"admin-federas\",\"image\":{\"@type\":\"ImageObject\",\"inLanguage\":\"pt-BR\",\"@id\":\"https:\/\/www.federassantas.org.br\/novosite\/#\/schema\/person\/image\/\",\"url\":\"https:\/\/secure.gravatar.com\/avatar\/2a02d7dda59fe8dc6b7ffd3f652e2efede5ccf0dd89dfdc8137c5517f3de8407?s=96&d=mm&r=g\",\"contentUrl\":\"https:\/\/secure.gravatar.com\/avatar\/2a02d7dda59fe8dc6b7ffd3f652e2efede5ccf0dd89dfdc8137c5517f3de8407?s=96&d=mm&r=g\",\"caption\":\"admin-federas\"},\"sameAs\":[\"https:\/\/www.federassantas.org.br\/novosite\/\"],\"url\":\"https:\/\/www.federassantas.org.br\/novosite\/author\/admin-federas\/\"}]}<\/script>\n<!-- \/ Yoast SEO plugin. -->","yoast_head_json":{"title":"Ministro da Sa\u00fade inaugura moderno Centro de Oncologia e Hematologia da Santa Casa de Montes Claros - Federassantas","robots":{"index":"index","follow":"follow","max-snippet":"max-snippet:-1","max-image-preview":"max-image-preview:large","max-video-preview":"max-video-preview:-1"},"canonical":"https:\/\/www.federassantas.org.br\/novosite\/ministro-da-saude-inaugura-moderno-centro-de-oncologia-e-hematologia-da-santa-casa-de-montes-claros\/","og_locale":"pt_BR","og_type":"article","og_title":"Ministro da Sa\u00fade inaugura moderno Centro de Oncologia e Hematologia da Santa Casa de Montes Claros - Federassantas","og_description":"Na manh\u00e3 de hoje, 25, a Santa Casa de Montes Claros inaugurou a Oncocenter &#8211; Centro Avan\u00e7ado de Oncologia e Hematologia. De acordo com uma das coordenadoras da cl\u00ednica, a m\u00e9dica oncologista Cl\u00e1udia Teixeira, a popula\u00e7\u00e3o assistida passa a contar com um refor\u00e7o para ampliar e qualificar os atendimentos de pacientes com c\u00e2ncer na regi\u00e3o. [&hellip;]","og_url":"https:\/\/www.federassantas.org.br\/novosite\/ministro-da-saude-inaugura-moderno-centro-de-oncologia-e-hematologia-da-santa-casa-de-montes-claros\/","og_site_name":"Federassantas","article_published_time":"2018-06-25T20:06:07+00:00","og_image":[{"width":2560,"height":1707,"url":"https:\/\/www.federassantas.org.br\/novosite\/wp-content\/uploads\/2018\/06\/IMG_2931novo-scaled.jpg","type":"image\/jpeg"}],"author":"admin-federas","twitter_card":"summary_large_image","twitter_misc":{"Escrito por":"admin-federas","Est. tempo de leitura":"4 minutos"},"schema":{"@context":"https:\/\/schema.org","@graph":[{"@type":"Article","@id":"https:\/\/www.federassantas.org.br\/novosite\/ministro-da-saude-inaugura-moderno-centro-de-oncologia-e-hematologia-da-santa-casa-de-montes-claros\/#article","isPartOf":{"@id":"https:\/\/www.federassantas.org.br\/novosite\/ministro-da-saude-inaugura-moderno-centro-de-oncologia-e-hematologia-da-santa-casa-de-montes-claros\/"},"author":{"name":"admin-federas","@id":"https:\/\/www.federassantas.org.br\/novosite\/#\/schema\/person\/75fed98158349313fe56175f232f513c"},"headline":"Ministro da Sa\u00fade inaugura moderno Centro de Oncologia e Hematologia da Santa Casa de Montes Claros","datePublished":"2018-06-25T20:06:07+00:00","mainEntityOfPage":{"@id":"https:\/\/www.federassantas.org.br\/novosite\/ministro-da-saude-inaugura-moderno-centro-de-oncologia-e-hematologia-da-santa-casa-de-montes-claros\/"},"wordCount":759,"commentCount":0,"publisher":{"@id":"https:\/\/www.federassantas.org.br\/novosite\/#organization"},"image":{"@id":"https:\/\/www.federassantas.org.br\/novosite\/ministro-da-saude-inaugura-moderno-centro-de-oncologia-e-hematologia-da-santa-casa-de-montes-claros\/#primaryimage"},"thumbnailUrl":"https:\/\/www.federassantas.org.br\/novosite\/wp-content\/uploads\/2018\/06\/IMG_2931novo-scaled.jpg","keywords":["centro de oncologia","federas","Federassantas","minstro da sa\u00fade"],"articleSection":["Not\u00edcias","Not\u00edcias filiados"],"inLanguage":"pt-BR","potentialAction":[{"@type":"CommentAction","name":"Comment","target":["https:\/\/www.federassantas.org.br\/novosite\/ministro-da-saude-inaugura-moderno-centro-de-oncologia-e-hematologia-da-santa-casa-de-montes-claros\/#respond"]}]},{"@type":"WebPage","@id":"https:\/\/www.federassantas.org.br\/novosite\/ministro-da-saude-inaugura-moderno-centro-de-oncologia-e-hematologia-da-santa-casa-de-montes-claros\/","url":"https:\/\/www.federassantas.org.br\/novosite\/ministro-da-saude-inaugura-moderno-centro-de-oncologia-e-hematologia-da-santa-casa-de-montes-claros\/","name":"Ministro da Sa\u00fade inaugura moderno Centro de Oncologia e Hematologia da Santa Casa de Montes Claros - Federassantas","isPartOf":{"@id":"https:\/\/www.federassantas.org.br\/novosite\/#website"},"primaryImageOfPage":{"@id":"https:\/\/www.federassantas.org.br\/novosite\/ministro-da-saude-inaugura-moderno-centro-de-oncologia-e-hematologia-da-santa-casa-de-montes-claros\/#primaryimage"},"image":{"@id":"https:\/\/www.federassantas.org.br\/novosite\/ministro-da-saude-inaugura-moderno-centro-de-oncologia-e-hematologia-da-santa-casa-de-montes-claros\/#primaryimage"},"thumbnailUrl":"https:\/\/www.federassantas.org.br\/novosite\/wp-content\/uploads\/2018\/06\/IMG_2931novo-scaled.jpg","datePublished":"2018-06-25T20:06:07+00:00","breadcrumb":{"@id":"https:\/\/www.federassantas.org.br\/novosite\/ministro-da-saude-inaugura-moderno-centro-de-oncologia-e-hematologia-da-santa-casa-de-montes-claros\/#breadcrumb"},"inLanguage":"pt-BR","potentialAction":[{"@type":"ReadAction","target":["https:\/\/www.federassantas.org.br\/novosite\/ministro-da-saude-inaugura-moderno-centro-de-oncologia-e-hematologia-da-santa-casa-de-montes-claros\/"]}]},{"@type":"ImageObject","inLanguage":"pt-BR","@id":"https:\/\/www.federassantas.org.br\/novosite\/ministro-da-saude-inaugura-moderno-centro-de-oncologia-e-hematologia-da-santa-casa-de-montes-claros\/#primaryimage","url":"https:\/\/www.federassantas.org.br\/novosite\/wp-content\/uploads\/2018\/06\/IMG_2931novo-scaled.jpg","contentUrl":"https:\/\/www.federassantas.org.br\/novosite\/wp-content\/uploads\/2018\/06\/IMG_2931novo-scaled.jpg","width":2560,"height":1707},{"@type":"BreadcrumbList","@id":"https:\/\/www.federassantas.org.br\/novosite\/ministro-da-saude-inaugura-moderno-centro-de-oncologia-e-hematologia-da-santa-casa-de-montes-claros\/#breadcrumb","itemListElement":[{"@type":"ListItem","position":1,"name":"In\u00edcio","item":"https:\/\/www.federassantas.org.br\/novosite\/"},{"@type":"ListItem","position":2,"name":"Ministro da Sa\u00fade inaugura moderno Centro de Oncologia e Hematologia da Santa Casa de Montes Claros"}]},{"@type":"WebSite","@id":"https:\/\/www.federassantas.org.br\/novosite\/#website","url":"https:\/\/www.federassantas.org.br\/novosite\/","name":"Federassantas","description":"Entidade de representa\u00e7\u00e3o e fortalecimento das Santas Casas, hospitais filantr\u00f3picos e entidades beneficentes de sa\u00fade de Minas Gerais, atuando na defesa institucional, qualifica\u00e7\u00e3o da gest\u00e3o e sustentabilidade do setor.","publisher":{"@id":"https:\/\/www.federassantas.org.br\/novosite\/#organization"},"potentialAction":[{"@type":"SearchAction","target":{"@type":"EntryPoint","urlTemplate":"https:\/\/www.federassantas.org.br\/novosite\/?s={search_term_string}"},"query-input":{"@type":"PropertyValueSpecification","valueRequired":true,"valueName":"search_term_string"}}],"inLanguage":"pt-BR"},{"@type":"Organization","@id":"https:\/\/www.federassantas.org.br\/novosite\/#organization","name":"Federassantas","url":"https:\/\/www.federassantas.org.br\/novosite\/","logo":{"@type":"ImageObject","inLanguage":"pt-BR","@id":"https:\/\/www.federassantas.org.br\/novosite\/#\/schema\/logo\/image\/","url":"https:\/\/www.federassantas.org.br\/novosite\/wp-content\/uploads\/2021\/12\/logo.png","contentUrl":"https:\/\/www.federassantas.org.br\/novosite\/wp-content\/uploads\/2021\/12\/logo.png","width":243,"height":59,"caption":"Federassantas"},"image":{"@id":"https:\/\/www.federassantas.org.br\/novosite\/#\/schema\/logo\/image\/"}},{"@type":"Person","@id":"https:\/\/www.federassantas.org.br\/novosite\/#\/schema\/person\/75fed98158349313fe56175f232f513c","name":"admin-federas","image":{"@type":"ImageObject","inLanguage":"pt-BR","@id":"https:\/\/www.federassantas.org.br\/novosite\/#\/schema\/person\/image\/","url":"https:\/\/secure.gravatar.com\/avatar\/2a02d7dda59fe8dc6b7ffd3f652e2efede5ccf0dd89dfdc8137c5517f3de8407?s=96&d=mm&r=g","contentUrl":"https:\/\/secure.gravatar.com\/avatar\/2a02d7dda59fe8dc6b7ffd3f652e2efede5ccf0dd89dfdc8137c5517f3de8407?s=96&d=mm&r=g","caption":"admin-federas"},"sameAs":["https:\/\/www.federassantas.org.br\/novosite\/"],"url":"https:\/\/www.federassantas.org.br\/novosite\/author\/admin-federas\/"}]}},"_links":{"self":[{"href":"https:\/\/www.federassantas.org.br\/novosite\/wp-json\/wp\/v2\/posts\/13106","targetHints":{"allow":["GET"]}}],"collection":[{"href":"https:\/\/www.federassantas.org.br\/novosite\/wp-json\/wp\/v2\/posts"}],"about":[{"href":"https:\/\/www.federassantas.org.br\/novosite\/wp-json\/wp\/v2\/types\/post"}],"author":[{"embeddable":true,"href":"https:\/\/www.federassantas.org.br\/novosite\/wp-json\/wp\/v2\/users\/1"}],"replies":[{"embeddable":true,"href":"https:\/\/www.federassantas.org.br\/novosite\/wp-json\/wp\/v2\/comments?post=13106"}],"version-history":[{"count":0,"href":"https:\/\/www.federassantas.org.br\/novosite\/wp-json\/wp\/v2\/posts\/13106\/revisions"}],"wp:featuredmedia":[{"embeddable":true,"href":"https:\/\/www.federassantas.org.br\/novosite\/wp-json\/wp\/v2\/media\/13108"}],"wp:attachment":[{"href":"https:\/\/www.federassantas.org.br\/novosite\/wp-json\/wp\/v2\/media?parent=13106"}],"wp:term":[{"taxonomy":"category","embeddable":true,"href":"https:\/\/www.federassantas.org.br\/novosite\/wp-json\/wp\/v2\/categories?post=13106"},{"taxonomy":"post_tag","embeddable":true,"href":"https:\/\/www.federassantas.org.br\/novosite\/wp-json\/wp\/v2\/tags?post=13106"}],"curies":[{"name":"wp","href":"https:\/\/api.w.org\/{rel}","templated":true}]}}