{"id":13119,"date":"2018-06-26T18:30:59","date_gmt":"2018-06-26T21:30:59","guid":{"rendered":"https:\/\/federasbackup.meltcomunicacao.com.br\/?p=13119"},"modified":"2018-06-26T18:30:59","modified_gmt":"2018-06-26T21:30:59","slug":"dilson-godinho-acaba-com-fila-de-espera-para-radioterapia-na-regiao","status":"publish","type":"post","link":"https:\/\/www.federassantas.org.br\/novosite\/dilson-godinho-acaba-com-fila-de-espera-para-radioterapia-na-regiao\/","title":{"rendered":"Dilson Godinho acaba com fila de espera para radioterapia na regi\u00e3o"},"content":{"rendered":"<p><em>Com mais um Acelerador Linear, capacidade de tratamento por radioterapia ser\u00e1 duplicada<\/em><\/p>\n<p class=\"m_-2294855857060376144gmail-MsoNoSpacing\" style=\"text-align: justify;\">O ministro da Sa\u00fade, Gilberto Occhi, inaugurou o segundo Acelerador Linear da Unidade de Radioterapia do Hospital D\u00edlson Godinho, em solenidade realizada nesta segunda-feira (25\/06). O novo equipamento foi adquirido com recursos de conv\u00eanio firmado com o Governo Federal; as obras da Casamata-2 e a aquisi\u00e7\u00e3o de sistemas para tratamento de c\u00e2nceres custaram cerca de R$ 6,5 milh\u00f5es. O investimento possibilitar\u00e1 que pacientes que necessitam de radioterapia para tratamento de c\u00e2ncer pelo Sistema \u00danico de Sa\u00fade (SUS) no Norte de Minas n\u00e3o fiquem mais esperando uma vaga.<\/p>\n<p class=\"m_-2294855857060376144gmail-MsoNoSpacing\" style=\"text-align: justify;\">Durante o seu discurso, Occhi afirmou que o equipamento vai possibilitar um melhor servi\u00e7o prestado \u00e0 popula\u00e7\u00e3o. &#8220;N\u00e3o queremos que as pessoas sejam submetidas \u00e0 radioterapia, mas se por algum motivo necessitarem desse tratamento que este seja feito aqui e n\u00e3o necessite ir a Belo Horizonte, Rio de Janeiro, S\u00e3o Paulo ou mesmo para outro pa\u00eds para se tratar, porque aqui temos o que h\u00e1 de melhor no mundo em equipamentos e profissionais. Ent\u00e3o, nessa inaugura\u00e7\u00e3o quem mais ganha \u00e9 a popula\u00e7\u00e3o de Montes Claros e do Norte de Minas, al\u00e9m de parte do Estado da Bahia&#8221;.<\/p>\n<p class=\"m_-2294855857060376144gmail-MsoNoSpacing\" style=\"text-align: justify;\">Ainda segundo o ministro, outro aspecto importante no tratamento contra o c\u00e2ncer \u00e9 a humaniza\u00e7\u00e3o do atendimento. &#8220;Espero que as pessoas, sobretudo as mais carentes que s\u00e3o atendidas pelo Sistema \u00danico de Sa\u00fade (SUS) de Montes Claros e da regi\u00e3o, que demande por esse servi\u00e7o de radioterapia, sejam muito bem atendidos e que possam encontrar aqui no hospital [Dilson Godinho] a sua cura a partir de um atendimento humanizado e cada vez mais preciso&#8221;, comentou.<\/p>\n<p class=\"m_-2294855857060376144gmail-MsoNoSpacing\" style=\"text-align: justify;\">Para o diretor-presidente do Hospital, o m\u00e9dico D\u00edlson Godinho J\u00fanior, a inaugura\u00e7\u00e3o do novo Acelerador Linear representa um avan\u00e7o muito grande no atendimento de radioterapia para o hospital. &#8220;Esse equipamento, mais moderno do que j\u00e1 temos, possibilitar\u00e1 dobrar a capacidade de atendimento e assim acabar com\u00a0\u00a0a espera dos pacientes para iniciar o tratamento do c\u00e2ncer com radioterapia&#8221;, destacou.<\/p>\n<p class=\"m_-2294855857060376144gmail-MsoNoSpacing\" style=\"text-align: justify;\"><b><u>CASAMATA-2<\/u><\/b><\/p>\n<p class=\"m_-2294855857060376144gmail-MsoNoSpacing\" style=\"text-align: justify;\">O novo Acelerador Linear faz parte da estrutura de atendimento de excel\u00eancia da Unidade Avan\u00e7ada de Alta Complexidade em Oncologia do Hospital Dilson Godinho. Com o novo equipamento, o hospital, que \u00e9 refer\u00eancia no tratamento dos diversos tipos de c\u00e2nceres e atende a 70% de todos os casos tratados na regi\u00e3o pelo SUS, vai ampliar a sua capacidade de realizar procedimentos de radioterapia, passando de 2.200 para 4.500 por ano.<\/p>\n<p class=\"m_-2294855857060376144gmail-MsoNoSpacing\" style=\"text-align: justify;\">O Dilson Godinho\u00a0\u00a0j\u00e1 possui um Acelerador Linear e uma Braquiterapia, equipamentos modernos e de ponta para tratamento do c\u00e2ncer. A Unidade Oncol\u00f3gica conta ainda com os servi\u00e7os de Quimioterapia, Radioterapia, Cirurgia Oncol\u00f3gica e Hematologia. O Hospital recebe pacientes de v\u00e1rias regi\u00f5es de Minas Gerais e do sul da Bahia. Somente na Quimioterapia, s\u00e3o realizados mais de 1.300 procedimentos por m\u00eas, onde o paciente tem acesso, desde o primeiro atendimento, a uma equipe multiprofissional de especialistas no combate ao c\u00e2ncer. S\u00e3o mais de 800 cirurgias oncol\u00f3gicas\u00a0\u00a0pelo SUS por ano.<\/p>\n<p class=\"m_-2294855857060376144gmail-MsoNoSpacing\" style=\"text-align: justify;\">O novo equipamento custou 1 milh\u00e3o de d\u00f3lares e foi adquirido com recursos liberados pelo Governo Federal, atrav\u00e9s de conv\u00eanio firmado com o Minist\u00e9rio da Sa\u00fade. Para entrar em funcionamento foram necess\u00e1rios outros investimentos em torno de R$ 3 milh\u00f5es, com a constru\u00e7\u00e3o da Casamata-2 e aquisi\u00e7\u00e3o de sistemas para tratamento dos diversos tipos de c\u00e2nceres.<\/p>\n<p><img fetchpriority=\"high\" decoding=\"async\" class=\"alignnone  wp-image-13120\" src=\"http:\/\/federasbackup.meltcomunicacao.com.br\/wp-content\/uploads\/2018\/06\/Visita-Ministro-da-Sa\u00fade-1-1.jpeg\" alt=\"\" width=\"598\" height=\"337\" \/><\/p>\n<p><em>Fonte: Assessoria de Comunica\u00e7\u00e3o do Hospital Dilson Godinho<\/em><\/p>\n","protected":false},"excerpt":{"rendered":"<p>Com mais um Acelerador Linear, capacidade de tratamento por radioterapia ser\u00e1 duplicada O ministro da Sa\u00fade, Gilberto Occhi, inaugurou o segundo Acelerador Linear da Unidade de Radioterapia do Hospital D\u00edlson Godinho, em solenidade realizada nesta segunda-feira (25\/06). O novo equipamento foi adquirido com recursos de conv\u00eanio firmado com o Governo Federal; as obras da Casamata-2 [&hellip;]<\/p>\n","protected":false},"author":1,"featured_media":13121,"comment_status":"open","ping_status":"open","sticky":false,"template":"","format":"standard","meta":{"footnotes":""},"categories":[140,139],"tags":[],"class_list":["post-13119","post","type-post","status-publish","format-standard","has-post-thumbnail","hentry","category-noticias","category-noticias-filiados"],"yoast_head":"<!-- This site is optimized with the Yoast SEO plugin v26.9 - https:\/\/yoast.com\/product\/yoast-seo-wordpress\/ -->\n<title>Dilson Godinho acaba com fila de espera para radioterapia na regi\u00e3o - Federassantas<\/title>\n<meta name=\"robots\" content=\"index, follow, max-snippet:-1, max-image-preview:large, max-video-preview:-1\" \/>\n<link rel=\"canonical\" href=\"https:\/\/www.federassantas.org.br\/novosite\/dilson-godinho-acaba-com-fila-de-espera-para-radioterapia-na-regiao\/\" \/>\n<meta property=\"og:locale\" content=\"pt_BR\" \/>\n<meta property=\"og:type\" content=\"article\" \/>\n<meta property=\"og:title\" content=\"Dilson Godinho acaba com fila de espera para radioterapia na regi\u00e3o - Federassantas\" \/>\n<meta property=\"og:description\" content=\"Com mais um Acelerador Linear, capacidade de tratamento por radioterapia ser\u00e1 duplicada O ministro da Sa\u00fade, Gilberto Occhi, inaugurou o segundo Acelerador Linear da Unidade de Radioterapia do Hospital D\u00edlson Godinho, em solenidade realizada nesta segunda-feira (25\/06). O novo equipamento foi adquirido com recursos de conv\u00eanio firmado com o Governo Federal; as obras da Casamata-2 [&hellip;]\" \/>\n<meta property=\"og:url\" content=\"https:\/\/www.federassantas.org.br\/novosite\/dilson-godinho-acaba-com-fila-de-espera-para-radioterapia-na-regiao\/\" \/>\n<meta property=\"og:site_name\" content=\"Federassantas\" \/>\n<meta property=\"article:published_time\" content=\"2018-06-26T21:30:59+00:00\" \/>\n<meta property=\"og:image\" content=\"https:\/\/www.federassantas.org.br\/novosite\/wp-content\/uploads\/2018\/06\/Visita-Ministro-da-Saude-2.jpeg\" \/>\n\t<meta property=\"og:image:width\" content=\"1280\" \/>\n\t<meta property=\"og:image:height\" content=\"720\" \/>\n\t<meta property=\"og:image:type\" content=\"image\/jpeg\" \/>\n<meta name=\"author\" content=\"admin-federas\" \/>\n<meta name=\"twitter:card\" content=\"summary_large_image\" \/>\n<meta name=\"twitter:label1\" content=\"Escrito por\" \/>\n\t<meta name=\"twitter:data1\" content=\"admin-federas\" \/>\n\t<meta name=\"twitter:label2\" content=\"Est. tempo de leitura\" \/>\n\t<meta name=\"twitter:data2\" content=\"3 minutos\" \/>\n<script type=\"application\/ld+json\" class=\"yoast-schema-graph\">{\"@context\":\"https:\/\/schema.org\",\"@graph\":[{\"@type\":\"Article\",\"@id\":\"https:\/\/www.federassantas.org.br\/novosite\/dilson-godinho-acaba-com-fila-de-espera-para-radioterapia-na-regiao\/#article\",\"isPartOf\":{\"@id\":\"https:\/\/www.federassantas.org.br\/novosite\/dilson-godinho-acaba-com-fila-de-espera-para-radioterapia-na-regiao\/\"},\"author\":{\"name\":\"admin-federas\",\"@id\":\"https:\/\/www.federassantas.org.br\/novosite\/#\/schema\/person\/75fed98158349313fe56175f232f513c\"},\"headline\":\"Dilson Godinho acaba com fila de espera para radioterapia na regi\u00e3o\",\"datePublished\":\"2018-06-26T21:30:59+00:00\",\"mainEntityOfPage\":{\"@id\":\"https:\/\/www.federassantas.org.br\/novosite\/dilson-godinho-acaba-com-fila-de-espera-para-radioterapia-na-regiao\/\"},\"wordCount\":612,\"commentCount\":0,\"publisher\":{\"@id\":\"https:\/\/www.federassantas.org.br\/novosite\/#organization\"},\"image\":{\"@id\":\"https:\/\/www.federassantas.org.br\/novosite\/dilson-godinho-acaba-com-fila-de-espera-para-radioterapia-na-regiao\/#primaryimage\"},\"thumbnailUrl\":\"https:\/\/www.federassantas.org.br\/novosite\/wp-content\/uploads\/2018\/06\/Visita-Ministro-da-Saude-2.jpeg\",\"articleSection\":[\"Not\u00edcias\",\"Not\u00edcias filiados\"],\"inLanguage\":\"pt-BR\",\"potentialAction\":[{\"@type\":\"CommentAction\",\"name\":\"Comment\",\"target\":[\"https:\/\/www.federassantas.org.br\/novosite\/dilson-godinho-acaba-com-fila-de-espera-para-radioterapia-na-regiao\/#respond\"]}]},{\"@type\":\"WebPage\",\"@id\":\"https:\/\/www.federassantas.org.br\/novosite\/dilson-godinho-acaba-com-fila-de-espera-para-radioterapia-na-regiao\/\",\"url\":\"https:\/\/www.federassantas.org.br\/novosite\/dilson-godinho-acaba-com-fila-de-espera-para-radioterapia-na-regiao\/\",\"name\":\"Dilson Godinho acaba com fila de espera para radioterapia na regi\u00e3o - Federassantas\",\"isPartOf\":{\"@id\":\"https:\/\/www.federassantas.org.br\/novosite\/#website\"},\"primaryImageOfPage\":{\"@id\":\"https:\/\/www.federassantas.org.br\/novosite\/dilson-godinho-acaba-com-fila-de-espera-para-radioterapia-na-regiao\/#primaryimage\"},\"image\":{\"@id\":\"https:\/\/www.federassantas.org.br\/novosite\/dilson-godinho-acaba-com-fila-de-espera-para-radioterapia-na-regiao\/#primaryimage\"},\"thumbnailUrl\":\"https:\/\/www.federassantas.org.br\/novosite\/wp-content\/uploads\/2018\/06\/Visita-Ministro-da-Saude-2.jpeg\",\"datePublished\":\"2018-06-26T21:30:59+00:00\",\"breadcrumb\":{\"@id\":\"https:\/\/www.federassantas.org.br\/novosite\/dilson-godinho-acaba-com-fila-de-espera-para-radioterapia-na-regiao\/#breadcrumb\"},\"inLanguage\":\"pt-BR\",\"potentialAction\":[{\"@type\":\"ReadAction\",\"target\":[\"https:\/\/www.federassantas.org.br\/novosite\/dilson-godinho-acaba-com-fila-de-espera-para-radioterapia-na-regiao\/\"]}]},{\"@type\":\"ImageObject\",\"inLanguage\":\"pt-BR\",\"@id\":\"https:\/\/www.federassantas.org.br\/novosite\/dilson-godinho-acaba-com-fila-de-espera-para-radioterapia-na-regiao\/#primaryimage\",\"url\":\"https:\/\/www.federassantas.org.br\/novosite\/wp-content\/uploads\/2018\/06\/Visita-Ministro-da-Saude-2.jpeg\",\"contentUrl\":\"https:\/\/www.federassantas.org.br\/novosite\/wp-content\/uploads\/2018\/06\/Visita-Ministro-da-Saude-2.jpeg\",\"width\":1280,\"height\":720},{\"@type\":\"BreadcrumbList\",\"@id\":\"https:\/\/www.federassantas.org.br\/novosite\/dilson-godinho-acaba-com-fila-de-espera-para-radioterapia-na-regiao\/#breadcrumb\",\"itemListElement\":[{\"@type\":\"ListItem\",\"position\":1,\"name\":\"In\u00edcio\",\"item\":\"https:\/\/www.federassantas.org.br\/novosite\/\"},{\"@type\":\"ListItem\",\"position\":2,\"name\":\"Dilson Godinho acaba com fila de espera para radioterapia na regi\u00e3o\"}]},{\"@type\":\"WebSite\",\"@id\":\"https:\/\/www.federassantas.org.br\/novosite\/#website\",\"url\":\"https:\/\/www.federassantas.org.br\/novosite\/\",\"name\":\"Federassantas\",\"description\":\"Entidade de representa\u00e7\u00e3o e fortalecimento das Santas Casas, hospitais filantr\u00f3picos e entidades beneficentes de sa\u00fade de Minas Gerais, atuando na defesa institucional, qualifica\u00e7\u00e3o da gest\u00e3o e sustentabilidade do setor.\",\"publisher\":{\"@id\":\"https:\/\/www.federassantas.org.br\/novosite\/#organization\"},\"potentialAction\":[{\"@type\":\"SearchAction\",\"target\":{\"@type\":\"EntryPoint\",\"urlTemplate\":\"https:\/\/www.federassantas.org.br\/novosite\/?s={search_term_string}\"},\"query-input\":{\"@type\":\"PropertyValueSpecification\",\"valueRequired\":true,\"valueName\":\"search_term_string\"}}],\"inLanguage\":\"pt-BR\"},{\"@type\":\"Organization\",\"@id\":\"https:\/\/www.federassantas.org.br\/novosite\/#organization\",\"name\":\"Federassantas\",\"url\":\"https:\/\/www.federassantas.org.br\/novosite\/\",\"logo\":{\"@type\":\"ImageObject\",\"inLanguage\":\"pt-BR\",\"@id\":\"https:\/\/www.federassantas.org.br\/novosite\/#\/schema\/logo\/image\/\",\"url\":\"https:\/\/www.federassantas.org.br\/novosite\/wp-content\/uploads\/2021\/12\/logo.png\",\"contentUrl\":\"https:\/\/www.federassantas.org.br\/novosite\/wp-content\/uploads\/2021\/12\/logo.png\",\"width\":243,\"height\":59,\"caption\":\"Federassantas\"},\"image\":{\"@id\":\"https:\/\/www.federassantas.org.br\/novosite\/#\/schema\/logo\/image\/\"}},{\"@type\":\"Person\",\"@id\":\"https:\/\/www.federassantas.org.br\/novosite\/#\/schema\/person\/75fed98158349313fe56175f232f513c\",\"name\":\"admin-federas\",\"image\":{\"@type\":\"ImageObject\",\"inLanguage\":\"pt-BR\",\"@id\":\"https:\/\/www.federassantas.org.br\/novosite\/#\/schema\/person\/image\/\",\"url\":\"https:\/\/secure.gravatar.com\/avatar\/2a02d7dda59fe8dc6b7ffd3f652e2efede5ccf0dd89dfdc8137c5517f3de8407?s=96&d=mm&r=g\",\"contentUrl\":\"https:\/\/secure.gravatar.com\/avatar\/2a02d7dda59fe8dc6b7ffd3f652e2efede5ccf0dd89dfdc8137c5517f3de8407?s=96&d=mm&r=g\",\"caption\":\"admin-federas\"},\"sameAs\":[\"https:\/\/www.federassantas.org.br\/novosite\/\"],\"url\":\"https:\/\/www.federassantas.org.br\/novosite\/author\/admin-federas\/\"}]}<\/script>\n<!-- \/ Yoast SEO plugin. -->","yoast_head_json":{"title":"Dilson Godinho acaba com fila de espera para radioterapia na regi\u00e3o - Federassantas","robots":{"index":"index","follow":"follow","max-snippet":"max-snippet:-1","max-image-preview":"max-image-preview:large","max-video-preview":"max-video-preview:-1"},"canonical":"https:\/\/www.federassantas.org.br\/novosite\/dilson-godinho-acaba-com-fila-de-espera-para-radioterapia-na-regiao\/","og_locale":"pt_BR","og_type":"article","og_title":"Dilson Godinho acaba com fila de espera para radioterapia na regi\u00e3o - Federassantas","og_description":"Com mais um Acelerador Linear, capacidade de tratamento por radioterapia ser\u00e1 duplicada O ministro da Sa\u00fade, Gilberto Occhi, inaugurou o segundo Acelerador Linear da Unidade de Radioterapia do Hospital D\u00edlson Godinho, em solenidade realizada nesta segunda-feira (25\/06). O novo equipamento foi adquirido com recursos de conv\u00eanio firmado com o Governo Federal; as obras da Casamata-2 [&hellip;]","og_url":"https:\/\/www.federassantas.org.br\/novosite\/dilson-godinho-acaba-com-fila-de-espera-para-radioterapia-na-regiao\/","og_site_name":"Federassantas","article_published_time":"2018-06-26T21:30:59+00:00","og_image":[{"width":1280,"height":720,"url":"https:\/\/www.federassantas.org.br\/novosite\/wp-content\/uploads\/2018\/06\/Visita-Ministro-da-Saude-2.jpeg","type":"image\/jpeg"}],"author":"admin-federas","twitter_card":"summary_large_image","twitter_misc":{"Escrito por":"admin-federas","Est. tempo de leitura":"3 minutos"},"schema":{"@context":"https:\/\/schema.org","@graph":[{"@type":"Article","@id":"https:\/\/www.federassantas.org.br\/novosite\/dilson-godinho-acaba-com-fila-de-espera-para-radioterapia-na-regiao\/#article","isPartOf":{"@id":"https:\/\/www.federassantas.org.br\/novosite\/dilson-godinho-acaba-com-fila-de-espera-para-radioterapia-na-regiao\/"},"author":{"name":"admin-federas","@id":"https:\/\/www.federassantas.org.br\/novosite\/#\/schema\/person\/75fed98158349313fe56175f232f513c"},"headline":"Dilson Godinho acaba com fila de espera para radioterapia na regi\u00e3o","datePublished":"2018-06-26T21:30:59+00:00","mainEntityOfPage":{"@id":"https:\/\/www.federassantas.org.br\/novosite\/dilson-godinho-acaba-com-fila-de-espera-para-radioterapia-na-regiao\/"},"wordCount":612,"commentCount":0,"publisher":{"@id":"https:\/\/www.federassantas.org.br\/novosite\/#organization"},"image":{"@id":"https:\/\/www.federassantas.org.br\/novosite\/dilson-godinho-acaba-com-fila-de-espera-para-radioterapia-na-regiao\/#primaryimage"},"thumbnailUrl":"https:\/\/www.federassantas.org.br\/novosite\/wp-content\/uploads\/2018\/06\/Visita-Ministro-da-Saude-2.jpeg","articleSection":["Not\u00edcias","Not\u00edcias filiados"],"inLanguage":"pt-BR","potentialAction":[{"@type":"CommentAction","name":"Comment","target":["https:\/\/www.federassantas.org.br\/novosite\/dilson-godinho-acaba-com-fila-de-espera-para-radioterapia-na-regiao\/#respond"]}]},{"@type":"WebPage","@id":"https:\/\/www.federassantas.org.br\/novosite\/dilson-godinho-acaba-com-fila-de-espera-para-radioterapia-na-regiao\/","url":"https:\/\/www.federassantas.org.br\/novosite\/dilson-godinho-acaba-com-fila-de-espera-para-radioterapia-na-regiao\/","name":"Dilson Godinho acaba com fila de espera para radioterapia na regi\u00e3o - Federassantas","isPartOf":{"@id":"https:\/\/www.federassantas.org.br\/novosite\/#website"},"primaryImageOfPage":{"@id":"https:\/\/www.federassantas.org.br\/novosite\/dilson-godinho-acaba-com-fila-de-espera-para-radioterapia-na-regiao\/#primaryimage"},"image":{"@id":"https:\/\/www.federassantas.org.br\/novosite\/dilson-godinho-acaba-com-fila-de-espera-para-radioterapia-na-regiao\/#primaryimage"},"thumbnailUrl":"https:\/\/www.federassantas.org.br\/novosite\/wp-content\/uploads\/2018\/06\/Visita-Ministro-da-Saude-2.jpeg","datePublished":"2018-06-26T21:30:59+00:00","breadcrumb":{"@id":"https:\/\/www.federassantas.org.br\/novosite\/dilson-godinho-acaba-com-fila-de-espera-para-radioterapia-na-regiao\/#breadcrumb"},"inLanguage":"pt-BR","potentialAction":[{"@type":"ReadAction","target":["https:\/\/www.federassantas.org.br\/novosite\/dilson-godinho-acaba-com-fila-de-espera-para-radioterapia-na-regiao\/"]}]},{"@type":"ImageObject","inLanguage":"pt-BR","@id":"https:\/\/www.federassantas.org.br\/novosite\/dilson-godinho-acaba-com-fila-de-espera-para-radioterapia-na-regiao\/#primaryimage","url":"https:\/\/www.federassantas.org.br\/novosite\/wp-content\/uploads\/2018\/06\/Visita-Ministro-da-Saude-2.jpeg","contentUrl":"https:\/\/www.federassantas.org.br\/novosite\/wp-content\/uploads\/2018\/06\/Visita-Ministro-da-Saude-2.jpeg","width":1280,"height":720},{"@type":"BreadcrumbList","@id":"https:\/\/www.federassantas.org.br\/novosite\/dilson-godinho-acaba-com-fila-de-espera-para-radioterapia-na-regiao\/#breadcrumb","itemListElement":[{"@type":"ListItem","position":1,"name":"In\u00edcio","item":"https:\/\/www.federassantas.org.br\/novosite\/"},{"@type":"ListItem","position":2,"name":"Dilson Godinho acaba com fila de espera para radioterapia na regi\u00e3o"}]},{"@type":"WebSite","@id":"https:\/\/www.federassantas.org.br\/novosite\/#website","url":"https:\/\/www.federassantas.org.br\/novosite\/","name":"Federassantas","description":"Entidade de representa\u00e7\u00e3o e fortalecimento das Santas Casas, hospitais filantr\u00f3picos e entidades beneficentes de sa\u00fade de Minas Gerais, atuando na defesa institucional, qualifica\u00e7\u00e3o da gest\u00e3o e sustentabilidade do setor.","publisher":{"@id":"https:\/\/www.federassantas.org.br\/novosite\/#organization"},"potentialAction":[{"@type":"SearchAction","target":{"@type":"EntryPoint","urlTemplate":"https:\/\/www.federassantas.org.br\/novosite\/?s={search_term_string}"},"query-input":{"@type":"PropertyValueSpecification","valueRequired":true,"valueName":"search_term_string"}}],"inLanguage":"pt-BR"},{"@type":"Organization","@id":"https:\/\/www.federassantas.org.br\/novosite\/#organization","name":"Federassantas","url":"https:\/\/www.federassantas.org.br\/novosite\/","logo":{"@type":"ImageObject","inLanguage":"pt-BR","@id":"https:\/\/www.federassantas.org.br\/novosite\/#\/schema\/logo\/image\/","url":"https:\/\/www.federassantas.org.br\/novosite\/wp-content\/uploads\/2021\/12\/logo.png","contentUrl":"https:\/\/www.federassantas.org.br\/novosite\/wp-content\/uploads\/2021\/12\/logo.png","width":243,"height":59,"caption":"Federassantas"},"image":{"@id":"https:\/\/www.federassantas.org.br\/novosite\/#\/schema\/logo\/image\/"}},{"@type":"Person","@id":"https:\/\/www.federassantas.org.br\/novosite\/#\/schema\/person\/75fed98158349313fe56175f232f513c","name":"admin-federas","image":{"@type":"ImageObject","inLanguage":"pt-BR","@id":"https:\/\/www.federassantas.org.br\/novosite\/#\/schema\/person\/image\/","url":"https:\/\/secure.gravatar.com\/avatar\/2a02d7dda59fe8dc6b7ffd3f652e2efede5ccf0dd89dfdc8137c5517f3de8407?s=96&d=mm&r=g","contentUrl":"https:\/\/secure.gravatar.com\/avatar\/2a02d7dda59fe8dc6b7ffd3f652e2efede5ccf0dd89dfdc8137c5517f3de8407?s=96&d=mm&r=g","caption":"admin-federas"},"sameAs":["https:\/\/www.federassantas.org.br\/novosite\/"],"url":"https:\/\/www.federassantas.org.br\/novosite\/author\/admin-federas\/"}]}},"_links":{"self":[{"href":"https:\/\/www.federassantas.org.br\/novosite\/wp-json\/wp\/v2\/posts\/13119","targetHints":{"allow":["GET"]}}],"collection":[{"href":"https:\/\/www.federassantas.org.br\/novosite\/wp-json\/wp\/v2\/posts"}],"about":[{"href":"https:\/\/www.federassantas.org.br\/novosite\/wp-json\/wp\/v2\/types\/post"}],"author":[{"embeddable":true,"href":"https:\/\/www.federassantas.org.br\/novosite\/wp-json\/wp\/v2\/users\/1"}],"replies":[{"embeddable":true,"href":"https:\/\/www.federassantas.org.br\/novosite\/wp-json\/wp\/v2\/comments?post=13119"}],"version-history":[{"count":0,"href":"https:\/\/www.federassantas.org.br\/novosite\/wp-json\/wp\/v2\/posts\/13119\/revisions"}],"wp:featuredmedia":[{"embeddable":true,"href":"https:\/\/www.federassantas.org.br\/novosite\/wp-json\/wp\/v2\/media\/13121"}],"wp:attachment":[{"href":"https:\/\/www.federassantas.org.br\/novosite\/wp-json\/wp\/v2\/media?parent=13119"}],"wp:term":[{"taxonomy":"category","embeddable":true,"href":"https:\/\/www.federassantas.org.br\/novosite\/wp-json\/wp\/v2\/categories?post=13119"},{"taxonomy":"post_tag","embeddable":true,"href":"https:\/\/www.federassantas.org.br\/novosite\/wp-json\/wp\/v2\/tags?post=13119"}],"curies":[{"name":"wp","href":"https:\/\/api.w.org\/{rel}","templated":true}]}}