{"id":13129,"date":"2018-06-27T11:11:16","date_gmt":"2018-06-27T14:11:16","guid":{"rendered":"https:\/\/federasbackup.meltcomunicacao.com.br\/?p=13129"},"modified":"2018-06-27T11:11:16","modified_gmt":"2018-06-27T14:11:16","slug":"tecnologia-democratizada","status":"publish","type":"post","link":"https:\/\/www.federassantas.org.br\/novosite\/tecnologia-democratizada\/","title":{"rendered":"Tecnologia democratizada"},"content":{"rendered":"<p style=\"text-align: justify;\">A SPDATA, empresa que atua na \u00e1rea da Sa\u00fade, completa 30 anos no mercado e o diretor da empresa, M\u00e1rio Lonczynski, relatou que a democratiza\u00e7\u00e3o do acesso \u00e0 tecnologia foi uma conquista represent\u00e1vel ap\u00f3s ter vivenciado tantas mudan\u00e7as nessas tr\u00eas d\u00e9cadas de trabalho. M\u00e1rio ainda explica que, para ele, a sensa\u00e7\u00e3o de ter colaborado com algo t\u00e3o grande, o faz sentir no cumprimento de seu papel, pois desde quando a SPDATA foi criada ele tinha o compromisso de desenvolver seu pr\u00f3prio conhecimento em algo que atingisse todos \u00e0 sua volta de uma maneira ben\u00e9fica, inclusive para os profissionais da sa\u00fade.<\/p>\n<p style=\"text-align: justify;\">O diretor ainda lembra de que iniciou sua carreira nesse meio, em um hospital, e isso foi um dos maiores motivadores para direcionar o ramo da sua empresa. Para M\u00e1rio, trabalhar em um hospital com suas rotinas e pr\u00e1ticas o fez sentir o quanto era importante obter informa\u00e7\u00f5es que abrangessem um processo t\u00e3o complexo quanto ao de um hospital. Quando percebeu a import\u00e2ncia das informa\u00e7\u00f5es na \u00e1rea da sa\u00fade, sentiu-se pronto para provar que estava trilhando caminhos corretos, sua empresa conseguiu alcan\u00e7ar o patamar de atuar em um mercado muito amplo que contempla mais de 630 hospitais.<\/p>\n<p style=\"text-align: justify;\"><strong>Vis\u00e3o do mercado<\/strong><\/p>\n<p style=\"text-align: justify;\">Como todos n\u00f3s sabemos, o Brasil \u00e9 um pa\u00eds muito dif\u00edcil de se empreender, Lonczynski interpreta como delicada a situa\u00e7\u00e3o de se investir no Brasil, pois os impostos s\u00e3o alt\u00edssimos e acabam sufocando as organiza\u00e7\u00f5es de todas as \u00e1reas. Infelizmente os problemas acabam afetando uma cadeia muito grande que penaliza \u00e1reas importantes do nosso pa\u00eds, as empresas tamb\u00e9m s\u00e3o punidas pela falta de financiamento suficiente para cobrir os custos da sa\u00fade p\u00fablica, o que gera um d\u00e9ficit em investimentos e melhorias, dificultando o aprimoramento da infraestrutura e da profissionaliza\u00e7\u00e3o do mercado. Estamos \u201cacostumados\u201c a observar o descaso com a sa\u00fade no nosso pa\u00eds, isso afeta n\u00e3o somente os pacientes, mas tamb\u00e9m outros envolvidos como empresas terceirizadas, \u00e1reas administrativas, uma rela\u00e7\u00e3o em cadeia.<\/p>\n<p style=\"text-align: justify;\">Uma das grandes barreiras que a tecnologia na sa\u00fade enfrenta \u00e9 o pr\u00f3prio material humano, que segundo o executivo, ocorre um desperd\u00edcio, pois n\u00e3o acontecem aplica\u00e7\u00f5es de v\u00e1rios estudos importantes que poderiam modificar a sa\u00fade. Podemos observar um trecho das pr\u00f3prias palavras de M\u00e1rio quanto os empecilhos enfrentados pelo Brasil: \u201c\u00c9 uma realidade que enfrentamos no dia a dia: aplicamos nas solu\u00e7\u00f5es que levamos para o mercado tecnologia, conceitos e conhecimento para que os sistemas possam atingir um alto \u00edndice de ader\u00eancia dos fluxos. O que seria natural \u00e9 o constante aprimoramento daquilo que entregamos, e muitas vezes o que acontece \u00e9 o contr\u00e1rio. Deparamo-nos com falta de maturidade e de conhecimento para absorver as tecnologias\u201d.<\/p>\n<p style=\"text-align: justify;\"><strong>Perspectivas e investimentos<\/strong><\/p>\n<p style=\"text-align: justify;\">A crise econ\u00f4mica afeta todo o Brasil, mas mesmo assim o crescimento da SPDATA foi significante em 2017, chegando a atingir 9,0%. Para 2018 a empresa prev\u00ea superar os 10%, uma vis\u00e3o bastante otimista j\u00e1 que enfrentamos o caos pol\u00edtico que afeta diretamente a economia.<\/p>\n<p style=\"text-align: justify;\">A empresa est\u00e1 confiante quanto ao aumento do seu crescimento, agora possuem investimentos em outras partes do Brasil, como por exemplo nas regi\u00f5es Norte e Sul, vale lembrar que antes, as duas mesmas regi\u00f5es n\u00e3o mostravam tanto poder em quest\u00e3o de lucratividade. Ap\u00f3s perceber que as expectativas bastante otimistas, a empresa vai investir na constru\u00e7\u00e3o da sua sede pr\u00f3pria, provendo um ambiente mais amplo e confort\u00e1vel al\u00e9m de aumentar a capacidade atual.<\/p>\n<p style=\"text-align: justify;\">Outros nichos est\u00e3o sempre no radar da SPDATA, a inova\u00e7\u00e3o continua sendo uma delas e falar sobre inovar acaba sendo um quesito obrigat\u00f3rio j\u00e1 que a \u00e1rea da sa\u00fade passa por tantos desenvolvimentos e avan\u00e7os. O ramo de pesquisa como na Medicina, gen\u00e9tica e at\u00e9 mesmo das tecnologias dos equipamentos s\u00e3o os grandes produtores dessas inova\u00e7\u00f5es e de certa forma todas as tecnologias que est\u00e3o sendo estudadas conversam entre si para obter uma comunica\u00e7\u00e3o ampliada aos profissionais, principalmente na \u00e1rea da sa\u00fade, podendo interligar \u00e1reas operacionais, administrativas e assistenciais.<\/p>\n<p style=\"text-align: justify;\">Outra prioridade da SPDATA \u00e9 o investimento nos colaboradores, j\u00e1 que a principal fonte de renda da empresa \u00e9 o intelecto empregado, deve-se estar em constante evolu\u00e7\u00e3o para focar em aprimorar o conhecimento, obter uma m\u00e3o de obra de ponta. Este \u00e9 um ponto muito interessante, pois mostra que a empresa parte da vis\u00e3o de melhoria cont\u00ednua quanto ao zelo de uma m\u00e3o de obra qualificada e adepta as mudan\u00e7as geradas pela tecnologia, implementando diversos sistemas enxutos que trazem grandes resultados e disseminam uma cultura muito mais disciplinada, isso nada mais \u00e9 que a filosofia da ind\u00fastria 4.0.<\/p>\n<p style=\"text-align: justify;\">Mesmo enfrentando uma grande crise econ\u00f4mica, M\u00e1rio Lonczynski aposta que em 2018 esse cen\u00e1rio ser\u00e1 modificado e o pa\u00eds retomar\u00e1 sua estabilidade pol\u00edtica, consequentemente a diminui\u00e7\u00e3o do desemprego, apesar do cen\u00e1rio futuro pol\u00edtico incerto. O diretor, acredita que ao longo de um ano ser\u00e1 poss\u00edvel atingir clientes que ainda n\u00e3o obtiveram acesso a uma sa\u00fade mais robusta e contempor\u00e2nea, pois somente assim a sociedade seria impactada positivamente, tendo o conhecimento como grande benefici\u00e1rio de um modo geral, at\u00e9 mesmo em conceitos de trabalho quanto realiza\u00e7\u00e3o, bem-estar, reconhecimento e assim os profissionais poder\u00e3o exercer suas atividades com mais seguran\u00e7a e conhecimento e quando todos esses passos forem atingidos, o paciente, acaba recebendo um tratamento de qualidade, que \u00e9 o que ele merece.<\/p>\n<p style=\"text-align: justify;\"><strong>Sa\u00fade 4.0<\/strong><\/p>\n<p style=\"text-align: justify;\">Lonczynski ressalta que existe um d\u00e9ficit grande em otimiza\u00e7\u00e3o de recursos, melhorias na automa\u00e7\u00e3o de processos e investimentos na forma\u00e7\u00e3o e aperfei\u00e7oamento do conhecimento dos profissionais. Cada vez mais ouvimos falar desta revolu\u00e7\u00e3o industrial que promete automatizar processos e trabalhar com m\u00e3o de obra qualificada. No Brasil, enfrentamos crises econ\u00f4micas que interferem diretamente no avan\u00e7o de v\u00e1rias tecnologias que poderiam contribuir com a evolu\u00e7\u00e3o da sa\u00fade. De acordo com M\u00e1rio, um sistema com conceito de ERP, sistema de informa\u00e7\u00f5es que integra os dados e processos de uma organiza\u00e7\u00e3o em um sistema \u00fanico, podem entregar um servi\u00e7o de boa qualidade ao paciente e ainda otimizar os recursos oferecidos. A utiliza\u00e7\u00e3o deste conceito evita retrabalhos, tanto na parte sist\u00eamica e de servi\u00e7os quanto no material utilizado em si, o ERP ainda promove uma seguran\u00e7a muito grande, pois tudo que \u00e9 medido acaba sendo controlado, assim pode-se gerir mostrando indicadores s\u00f3lidos e qualificados.<\/p>\n<p><em><strong>\u201c\u00c9 importante ter informa\u00e7\u00e3o ao alcance em um processo t\u00e3o complexo como \u00e9 um hospital.\u201d<\/strong><\/em><br \/>\n<em>M\u00e1rio Lonczynski, diretor-geral da SPDATA<\/em><\/p>\n<p style=\"text-align: justify;\">A evolu\u00e7\u00e3o desse conceito no Brasil \u00e9 crucial quando se fala em concretizar no pa\u00eds a Sa\u00fade 4.0. Se nos empenharmos para alcan\u00e7ar este objetivo devemos aceitar os sistemas de informa\u00e7\u00e3o com interesse de torna-los nossas ferramentas de trabalho, utilizados para facilitar nossa rotina e ultrapassar barreiras que antes ficariam estagnadas.<\/p>\n<p style=\"text-align: justify;\">Podemos concluir que com a evolu\u00e7\u00e3o das ci\u00eancias, avan\u00e7o da tecnologia e dissemina\u00e7\u00e3o da educa\u00e7\u00e3o (afim de se obter m\u00e3o de obra qualificada) podemos consolidar uma sa\u00fade 4.0 e essa ideia deveria ser acatada como cultura, j\u00e1 que num futuro pr\u00f3ximo, ser\u00e3o a base para se evoluir globalmente.<\/p>\n","protected":false},"excerpt":{"rendered":"<p>A SPDATA, empresa que atua na \u00e1rea da Sa\u00fade, completa 30 anos no mercado e o diretor da empresa, M\u00e1rio Lonczynski, relatou que a democratiza\u00e7\u00e3o do acesso \u00e0 tecnologia foi uma conquista represent\u00e1vel ap\u00f3s ter vivenciado tantas mudan\u00e7as nessas tr\u00eas d\u00e9cadas de trabalho. M\u00e1rio ainda explica que, para ele, a sensa\u00e7\u00e3o de ter colaborado com [&hellip;]<\/p>\n","protected":false},"author":1,"featured_media":13131,"comment_status":"open","ping_status":"open","sticky":false,"template":"","format":"standard","meta":{"footnotes":""},"categories":[207,140],"tags":[],"class_list":["post-13129","post","type-post","status-publish","format-standard","has-post-thumbnail","hentry","category-empresas-parceiras","category-noticias"],"yoast_head":"<!-- This site is optimized with the Yoast SEO plugin v26.9 - https:\/\/yoast.com\/product\/yoast-seo-wordpress\/ -->\n<title>Tecnologia democratizada - Federassantas<\/title>\n<meta name=\"robots\" content=\"index, follow, max-snippet:-1, max-image-preview:large, max-video-preview:-1\" \/>\n<link rel=\"canonical\" href=\"https:\/\/www.federassantas.org.br\/novosite\/tecnologia-democratizada\/\" \/>\n<meta property=\"og:locale\" content=\"pt_BR\" \/>\n<meta property=\"og:type\" content=\"article\" \/>\n<meta property=\"og:title\" content=\"Tecnologia democratizada - Federassantas\" \/>\n<meta property=\"og:description\" content=\"A SPDATA, empresa que atua na \u00e1rea da Sa\u00fade, completa 30 anos no mercado e o diretor da empresa, M\u00e1rio Lonczynski, relatou que a democratiza\u00e7\u00e3o do acesso \u00e0 tecnologia foi uma conquista represent\u00e1vel ap\u00f3s ter vivenciado tantas mudan\u00e7as nessas tr\u00eas d\u00e9cadas de trabalho. M\u00e1rio ainda explica que, para ele, a sensa\u00e7\u00e3o de ter colaborado com [&hellip;]\" \/>\n<meta property=\"og:url\" content=\"https:\/\/www.federassantas.org.br\/novosite\/tecnologia-democratizada\/\" \/>\n<meta property=\"og:site_name\" content=\"Federassantas\" \/>\n<meta property=\"article:published_time\" content=\"2018-06-27T14:11:16+00:00\" \/>\n<meta name=\"author\" content=\"admin-federas\" \/>\n<meta name=\"twitter:card\" content=\"summary_large_image\" \/>\n<meta name=\"twitter:label1\" content=\"Escrito por\" \/>\n\t<meta name=\"twitter:data1\" content=\"admin-federas\" \/>\n\t<meta name=\"twitter:label2\" content=\"Est. tempo de leitura\" \/>\n\t<meta name=\"twitter:data2\" content=\"6 minutos\" \/>\n<script type=\"application\/ld+json\" class=\"yoast-schema-graph\">{\"@context\":\"https:\/\/schema.org\",\"@graph\":[{\"@type\":\"Article\",\"@id\":\"https:\/\/www.federassantas.org.br\/novosite\/tecnologia-democratizada\/#article\",\"isPartOf\":{\"@id\":\"https:\/\/www.federassantas.org.br\/novosite\/tecnologia-democratizada\/\"},\"author\":{\"name\":\"admin-federas\",\"@id\":\"https:\/\/www.federassantas.org.br\/novosite\/#\/schema\/person\/75fed98158349313fe56175f232f513c\"},\"headline\":\"Tecnologia democratizada\",\"datePublished\":\"2018-06-27T14:11:16+00:00\",\"mainEntityOfPage\":{\"@id\":\"https:\/\/www.federassantas.org.br\/novosite\/tecnologia-democratizada\/\"},\"wordCount\":1251,\"commentCount\":0,\"publisher\":{\"@id\":\"https:\/\/www.federassantas.org.br\/novosite\/#organization\"},\"image\":{\"@id\":\"https:\/\/www.federassantas.org.br\/novosite\/tecnologia-democratizada\/#primaryimage\"},\"thumbnailUrl\":\"\",\"articleSection\":[\"Empresas Parceiras\",\"Not\u00edcias\"],\"inLanguage\":\"pt-BR\",\"potentialAction\":[{\"@type\":\"CommentAction\",\"name\":\"Comment\",\"target\":[\"https:\/\/www.federassantas.org.br\/novosite\/tecnologia-democratizada\/#respond\"]}]},{\"@type\":\"WebPage\",\"@id\":\"https:\/\/www.federassantas.org.br\/novosite\/tecnologia-democratizada\/\",\"url\":\"https:\/\/www.federassantas.org.br\/novosite\/tecnologia-democratizada\/\",\"name\":\"Tecnologia democratizada - Federassantas\",\"isPartOf\":{\"@id\":\"https:\/\/www.federassantas.org.br\/novosite\/#website\"},\"primaryImageOfPage\":{\"@id\":\"https:\/\/www.federassantas.org.br\/novosite\/tecnologia-democratizada\/#primaryimage\"},\"image\":{\"@id\":\"https:\/\/www.federassantas.org.br\/novosite\/tecnologia-democratizada\/#primaryimage\"},\"thumbnailUrl\":\"\",\"datePublished\":\"2018-06-27T14:11:16+00:00\",\"breadcrumb\":{\"@id\":\"https:\/\/www.federassantas.org.br\/novosite\/tecnologia-democratizada\/#breadcrumb\"},\"inLanguage\":\"pt-BR\",\"potentialAction\":[{\"@type\":\"ReadAction\",\"target\":[\"https:\/\/www.federassantas.org.br\/novosite\/tecnologia-democratizada\/\"]}]},{\"@type\":\"ImageObject\",\"inLanguage\":\"pt-BR\",\"@id\":\"https:\/\/www.federassantas.org.br\/novosite\/tecnologia-democratizada\/#primaryimage\",\"url\":\"\",\"contentUrl\":\"\"},{\"@type\":\"BreadcrumbList\",\"@id\":\"https:\/\/www.federassantas.org.br\/novosite\/tecnologia-democratizada\/#breadcrumb\",\"itemListElement\":[{\"@type\":\"ListItem\",\"position\":1,\"name\":\"In\u00edcio\",\"item\":\"https:\/\/www.federassantas.org.br\/novosite\/\"},{\"@type\":\"ListItem\",\"position\":2,\"name\":\"Tecnologia democratizada\"}]},{\"@type\":\"WebSite\",\"@id\":\"https:\/\/www.federassantas.org.br\/novosite\/#website\",\"url\":\"https:\/\/www.federassantas.org.br\/novosite\/\",\"name\":\"Federassantas\",\"description\":\"Entidade de representa\u00e7\u00e3o e fortalecimento das Santas Casas, hospitais filantr\u00f3picos e entidades beneficentes de sa\u00fade de Minas Gerais, atuando na defesa institucional, qualifica\u00e7\u00e3o da gest\u00e3o e sustentabilidade do setor.\",\"publisher\":{\"@id\":\"https:\/\/www.federassantas.org.br\/novosite\/#organization\"},\"potentialAction\":[{\"@type\":\"SearchAction\",\"target\":{\"@type\":\"EntryPoint\",\"urlTemplate\":\"https:\/\/www.federassantas.org.br\/novosite\/?s={search_term_string}\"},\"query-input\":{\"@type\":\"PropertyValueSpecification\",\"valueRequired\":true,\"valueName\":\"search_term_string\"}}],\"inLanguage\":\"pt-BR\"},{\"@type\":\"Organization\",\"@id\":\"https:\/\/www.federassantas.org.br\/novosite\/#organization\",\"name\":\"Federassantas\",\"url\":\"https:\/\/www.federassantas.org.br\/novosite\/\",\"logo\":{\"@type\":\"ImageObject\",\"inLanguage\":\"pt-BR\",\"@id\":\"https:\/\/www.federassantas.org.br\/novosite\/#\/schema\/logo\/image\/\",\"url\":\"https:\/\/www.federassantas.org.br\/novosite\/wp-content\/uploads\/2021\/12\/logo.png\",\"contentUrl\":\"https:\/\/www.federassantas.org.br\/novosite\/wp-content\/uploads\/2021\/12\/logo.png\",\"width\":243,\"height\":59,\"caption\":\"Federassantas\"},\"image\":{\"@id\":\"https:\/\/www.federassantas.org.br\/novosite\/#\/schema\/logo\/image\/\"}},{\"@type\":\"Person\",\"@id\":\"https:\/\/www.federassantas.org.br\/novosite\/#\/schema\/person\/75fed98158349313fe56175f232f513c\",\"name\":\"admin-federas\",\"image\":{\"@type\":\"ImageObject\",\"inLanguage\":\"pt-BR\",\"@id\":\"https:\/\/www.federassantas.org.br\/novosite\/#\/schema\/person\/image\/\",\"url\":\"https:\/\/secure.gravatar.com\/avatar\/2a02d7dda59fe8dc6b7ffd3f652e2efede5ccf0dd89dfdc8137c5517f3de8407?s=96&d=mm&r=g\",\"contentUrl\":\"https:\/\/secure.gravatar.com\/avatar\/2a02d7dda59fe8dc6b7ffd3f652e2efede5ccf0dd89dfdc8137c5517f3de8407?s=96&d=mm&r=g\",\"caption\":\"admin-federas\"},\"sameAs\":[\"https:\/\/www.federassantas.org.br\/novosite\/\"],\"url\":\"https:\/\/www.federassantas.org.br\/novosite\/author\/admin-federas\/\"}]}<\/script>\n<!-- \/ Yoast SEO plugin. -->","yoast_head_json":{"title":"Tecnologia democratizada - Federassantas","robots":{"index":"index","follow":"follow","max-snippet":"max-snippet:-1","max-image-preview":"max-image-preview:large","max-video-preview":"max-video-preview:-1"},"canonical":"https:\/\/www.federassantas.org.br\/novosite\/tecnologia-democratizada\/","og_locale":"pt_BR","og_type":"article","og_title":"Tecnologia democratizada - Federassantas","og_description":"A SPDATA, empresa que atua na \u00e1rea da Sa\u00fade, completa 30 anos no mercado e o diretor da empresa, M\u00e1rio Lonczynski, relatou que a democratiza\u00e7\u00e3o do acesso \u00e0 tecnologia foi uma conquista represent\u00e1vel ap\u00f3s ter vivenciado tantas mudan\u00e7as nessas tr\u00eas d\u00e9cadas de trabalho. M\u00e1rio ainda explica que, para ele, a sensa\u00e7\u00e3o de ter colaborado com [&hellip;]","og_url":"https:\/\/www.federassantas.org.br\/novosite\/tecnologia-democratizada\/","og_site_name":"Federassantas","article_published_time":"2018-06-27T14:11:16+00:00","author":"admin-federas","twitter_card":"summary_large_image","twitter_misc":{"Escrito por":"admin-federas","Est. tempo de leitura":"6 minutos"},"schema":{"@context":"https:\/\/schema.org","@graph":[{"@type":"Article","@id":"https:\/\/www.federassantas.org.br\/novosite\/tecnologia-democratizada\/#article","isPartOf":{"@id":"https:\/\/www.federassantas.org.br\/novosite\/tecnologia-democratizada\/"},"author":{"name":"admin-federas","@id":"https:\/\/www.federassantas.org.br\/novosite\/#\/schema\/person\/75fed98158349313fe56175f232f513c"},"headline":"Tecnologia democratizada","datePublished":"2018-06-27T14:11:16+00:00","mainEntityOfPage":{"@id":"https:\/\/www.federassantas.org.br\/novosite\/tecnologia-democratizada\/"},"wordCount":1251,"commentCount":0,"publisher":{"@id":"https:\/\/www.federassantas.org.br\/novosite\/#organization"},"image":{"@id":"https:\/\/www.federassantas.org.br\/novosite\/tecnologia-democratizada\/#primaryimage"},"thumbnailUrl":"","articleSection":["Empresas Parceiras","Not\u00edcias"],"inLanguage":"pt-BR","potentialAction":[{"@type":"CommentAction","name":"Comment","target":["https:\/\/www.federassantas.org.br\/novosite\/tecnologia-democratizada\/#respond"]}]},{"@type":"WebPage","@id":"https:\/\/www.federassantas.org.br\/novosite\/tecnologia-democratizada\/","url":"https:\/\/www.federassantas.org.br\/novosite\/tecnologia-democratizada\/","name":"Tecnologia democratizada - Federassantas","isPartOf":{"@id":"https:\/\/www.federassantas.org.br\/novosite\/#website"},"primaryImageOfPage":{"@id":"https:\/\/www.federassantas.org.br\/novosite\/tecnologia-democratizada\/#primaryimage"},"image":{"@id":"https:\/\/www.federassantas.org.br\/novosite\/tecnologia-democratizada\/#primaryimage"},"thumbnailUrl":"","datePublished":"2018-06-27T14:11:16+00:00","breadcrumb":{"@id":"https:\/\/www.federassantas.org.br\/novosite\/tecnologia-democratizada\/#breadcrumb"},"inLanguage":"pt-BR","potentialAction":[{"@type":"ReadAction","target":["https:\/\/www.federassantas.org.br\/novosite\/tecnologia-democratizada\/"]}]},{"@type":"ImageObject","inLanguage":"pt-BR","@id":"https:\/\/www.federassantas.org.br\/novosite\/tecnologia-democratizada\/#primaryimage","url":"","contentUrl":""},{"@type":"BreadcrumbList","@id":"https:\/\/www.federassantas.org.br\/novosite\/tecnologia-democratizada\/#breadcrumb","itemListElement":[{"@type":"ListItem","position":1,"name":"In\u00edcio","item":"https:\/\/www.federassantas.org.br\/novosite\/"},{"@type":"ListItem","position":2,"name":"Tecnologia democratizada"}]},{"@type":"WebSite","@id":"https:\/\/www.federassantas.org.br\/novosite\/#website","url":"https:\/\/www.federassantas.org.br\/novosite\/","name":"Federassantas","description":"Entidade de representa\u00e7\u00e3o e fortalecimento das Santas Casas, hospitais filantr\u00f3picos e entidades beneficentes de sa\u00fade de Minas Gerais, atuando na defesa institucional, qualifica\u00e7\u00e3o da gest\u00e3o e sustentabilidade do setor.","publisher":{"@id":"https:\/\/www.federassantas.org.br\/novosite\/#organization"},"potentialAction":[{"@type":"SearchAction","target":{"@type":"EntryPoint","urlTemplate":"https:\/\/www.federassantas.org.br\/novosite\/?s={search_term_string}"},"query-input":{"@type":"PropertyValueSpecification","valueRequired":true,"valueName":"search_term_string"}}],"inLanguage":"pt-BR"},{"@type":"Organization","@id":"https:\/\/www.federassantas.org.br\/novosite\/#organization","name":"Federassantas","url":"https:\/\/www.federassantas.org.br\/novosite\/","logo":{"@type":"ImageObject","inLanguage":"pt-BR","@id":"https:\/\/www.federassantas.org.br\/novosite\/#\/schema\/logo\/image\/","url":"https:\/\/www.federassantas.org.br\/novosite\/wp-content\/uploads\/2021\/12\/logo.png","contentUrl":"https:\/\/www.federassantas.org.br\/novosite\/wp-content\/uploads\/2021\/12\/logo.png","width":243,"height":59,"caption":"Federassantas"},"image":{"@id":"https:\/\/www.federassantas.org.br\/novosite\/#\/schema\/logo\/image\/"}},{"@type":"Person","@id":"https:\/\/www.federassantas.org.br\/novosite\/#\/schema\/person\/75fed98158349313fe56175f232f513c","name":"admin-federas","image":{"@type":"ImageObject","inLanguage":"pt-BR","@id":"https:\/\/www.federassantas.org.br\/novosite\/#\/schema\/person\/image\/","url":"https:\/\/secure.gravatar.com\/avatar\/2a02d7dda59fe8dc6b7ffd3f652e2efede5ccf0dd89dfdc8137c5517f3de8407?s=96&d=mm&r=g","contentUrl":"https:\/\/secure.gravatar.com\/avatar\/2a02d7dda59fe8dc6b7ffd3f652e2efede5ccf0dd89dfdc8137c5517f3de8407?s=96&d=mm&r=g","caption":"admin-federas"},"sameAs":["https:\/\/www.federassantas.org.br\/novosite\/"],"url":"https:\/\/www.federassantas.org.br\/novosite\/author\/admin-federas\/"}]}},"_links":{"self":[{"href":"https:\/\/www.federassantas.org.br\/novosite\/wp-json\/wp\/v2\/posts\/13129","targetHints":{"allow":["GET"]}}],"collection":[{"href":"https:\/\/www.federassantas.org.br\/novosite\/wp-json\/wp\/v2\/posts"}],"about":[{"href":"https:\/\/www.federassantas.org.br\/novosite\/wp-json\/wp\/v2\/types\/post"}],"author":[{"embeddable":true,"href":"https:\/\/www.federassantas.org.br\/novosite\/wp-json\/wp\/v2\/users\/1"}],"replies":[{"embeddable":true,"href":"https:\/\/www.federassantas.org.br\/novosite\/wp-json\/wp\/v2\/comments?post=13129"}],"version-history":[{"count":0,"href":"https:\/\/www.federassantas.org.br\/novosite\/wp-json\/wp\/v2\/posts\/13129\/revisions"}],"wp:attachment":[{"href":"https:\/\/www.federassantas.org.br\/novosite\/wp-json\/wp\/v2\/media?parent=13129"}],"wp:term":[{"taxonomy":"category","embeddable":true,"href":"https:\/\/www.federassantas.org.br\/novosite\/wp-json\/wp\/v2\/categories?post=13129"},{"taxonomy":"post_tag","embeddable":true,"href":"https:\/\/www.federassantas.org.br\/novosite\/wp-json\/wp\/v2\/tags?post=13129"}],"curies":[{"name":"wp","href":"https:\/\/api.w.org\/{rel}","templated":true}]}}