{"id":13135,"date":"2018-06-27T13:20:25","date_gmt":"2018-06-27T16:20:25","guid":{"rendered":"https:\/\/federasbackup.meltcomunicacao.com.br\/?p=13135"},"modified":"2018-06-27T13:20:25","modified_gmt":"2018-06-27T16:20:25","slug":"ministerio-da-saude-repassa-r-38-mi-aos-fundos-municipais-e-estadual-de-saude-de-minas-gerais","status":"publish","type":"post","link":"https:\/\/www.federassantas.org.br\/novosite\/ministerio-da-saude-repassa-r-38-mi-aos-fundos-municipais-e-estadual-de-saude-de-minas-gerais\/","title":{"rendered":"Minist\u00e9rio da Sa\u00fade repassa R$ 81 mi aos Fundos Municipais e Estadual de Sa\u00fade de Minas Gerais"},"content":{"rendered":"<p style=\"text-align: justify;\">Foram realizados no dia\u00a025 de junho, os pagamentos previstos pelas portarias n\u00ba 1.338, 1.339, 1.340 e 1.341, de 14 de maio de 2018, do Minist\u00e9rio da Sa\u00fade. De acordo com a portaria, o repasse, no valor de R$ 38.270.145,00, foi realizado pelo Fundo Nacional de Sa\u00fade aos Fundos Municipais de Sa\u00fade e Fundo Estadual de Sa\u00fade de Minas Gerais.<\/p>\n<p style=\"text-align: justify;\">Os recursos tratados nas portarias referem-se \u00e0 aplica\u00e7\u00e3o das emendas parlamentares para incremento tempor\u00e1rio do Limite Financeiro da Assist\u00eancia de M\u00e9dia e Alta Complexidade (MAC).<\/p>\n<p style=\"text-align: justify;\">A equipe da Federassantas encontra-se \u00e0 disposi\u00e7\u00e3o caso as institui\u00e7\u00f5es filiadas apresentem alguma d\u00favida em rela\u00e7\u00e3o ao valor repassado.<\/p>\n<p>Confira as portarias nos links abaixo:<br \/>\n<a href=\"http:\/\/bvsms.saude.gov.br\/bvs\/saudelegis\/gm\/2018\/prt1338_16_05_2018.html\">Portaria n\u00ba 1.338, de 14 de junho de 2018<\/a><br \/>\n<a href=\"https:\/\/mail-attachment.googleusercontent.com\/attachment\/u\/0\/?ui=2&amp;ik=8db0ab7a9c&amp;view=att&amp;th=16461596de27247a&amp;attid=0.3&amp;disp=inline&amp;realattid=f_jj60m3nc3&amp;safe=1&amp;zw&amp;saddbat=ANGjdJ-RLf-8RoCKvY5rIbqOFRtr0VPOepslfEltLkZzUi32TGHlORA2bFRMY9byvaFwxUFdVK8ZWIrQocvK8zsHFTjzHXyWcsFek3XXZkhIP0AzcNRIhXQZNcSWM2-9Jv1dxSGraS1DDRoUob2IWmnQ3Da7LAWlDaCxViBTb2v2YEfpThExHUlE1ZmjFuAN-Iq0ZkgXzJN0bSnuyaRcLbUzJe5kyCOd-sQ9yjuu2ksXK_b039FSXu_DzxwcQf6To89nkiFJ29zil4kXlB3wfxb4Yt5bqO4IoJsSoGNwzmCEVNIIHCn1tTZ8mgYB2LKQO1vSkZp6XMOS59YiW4ZoGoKK3O02QBdjoPZsQYT2OBvacdO2TpcsvQE1e7yHgpdUe7cvdiDTaI-mKv9giDKZA2XMSvtncEjvN_klVLRHC2EsjCuMwVIc36N37_q2wjz6xLE1WMjby2Fs2Mg3-Qeu067KjqdEEAe0mIOsZKgpjK1mdLR2_aYOus8pzOkDbjKN7J375kx_1XaUkpPi-6N73SGEm_NVgx1w6in6LgHmItXYtigVVbOjP4EkZ_b5jSWIaH9oaZenkFdT37V_7tCcrugrOpB-IcFfo2q0GcOnn10kpiRZdwG_4RxEVbL7WV0\">Portaria n\u00ba 1.339, de 14 de junho de 2018<\/a><br \/>\n<a href=\"https:\/\/mail-attachment.googleusercontent.com\/attachment\/u\/0\/?ui=2&amp;ik=8db0ab7a9c&amp;view=att&amp;th=16461596de27247a&amp;attid=0.1&amp;disp=inline&amp;realattid=f_jj60m3ml0&amp;safe=1&amp;zw&amp;saddbat=ANGjdJ-kzb9cyyxqWtq6taLMYWedtqnGR08ZZ7In_vvBCNnfxRIG0c2TL08NM6pUTTBYsaYbW1j6TxlUdzbcLWupIarkVgL1cMw58xM8gw8-j8qa1PQtDSY0fTlBmdMayJQVsDpu0XihljwlbX1EMJ0RbKtq3IJKEMOGxaknSGxpzsoT28aFqMDzhpbnz51QaqrQzkTNBkAy64hiqndehz0Y_bSWLVPg90oYjQJk71RZ6JC1oM6ZjU6F3ln245-4nfDtHGUqLAOEYryn0k9J7TS5kvDoNA_Cn_Doj0G0uREB5qGfmsZR0xWlcWjJpwSK_XpWhXnwsoG_6KlEXsk_E1BjZ9ZQZpBMXZvAFyExSeOeYVpLvjzFng-DFYhVkAfOijMaiaBf9cMCc-Ddbb4Xz4ZgEt85nF9rWacQVWTqfvswfZzIFHuMzdEZT9kwoQ0NpZafbYe0HTMBu4LyT50lnAyWmleDooyl_a_ueCu4-yXVJuskL4dLgrhN3-Pf3RWLHVYCSfmCT2QgFu39lmPqe1ajC_nMx1jaKZhJXsFLKISwM1MyGCHeekDWR2GSTLbQ4eEsI-i5Qq7_3V8N50dfzo5PKx0K_KMdLagsPhGaQjp14ZWDKZ4eUywiPMNtUdI\">Portaria n\u00ba 1.340, de 14 de junho de 2018<\/a><br \/>\n<a href=\"https:\/\/mail-attachment.googleusercontent.com\/attachment\/u\/0\/?ui=2&amp;ik=8db0ab7a9c&amp;view=att&amp;th=16461596de27247a&amp;attid=0.2&amp;disp=inline&amp;realattid=f_jj60m3mv1&amp;safe=1&amp;zw&amp;saddbat=ANGjdJ_G2kSbiwO-8C7-q1IAFhiTJgobPy2ndPt6VpPP6sMl_iEHF3AMMu4CRjnbI12kfosN_gLhS6OsbWVDBz2Nznh8g2veBloHunVa95aqHXetYl27_AC-tWp7jwCKe2WHCx4P6bb4w9i1PPMdpa7FtTT0cK3292Ua5cyBgin3XG8rD13mEQMi-YPr0Xx8Jgplqqc42_WNucIPkRW4eQGEu5p2b1RsqFtyCB2et1NLxWIDJsOhETRnIxW7qd0260tYqOxQ0a9o-lbnRzn9j6jCpfxeTDS7iEafq57lH13QBVt5ZcRPtnQbQFBvI-Hj-vPl-YOWeNa11Pil51H0A6BzvnRtTCGD8Ny5Uvo39Db4LqkWD8In4Eg9y57uOjtGQ1GcYmB8J-6MANZpslc0jDStx61YnH2ad1jxW4z8mb-u0dXpXZ5kWkyGNSrmj3rtipE4OrduqxHsxb1fECqYtw_AyQ4tQN6bOi3_2HZY4irFkySyX_76NJ_6NdNh3zdxfDWZN6QwEQcvDbZq-aZbGE34qqRN8D1n0B1dt5VJMohMIXI4bxdUwe_iVfb22ZkUa4TmS3eRapOpgnzdD8WABcTgm-0g3tDJisYcazfcN8a-4Hu0joDNtsUmu44dUMg\">Portaria n\u00ba 1.341, de 14 de junho de 2018<\/a><\/p>\n","protected":false},"excerpt":{"rendered":"<p>Foram realizados no dia\u00a025 de junho, os pagamentos previstos pelas portarias n\u00ba 1.338, 1.339, 1.340 e 1.341, de 14 de maio de 2018, do Minist\u00e9rio da Sa\u00fade. De acordo com a portaria, o repasse, no valor de R$ 38.270.145,00, foi realizado pelo Fundo Nacional de Sa\u00fade aos Fundos Municipais de Sa\u00fade e Fundo Estadual de [&hellip;]<\/p>\n","protected":false},"author":1,"featured_media":12948,"comment_status":"open","ping_status":"open","sticky":false,"template":"","format":"standard","meta":{"footnotes":""},"categories":[140,143],"tags":[],"class_list":["post-13135","post","type-post","status-publish","format-standard","has-post-thumbnail","hentry","category-noticias","category-noticias-publicas"],"yoast_head":"<!-- This site is optimized with the Yoast SEO plugin v26.9 - https:\/\/yoast.com\/product\/yoast-seo-wordpress\/ -->\n<title>Minist\u00e9rio da Sa\u00fade repassa R$ 81 mi aos Fundos Municipais e Estadual de Sa\u00fade de Minas Gerais - Federassantas<\/title>\n<meta name=\"robots\" content=\"index, follow, max-snippet:-1, max-image-preview:large, max-video-preview:-1\" \/>\n<link rel=\"canonical\" href=\"https:\/\/www.federassantas.org.br\/novosite\/ministerio-da-saude-repassa-r-38-mi-aos-fundos-municipais-e-estadual-de-saude-de-minas-gerais\/\" \/>\n<meta property=\"og:locale\" content=\"pt_BR\" \/>\n<meta property=\"og:type\" content=\"article\" \/>\n<meta property=\"og:title\" content=\"Minist\u00e9rio da Sa\u00fade repassa R$ 81 mi aos Fundos Municipais e Estadual de Sa\u00fade de Minas Gerais - Federassantas\" \/>\n<meta property=\"og:description\" content=\"Foram realizados no dia\u00a025 de junho, os pagamentos previstos pelas portarias n\u00ba 1.338, 1.339, 1.340 e 1.341, de 14 de maio de 2018, do Minist\u00e9rio da Sa\u00fade. De acordo com a portaria, o repasse, no valor de R$ 38.270.145,00, foi realizado pelo Fundo Nacional de Sa\u00fade aos Fundos Municipais de Sa\u00fade e Fundo Estadual de [&hellip;]\" \/>\n<meta property=\"og:url\" content=\"https:\/\/www.federassantas.org.br\/novosite\/ministerio-da-saude-repassa-r-38-mi-aos-fundos-municipais-e-estadual-de-saude-de-minas-gerais\/\" \/>\n<meta property=\"og:site_name\" content=\"Federassantas\" \/>\n<meta property=\"article:published_time\" content=\"2018-06-27T16:20:25+00:00\" \/>\n<meta name=\"author\" content=\"admin-federas\" \/>\n<meta name=\"twitter:card\" content=\"summary_large_image\" \/>\n<meta name=\"twitter:label1\" content=\"Escrito por\" \/>\n\t<meta name=\"twitter:data1\" content=\"admin-federas\" \/>\n\t<meta name=\"twitter:label2\" content=\"Est. tempo de leitura\" \/>\n\t<meta name=\"twitter:data2\" content=\"1 minuto\" \/>\n<script type=\"application\/ld+json\" class=\"yoast-schema-graph\">{\"@context\":\"https:\/\/schema.org\",\"@graph\":[{\"@type\":\"Article\",\"@id\":\"https:\/\/www.federassantas.org.br\/novosite\/ministerio-da-saude-repassa-r-38-mi-aos-fundos-municipais-e-estadual-de-saude-de-minas-gerais\/#article\",\"isPartOf\":{\"@id\":\"https:\/\/www.federassantas.org.br\/novosite\/ministerio-da-saude-repassa-r-38-mi-aos-fundos-municipais-e-estadual-de-saude-de-minas-gerais\/\"},\"author\":{\"name\":\"admin-federas\",\"@id\":\"https:\/\/www.federassantas.org.br\/novosite\/#\/schema\/person\/75fed98158349313fe56175f232f513c\"},\"headline\":\"Minist\u00e9rio da Sa\u00fade repassa R$ 81 mi aos Fundos Municipais e Estadual de Sa\u00fade de Minas Gerais\",\"datePublished\":\"2018-06-27T16:20:25+00:00\",\"mainEntityOfPage\":{\"@id\":\"https:\/\/www.federassantas.org.br\/novosite\/ministerio-da-saude-repassa-r-38-mi-aos-fundos-municipais-e-estadual-de-saude-de-minas-gerais\/\"},\"wordCount\":156,\"commentCount\":0,\"publisher\":{\"@id\":\"https:\/\/www.federassantas.org.br\/novosite\/#organization\"},\"image\":{\"@id\":\"https:\/\/www.federassantas.org.br\/novosite\/ministerio-da-saude-repassa-r-38-mi-aos-fundos-municipais-e-estadual-de-saude-de-minas-gerais\/#primaryimage\"},\"thumbnailUrl\":\"\",\"articleSection\":[\"Not\u00edcias\",\"Not\u00edcias P\u00fablicas\"],\"inLanguage\":\"pt-BR\",\"potentialAction\":[{\"@type\":\"CommentAction\",\"name\":\"Comment\",\"target\":[\"https:\/\/www.federassantas.org.br\/novosite\/ministerio-da-saude-repassa-r-38-mi-aos-fundos-municipais-e-estadual-de-saude-de-minas-gerais\/#respond\"]}]},{\"@type\":\"WebPage\",\"@id\":\"https:\/\/www.federassantas.org.br\/novosite\/ministerio-da-saude-repassa-r-38-mi-aos-fundos-municipais-e-estadual-de-saude-de-minas-gerais\/\",\"url\":\"https:\/\/www.federassantas.org.br\/novosite\/ministerio-da-saude-repassa-r-38-mi-aos-fundos-municipais-e-estadual-de-saude-de-minas-gerais\/\",\"name\":\"Minist\u00e9rio da Sa\u00fade repassa R$ 81 mi aos Fundos Municipais e Estadual de Sa\u00fade de Minas Gerais - Federassantas\",\"isPartOf\":{\"@id\":\"https:\/\/www.federassantas.org.br\/novosite\/#website\"},\"primaryImageOfPage\":{\"@id\":\"https:\/\/www.federassantas.org.br\/novosite\/ministerio-da-saude-repassa-r-38-mi-aos-fundos-municipais-e-estadual-de-saude-de-minas-gerais\/#primaryimage\"},\"image\":{\"@id\":\"https:\/\/www.federassantas.org.br\/novosite\/ministerio-da-saude-repassa-r-38-mi-aos-fundos-municipais-e-estadual-de-saude-de-minas-gerais\/#primaryimage\"},\"thumbnailUrl\":\"\",\"datePublished\":\"2018-06-27T16:20:25+00:00\",\"breadcrumb\":{\"@id\":\"https:\/\/www.federassantas.org.br\/novosite\/ministerio-da-saude-repassa-r-38-mi-aos-fundos-municipais-e-estadual-de-saude-de-minas-gerais\/#breadcrumb\"},\"inLanguage\":\"pt-BR\",\"potentialAction\":[{\"@type\":\"ReadAction\",\"target\":[\"https:\/\/www.federassantas.org.br\/novosite\/ministerio-da-saude-repassa-r-38-mi-aos-fundos-municipais-e-estadual-de-saude-de-minas-gerais\/\"]}]},{\"@type\":\"ImageObject\",\"inLanguage\":\"pt-BR\",\"@id\":\"https:\/\/www.federassantas.org.br\/novosite\/ministerio-da-saude-repassa-r-38-mi-aos-fundos-municipais-e-estadual-de-saude-de-minas-gerais\/#primaryimage\",\"url\":\"\",\"contentUrl\":\"\"},{\"@type\":\"BreadcrumbList\",\"@id\":\"https:\/\/www.federassantas.org.br\/novosite\/ministerio-da-saude-repassa-r-38-mi-aos-fundos-municipais-e-estadual-de-saude-de-minas-gerais\/#breadcrumb\",\"itemListElement\":[{\"@type\":\"ListItem\",\"position\":1,\"name\":\"In\u00edcio\",\"item\":\"https:\/\/www.federassantas.org.br\/novosite\/\"},{\"@type\":\"ListItem\",\"position\":2,\"name\":\"Minist\u00e9rio da Sa\u00fade repassa R$ 81 mi aos Fundos Municipais e Estadual de Sa\u00fade de Minas Gerais\"}]},{\"@type\":\"WebSite\",\"@id\":\"https:\/\/www.federassantas.org.br\/novosite\/#website\",\"url\":\"https:\/\/www.federassantas.org.br\/novosite\/\",\"name\":\"Federassantas\",\"description\":\"Entidade de representa\u00e7\u00e3o e fortalecimento das Santas Casas, hospitais filantr\u00f3picos e entidades beneficentes de sa\u00fade de Minas Gerais, atuando na defesa institucional, qualifica\u00e7\u00e3o da gest\u00e3o e sustentabilidade do setor.\",\"publisher\":{\"@id\":\"https:\/\/www.federassantas.org.br\/novosite\/#organization\"},\"potentialAction\":[{\"@type\":\"SearchAction\",\"target\":{\"@type\":\"EntryPoint\",\"urlTemplate\":\"https:\/\/www.federassantas.org.br\/novosite\/?s={search_term_string}\"},\"query-input\":{\"@type\":\"PropertyValueSpecification\",\"valueRequired\":true,\"valueName\":\"search_term_string\"}}],\"inLanguage\":\"pt-BR\"},{\"@type\":\"Organization\",\"@id\":\"https:\/\/www.federassantas.org.br\/novosite\/#organization\",\"name\":\"Federassantas\",\"url\":\"https:\/\/www.federassantas.org.br\/novosite\/\",\"logo\":{\"@type\":\"ImageObject\",\"inLanguage\":\"pt-BR\",\"@id\":\"https:\/\/www.federassantas.org.br\/novosite\/#\/schema\/logo\/image\/\",\"url\":\"https:\/\/www.federassantas.org.br\/novosite\/wp-content\/uploads\/2021\/12\/logo.png\",\"contentUrl\":\"https:\/\/www.federassantas.org.br\/novosite\/wp-content\/uploads\/2021\/12\/logo.png\",\"width\":243,\"height\":59,\"caption\":\"Federassantas\"},\"image\":{\"@id\":\"https:\/\/www.federassantas.org.br\/novosite\/#\/schema\/logo\/image\/\"}},{\"@type\":\"Person\",\"@id\":\"https:\/\/www.federassantas.org.br\/novosite\/#\/schema\/person\/75fed98158349313fe56175f232f513c\",\"name\":\"admin-federas\",\"image\":{\"@type\":\"ImageObject\",\"inLanguage\":\"pt-BR\",\"@id\":\"https:\/\/www.federassantas.org.br\/novosite\/#\/schema\/person\/image\/\",\"url\":\"https:\/\/secure.gravatar.com\/avatar\/2a02d7dda59fe8dc6b7ffd3f652e2efede5ccf0dd89dfdc8137c5517f3de8407?s=96&d=mm&r=g\",\"contentUrl\":\"https:\/\/secure.gravatar.com\/avatar\/2a02d7dda59fe8dc6b7ffd3f652e2efede5ccf0dd89dfdc8137c5517f3de8407?s=96&d=mm&r=g\",\"caption\":\"admin-federas\"},\"sameAs\":[\"https:\/\/www.federassantas.org.br\/novosite\/\"],\"url\":\"https:\/\/www.federassantas.org.br\/novosite\/author\/admin-federas\/\"}]}<\/script>\n<!-- \/ Yoast SEO plugin. -->","yoast_head_json":{"title":"Minist\u00e9rio da Sa\u00fade repassa R$ 81 mi aos Fundos Municipais e Estadual de Sa\u00fade de Minas Gerais - Federassantas","robots":{"index":"index","follow":"follow","max-snippet":"max-snippet:-1","max-image-preview":"max-image-preview:large","max-video-preview":"max-video-preview:-1"},"canonical":"https:\/\/www.federassantas.org.br\/novosite\/ministerio-da-saude-repassa-r-38-mi-aos-fundos-municipais-e-estadual-de-saude-de-minas-gerais\/","og_locale":"pt_BR","og_type":"article","og_title":"Minist\u00e9rio da Sa\u00fade repassa R$ 81 mi aos Fundos Municipais e Estadual de Sa\u00fade de Minas Gerais - Federassantas","og_description":"Foram realizados no dia\u00a025 de junho, os pagamentos previstos pelas portarias n\u00ba 1.338, 1.339, 1.340 e 1.341, de 14 de maio de 2018, do Minist\u00e9rio da Sa\u00fade. De acordo com a portaria, o repasse, no valor de R$ 38.270.145,00, foi realizado pelo Fundo Nacional de Sa\u00fade aos Fundos Municipais de Sa\u00fade e Fundo Estadual de [&hellip;]","og_url":"https:\/\/www.federassantas.org.br\/novosite\/ministerio-da-saude-repassa-r-38-mi-aos-fundos-municipais-e-estadual-de-saude-de-minas-gerais\/","og_site_name":"Federassantas","article_published_time":"2018-06-27T16:20:25+00:00","author":"admin-federas","twitter_card":"summary_large_image","twitter_misc":{"Escrito por":"admin-federas","Est. tempo de leitura":"1 minuto"},"schema":{"@context":"https:\/\/schema.org","@graph":[{"@type":"Article","@id":"https:\/\/www.federassantas.org.br\/novosite\/ministerio-da-saude-repassa-r-38-mi-aos-fundos-municipais-e-estadual-de-saude-de-minas-gerais\/#article","isPartOf":{"@id":"https:\/\/www.federassantas.org.br\/novosite\/ministerio-da-saude-repassa-r-38-mi-aos-fundos-municipais-e-estadual-de-saude-de-minas-gerais\/"},"author":{"name":"admin-federas","@id":"https:\/\/www.federassantas.org.br\/novosite\/#\/schema\/person\/75fed98158349313fe56175f232f513c"},"headline":"Minist\u00e9rio da Sa\u00fade repassa R$ 81 mi aos Fundos Municipais e Estadual de Sa\u00fade de Minas Gerais","datePublished":"2018-06-27T16:20:25+00:00","mainEntityOfPage":{"@id":"https:\/\/www.federassantas.org.br\/novosite\/ministerio-da-saude-repassa-r-38-mi-aos-fundos-municipais-e-estadual-de-saude-de-minas-gerais\/"},"wordCount":156,"commentCount":0,"publisher":{"@id":"https:\/\/www.federassantas.org.br\/novosite\/#organization"},"image":{"@id":"https:\/\/www.federassantas.org.br\/novosite\/ministerio-da-saude-repassa-r-38-mi-aos-fundos-municipais-e-estadual-de-saude-de-minas-gerais\/#primaryimage"},"thumbnailUrl":"","articleSection":["Not\u00edcias","Not\u00edcias P\u00fablicas"],"inLanguage":"pt-BR","potentialAction":[{"@type":"CommentAction","name":"Comment","target":["https:\/\/www.federassantas.org.br\/novosite\/ministerio-da-saude-repassa-r-38-mi-aos-fundos-municipais-e-estadual-de-saude-de-minas-gerais\/#respond"]}]},{"@type":"WebPage","@id":"https:\/\/www.federassantas.org.br\/novosite\/ministerio-da-saude-repassa-r-38-mi-aos-fundos-municipais-e-estadual-de-saude-de-minas-gerais\/","url":"https:\/\/www.federassantas.org.br\/novosite\/ministerio-da-saude-repassa-r-38-mi-aos-fundos-municipais-e-estadual-de-saude-de-minas-gerais\/","name":"Minist\u00e9rio da Sa\u00fade repassa R$ 81 mi aos Fundos Municipais e Estadual de Sa\u00fade de Minas Gerais - Federassantas","isPartOf":{"@id":"https:\/\/www.federassantas.org.br\/novosite\/#website"},"primaryImageOfPage":{"@id":"https:\/\/www.federassantas.org.br\/novosite\/ministerio-da-saude-repassa-r-38-mi-aos-fundos-municipais-e-estadual-de-saude-de-minas-gerais\/#primaryimage"},"image":{"@id":"https:\/\/www.federassantas.org.br\/novosite\/ministerio-da-saude-repassa-r-38-mi-aos-fundos-municipais-e-estadual-de-saude-de-minas-gerais\/#primaryimage"},"thumbnailUrl":"","datePublished":"2018-06-27T16:20:25+00:00","breadcrumb":{"@id":"https:\/\/www.federassantas.org.br\/novosite\/ministerio-da-saude-repassa-r-38-mi-aos-fundos-municipais-e-estadual-de-saude-de-minas-gerais\/#breadcrumb"},"inLanguage":"pt-BR","potentialAction":[{"@type":"ReadAction","target":["https:\/\/www.federassantas.org.br\/novosite\/ministerio-da-saude-repassa-r-38-mi-aos-fundos-municipais-e-estadual-de-saude-de-minas-gerais\/"]}]},{"@type":"ImageObject","inLanguage":"pt-BR","@id":"https:\/\/www.federassantas.org.br\/novosite\/ministerio-da-saude-repassa-r-38-mi-aos-fundos-municipais-e-estadual-de-saude-de-minas-gerais\/#primaryimage","url":"","contentUrl":""},{"@type":"BreadcrumbList","@id":"https:\/\/www.federassantas.org.br\/novosite\/ministerio-da-saude-repassa-r-38-mi-aos-fundos-municipais-e-estadual-de-saude-de-minas-gerais\/#breadcrumb","itemListElement":[{"@type":"ListItem","position":1,"name":"In\u00edcio","item":"https:\/\/www.federassantas.org.br\/novosite\/"},{"@type":"ListItem","position":2,"name":"Minist\u00e9rio da Sa\u00fade repassa R$ 81 mi aos Fundos Municipais e Estadual de Sa\u00fade de Minas Gerais"}]},{"@type":"WebSite","@id":"https:\/\/www.federassantas.org.br\/novosite\/#website","url":"https:\/\/www.federassantas.org.br\/novosite\/","name":"Federassantas","description":"Entidade de representa\u00e7\u00e3o e fortalecimento das Santas Casas, hospitais filantr\u00f3picos e entidades beneficentes de sa\u00fade de Minas Gerais, atuando na defesa institucional, qualifica\u00e7\u00e3o da gest\u00e3o e sustentabilidade do setor.","publisher":{"@id":"https:\/\/www.federassantas.org.br\/novosite\/#organization"},"potentialAction":[{"@type":"SearchAction","target":{"@type":"EntryPoint","urlTemplate":"https:\/\/www.federassantas.org.br\/novosite\/?s={search_term_string}"},"query-input":{"@type":"PropertyValueSpecification","valueRequired":true,"valueName":"search_term_string"}}],"inLanguage":"pt-BR"},{"@type":"Organization","@id":"https:\/\/www.federassantas.org.br\/novosite\/#organization","name":"Federassantas","url":"https:\/\/www.federassantas.org.br\/novosite\/","logo":{"@type":"ImageObject","inLanguage":"pt-BR","@id":"https:\/\/www.federassantas.org.br\/novosite\/#\/schema\/logo\/image\/","url":"https:\/\/www.federassantas.org.br\/novosite\/wp-content\/uploads\/2021\/12\/logo.png","contentUrl":"https:\/\/www.federassantas.org.br\/novosite\/wp-content\/uploads\/2021\/12\/logo.png","width":243,"height":59,"caption":"Federassantas"},"image":{"@id":"https:\/\/www.federassantas.org.br\/novosite\/#\/schema\/logo\/image\/"}},{"@type":"Person","@id":"https:\/\/www.federassantas.org.br\/novosite\/#\/schema\/person\/75fed98158349313fe56175f232f513c","name":"admin-federas","image":{"@type":"ImageObject","inLanguage":"pt-BR","@id":"https:\/\/www.federassantas.org.br\/novosite\/#\/schema\/person\/image\/","url":"https:\/\/secure.gravatar.com\/avatar\/2a02d7dda59fe8dc6b7ffd3f652e2efede5ccf0dd89dfdc8137c5517f3de8407?s=96&d=mm&r=g","contentUrl":"https:\/\/secure.gravatar.com\/avatar\/2a02d7dda59fe8dc6b7ffd3f652e2efede5ccf0dd89dfdc8137c5517f3de8407?s=96&d=mm&r=g","caption":"admin-federas"},"sameAs":["https:\/\/www.federassantas.org.br\/novosite\/"],"url":"https:\/\/www.federassantas.org.br\/novosite\/author\/admin-federas\/"}]}},"_links":{"self":[{"href":"https:\/\/www.federassantas.org.br\/novosite\/wp-json\/wp\/v2\/posts\/13135","targetHints":{"allow":["GET"]}}],"collection":[{"href":"https:\/\/www.federassantas.org.br\/novosite\/wp-json\/wp\/v2\/posts"}],"about":[{"href":"https:\/\/www.federassantas.org.br\/novosite\/wp-json\/wp\/v2\/types\/post"}],"author":[{"embeddable":true,"href":"https:\/\/www.federassantas.org.br\/novosite\/wp-json\/wp\/v2\/users\/1"}],"replies":[{"embeddable":true,"href":"https:\/\/www.federassantas.org.br\/novosite\/wp-json\/wp\/v2\/comments?post=13135"}],"version-history":[{"count":0,"href":"https:\/\/www.federassantas.org.br\/novosite\/wp-json\/wp\/v2\/posts\/13135\/revisions"}],"wp:attachment":[{"href":"https:\/\/www.federassantas.org.br\/novosite\/wp-json\/wp\/v2\/media?parent=13135"}],"wp:term":[{"taxonomy":"category","embeddable":true,"href":"https:\/\/www.federassantas.org.br\/novosite\/wp-json\/wp\/v2\/categories?post=13135"},{"taxonomy":"post_tag","embeddable":true,"href":"https:\/\/www.federassantas.org.br\/novosite\/wp-json\/wp\/v2\/tags?post=13135"}],"curies":[{"name":"wp","href":"https:\/\/api.w.org\/{rel}","templated":true}]}}