{"id":13139,"date":"2018-06-29T17:05:38","date_gmt":"2018-06-29T20:05:38","guid":{"rendered":"https:\/\/federasbackup.meltcomunicacao.com.br\/?p=13139"},"modified":"2018-06-29T17:05:38","modified_gmt":"2018-06-29T20:05:38","slug":"retencao-de-verbas-prejudica-atuacao-de-santas-casas","status":"publish","type":"post","link":"https:\/\/www.federassantas.org.br\/novosite\/retencao-de-verbas-prejudica-atuacao-de-santas-casas\/","title":{"rendered":"Reten\u00e7\u00e3o de verbas prejudica atua\u00e7\u00e3o de santas casas"},"content":{"rendered":"<p>O diretor-geral da Confedera\u00e7\u00e3o das Santas Casas de Miseric\u00f3rdia, Hospitais e Entidades Filantr\u00f3picas (CMB), Jos\u00e9 Luiz Spigolon, criticou a reten\u00e7\u00e3o de valores destinados \u00e0s institui\u00e7\u00f5es filantr\u00f3picas por secretarias estaduais e municipais de Sa\u00fade. Em audi\u00eancia p\u00fablica da Comiss\u00e3o de Assuntos Sociais (CAS) nesta ter\u00e7a-feira (26), ele afirmou que, apesar de o Minist\u00e9rio da Sa\u00fade repassar a verba regularmente nos \u00faltimos dois anos, dificilmente o recurso chega \u00e0s institui\u00e7\u00f5es de destino, atrasando pagamentos e prejudicando o atendimento \u00e0 popula\u00e7\u00e3o.<\/p>\n<p>Para Spigolon, os gestores dessas secretarias t\u00eam cometido crime de apropria\u00e7\u00e3o ind\u00e9bita. E isso se agrava, segundo ele, pela alta rotatividade da fun\u00e7\u00e3o. A troca de secret\u00e1rios de Sa\u00fade no pa\u00eds tem ocorrido em m\u00e9dia duas vezes por ano, com casos em que h\u00e1 mudan\u00e7as quatro ou at\u00e9 cinco vezes ao ano, disse ele.<\/p>\n<p>\u2014 Isso dificulta qualquer tipo de planejamento ou de funcionalidade adequada de um servi\u00e7o da import\u00e2ncia da sa\u00fade \u2013 ponderou.<\/p>\n<p>Outro problema, segundo Spigolon, \u00e9 a falta de certifica\u00e7\u00e3o de 1.135 institui\u00e7\u00f5es filantr\u00f3picas pelo Minist\u00e9rio da Sa\u00fade, por mera aus\u00eancia de interesse dos secret\u00e1rios de sa\u00fade. Por n\u00e3o terem esse reconhecimento, essas unidades s\u00e3o prejudicadas, j\u00e1 que n\u00e3o podem receber benef\u00edcios como a isen\u00e7\u00e3o da cota previdenci\u00e1ria, explicou.<\/p>\n<p>\u2014 A\u00ed est\u00e1 a necessidade urgente de gestores e prestadores de servi\u00e7o comprometidos, que contribuam para darmos respostas r\u00e1pidas \u00e0 sociedade brasileira, no que se refere \u00e0 qualidade da sa\u00fade \u2013 alertou.<\/p>\n<h3><b>Desequil\u00edbrio<\/b><\/h3>\n<p>Adriano Carlos Ribeiro, da Confedera\u00e7\u00e3o Nacional de Sa\u00fade, fez cr\u00edticas ao crit\u00e9rio de distribui\u00e7\u00e3o dos recursos da Uni\u00e3o\u00a0<i>per capita<\/i>\u00a0para as unidades filantr\u00f3picas do pa\u00eds. Em sua avalia\u00e7\u00e3o, as verbas deveriam ser repassadas de modo igualit\u00e1rio para as institui\u00e7\u00f5es. Para ele, a diferencia\u00e7\u00e3o na entrega da verba leva o cidad\u00e3o de um estado a valer mais ou menos do que o de outro, criando embara\u00e7os e distor\u00e7\u00f5es na planta or\u00e7ament\u00e1ria nacional.<\/p>\n<p>\u2014 Al\u00e9m disso, temos que tornar muito clara a responsabilidade de cada ente das esferas municipal, estadual e federal. H\u00e1 estados que conseguem manter seu sistema de sa\u00fade, mas outros s\u00e3o totalmente dependentes \u2013 apontou.<\/p>\n<h3><b>Urg\u00eancia de respostas<\/b><\/h3>\n<p>J\u00e1 o secret\u00e1rio de Sa\u00fade do Distrito Federal e vice-presidente do Conselho Nacional de Secret\u00e1rios de Sa\u00fade, Humberto Lucena Pereira da Fonseca, destacou o apoio dos \u00f3rg\u00e3os filantr\u00f3picos, j\u00e1 que essas unidades funcionam com regras de institui\u00e7\u00f5es privadas. Para o secret\u00e1rio, atualmente, a administra\u00e7\u00e3o da sa\u00fade somente pelo poder p\u00fablico \u00e9 invi\u00e1vel, devido \u00e0 urg\u00eancia de respostas que o governo n\u00e3o consegue dar.<\/p>\n<p>Humberto Lucena disse que o Instituto de Cardiologia do Distrito Federal \u00e9 a \u00fanica institui\u00e7\u00e3o filantr\u00f3pica em Bras\u00edlia, e lamentou a aus\u00eancia de outras unidades do tipo na capital. Segundo ele, o governo tem estudado um modelo de administra\u00e7\u00e3o da sa\u00fade voltado exclusivamente para o setor, o que contribuir\u00e1 para a melhoria do servi\u00e7o.<\/p>\n<p>Ao destacar que a participa\u00e7\u00e3o das santas casas \u00e9 indispens\u00e1vel na presta\u00e7\u00e3o dos servi\u00e7os de sa\u00fade, o autor do requerimento da audi\u00eancia p\u00fablica, senador Dal\u00edrio Beber (PSDB-SC), disse que o objetivo do debate \u00e9 otimizar as parcerias, levando as autoridades a valorizar e dar condi\u00e7\u00f5es para que esses hospitais continuem dando assist\u00eancia aos brasileiros.<\/p>\n<h3><b>Estrutura<\/b><\/h3>\n<p>Segundo o Minist\u00e9rio da Sa\u00fade, as unidades filantr\u00f3picas geram 990 mil postos de trabalho no pa\u00eds. S\u00e3o 160 mil m\u00e9dicos que atendem como profissionais liberais, 132.500 leitos, o que representa 37% da capacidade de atendimento do Sistema \u00danico de Sa\u00fade (SUS) e mais de 4 milh\u00f5es de interna\u00e7\u00f5es. As santas casas responderam por mais de 51% de todo o atendimento no sistema p\u00fablico de sa\u00fade em 2017. Essas institui\u00e7\u00f5es atuam diretamente no sistema p\u00fablico de sa\u00fade, inclusive em procedimentos de alta complexidade como quimioterapia, radioterapia, cirurgias oncol\u00f3gicas e cardiol\u00f3gicas.<\/p>\n<p>O valor repassado pelo Minist\u00e9rio da Sa\u00fade corresponde a cerca de 65% do gasto em um servi\u00e7o. Para cada R$ 100, os hospitais recebem R$ 65 em m\u00e9dia. Para tentar manter dinheiro em caixa, as entidades recorrem a financiamentos e a empr\u00e9stimos banc\u00e1rios, gerando um ciclo de endividamento.<\/p>\n<p>Fonte: <a href=\"https:\/\/www12.senado.leg.br\/noticias\/materias\/2018\/06\/26\/retencao-de-verbas-prejudica-atuacao-de-santas-casas-aponta-debate?utm_medium=share-button&amp;utm_source=whatsapp\">Ag\u00eancia Senado<\/a><\/p>\n","protected":false},"excerpt":{"rendered":"<p>O diretor-geral da Confedera\u00e7\u00e3o das Santas Casas de Miseric\u00f3rdia, Hospitais e Entidades Filantr\u00f3picas (CMB), Jos\u00e9 Luiz Spigolon, criticou a reten\u00e7\u00e3o de valores destinados \u00e0s institui\u00e7\u00f5es filantr\u00f3picas por secretarias estaduais e municipais de Sa\u00fade. Em audi\u00eancia p\u00fablica da Comiss\u00e3o de Assuntos Sociais (CAS) nesta ter\u00e7a-feira (26), ele afirmou que, apesar de o Minist\u00e9rio da Sa\u00fade repassar [&hellip;]<\/p>\n","protected":false},"author":1,"featured_media":13140,"comment_status":"open","ping_status":"open","sticky":false,"template":"","format":"standard","meta":{"footnotes":""},"categories":[140,143],"tags":[],"class_list":["post-13139","post","type-post","status-publish","format-standard","has-post-thumbnail","hentry","category-noticias","category-noticias-publicas"],"yoast_head":"<!-- This site is optimized with the Yoast SEO plugin v26.9 - https:\/\/yoast.com\/product\/yoast-seo-wordpress\/ -->\n<title>Reten\u00e7\u00e3o de verbas prejudica atua\u00e7\u00e3o de santas casas - Federassantas<\/title>\n<meta name=\"robots\" content=\"index, follow, max-snippet:-1, max-image-preview:large, max-video-preview:-1\" \/>\n<link rel=\"canonical\" href=\"https:\/\/www.federassantas.org.br\/novosite\/retencao-de-verbas-prejudica-atuacao-de-santas-casas\/\" \/>\n<meta property=\"og:locale\" content=\"pt_BR\" \/>\n<meta property=\"og:type\" content=\"article\" \/>\n<meta property=\"og:title\" content=\"Reten\u00e7\u00e3o de verbas prejudica atua\u00e7\u00e3o de santas casas - Federassantas\" \/>\n<meta property=\"og:description\" content=\"O diretor-geral da Confedera\u00e7\u00e3o das Santas Casas de Miseric\u00f3rdia, Hospitais e Entidades Filantr\u00f3picas (CMB), Jos\u00e9 Luiz Spigolon, criticou a reten\u00e7\u00e3o de valores destinados \u00e0s institui\u00e7\u00f5es filantr\u00f3picas por secretarias estaduais e municipais de Sa\u00fade. Em audi\u00eancia p\u00fablica da Comiss\u00e3o de Assuntos Sociais (CAS) nesta ter\u00e7a-feira (26), ele afirmou que, apesar de o Minist\u00e9rio da Sa\u00fade repassar [&hellip;]\" \/>\n<meta property=\"og:url\" content=\"https:\/\/www.federassantas.org.br\/novosite\/retencao-de-verbas-prejudica-atuacao-de-santas-casas\/\" \/>\n<meta property=\"og:site_name\" content=\"Federassantas\" \/>\n<meta property=\"article:published_time\" content=\"2018-06-29T20:05:38+00:00\" \/>\n<meta name=\"author\" content=\"admin-federas\" \/>\n<meta name=\"twitter:card\" content=\"summary_large_image\" \/>\n<meta name=\"twitter:label1\" content=\"Escrito por\" \/>\n\t<meta name=\"twitter:data1\" content=\"admin-federas\" \/>\n\t<meta name=\"twitter:label2\" content=\"Est. tempo de leitura\" \/>\n\t<meta name=\"twitter:data2\" content=\"4 minutos\" \/>\n<script type=\"application\/ld+json\" class=\"yoast-schema-graph\">{\"@context\":\"https:\/\/schema.org\",\"@graph\":[{\"@type\":\"Article\",\"@id\":\"https:\/\/www.federassantas.org.br\/novosite\/retencao-de-verbas-prejudica-atuacao-de-santas-casas\/#article\",\"isPartOf\":{\"@id\":\"https:\/\/www.federassantas.org.br\/novosite\/retencao-de-verbas-prejudica-atuacao-de-santas-casas\/\"},\"author\":{\"name\":\"admin-federas\",\"@id\":\"https:\/\/www.federassantas.org.br\/novosite\/#\/schema\/person\/75fed98158349313fe56175f232f513c\"},\"headline\":\"Reten\u00e7\u00e3o de verbas prejudica atua\u00e7\u00e3o de santas casas\",\"datePublished\":\"2018-06-29T20:05:38+00:00\",\"mainEntityOfPage\":{\"@id\":\"https:\/\/www.federassantas.org.br\/novosite\/retencao-de-verbas-prejudica-atuacao-de-santas-casas\/\"},\"wordCount\":758,\"commentCount\":0,\"publisher\":{\"@id\":\"https:\/\/www.federassantas.org.br\/novosite\/#organization\"},\"image\":{\"@id\":\"https:\/\/www.federassantas.org.br\/novosite\/retencao-de-verbas-prejudica-atuacao-de-santas-casas\/#primaryimage\"},\"thumbnailUrl\":\"\",\"articleSection\":[\"Not\u00edcias\",\"Not\u00edcias P\u00fablicas\"],\"inLanguage\":\"pt-BR\",\"potentialAction\":[{\"@type\":\"CommentAction\",\"name\":\"Comment\",\"target\":[\"https:\/\/www.federassantas.org.br\/novosite\/retencao-de-verbas-prejudica-atuacao-de-santas-casas\/#respond\"]}]},{\"@type\":\"WebPage\",\"@id\":\"https:\/\/www.federassantas.org.br\/novosite\/retencao-de-verbas-prejudica-atuacao-de-santas-casas\/\",\"url\":\"https:\/\/www.federassantas.org.br\/novosite\/retencao-de-verbas-prejudica-atuacao-de-santas-casas\/\",\"name\":\"Reten\u00e7\u00e3o de verbas prejudica atua\u00e7\u00e3o de santas casas - Federassantas\",\"isPartOf\":{\"@id\":\"https:\/\/www.federassantas.org.br\/novosite\/#website\"},\"primaryImageOfPage\":{\"@id\":\"https:\/\/www.federassantas.org.br\/novosite\/retencao-de-verbas-prejudica-atuacao-de-santas-casas\/#primaryimage\"},\"image\":{\"@id\":\"https:\/\/www.federassantas.org.br\/novosite\/retencao-de-verbas-prejudica-atuacao-de-santas-casas\/#primaryimage\"},\"thumbnailUrl\":\"\",\"datePublished\":\"2018-06-29T20:05:38+00:00\",\"breadcrumb\":{\"@id\":\"https:\/\/www.federassantas.org.br\/novosite\/retencao-de-verbas-prejudica-atuacao-de-santas-casas\/#breadcrumb\"},\"inLanguage\":\"pt-BR\",\"potentialAction\":[{\"@type\":\"ReadAction\",\"target\":[\"https:\/\/www.federassantas.org.br\/novosite\/retencao-de-verbas-prejudica-atuacao-de-santas-casas\/\"]}]},{\"@type\":\"ImageObject\",\"inLanguage\":\"pt-BR\",\"@id\":\"https:\/\/www.federassantas.org.br\/novosite\/retencao-de-verbas-prejudica-atuacao-de-santas-casas\/#primaryimage\",\"url\":\"\",\"contentUrl\":\"\"},{\"@type\":\"BreadcrumbList\",\"@id\":\"https:\/\/www.federassantas.org.br\/novosite\/retencao-de-verbas-prejudica-atuacao-de-santas-casas\/#breadcrumb\",\"itemListElement\":[{\"@type\":\"ListItem\",\"position\":1,\"name\":\"In\u00edcio\",\"item\":\"https:\/\/www.federassantas.org.br\/novosite\/\"},{\"@type\":\"ListItem\",\"position\":2,\"name\":\"Reten\u00e7\u00e3o de verbas prejudica atua\u00e7\u00e3o de santas casas\"}]},{\"@type\":\"WebSite\",\"@id\":\"https:\/\/www.federassantas.org.br\/novosite\/#website\",\"url\":\"https:\/\/www.federassantas.org.br\/novosite\/\",\"name\":\"Federassantas\",\"description\":\"Entidade de representa\u00e7\u00e3o e fortalecimento das Santas Casas, hospitais filantr\u00f3picos e entidades beneficentes de sa\u00fade de Minas Gerais, atuando na defesa institucional, qualifica\u00e7\u00e3o da gest\u00e3o e sustentabilidade do setor.\",\"publisher\":{\"@id\":\"https:\/\/www.federassantas.org.br\/novosite\/#organization\"},\"potentialAction\":[{\"@type\":\"SearchAction\",\"target\":{\"@type\":\"EntryPoint\",\"urlTemplate\":\"https:\/\/www.federassantas.org.br\/novosite\/?s={search_term_string}\"},\"query-input\":{\"@type\":\"PropertyValueSpecification\",\"valueRequired\":true,\"valueName\":\"search_term_string\"}}],\"inLanguage\":\"pt-BR\"},{\"@type\":\"Organization\",\"@id\":\"https:\/\/www.federassantas.org.br\/novosite\/#organization\",\"name\":\"Federassantas\",\"url\":\"https:\/\/www.federassantas.org.br\/novosite\/\",\"logo\":{\"@type\":\"ImageObject\",\"inLanguage\":\"pt-BR\",\"@id\":\"https:\/\/www.federassantas.org.br\/novosite\/#\/schema\/logo\/image\/\",\"url\":\"https:\/\/www.federassantas.org.br\/novosite\/wp-content\/uploads\/2021\/12\/logo.png\",\"contentUrl\":\"https:\/\/www.federassantas.org.br\/novosite\/wp-content\/uploads\/2021\/12\/logo.png\",\"width\":243,\"height\":59,\"caption\":\"Federassantas\"},\"image\":{\"@id\":\"https:\/\/www.federassantas.org.br\/novosite\/#\/schema\/logo\/image\/\"}},{\"@type\":\"Person\",\"@id\":\"https:\/\/www.federassantas.org.br\/novosite\/#\/schema\/person\/75fed98158349313fe56175f232f513c\",\"name\":\"admin-federas\",\"image\":{\"@type\":\"ImageObject\",\"inLanguage\":\"pt-BR\",\"@id\":\"https:\/\/www.federassantas.org.br\/novosite\/#\/schema\/person\/image\/\",\"url\":\"https:\/\/secure.gravatar.com\/avatar\/2a02d7dda59fe8dc6b7ffd3f652e2efede5ccf0dd89dfdc8137c5517f3de8407?s=96&d=mm&r=g\",\"contentUrl\":\"https:\/\/secure.gravatar.com\/avatar\/2a02d7dda59fe8dc6b7ffd3f652e2efede5ccf0dd89dfdc8137c5517f3de8407?s=96&d=mm&r=g\",\"caption\":\"admin-federas\"},\"sameAs\":[\"https:\/\/www.federassantas.org.br\/novosite\/\"],\"url\":\"https:\/\/www.federassantas.org.br\/novosite\/author\/admin-federas\/\"}]}<\/script>\n<!-- \/ Yoast SEO plugin. -->","yoast_head_json":{"title":"Reten\u00e7\u00e3o de verbas prejudica atua\u00e7\u00e3o de santas casas - Federassantas","robots":{"index":"index","follow":"follow","max-snippet":"max-snippet:-1","max-image-preview":"max-image-preview:large","max-video-preview":"max-video-preview:-1"},"canonical":"https:\/\/www.federassantas.org.br\/novosite\/retencao-de-verbas-prejudica-atuacao-de-santas-casas\/","og_locale":"pt_BR","og_type":"article","og_title":"Reten\u00e7\u00e3o de verbas prejudica atua\u00e7\u00e3o de santas casas - Federassantas","og_description":"O diretor-geral da Confedera\u00e7\u00e3o das Santas Casas de Miseric\u00f3rdia, Hospitais e Entidades Filantr\u00f3picas (CMB), Jos\u00e9 Luiz Spigolon, criticou a reten\u00e7\u00e3o de valores destinados \u00e0s institui\u00e7\u00f5es filantr\u00f3picas por secretarias estaduais e municipais de Sa\u00fade. Em audi\u00eancia p\u00fablica da Comiss\u00e3o de Assuntos Sociais (CAS) nesta ter\u00e7a-feira (26), ele afirmou que, apesar de o Minist\u00e9rio da Sa\u00fade repassar [&hellip;]","og_url":"https:\/\/www.federassantas.org.br\/novosite\/retencao-de-verbas-prejudica-atuacao-de-santas-casas\/","og_site_name":"Federassantas","article_published_time":"2018-06-29T20:05:38+00:00","author":"admin-federas","twitter_card":"summary_large_image","twitter_misc":{"Escrito por":"admin-federas","Est. tempo de leitura":"4 minutos"},"schema":{"@context":"https:\/\/schema.org","@graph":[{"@type":"Article","@id":"https:\/\/www.federassantas.org.br\/novosite\/retencao-de-verbas-prejudica-atuacao-de-santas-casas\/#article","isPartOf":{"@id":"https:\/\/www.federassantas.org.br\/novosite\/retencao-de-verbas-prejudica-atuacao-de-santas-casas\/"},"author":{"name":"admin-federas","@id":"https:\/\/www.federassantas.org.br\/novosite\/#\/schema\/person\/75fed98158349313fe56175f232f513c"},"headline":"Reten\u00e7\u00e3o de verbas prejudica atua\u00e7\u00e3o de santas casas","datePublished":"2018-06-29T20:05:38+00:00","mainEntityOfPage":{"@id":"https:\/\/www.federassantas.org.br\/novosite\/retencao-de-verbas-prejudica-atuacao-de-santas-casas\/"},"wordCount":758,"commentCount":0,"publisher":{"@id":"https:\/\/www.federassantas.org.br\/novosite\/#organization"},"image":{"@id":"https:\/\/www.federassantas.org.br\/novosite\/retencao-de-verbas-prejudica-atuacao-de-santas-casas\/#primaryimage"},"thumbnailUrl":"","articleSection":["Not\u00edcias","Not\u00edcias P\u00fablicas"],"inLanguage":"pt-BR","potentialAction":[{"@type":"CommentAction","name":"Comment","target":["https:\/\/www.federassantas.org.br\/novosite\/retencao-de-verbas-prejudica-atuacao-de-santas-casas\/#respond"]}]},{"@type":"WebPage","@id":"https:\/\/www.federassantas.org.br\/novosite\/retencao-de-verbas-prejudica-atuacao-de-santas-casas\/","url":"https:\/\/www.federassantas.org.br\/novosite\/retencao-de-verbas-prejudica-atuacao-de-santas-casas\/","name":"Reten\u00e7\u00e3o de verbas prejudica atua\u00e7\u00e3o de santas casas - Federassantas","isPartOf":{"@id":"https:\/\/www.federassantas.org.br\/novosite\/#website"},"primaryImageOfPage":{"@id":"https:\/\/www.federassantas.org.br\/novosite\/retencao-de-verbas-prejudica-atuacao-de-santas-casas\/#primaryimage"},"image":{"@id":"https:\/\/www.federassantas.org.br\/novosite\/retencao-de-verbas-prejudica-atuacao-de-santas-casas\/#primaryimage"},"thumbnailUrl":"","datePublished":"2018-06-29T20:05:38+00:00","breadcrumb":{"@id":"https:\/\/www.federassantas.org.br\/novosite\/retencao-de-verbas-prejudica-atuacao-de-santas-casas\/#breadcrumb"},"inLanguage":"pt-BR","potentialAction":[{"@type":"ReadAction","target":["https:\/\/www.federassantas.org.br\/novosite\/retencao-de-verbas-prejudica-atuacao-de-santas-casas\/"]}]},{"@type":"ImageObject","inLanguage":"pt-BR","@id":"https:\/\/www.federassantas.org.br\/novosite\/retencao-de-verbas-prejudica-atuacao-de-santas-casas\/#primaryimage","url":"","contentUrl":""},{"@type":"BreadcrumbList","@id":"https:\/\/www.federassantas.org.br\/novosite\/retencao-de-verbas-prejudica-atuacao-de-santas-casas\/#breadcrumb","itemListElement":[{"@type":"ListItem","position":1,"name":"In\u00edcio","item":"https:\/\/www.federassantas.org.br\/novosite\/"},{"@type":"ListItem","position":2,"name":"Reten\u00e7\u00e3o de verbas prejudica atua\u00e7\u00e3o de santas casas"}]},{"@type":"WebSite","@id":"https:\/\/www.federassantas.org.br\/novosite\/#website","url":"https:\/\/www.federassantas.org.br\/novosite\/","name":"Federassantas","description":"Entidade de representa\u00e7\u00e3o e fortalecimento das Santas Casas, hospitais filantr\u00f3picos e entidades beneficentes de sa\u00fade de Minas Gerais, atuando na defesa institucional, qualifica\u00e7\u00e3o da gest\u00e3o e sustentabilidade do setor.","publisher":{"@id":"https:\/\/www.federassantas.org.br\/novosite\/#organization"},"potentialAction":[{"@type":"SearchAction","target":{"@type":"EntryPoint","urlTemplate":"https:\/\/www.federassantas.org.br\/novosite\/?s={search_term_string}"},"query-input":{"@type":"PropertyValueSpecification","valueRequired":true,"valueName":"search_term_string"}}],"inLanguage":"pt-BR"},{"@type":"Organization","@id":"https:\/\/www.federassantas.org.br\/novosite\/#organization","name":"Federassantas","url":"https:\/\/www.federassantas.org.br\/novosite\/","logo":{"@type":"ImageObject","inLanguage":"pt-BR","@id":"https:\/\/www.federassantas.org.br\/novosite\/#\/schema\/logo\/image\/","url":"https:\/\/www.federassantas.org.br\/novosite\/wp-content\/uploads\/2021\/12\/logo.png","contentUrl":"https:\/\/www.federassantas.org.br\/novosite\/wp-content\/uploads\/2021\/12\/logo.png","width":243,"height":59,"caption":"Federassantas"},"image":{"@id":"https:\/\/www.federassantas.org.br\/novosite\/#\/schema\/logo\/image\/"}},{"@type":"Person","@id":"https:\/\/www.federassantas.org.br\/novosite\/#\/schema\/person\/75fed98158349313fe56175f232f513c","name":"admin-federas","image":{"@type":"ImageObject","inLanguage":"pt-BR","@id":"https:\/\/www.federassantas.org.br\/novosite\/#\/schema\/person\/image\/","url":"https:\/\/secure.gravatar.com\/avatar\/2a02d7dda59fe8dc6b7ffd3f652e2efede5ccf0dd89dfdc8137c5517f3de8407?s=96&d=mm&r=g","contentUrl":"https:\/\/secure.gravatar.com\/avatar\/2a02d7dda59fe8dc6b7ffd3f652e2efede5ccf0dd89dfdc8137c5517f3de8407?s=96&d=mm&r=g","caption":"admin-federas"},"sameAs":["https:\/\/www.federassantas.org.br\/novosite\/"],"url":"https:\/\/www.federassantas.org.br\/novosite\/author\/admin-federas\/"}]}},"_links":{"self":[{"href":"https:\/\/www.federassantas.org.br\/novosite\/wp-json\/wp\/v2\/posts\/13139","targetHints":{"allow":["GET"]}}],"collection":[{"href":"https:\/\/www.federassantas.org.br\/novosite\/wp-json\/wp\/v2\/posts"}],"about":[{"href":"https:\/\/www.federassantas.org.br\/novosite\/wp-json\/wp\/v2\/types\/post"}],"author":[{"embeddable":true,"href":"https:\/\/www.federassantas.org.br\/novosite\/wp-json\/wp\/v2\/users\/1"}],"replies":[{"embeddable":true,"href":"https:\/\/www.federassantas.org.br\/novosite\/wp-json\/wp\/v2\/comments?post=13139"}],"version-history":[{"count":0,"href":"https:\/\/www.federassantas.org.br\/novosite\/wp-json\/wp\/v2\/posts\/13139\/revisions"}],"wp:attachment":[{"href":"https:\/\/www.federassantas.org.br\/novosite\/wp-json\/wp\/v2\/media?parent=13139"}],"wp:term":[{"taxonomy":"category","embeddable":true,"href":"https:\/\/www.federassantas.org.br\/novosite\/wp-json\/wp\/v2\/categories?post=13139"},{"taxonomy":"post_tag","embeddable":true,"href":"https:\/\/www.federassantas.org.br\/novosite\/wp-json\/wp\/v2\/tags?post=13139"}],"curies":[{"name":"wp","href":"https:\/\/api.w.org\/{rel}","templated":true}]}}