{"id":13152,"date":"2018-07-03T18:42:48","date_gmt":"2018-07-03T21:42:48","guid":{"rendered":"https:\/\/federasbackup.meltcomunicacao.com.br\/?p=13152"},"modified":"2018-07-03T18:42:48","modified_gmt":"2018-07-03T21:42:48","slug":"ministerio-da-saude-alerta-para-perigo-de-reintroducao-da-polio","status":"publish","type":"post","link":"https:\/\/www.federassantas.org.br\/novosite\/ministerio-da-saude-alerta-para-perigo-de-reintroducao-da-polio\/","title":{"rendered":"Minist\u00e9rio da Sa\u00fade alerta para perigo de reintrodu\u00e7\u00e3o da p\u00f3lio"},"content":{"rendered":"<p class=\"documentFirstHeading\" style=\"text-align: justify;\"><em>Alerta: 312 cidades t\u00eam baixa cobertura vacinal da p\u00f3lio<\/em><\/p>\n<p style=\"text-align: justify;\">As baixas coberturas vacinais, principalmente em crian\u00e7as menores de cinco anos, acenderam uma luz vermelha no pa\u00eds. Em reuni\u00e3o com representantes de estados e munic\u00edpios, o Minist\u00e9rio da Sa\u00fade alertou que 312 munic\u00edpios brasileiros est\u00e3o com cobertura vacinal abaixo de 50% para a poliomielite. Vale destacar que a p\u00f3lio \u00e9 uma doen\u00e7a j\u00e1 erradicada no pa\u00eds. O dado foi divulgado pela coordenadora do Programa Nacional de Imuniza\u00e7\u00f5es do Minist\u00e9rio da Sa\u00fade (PNI), Carla Domingues, durante reuni\u00e3o da Comiss\u00e3o Intergestores Tripartite (CIT), na \u00faltima quinta-feira (28\/06).<\/p>\n<p style=\"text-align: justify;\">Recomendar a cobertura vacinal homog\u00eanea no pa\u00eds \u00e9 um trabalho constante do Minist\u00e9rio da Sa\u00fade. Periodicamente, a coordena\u00e7\u00e3o do PNI emite notas t\u00e9cnicas para estados e munic\u00edpios sobre o monitoramento e avalia\u00e7\u00e3o das coberturas vacinais. Tamb\u00e9m tem pautado frequentemente o tema nas discuss\u00f5es em f\u00f3runs, como Comiss\u00e3o Intergestores Tripartite (CIT), que re\u00fane representantes de todos os estados e munic\u00edpios.\u00a0&#8220;O risco existe para todos os munic\u00edpios que est\u00e3o com coberturas abaixo de 95%. Temos que ter em mente que a vacina\u00e7\u00e3o \u00e9 a \u00fanica forma de preven\u00e7\u00e3o da Poliomielite e de outras doen\u00e7as que n\u00e3o circulam mais no pa\u00eds. Todas as crian\u00e7as menores de cinco anos de idade devem ser vacinadas, conforme esquema de vacina\u00e7\u00e3o de rotina e na campanha nacional anual. \u00c9 uma quest\u00e3o de responsabilidade social\u201d, concluiu a coordenadora do PNI, Carla Domingues.<\/p>\n<p style=\"text-align: justify;\">Para os estados que est\u00e3o abaixo da meta de vacina\u00e7\u00e3o, o Minist\u00e9rio da Sa\u00fade\u00a0 tem orientado os gestores locais que organizem suas redes, inclusive com a possibilidade de readequa\u00e7\u00e3o de hor\u00e1rios mais compat\u00edveis com a rotina da popula\u00e7\u00e3o brasileira. Outra orienta\u00e7\u00e3o \u00e9 o refor\u00e7o das parcerias com as creches e escolas, ambientes que potencializam a mobiliza\u00e7\u00e3o sobre a vacina por envolver tamb\u00e9m o n\u00facleo familiar. Outro alerta constante da Pasta \u00e9 para que estados e munic\u00edpios mantenham os sistemas de informa\u00e7\u00e3o devidamente atualizados.<\/p>\n<p style=\"text-align: justify;\">O Minist\u00e9rio da Sa\u00fade ainda refor\u00e7a que todos os pais e respons\u00e1veis t\u00eam a obriga\u00e7\u00e3o de atualizar as cadernetas de seus filhos, em especial das crian\u00e7as menores de cinco anos que devem ser vacinadas, conforme esquema de vacina\u00e7\u00e3o de rotina.\u00a0&#8220;As vacinas ofertadas pelo SUS est\u00e3o dispon\u00edveis durante todo o ano, exceto a da gripe que faz parte de uma campanha e exige um per\u00edodo espec\u00edfico de prote\u00e7\u00e3o, que \u00e9 antes do inverno&#8221;, enfatizou Carla Domingues. Uma oportunidade de atualizar caderneta ser\u00e1\u00a0na pr\u00f3xima Campanha Nacional de Vacina\u00e7\u00e3o contra a Poliomielite, que acontecer\u00e1 no per\u00edodo de 6 a 31 de agosto de 2018.<\/p>\n<p style=\"text-align: justify;\">Outra atua\u00e7\u00e3o do Minist\u00e9rio \u00e9 a dissemina\u00e7\u00e3o de informa\u00e7\u00f5es sobre vacina\u00e7\u00e3o em seus meios de comunica\u00e7\u00e3o, seja por campanhas publicit\u00e1rias por meio de entrevistas de especialistas; intera\u00e7\u00e3o nas redes sociais, publica\u00e7\u00e3o de mat\u00e9rias no Portal Sa\u00fade e discuss\u00e3o com as Sociedades M\u00e9dicas. &#8220;Em muitos casos, pais e respons\u00e1veis n\u00e3o v\u00eam mais algumas doen\u00e7as como um risco, como \u00e9 o exemplo da poliomielite. Por isso, \u00e9 necess\u00e1rio ressaltar a import\u00e2ncia da imuniza\u00e7\u00e3o e desmistificar a ideia de que a vacina\u00e7\u00e3o traz malef\u00edcios&#8221;, ressaltou Carla Domingues. A diretora do PNI ainda destacou que as vacinas s\u00e3o completamente seguras. &#8220;Em alguns casos, as vacinas podem levar a eventos adversos, assim como ocorre com os medicamentos, mas s\u00e3o infinitamente menores que os malef\u00edcios trazidos pelas doen\u00e7as. As vacinas s\u00e3o seguras e passam por um r\u00edgido processo de valida\u00e7\u00e3o&#8221;, completou.<\/p>\n<p style=\"text-align: justify;\"><strong>Pa\u00eds livre da p\u00f3lio<\/strong><\/p>\n<p style=\"text-align: justify;\">O Brasil est\u00e1 livre da poliomielite desde 1990. Em 1994, o pa\u00eds recebeu, da Organiza\u00e7\u00e3o Pan-Americana da Sa\u00fade (OPAS), a Certifica\u00e7\u00e3o de \u00c1rea Livre de Circula\u00e7\u00e3o do Poliov\u00edrus Selvagem. Por isso \u00e9 fundamental a manuten\u00e7\u00e3o das elevadas coberturas vacinais, acima de 95%. \u00a0Embora o Brasil esteja livre da paralisia infantil desde 1990 \u00e9 fundamental a continuidade da vacina\u00e7\u00e3o para evitar a reintrodu\u00e7\u00e3o do v\u00edrus da poliomielite no pa\u00eds. De acordo com dados da Organiza\u00e7\u00e3o Mundial da Sa\u00fade, tr\u00eas pa\u00edses ainda s\u00e3o considerados end\u00eamicos (Paquist\u00e3o, Nig\u00e9ria e Afeganist\u00e3o)&#8221;, explicou a Diretora do PNI, Carla Domingues.<\/p>\n<p style=\"text-align: justify;\">No in\u00edcio do s\u00e9culo XX, as doen\u00e7as imunopreven\u00edveis como poliomielite e var\u00edola eram end\u00eamicas no Brasil, causando elevado n\u00famero de casos e mortes em todo o pa\u00eds. As a\u00e7\u00f5es de imuniza\u00e7\u00e3o e, especialmente os 44 anos de exist\u00eancia do Programa Nacional de Imuniza\u00e7\u00f5es (PNI), foram respons\u00e1veis por mudar o perfil epidemiol\u00f3gico destas doen\u00e7as no Brasil. Isso foi uma importante conquista da sociedade brasileira, ao demonstrar sua efici\u00eancia erradicando a febre amarela urbana, a var\u00edola, bem como a elimina\u00e7\u00e3o da poliomielite, da rub\u00e9ola, da s\u00edndrome da rub\u00e9ola cong\u00eanita e do sarampo. Al\u00e9m disso, reduziu drasticamente a circula\u00e7\u00e3o de agentes pat\u00f3genos, respons\u00e1veis por doen\u00e7as como a difteria, o t\u00e9tano e a coqueluche.<\/p>\n<p style=\"text-align: justify;\"><strong>Sobre a p\u00f3lio<\/strong><\/p>\n<p style=\"text-align: justify;\">A poliomielite ou \u201cparalisia infantil\u201d \u00e9 uma doen\u00e7a infecto-contagiosa viral aguda, caracterizada por um quadro de paralisia fl\u00e1cida, de in\u00edcio s\u00fabito. O d\u00e9ficit motor instala-se subitamente e sua evolu\u00e7\u00e3o, frequentemente, n\u00e3o ultrapassa tr\u00eas dias. Acomete em geral os membros inferiores, de forma assim\u00e9trica, tendo como principal caracter\u00edstica a flacidez muscular, com sensibilidade conservada e arreflexia no segmento atingido.<\/p>\n<p style=\"text-align: justify;\">A transmiss\u00e3o ocorre por contato direto pessoa a pessoa, pela via fecal-oral (mais frequentemente), por objetos, alimentos e \u00e1gua contaminados com fezes de doentes ou portadores, ou pela via oral-oral, atrav\u00e9s de got\u00edculas de secre\u00e7\u00f5es da orofaringe (ao falar, tossir ou espirrar). A falta de saneamento, as m\u00e1s condi\u00e7\u00f5es habitacionais e a higiene pessoal prec\u00e1ria constituem fatores que favorecem a transmiss\u00e3o do poliov\u00edrus.<\/p>\n<p>Fonte: <a href=\"http:\/\/portalms.saude.gov.br\/noticias\/agencia-saude\/43797-ministerio-da-saude-alerta-para-baixas-coberturas-vacinais-para-polio\">Ag\u00eancia Sa\u00fade<\/a><\/p>\n","protected":false},"excerpt":{"rendered":"<p>Alerta: 312 cidades t\u00eam baixa cobertura vacinal da p\u00f3lio As baixas coberturas vacinais, principalmente em crian\u00e7as menores de cinco anos, acenderam uma luz vermelha no pa\u00eds. Em reuni\u00e3o com representantes de estados e munic\u00edpios, o Minist\u00e9rio da Sa\u00fade alertou que 312 munic\u00edpios brasileiros est\u00e3o com cobertura vacinal abaixo de 50% para a poliomielite. Vale destacar [&hellip;]<\/p>\n","protected":false},"author":1,"featured_media":13154,"comment_status":"open","ping_status":"open","sticky":false,"template":"","format":"standard","meta":{"footnotes":""},"categories":[140],"tags":[],"class_list":["post-13152","post","type-post","status-publish","format-standard","has-post-thumbnail","hentry","category-noticias"],"yoast_head":"<!-- This site is optimized with the Yoast SEO plugin v26.9 - https:\/\/yoast.com\/product\/yoast-seo-wordpress\/ -->\n<title>Minist\u00e9rio da Sa\u00fade alerta para perigo de reintrodu\u00e7\u00e3o da p\u00f3lio - Federassantas<\/title>\n<meta name=\"robots\" content=\"index, follow, max-snippet:-1, max-image-preview:large, max-video-preview:-1\" \/>\n<link rel=\"canonical\" href=\"https:\/\/www.federassantas.org.br\/novosite\/ministerio-da-saude-alerta-para-perigo-de-reintroducao-da-polio\/\" \/>\n<meta property=\"og:locale\" content=\"pt_BR\" \/>\n<meta property=\"og:type\" content=\"article\" \/>\n<meta property=\"og:title\" content=\"Minist\u00e9rio da Sa\u00fade alerta para perigo de reintrodu\u00e7\u00e3o da p\u00f3lio - Federassantas\" \/>\n<meta property=\"og:description\" content=\"Alerta: 312 cidades t\u00eam baixa cobertura vacinal da p\u00f3lio As baixas coberturas vacinais, principalmente em crian\u00e7as menores de cinco anos, acenderam uma luz vermelha no pa\u00eds. Em reuni\u00e3o com representantes de estados e munic\u00edpios, o Minist\u00e9rio da Sa\u00fade alertou que 312 munic\u00edpios brasileiros est\u00e3o com cobertura vacinal abaixo de 50% para a poliomielite. Vale destacar [&hellip;]\" \/>\n<meta property=\"og:url\" content=\"https:\/\/www.federassantas.org.br\/novosite\/ministerio-da-saude-alerta-para-perigo-de-reintroducao-da-polio\/\" \/>\n<meta property=\"og:site_name\" content=\"Federassantas\" \/>\n<meta property=\"article:published_time\" content=\"2018-07-03T21:42:48+00:00\" \/>\n<meta name=\"author\" content=\"admin-federas\" \/>\n<meta name=\"twitter:card\" content=\"summary_large_image\" \/>\n<meta name=\"twitter:label1\" content=\"Escrito por\" \/>\n\t<meta name=\"twitter:data1\" content=\"admin-federas\" \/>\n\t<meta name=\"twitter:label2\" content=\"Est. tempo de leitura\" \/>\n\t<meta name=\"twitter:data2\" content=\"5 minutos\" \/>\n<script type=\"application\/ld+json\" class=\"yoast-schema-graph\">{\"@context\":\"https:\/\/schema.org\",\"@graph\":[{\"@type\":\"Article\",\"@id\":\"https:\/\/www.federassantas.org.br\/novosite\/ministerio-da-saude-alerta-para-perigo-de-reintroducao-da-polio\/#article\",\"isPartOf\":{\"@id\":\"https:\/\/www.federassantas.org.br\/novosite\/ministerio-da-saude-alerta-para-perigo-de-reintroducao-da-polio\/\"},\"author\":{\"name\":\"admin-federas\",\"@id\":\"https:\/\/www.federassantas.org.br\/novosite\/#\/schema\/person\/75fed98158349313fe56175f232f513c\"},\"headline\":\"Minist\u00e9rio da Sa\u00fade alerta para perigo de reintrodu\u00e7\u00e3o da p\u00f3lio\",\"datePublished\":\"2018-07-03T21:42:48+00:00\",\"mainEntityOfPage\":{\"@id\":\"https:\/\/www.federassantas.org.br\/novosite\/ministerio-da-saude-alerta-para-perigo-de-reintroducao-da-polio\/\"},\"wordCount\":1047,\"commentCount\":0,\"publisher\":{\"@id\":\"https:\/\/www.federassantas.org.br\/novosite\/#organization\"},\"image\":{\"@id\":\"https:\/\/www.federassantas.org.br\/novosite\/ministerio-da-saude-alerta-para-perigo-de-reintroducao-da-polio\/#primaryimage\"},\"thumbnailUrl\":\"\",\"articleSection\":[\"Not\u00edcias\"],\"inLanguage\":\"pt-BR\",\"potentialAction\":[{\"@type\":\"CommentAction\",\"name\":\"Comment\",\"target\":[\"https:\/\/www.federassantas.org.br\/novosite\/ministerio-da-saude-alerta-para-perigo-de-reintroducao-da-polio\/#respond\"]}]},{\"@type\":\"WebPage\",\"@id\":\"https:\/\/www.federassantas.org.br\/novosite\/ministerio-da-saude-alerta-para-perigo-de-reintroducao-da-polio\/\",\"url\":\"https:\/\/www.federassantas.org.br\/novosite\/ministerio-da-saude-alerta-para-perigo-de-reintroducao-da-polio\/\",\"name\":\"Minist\u00e9rio da Sa\u00fade alerta para perigo de reintrodu\u00e7\u00e3o da p\u00f3lio - Federassantas\",\"isPartOf\":{\"@id\":\"https:\/\/www.federassantas.org.br\/novosite\/#website\"},\"primaryImageOfPage\":{\"@id\":\"https:\/\/www.federassantas.org.br\/novosite\/ministerio-da-saude-alerta-para-perigo-de-reintroducao-da-polio\/#primaryimage\"},\"image\":{\"@id\":\"https:\/\/www.federassantas.org.br\/novosite\/ministerio-da-saude-alerta-para-perigo-de-reintroducao-da-polio\/#primaryimage\"},\"thumbnailUrl\":\"\",\"datePublished\":\"2018-07-03T21:42:48+00:00\",\"breadcrumb\":{\"@id\":\"https:\/\/www.federassantas.org.br\/novosite\/ministerio-da-saude-alerta-para-perigo-de-reintroducao-da-polio\/#breadcrumb\"},\"inLanguage\":\"pt-BR\",\"potentialAction\":[{\"@type\":\"ReadAction\",\"target\":[\"https:\/\/www.federassantas.org.br\/novosite\/ministerio-da-saude-alerta-para-perigo-de-reintroducao-da-polio\/\"]}]},{\"@type\":\"ImageObject\",\"inLanguage\":\"pt-BR\",\"@id\":\"https:\/\/www.federassantas.org.br\/novosite\/ministerio-da-saude-alerta-para-perigo-de-reintroducao-da-polio\/#primaryimage\",\"url\":\"\",\"contentUrl\":\"\"},{\"@type\":\"BreadcrumbList\",\"@id\":\"https:\/\/www.federassantas.org.br\/novosite\/ministerio-da-saude-alerta-para-perigo-de-reintroducao-da-polio\/#breadcrumb\",\"itemListElement\":[{\"@type\":\"ListItem\",\"position\":1,\"name\":\"In\u00edcio\",\"item\":\"https:\/\/www.federassantas.org.br\/novosite\/\"},{\"@type\":\"ListItem\",\"position\":2,\"name\":\"Minist\u00e9rio da Sa\u00fade alerta para perigo de reintrodu\u00e7\u00e3o da p\u00f3lio\"}]},{\"@type\":\"WebSite\",\"@id\":\"https:\/\/www.federassantas.org.br\/novosite\/#website\",\"url\":\"https:\/\/www.federassantas.org.br\/novosite\/\",\"name\":\"Federassantas\",\"description\":\"Entidade de representa\u00e7\u00e3o e fortalecimento das Santas Casas, hospitais filantr\u00f3picos e entidades beneficentes de sa\u00fade de Minas Gerais, atuando na defesa institucional, qualifica\u00e7\u00e3o da gest\u00e3o e sustentabilidade do setor.\",\"publisher\":{\"@id\":\"https:\/\/www.federassantas.org.br\/novosite\/#organization\"},\"potentialAction\":[{\"@type\":\"SearchAction\",\"target\":{\"@type\":\"EntryPoint\",\"urlTemplate\":\"https:\/\/www.federassantas.org.br\/novosite\/?s={search_term_string}\"},\"query-input\":{\"@type\":\"PropertyValueSpecification\",\"valueRequired\":true,\"valueName\":\"search_term_string\"}}],\"inLanguage\":\"pt-BR\"},{\"@type\":\"Organization\",\"@id\":\"https:\/\/www.federassantas.org.br\/novosite\/#organization\",\"name\":\"Federassantas\",\"url\":\"https:\/\/www.federassantas.org.br\/novosite\/\",\"logo\":{\"@type\":\"ImageObject\",\"inLanguage\":\"pt-BR\",\"@id\":\"https:\/\/www.federassantas.org.br\/novosite\/#\/schema\/logo\/image\/\",\"url\":\"https:\/\/www.federassantas.org.br\/novosite\/wp-content\/uploads\/2021\/12\/logo.png\",\"contentUrl\":\"https:\/\/www.federassantas.org.br\/novosite\/wp-content\/uploads\/2021\/12\/logo.png\",\"width\":243,\"height\":59,\"caption\":\"Federassantas\"},\"image\":{\"@id\":\"https:\/\/www.federassantas.org.br\/novosite\/#\/schema\/logo\/image\/\"}},{\"@type\":\"Person\",\"@id\":\"https:\/\/www.federassantas.org.br\/novosite\/#\/schema\/person\/75fed98158349313fe56175f232f513c\",\"name\":\"admin-federas\",\"image\":{\"@type\":\"ImageObject\",\"inLanguage\":\"pt-BR\",\"@id\":\"https:\/\/www.federassantas.org.br\/novosite\/#\/schema\/person\/image\/\",\"url\":\"https:\/\/secure.gravatar.com\/avatar\/2a02d7dda59fe8dc6b7ffd3f652e2efede5ccf0dd89dfdc8137c5517f3de8407?s=96&d=mm&r=g\",\"contentUrl\":\"https:\/\/secure.gravatar.com\/avatar\/2a02d7dda59fe8dc6b7ffd3f652e2efede5ccf0dd89dfdc8137c5517f3de8407?s=96&d=mm&r=g\",\"caption\":\"admin-federas\"},\"sameAs\":[\"https:\/\/www.federassantas.org.br\/novosite\/\"],\"url\":\"https:\/\/www.federassantas.org.br\/novosite\/author\/admin-federas\/\"}]}<\/script>\n<!-- \/ Yoast SEO plugin. -->","yoast_head_json":{"title":"Minist\u00e9rio da Sa\u00fade alerta para perigo de reintrodu\u00e7\u00e3o da p\u00f3lio - Federassantas","robots":{"index":"index","follow":"follow","max-snippet":"max-snippet:-1","max-image-preview":"max-image-preview:large","max-video-preview":"max-video-preview:-1"},"canonical":"https:\/\/www.federassantas.org.br\/novosite\/ministerio-da-saude-alerta-para-perigo-de-reintroducao-da-polio\/","og_locale":"pt_BR","og_type":"article","og_title":"Minist\u00e9rio da Sa\u00fade alerta para perigo de reintrodu\u00e7\u00e3o da p\u00f3lio - Federassantas","og_description":"Alerta: 312 cidades t\u00eam baixa cobertura vacinal da p\u00f3lio As baixas coberturas vacinais, principalmente em crian\u00e7as menores de cinco anos, acenderam uma luz vermelha no pa\u00eds. Em reuni\u00e3o com representantes de estados e munic\u00edpios, o Minist\u00e9rio da Sa\u00fade alertou que 312 munic\u00edpios brasileiros est\u00e3o com cobertura vacinal abaixo de 50% para a poliomielite. Vale destacar [&hellip;]","og_url":"https:\/\/www.federassantas.org.br\/novosite\/ministerio-da-saude-alerta-para-perigo-de-reintroducao-da-polio\/","og_site_name":"Federassantas","article_published_time":"2018-07-03T21:42:48+00:00","author":"admin-federas","twitter_card":"summary_large_image","twitter_misc":{"Escrito por":"admin-federas","Est. tempo de leitura":"5 minutos"},"schema":{"@context":"https:\/\/schema.org","@graph":[{"@type":"Article","@id":"https:\/\/www.federassantas.org.br\/novosite\/ministerio-da-saude-alerta-para-perigo-de-reintroducao-da-polio\/#article","isPartOf":{"@id":"https:\/\/www.federassantas.org.br\/novosite\/ministerio-da-saude-alerta-para-perigo-de-reintroducao-da-polio\/"},"author":{"name":"admin-federas","@id":"https:\/\/www.federassantas.org.br\/novosite\/#\/schema\/person\/75fed98158349313fe56175f232f513c"},"headline":"Minist\u00e9rio da Sa\u00fade alerta para perigo de reintrodu\u00e7\u00e3o da p\u00f3lio","datePublished":"2018-07-03T21:42:48+00:00","mainEntityOfPage":{"@id":"https:\/\/www.federassantas.org.br\/novosite\/ministerio-da-saude-alerta-para-perigo-de-reintroducao-da-polio\/"},"wordCount":1047,"commentCount":0,"publisher":{"@id":"https:\/\/www.federassantas.org.br\/novosite\/#organization"},"image":{"@id":"https:\/\/www.federassantas.org.br\/novosite\/ministerio-da-saude-alerta-para-perigo-de-reintroducao-da-polio\/#primaryimage"},"thumbnailUrl":"","articleSection":["Not\u00edcias"],"inLanguage":"pt-BR","potentialAction":[{"@type":"CommentAction","name":"Comment","target":["https:\/\/www.federassantas.org.br\/novosite\/ministerio-da-saude-alerta-para-perigo-de-reintroducao-da-polio\/#respond"]}]},{"@type":"WebPage","@id":"https:\/\/www.federassantas.org.br\/novosite\/ministerio-da-saude-alerta-para-perigo-de-reintroducao-da-polio\/","url":"https:\/\/www.federassantas.org.br\/novosite\/ministerio-da-saude-alerta-para-perigo-de-reintroducao-da-polio\/","name":"Minist\u00e9rio da Sa\u00fade alerta para perigo de reintrodu\u00e7\u00e3o da p\u00f3lio - Federassantas","isPartOf":{"@id":"https:\/\/www.federassantas.org.br\/novosite\/#website"},"primaryImageOfPage":{"@id":"https:\/\/www.federassantas.org.br\/novosite\/ministerio-da-saude-alerta-para-perigo-de-reintroducao-da-polio\/#primaryimage"},"image":{"@id":"https:\/\/www.federassantas.org.br\/novosite\/ministerio-da-saude-alerta-para-perigo-de-reintroducao-da-polio\/#primaryimage"},"thumbnailUrl":"","datePublished":"2018-07-03T21:42:48+00:00","breadcrumb":{"@id":"https:\/\/www.federassantas.org.br\/novosite\/ministerio-da-saude-alerta-para-perigo-de-reintroducao-da-polio\/#breadcrumb"},"inLanguage":"pt-BR","potentialAction":[{"@type":"ReadAction","target":["https:\/\/www.federassantas.org.br\/novosite\/ministerio-da-saude-alerta-para-perigo-de-reintroducao-da-polio\/"]}]},{"@type":"ImageObject","inLanguage":"pt-BR","@id":"https:\/\/www.federassantas.org.br\/novosite\/ministerio-da-saude-alerta-para-perigo-de-reintroducao-da-polio\/#primaryimage","url":"","contentUrl":""},{"@type":"BreadcrumbList","@id":"https:\/\/www.federassantas.org.br\/novosite\/ministerio-da-saude-alerta-para-perigo-de-reintroducao-da-polio\/#breadcrumb","itemListElement":[{"@type":"ListItem","position":1,"name":"In\u00edcio","item":"https:\/\/www.federassantas.org.br\/novosite\/"},{"@type":"ListItem","position":2,"name":"Minist\u00e9rio da Sa\u00fade alerta para perigo de reintrodu\u00e7\u00e3o da p\u00f3lio"}]},{"@type":"WebSite","@id":"https:\/\/www.federassantas.org.br\/novosite\/#website","url":"https:\/\/www.federassantas.org.br\/novosite\/","name":"Federassantas","description":"Entidade de representa\u00e7\u00e3o e fortalecimento das Santas Casas, hospitais filantr\u00f3picos e entidades beneficentes de sa\u00fade de Minas Gerais, atuando na defesa institucional, qualifica\u00e7\u00e3o da gest\u00e3o e sustentabilidade do setor.","publisher":{"@id":"https:\/\/www.federassantas.org.br\/novosite\/#organization"},"potentialAction":[{"@type":"SearchAction","target":{"@type":"EntryPoint","urlTemplate":"https:\/\/www.federassantas.org.br\/novosite\/?s={search_term_string}"},"query-input":{"@type":"PropertyValueSpecification","valueRequired":true,"valueName":"search_term_string"}}],"inLanguage":"pt-BR"},{"@type":"Organization","@id":"https:\/\/www.federassantas.org.br\/novosite\/#organization","name":"Federassantas","url":"https:\/\/www.federassantas.org.br\/novosite\/","logo":{"@type":"ImageObject","inLanguage":"pt-BR","@id":"https:\/\/www.federassantas.org.br\/novosite\/#\/schema\/logo\/image\/","url":"https:\/\/www.federassantas.org.br\/novosite\/wp-content\/uploads\/2021\/12\/logo.png","contentUrl":"https:\/\/www.federassantas.org.br\/novosite\/wp-content\/uploads\/2021\/12\/logo.png","width":243,"height":59,"caption":"Federassantas"},"image":{"@id":"https:\/\/www.federassantas.org.br\/novosite\/#\/schema\/logo\/image\/"}},{"@type":"Person","@id":"https:\/\/www.federassantas.org.br\/novosite\/#\/schema\/person\/75fed98158349313fe56175f232f513c","name":"admin-federas","image":{"@type":"ImageObject","inLanguage":"pt-BR","@id":"https:\/\/www.federassantas.org.br\/novosite\/#\/schema\/person\/image\/","url":"https:\/\/secure.gravatar.com\/avatar\/2a02d7dda59fe8dc6b7ffd3f652e2efede5ccf0dd89dfdc8137c5517f3de8407?s=96&d=mm&r=g","contentUrl":"https:\/\/secure.gravatar.com\/avatar\/2a02d7dda59fe8dc6b7ffd3f652e2efede5ccf0dd89dfdc8137c5517f3de8407?s=96&d=mm&r=g","caption":"admin-federas"},"sameAs":["https:\/\/www.federassantas.org.br\/novosite\/"],"url":"https:\/\/www.federassantas.org.br\/novosite\/author\/admin-federas\/"}]}},"_links":{"self":[{"href":"https:\/\/www.federassantas.org.br\/novosite\/wp-json\/wp\/v2\/posts\/13152","targetHints":{"allow":["GET"]}}],"collection":[{"href":"https:\/\/www.federassantas.org.br\/novosite\/wp-json\/wp\/v2\/posts"}],"about":[{"href":"https:\/\/www.federassantas.org.br\/novosite\/wp-json\/wp\/v2\/types\/post"}],"author":[{"embeddable":true,"href":"https:\/\/www.federassantas.org.br\/novosite\/wp-json\/wp\/v2\/users\/1"}],"replies":[{"embeddable":true,"href":"https:\/\/www.federassantas.org.br\/novosite\/wp-json\/wp\/v2\/comments?post=13152"}],"version-history":[{"count":0,"href":"https:\/\/www.federassantas.org.br\/novosite\/wp-json\/wp\/v2\/posts\/13152\/revisions"}],"wp:attachment":[{"href":"https:\/\/www.federassantas.org.br\/novosite\/wp-json\/wp\/v2\/media?parent=13152"}],"wp:term":[{"taxonomy":"category","embeddable":true,"href":"https:\/\/www.federassantas.org.br\/novosite\/wp-json\/wp\/v2\/categories?post=13152"},{"taxonomy":"post_tag","embeddable":true,"href":"https:\/\/www.federassantas.org.br\/novosite\/wp-json\/wp\/v2\/tags?post=13152"}],"curies":[{"name":"wp","href":"https:\/\/api.w.org\/{rel}","templated":true}]}}