{"id":13153,"date":"2018-07-03T18:44:45","date_gmt":"2018-07-03T21:44:45","guid":{"rendered":"https:\/\/federasbackup.meltcomunicacao.com.br\/?p=13153"},"modified":"2018-07-03T18:44:45","modified_gmt":"2018-07-03T21:44:45","slug":"fsfx-comemora-seis-meses-de-reabertura-do-hospital-de-cubatao","status":"publish","type":"post","link":"https:\/\/www.federassantas.org.br\/novosite\/fsfx-comemora-seis-meses-de-reabertura-do-hospital-de-cubatao\/","title":{"rendered":"FSFX comemora seis meses de reabertura do Hospital de Cubat\u00e3o"},"content":{"rendered":"<p style=\"font-weight: 400; text-align: justify;\">O Hospital de Cubat\u00e3o (HC) est\u00e1 sob a gest\u00e3o da Funda\u00e7\u00e3o S\u00e3o Francisco Xavier (FSFX) desde dezembro do ano passado. Em parceria com a Prefeitura Municipal, a FSFX trabalha para consolidar as a\u00e7\u00f5es de assist\u00eancia \u00e0 sa\u00fade, com precis\u00e3o, aporte tecnol\u00f3gico e humaniza\u00e7\u00e3o.<\/p>\n<p style=\"font-weight: 400; text-align: justify;\">Com 75 leitos destinados ao Sistema \u00danico de Sa\u00fade (SUS) e 50 leitos para conv\u00eanios, o HC conta com 27 especialidades m\u00e9dicas. O hospital atua nas \u00e1reas de interna\u00e7\u00e3o, Unidade de Terapia Intensiva (UTI), cirurgia geral e ortop\u00e9dica, procedimentos de m\u00e9dia complexidade, urg\u00eancia e emerg\u00eancia em obstetr\u00edcia, maternidade e apoio ao diagn\u00f3stico. Al\u00e9m de uma s\u00e9rie de outros atendimentos ambulatoriais e cir\u00fargicos. Para isso, a unidade conta com mais de 490 colaboradores e equipes m\u00e9dicas multidisciplinares e administrativas, capacitadas e prontas para atender aos clientes.<\/p>\n<p style=\"font-weight: 400; text-align: justify;\">De acordo com o superintendente do Hospital de Cubat\u00e3o, Abner Moreira de Ara\u00fajo Junior, s\u00e3o muitos motivos para comemorar ao longo desses seis meses, como as tr\u00eas\u00a0capta\u00e7\u00f5es de \u00f3rg\u00e3os\u00a0realizadas no hospital que possibilitaram salvar novas vidas. Com atendimento voltado aos clientes da Usisa\u00fade, conv\u00eanios e do SUS, o hospital mant\u00e9m a disposi\u00e7\u00e3o de suas equipes todos os requisitos necess\u00e1rios para cumprir o protocolo do diagn\u00f3stico de morte encef\u00e1lica, contribuindo assim com a capta\u00e7\u00e3o de \u00f3rg\u00e3os e trazendo esperan\u00e7a para aqueles que sofrem nas longas filas de espera.<\/p>\n<p style=\"font-weight: 400; text-align: justify;\">Al\u00e9m disso, a equipe m\u00e9dica e multidisciplinar do HC realiza o processo de acolhimento familiar e humaniza\u00e7\u00e3o do processo de doa\u00e7\u00e3o de \u00f3rg\u00e3os. \u201cQuando o paciente entra no hospital, n\u00e3o medimos esfor\u00e7os para o tratamento e recupera\u00e7\u00e3o. Mas quando a morte encef\u00e1lica \u00e9 declarada, nossa equipe acolhe a fam\u00edlia de forma que a manifesta\u00e7\u00e3o de solidariedade da doa\u00e7\u00e3o de \u00f3rg\u00e3os seja tranquila, entendendo que podem salvar outras vidas\u201d, afirma o superintendente do HC.<\/p>\n<p style=\"font-weight: 400; text-align: justify;\">O encaminhamento de um paciente para\u00a0transplante de f\u00edgado\u00a0no Albert Einstein foi\u00a0outro importante fato que destaca a\u00a0linha de cuidados do Hospital de Cubat\u00e3o. Esse caso de sucesso ocorreu em tempo recorde e s\u00f3 foi poss\u00edvel em fun\u00e7\u00e3o da qualifica\u00e7\u00e3o do corpo cl\u00ednico t\u00e9cnico, capaz de identificar casos de alta complexidade assistencial e a articula\u00e7\u00e3o do HC com a rede SUS.<\/p>\n<p style=\"font-weight: 400; text-align: justify;\">Al\u00e9m da assist\u00eancia de qualidade, outro fator importante para a regi\u00e3o foi o acesso dos mutu\u00e1rios da Caixa de Previd\u00eancia dos Servidores Municipais, firmado por meio de conv\u00eanio, beneficiando os mais de nove mil usu\u00e1rios que passaram a ter atendimento m\u00e9dico hospitalar na unidade. A iniciativa facilitou o cuidado da sa\u00fade desse p\u00fablico que, antes tinha que se deslocar para as demais cidades da Baixada Santista. Benefici\u00e1rios de outros conv\u00eanios como a CB Sa\u00fade tamb\u00e9m contam com o atendimento no Hospital de Cubat\u00e3o e h\u00e1 perspectivas de em breve o HC firmar novos conv\u00eanios.<\/p>\n<p style=\"font-weight: 400; text-align: justify;\">A manuten\u00e7\u00e3o do\u00a0Certificado \u201cHospital Amigo da Crian\u00e7a\u201d,um<strong>\u00a0<\/strong>selo de qualidade conferido pelo Minist\u00e9rio da Sa\u00fade aos hospitais que cumprem os 10 passos para o sucesso do aleitamento materno e respeita crit\u00e9rios, como o cuidado respeitoso e humanizado \u00e0 mulher durante o pr\u00e9-parto, parto e o p\u00f3s-parto<strong>,\u00a0<\/strong>tamb\u00e9m tem sido destaque desde a reabertura do hospital.<\/p>\n<p style=\"font-weight: 400; text-align: justify;\">Com o objetivo de capacitar os profissionais da maternidade, centro obst\u00e9trico e UTI neonatal, foram realizados cursos de capacita\u00e7\u00e3o para equipes por meio desta iniciativa. \u201cParabenizo a equipe do Hospital de Cubat\u00e3o pela manuten\u00e7\u00e3o do certificado Hospital Amigo da Crian\u00e7a. Fazer isso para a comunidade \u00e9 extremamente importante: \u00e9 uma coisa do bem\u201d, afirma Keiko Miysaki Teruya, m\u00e9dico, presidente da Rede de Amamenta\u00e7\u00e3o da Costa da Mata Atl\u00e2ntica; membro da Sociedade Brasileira e Paulista de Pediatria e do Minist\u00e9rio da Sa\u00fade.<\/p>\n<p style=\"font-weight: 400; text-align: justify;\">Vale ressaltar ainda que o Hospital de Cubat\u00e3o tem mantido o constante\u00a0aperfei\u00e7oamento de sua infraestrutura e tecnologia,\u00a0al\u00e9m de investimento em capital intelectual para\u00a0a capacita\u00e7\u00e3o adequada das equipes.\u00a0J\u00e1 foram realizados uma m\u00e9dia de 20 treinamentos, totalizando 600 participa\u00e7\u00f5es em capacita\u00e7\u00f5es como\u00a0Bundles diversos; Boas Pr\u00e1ticas de Medica\u00e7\u00e3o; Registro em Prontu\u00e1rio; Ferramentas do Tasy entre outros temas\u00a0\u00a0da educa\u00e7\u00e3o permanente, al\u00e9m de treinamentos t\u00e9cnicos voltados para a utiliza\u00e7\u00e3o de equipamentos como aparelhos de cirurgia por v\u00eddeo, utiliza\u00e7\u00e3o da bomba injetora de contraste para o Tom\u00f3grafo e para\u00a0<em>Aplicattion\u00a0<\/em>da Angiotomografia.<\/p>\n<p style=\"font-weight: 400; text-align: justify;\"><strong>\u00a0<\/strong><strong>Alguns n\u00fameros<\/strong><\/p>\n<p style=\"font-weight: 400; text-align: justify;\">Nesses seis meses foram realizados\u00a0<strong>165.341<\/strong>\u00a0<strong>exames de apoio ao Diagn\u00f3stico<\/strong>, contemplando exames de imagem e laboratoriais, mais de\u00a0<strong>375 procedimentos cir\u00fargicos<\/strong>\u00a0e\u00a0<strong>1.789 atendimentos ambulatoriais<\/strong>.\u00a0Foram mais de\u00a0<strong>2.500 atendimentos obst\u00e9tricos<\/strong>, com mais de\u00a0<strong>519 partos<\/strong>\u00a0realizados, 51% deles normais.\u00a0Al\u00e9m dos bons resultados na assist\u00eancia, a Funda\u00e7\u00e3o S\u00e3o Francisco Xavier promoveu melhorias estruturais, fez investimentos na unidade hospitalar e realizou manuten\u00e7\u00e3o em equipamentos.<\/p>\n<p style=\"font-weight: 400; text-align: justify;\"><strong>Novos projetos<\/strong><\/p>\n<p style=\"font-weight: 400; text-align: justify;\">Em maio, a FSFX iniciou a reforma do anexo hospitalar do HC, que contemplar\u00e1 os servi\u00e7os de oncologia, hemodi\u00e1lise e c\u00e2mara hiperb\u00e1rica. A primeira etapa da obra de 585 m\u00b2 tem previs\u00e3o de entrega em agosto &#8211; servi\u00e7o de oncologia (consult\u00f3rio, recep\u00e7\u00e3o, \u00e1reas de apoio e leitos de quimioterapia). Em seguida, as demais \u00e1reas ser\u00e3o reformadas, com previs\u00e3o at\u00e9 o final deste ano.<\/p>\n<table style=\"font-weight: 400;\">\n<tbody>\n<tr>\n<td colspan=\"2\" width=\"387\"><strong><em>N\u00fameros de atendimentos (acumulado at\u00e9 maio\/18)<\/em><\/strong><\/td>\n<\/tr>\n<tr>\n<td width=\"265\">Partos normais<\/td>\n<td width=\"123\">267<\/td>\n<\/tr>\n<tr>\n<td width=\"265\">Partos Ces\u00e1reos<\/td>\n<td width=\"123\">252<\/td>\n<\/tr>\n<tr>\n<td width=\"265\">Interna\u00e7\u00f5es<\/td>\n<td width=\"123\">1.913<\/td>\n<\/tr>\n<tr>\n<td width=\"265\">Cirurgias<\/td>\n<td width=\"123\">375<\/td>\n<\/tr>\n<tr>\n<td width=\"265\">Atendimentos obst\u00e9tricos<\/td>\n<td width=\"123\">2.563<\/td>\n<\/tr>\n<tr>\n<td width=\"265\">Exames Diagn\u00f3sticos<\/td>\n<td width=\"123\">16.908<\/td>\n<\/tr>\n<tr>\n<td width=\"265\">Exames Laboratoriais<\/td>\n<td width=\"123\">148.433<\/td>\n<\/tr>\n<tr>\n<td width=\"265\">Taxa de Ocupa\u00e7\u00e3o SUS<\/td>\n<td width=\"123\">70,47%<\/td>\n<\/tr>\n<tr>\n<td width=\"265\">Taxa de Mortalidade<\/td>\n<td width=\"123\">5,5%<\/td>\n<\/tr>\n<tr>\n<td width=\"265\">M\u00e9dia de perman\u00eancia (dias)<\/td>\n<td width=\"123\">5,40<\/td>\n<\/tr>\n<\/tbody>\n<\/table>\n<p style=\"font-weight: 400; text-align: justify;\">\n<p style=\"font-weight: 400; text-align: justify;\"><em>\u00a0Fonte:\u00a0Assessoria de Comunica\u00e7\u00e3o\u00a0Funda\u00e7\u00e3o S\u00e3o Francisco Xavier<\/em><\/p>\n","protected":false},"excerpt":{"rendered":"<p>O Hospital de Cubat\u00e3o (HC) est\u00e1 sob a gest\u00e3o da Funda\u00e7\u00e3o S\u00e3o Francisco Xavier (FSFX) desde dezembro do ano passado. Em parceria com a Prefeitura Municipal, a FSFX trabalha para consolidar as a\u00e7\u00f5es de assist\u00eancia \u00e0 sa\u00fade, com precis\u00e3o, aporte tecnol\u00f3gico e humaniza\u00e7\u00e3o. Com 75 leitos destinados ao Sistema \u00danico de Sa\u00fade (SUS) e 50 [&hellip;]<\/p>\n","protected":false},"author":1,"featured_media":13156,"comment_status":"open","ping_status":"open","sticky":false,"template":"","format":"standard","meta":{"footnotes":""},"categories":[140],"tags":[],"class_list":["post-13153","post","type-post","status-publish","format-standard","has-post-thumbnail","hentry","category-noticias"],"yoast_head":"<!-- This site is optimized with the Yoast SEO plugin v26.9 - https:\/\/yoast.com\/product\/yoast-seo-wordpress\/ -->\n<title>FSFX comemora seis meses de reabertura do Hospital de Cubat\u00e3o - Federassantas<\/title>\n<meta name=\"robots\" content=\"index, follow, max-snippet:-1, max-image-preview:large, max-video-preview:-1\" \/>\n<link rel=\"canonical\" href=\"https:\/\/www.federassantas.org.br\/novosite\/fsfx-comemora-seis-meses-de-reabertura-do-hospital-de-cubatao\/\" \/>\n<meta property=\"og:locale\" content=\"pt_BR\" \/>\n<meta property=\"og:type\" content=\"article\" \/>\n<meta property=\"og:title\" content=\"FSFX comemora seis meses de reabertura do Hospital de Cubat\u00e3o - Federassantas\" \/>\n<meta property=\"og:description\" content=\"O Hospital de Cubat\u00e3o (HC) est\u00e1 sob a gest\u00e3o da Funda\u00e7\u00e3o S\u00e3o Francisco Xavier (FSFX) desde dezembro do ano passado. Em parceria com a Prefeitura Municipal, a FSFX trabalha para consolidar as a\u00e7\u00f5es de assist\u00eancia \u00e0 sa\u00fade, com precis\u00e3o, aporte tecnol\u00f3gico e humaniza\u00e7\u00e3o. Com 75 leitos destinados ao Sistema \u00danico de Sa\u00fade (SUS) e 50 [&hellip;]\" \/>\n<meta property=\"og:url\" content=\"https:\/\/www.federassantas.org.br\/novosite\/fsfx-comemora-seis-meses-de-reabertura-do-hospital-de-cubatao\/\" \/>\n<meta property=\"og:site_name\" content=\"Federassantas\" \/>\n<meta property=\"article:published_time\" content=\"2018-07-03T21:44:45+00:00\" \/>\n<meta name=\"author\" content=\"admin-federas\" \/>\n<meta name=\"twitter:card\" content=\"summary_large_image\" \/>\n<meta name=\"twitter:label1\" content=\"Escrito por\" \/>\n\t<meta name=\"twitter:data1\" content=\"admin-federas\" \/>\n\t<meta name=\"twitter:label2\" content=\"Est. tempo de leitura\" \/>\n\t<meta name=\"twitter:data2\" content=\"5 minutos\" \/>\n<script type=\"application\/ld+json\" class=\"yoast-schema-graph\">{\"@context\":\"https:\/\/schema.org\",\"@graph\":[{\"@type\":\"Article\",\"@id\":\"https:\/\/www.federassantas.org.br\/novosite\/fsfx-comemora-seis-meses-de-reabertura-do-hospital-de-cubatao\/#article\",\"isPartOf\":{\"@id\":\"https:\/\/www.federassantas.org.br\/novosite\/fsfx-comemora-seis-meses-de-reabertura-do-hospital-de-cubatao\/\"},\"author\":{\"name\":\"admin-federas\",\"@id\":\"https:\/\/www.federassantas.org.br\/novosite\/#\/schema\/person\/75fed98158349313fe56175f232f513c\"},\"headline\":\"FSFX comemora seis meses de reabertura do Hospital de Cubat\u00e3o\",\"datePublished\":\"2018-07-03T21:44:45+00:00\",\"mainEntityOfPage\":{\"@id\":\"https:\/\/www.federassantas.org.br\/novosite\/fsfx-comemora-seis-meses-de-reabertura-do-hospital-de-cubatao\/\"},\"wordCount\":980,\"commentCount\":0,\"publisher\":{\"@id\":\"https:\/\/www.federassantas.org.br\/novosite\/#organization\"},\"image\":{\"@id\":\"https:\/\/www.federassantas.org.br\/novosite\/fsfx-comemora-seis-meses-de-reabertura-do-hospital-de-cubatao\/#primaryimage\"},\"thumbnailUrl\":\"\",\"articleSection\":[\"Not\u00edcias\"],\"inLanguage\":\"pt-BR\",\"potentialAction\":[{\"@type\":\"CommentAction\",\"name\":\"Comment\",\"target\":[\"https:\/\/www.federassantas.org.br\/novosite\/fsfx-comemora-seis-meses-de-reabertura-do-hospital-de-cubatao\/#respond\"]}]},{\"@type\":\"WebPage\",\"@id\":\"https:\/\/www.federassantas.org.br\/novosite\/fsfx-comemora-seis-meses-de-reabertura-do-hospital-de-cubatao\/\",\"url\":\"https:\/\/www.federassantas.org.br\/novosite\/fsfx-comemora-seis-meses-de-reabertura-do-hospital-de-cubatao\/\",\"name\":\"FSFX comemora seis meses de reabertura do Hospital de Cubat\u00e3o - Federassantas\",\"isPartOf\":{\"@id\":\"https:\/\/www.federassantas.org.br\/novosite\/#website\"},\"primaryImageOfPage\":{\"@id\":\"https:\/\/www.federassantas.org.br\/novosite\/fsfx-comemora-seis-meses-de-reabertura-do-hospital-de-cubatao\/#primaryimage\"},\"image\":{\"@id\":\"https:\/\/www.federassantas.org.br\/novosite\/fsfx-comemora-seis-meses-de-reabertura-do-hospital-de-cubatao\/#primaryimage\"},\"thumbnailUrl\":\"\",\"datePublished\":\"2018-07-03T21:44:45+00:00\",\"breadcrumb\":{\"@id\":\"https:\/\/www.federassantas.org.br\/novosite\/fsfx-comemora-seis-meses-de-reabertura-do-hospital-de-cubatao\/#breadcrumb\"},\"inLanguage\":\"pt-BR\",\"potentialAction\":[{\"@type\":\"ReadAction\",\"target\":[\"https:\/\/www.federassantas.org.br\/novosite\/fsfx-comemora-seis-meses-de-reabertura-do-hospital-de-cubatao\/\"]}]},{\"@type\":\"ImageObject\",\"inLanguage\":\"pt-BR\",\"@id\":\"https:\/\/www.federassantas.org.br\/novosite\/fsfx-comemora-seis-meses-de-reabertura-do-hospital-de-cubatao\/#primaryimage\",\"url\":\"\",\"contentUrl\":\"\"},{\"@type\":\"BreadcrumbList\",\"@id\":\"https:\/\/www.federassantas.org.br\/novosite\/fsfx-comemora-seis-meses-de-reabertura-do-hospital-de-cubatao\/#breadcrumb\",\"itemListElement\":[{\"@type\":\"ListItem\",\"position\":1,\"name\":\"In\u00edcio\",\"item\":\"https:\/\/www.federassantas.org.br\/novosite\/\"},{\"@type\":\"ListItem\",\"position\":2,\"name\":\"FSFX comemora seis meses de reabertura do Hospital de Cubat\u00e3o\"}]},{\"@type\":\"WebSite\",\"@id\":\"https:\/\/www.federassantas.org.br\/novosite\/#website\",\"url\":\"https:\/\/www.federassantas.org.br\/novosite\/\",\"name\":\"Federassantas\",\"description\":\"Entidade de representa\u00e7\u00e3o e fortalecimento das Santas Casas, hospitais filantr\u00f3picos e entidades beneficentes de sa\u00fade de Minas Gerais, atuando na defesa institucional, qualifica\u00e7\u00e3o da gest\u00e3o e sustentabilidade do setor.\",\"publisher\":{\"@id\":\"https:\/\/www.federassantas.org.br\/novosite\/#organization\"},\"potentialAction\":[{\"@type\":\"SearchAction\",\"target\":{\"@type\":\"EntryPoint\",\"urlTemplate\":\"https:\/\/www.federassantas.org.br\/novosite\/?s={search_term_string}\"},\"query-input\":{\"@type\":\"PropertyValueSpecification\",\"valueRequired\":true,\"valueName\":\"search_term_string\"}}],\"inLanguage\":\"pt-BR\"},{\"@type\":\"Organization\",\"@id\":\"https:\/\/www.federassantas.org.br\/novosite\/#organization\",\"name\":\"Federassantas\",\"url\":\"https:\/\/www.federassantas.org.br\/novosite\/\",\"logo\":{\"@type\":\"ImageObject\",\"inLanguage\":\"pt-BR\",\"@id\":\"https:\/\/www.federassantas.org.br\/novosite\/#\/schema\/logo\/image\/\",\"url\":\"https:\/\/www.federassantas.org.br\/novosite\/wp-content\/uploads\/2021\/12\/logo.png\",\"contentUrl\":\"https:\/\/www.federassantas.org.br\/novosite\/wp-content\/uploads\/2021\/12\/logo.png\",\"width\":243,\"height\":59,\"caption\":\"Federassantas\"},\"image\":{\"@id\":\"https:\/\/www.federassantas.org.br\/novosite\/#\/schema\/logo\/image\/\"}},{\"@type\":\"Person\",\"@id\":\"https:\/\/www.federassantas.org.br\/novosite\/#\/schema\/person\/75fed98158349313fe56175f232f513c\",\"name\":\"admin-federas\",\"image\":{\"@type\":\"ImageObject\",\"inLanguage\":\"pt-BR\",\"@id\":\"https:\/\/www.federassantas.org.br\/novosite\/#\/schema\/person\/image\/\",\"url\":\"https:\/\/secure.gravatar.com\/avatar\/2a02d7dda59fe8dc6b7ffd3f652e2efede5ccf0dd89dfdc8137c5517f3de8407?s=96&d=mm&r=g\",\"contentUrl\":\"https:\/\/secure.gravatar.com\/avatar\/2a02d7dda59fe8dc6b7ffd3f652e2efede5ccf0dd89dfdc8137c5517f3de8407?s=96&d=mm&r=g\",\"caption\":\"admin-federas\"},\"sameAs\":[\"https:\/\/www.federassantas.org.br\/novosite\/\"],\"url\":\"https:\/\/www.federassantas.org.br\/novosite\/author\/admin-federas\/\"}]}<\/script>\n<!-- \/ Yoast SEO plugin. -->","yoast_head_json":{"title":"FSFX comemora seis meses de reabertura do Hospital de Cubat\u00e3o - Federassantas","robots":{"index":"index","follow":"follow","max-snippet":"max-snippet:-1","max-image-preview":"max-image-preview:large","max-video-preview":"max-video-preview:-1"},"canonical":"https:\/\/www.federassantas.org.br\/novosite\/fsfx-comemora-seis-meses-de-reabertura-do-hospital-de-cubatao\/","og_locale":"pt_BR","og_type":"article","og_title":"FSFX comemora seis meses de reabertura do Hospital de Cubat\u00e3o - Federassantas","og_description":"O Hospital de Cubat\u00e3o (HC) est\u00e1 sob a gest\u00e3o da Funda\u00e7\u00e3o S\u00e3o Francisco Xavier (FSFX) desde dezembro do ano passado. Em parceria com a Prefeitura Municipal, a FSFX trabalha para consolidar as a\u00e7\u00f5es de assist\u00eancia \u00e0 sa\u00fade, com precis\u00e3o, aporte tecnol\u00f3gico e humaniza\u00e7\u00e3o. Com 75 leitos destinados ao Sistema \u00danico de Sa\u00fade (SUS) e 50 [&hellip;]","og_url":"https:\/\/www.federassantas.org.br\/novosite\/fsfx-comemora-seis-meses-de-reabertura-do-hospital-de-cubatao\/","og_site_name":"Federassantas","article_published_time":"2018-07-03T21:44:45+00:00","author":"admin-federas","twitter_card":"summary_large_image","twitter_misc":{"Escrito por":"admin-federas","Est. tempo de leitura":"5 minutos"},"schema":{"@context":"https:\/\/schema.org","@graph":[{"@type":"Article","@id":"https:\/\/www.federassantas.org.br\/novosite\/fsfx-comemora-seis-meses-de-reabertura-do-hospital-de-cubatao\/#article","isPartOf":{"@id":"https:\/\/www.federassantas.org.br\/novosite\/fsfx-comemora-seis-meses-de-reabertura-do-hospital-de-cubatao\/"},"author":{"name":"admin-federas","@id":"https:\/\/www.federassantas.org.br\/novosite\/#\/schema\/person\/75fed98158349313fe56175f232f513c"},"headline":"FSFX comemora seis meses de reabertura do Hospital de Cubat\u00e3o","datePublished":"2018-07-03T21:44:45+00:00","mainEntityOfPage":{"@id":"https:\/\/www.federassantas.org.br\/novosite\/fsfx-comemora-seis-meses-de-reabertura-do-hospital-de-cubatao\/"},"wordCount":980,"commentCount":0,"publisher":{"@id":"https:\/\/www.federassantas.org.br\/novosite\/#organization"},"image":{"@id":"https:\/\/www.federassantas.org.br\/novosite\/fsfx-comemora-seis-meses-de-reabertura-do-hospital-de-cubatao\/#primaryimage"},"thumbnailUrl":"","articleSection":["Not\u00edcias"],"inLanguage":"pt-BR","potentialAction":[{"@type":"CommentAction","name":"Comment","target":["https:\/\/www.federassantas.org.br\/novosite\/fsfx-comemora-seis-meses-de-reabertura-do-hospital-de-cubatao\/#respond"]}]},{"@type":"WebPage","@id":"https:\/\/www.federassantas.org.br\/novosite\/fsfx-comemora-seis-meses-de-reabertura-do-hospital-de-cubatao\/","url":"https:\/\/www.federassantas.org.br\/novosite\/fsfx-comemora-seis-meses-de-reabertura-do-hospital-de-cubatao\/","name":"FSFX comemora seis meses de reabertura do Hospital de Cubat\u00e3o - Federassantas","isPartOf":{"@id":"https:\/\/www.federassantas.org.br\/novosite\/#website"},"primaryImageOfPage":{"@id":"https:\/\/www.federassantas.org.br\/novosite\/fsfx-comemora-seis-meses-de-reabertura-do-hospital-de-cubatao\/#primaryimage"},"image":{"@id":"https:\/\/www.federassantas.org.br\/novosite\/fsfx-comemora-seis-meses-de-reabertura-do-hospital-de-cubatao\/#primaryimage"},"thumbnailUrl":"","datePublished":"2018-07-03T21:44:45+00:00","breadcrumb":{"@id":"https:\/\/www.federassantas.org.br\/novosite\/fsfx-comemora-seis-meses-de-reabertura-do-hospital-de-cubatao\/#breadcrumb"},"inLanguage":"pt-BR","potentialAction":[{"@type":"ReadAction","target":["https:\/\/www.federassantas.org.br\/novosite\/fsfx-comemora-seis-meses-de-reabertura-do-hospital-de-cubatao\/"]}]},{"@type":"ImageObject","inLanguage":"pt-BR","@id":"https:\/\/www.federassantas.org.br\/novosite\/fsfx-comemora-seis-meses-de-reabertura-do-hospital-de-cubatao\/#primaryimage","url":"","contentUrl":""},{"@type":"BreadcrumbList","@id":"https:\/\/www.federassantas.org.br\/novosite\/fsfx-comemora-seis-meses-de-reabertura-do-hospital-de-cubatao\/#breadcrumb","itemListElement":[{"@type":"ListItem","position":1,"name":"In\u00edcio","item":"https:\/\/www.federassantas.org.br\/novosite\/"},{"@type":"ListItem","position":2,"name":"FSFX comemora seis meses de reabertura do Hospital de Cubat\u00e3o"}]},{"@type":"WebSite","@id":"https:\/\/www.federassantas.org.br\/novosite\/#website","url":"https:\/\/www.federassantas.org.br\/novosite\/","name":"Federassantas","description":"Entidade de representa\u00e7\u00e3o e fortalecimento das Santas Casas, hospitais filantr\u00f3picos e entidades beneficentes de sa\u00fade de Minas Gerais, atuando na defesa institucional, qualifica\u00e7\u00e3o da gest\u00e3o e sustentabilidade do setor.","publisher":{"@id":"https:\/\/www.federassantas.org.br\/novosite\/#organization"},"potentialAction":[{"@type":"SearchAction","target":{"@type":"EntryPoint","urlTemplate":"https:\/\/www.federassantas.org.br\/novosite\/?s={search_term_string}"},"query-input":{"@type":"PropertyValueSpecification","valueRequired":true,"valueName":"search_term_string"}}],"inLanguage":"pt-BR"},{"@type":"Organization","@id":"https:\/\/www.federassantas.org.br\/novosite\/#organization","name":"Federassantas","url":"https:\/\/www.federassantas.org.br\/novosite\/","logo":{"@type":"ImageObject","inLanguage":"pt-BR","@id":"https:\/\/www.federassantas.org.br\/novosite\/#\/schema\/logo\/image\/","url":"https:\/\/www.federassantas.org.br\/novosite\/wp-content\/uploads\/2021\/12\/logo.png","contentUrl":"https:\/\/www.federassantas.org.br\/novosite\/wp-content\/uploads\/2021\/12\/logo.png","width":243,"height":59,"caption":"Federassantas"},"image":{"@id":"https:\/\/www.federassantas.org.br\/novosite\/#\/schema\/logo\/image\/"}},{"@type":"Person","@id":"https:\/\/www.federassantas.org.br\/novosite\/#\/schema\/person\/75fed98158349313fe56175f232f513c","name":"admin-federas","image":{"@type":"ImageObject","inLanguage":"pt-BR","@id":"https:\/\/www.federassantas.org.br\/novosite\/#\/schema\/person\/image\/","url":"https:\/\/secure.gravatar.com\/avatar\/2a02d7dda59fe8dc6b7ffd3f652e2efede5ccf0dd89dfdc8137c5517f3de8407?s=96&d=mm&r=g","contentUrl":"https:\/\/secure.gravatar.com\/avatar\/2a02d7dda59fe8dc6b7ffd3f652e2efede5ccf0dd89dfdc8137c5517f3de8407?s=96&d=mm&r=g","caption":"admin-federas"},"sameAs":["https:\/\/www.federassantas.org.br\/novosite\/"],"url":"https:\/\/www.federassantas.org.br\/novosite\/author\/admin-federas\/"}]}},"_links":{"self":[{"href":"https:\/\/www.federassantas.org.br\/novosite\/wp-json\/wp\/v2\/posts\/13153","targetHints":{"allow":["GET"]}}],"collection":[{"href":"https:\/\/www.federassantas.org.br\/novosite\/wp-json\/wp\/v2\/posts"}],"about":[{"href":"https:\/\/www.federassantas.org.br\/novosite\/wp-json\/wp\/v2\/types\/post"}],"author":[{"embeddable":true,"href":"https:\/\/www.federassantas.org.br\/novosite\/wp-json\/wp\/v2\/users\/1"}],"replies":[{"embeddable":true,"href":"https:\/\/www.federassantas.org.br\/novosite\/wp-json\/wp\/v2\/comments?post=13153"}],"version-history":[{"count":0,"href":"https:\/\/www.federassantas.org.br\/novosite\/wp-json\/wp\/v2\/posts\/13153\/revisions"}],"wp:attachment":[{"href":"https:\/\/www.federassantas.org.br\/novosite\/wp-json\/wp\/v2\/media?parent=13153"}],"wp:term":[{"taxonomy":"category","embeddable":true,"href":"https:\/\/www.federassantas.org.br\/novosite\/wp-json\/wp\/v2\/categories?post=13153"},{"taxonomy":"post_tag","embeddable":true,"href":"https:\/\/www.federassantas.org.br\/novosite\/wp-json\/wp\/v2\/tags?post=13153"}],"curies":[{"name":"wp","href":"https:\/\/api.w.org\/{rel}","templated":true}]}}