{"id":13174,"date":"2018-07-05T14:04:35","date_gmt":"2018-07-05T17:04:35","guid":{"rendered":"https:\/\/federasbackup.meltcomunicacao.com.br\/?p=13174"},"modified":"2018-07-05T14:04:35","modified_gmt":"2018-07-05T17:04:35","slug":"governo-de-minas-amplia-servico-de-informacao-sobre-medicamentos-do-sus-no-aplicativo-mg-app","status":"publish","type":"post","link":"https:\/\/www.federassantas.org.br\/novosite\/governo-de-minas-amplia-servico-de-informacao-sobre-medicamentos-do-sus-no-aplicativo-mg-app\/","title":{"rendered":"Aplicativo oferece informa\u00e7\u00e3o sobre medicamentos do SUS"},"content":{"rendered":"<p>A Secretaria de Planejamento e Gest\u00e3o de Minas Gerais (Seplag), em parceria com a Secretaria de Estado de Sa\u00fade (SES), ampliou o servi\u00e7o de acesso \u00e0 informa\u00e7\u00e3o dos medicamentos ofertados pelo Sistema \u00danico de Sa\u00fade (SUS) por meio do aplicativo MG App.<\/p>\n<p>Desde abril deste ano \u00e9 poss\u00edvel consultar informa\u00e7\u00f5es sobre os medicamentos ofertados pelo Sistema \u00danico de Sa\u00fade (SUS) atrav\u00e9s do MG App. Por meio do aplicativo desenvolvido pelo Governo de Minas Gerais, o cidad\u00e3o pode buscar pelo nome do medicamento ou insumo e saber se \u00e9 disponibilizado pela Assist\u00eancia Farmac\u00eautica do Estado de Minas Gerais.<\/p>\n<p>O MG App \u00e9 um aplicativo in\u00e9dito e gratuito, lan\u00e7ado pelo Governo de Minas Gerais, com o objetivo de facilitar o acesso a informa\u00e7\u00f5es e servi\u00e7os estaduais e facilitar a resolu\u00e7\u00e3o de problemas e a busca por informa\u00e7\u00f5es, de forma simples, r\u00e1pida e moderna em celulares e outros dispositivos m\u00f3veis.<\/p>\n<p>Saiba mais em:\u00a0http:\u00a0<a href=\"http:\/\/hojeemdia.com.br\/horizontes\/cidades\/governo-de-minas-amplia-servi%C3%A7o-de-informa%C3%A7%C3%A3o-sobre-medicamentos-do-sus-no-aplicativo-mg-app-1.637074\">http:\/\/hojeemdia.com.br\/horizontes\/cidades\/governo-de-minas-amplia-servi%C3%A7o-de-informa%C3%A7%C3%A3o-sobre-medicamentos-do-sus-no-aplicativo-mg-app-1.637074<\/a><\/p>\n","protected":false},"excerpt":{"rendered":"<p>A Secretaria de Planejamento e Gest\u00e3o de Minas Gerais (Seplag), em parceria com a Secretaria de Estado de Sa\u00fade (SES), ampliou o servi\u00e7o de acesso \u00e0 informa\u00e7\u00e3o dos medicamentos ofertados pelo Sistema \u00danico de Sa\u00fade (SUS) por meio do aplicativo MG App. Desde abril deste ano \u00e9 poss\u00edvel consultar informa\u00e7\u00f5es sobre os medicamentos ofertados pelo [&hellip;]<\/p>\n","protected":false},"author":1,"featured_media":13176,"comment_status":"open","ping_status":"open","sticky":false,"template":"","format":"standard","meta":{"footnotes":""},"categories":[140],"tags":[],"class_list":["post-13174","post","type-post","status-publish","format-standard","has-post-thumbnail","hentry","category-noticias"],"yoast_head":"<!-- This site is optimized with the Yoast SEO plugin v26.9 - https:\/\/yoast.com\/product\/yoast-seo-wordpress\/ -->\n<title>Aplicativo oferece informa\u00e7\u00e3o sobre medicamentos do SUS - Federassantas<\/title>\n<meta name=\"robots\" content=\"index, follow, max-snippet:-1, max-image-preview:large, max-video-preview:-1\" \/>\n<link rel=\"canonical\" href=\"https:\/\/www.federassantas.org.br\/novosite\/governo-de-minas-amplia-servico-de-informacao-sobre-medicamentos-do-sus-no-aplicativo-mg-app\/\" \/>\n<meta property=\"og:locale\" content=\"pt_BR\" \/>\n<meta property=\"og:type\" content=\"article\" \/>\n<meta property=\"og:title\" content=\"Aplicativo oferece informa\u00e7\u00e3o sobre medicamentos do SUS - Federassantas\" \/>\n<meta property=\"og:description\" content=\"A Secretaria de Planejamento e Gest\u00e3o de Minas Gerais (Seplag), em parceria com a Secretaria de Estado de Sa\u00fade (SES), ampliou o servi\u00e7o de acesso \u00e0 informa\u00e7\u00e3o dos medicamentos ofertados pelo Sistema \u00danico de Sa\u00fade (SUS) por meio do aplicativo MG App. Desde abril deste ano \u00e9 poss\u00edvel consultar informa\u00e7\u00f5es sobre os medicamentos ofertados pelo [&hellip;]\" \/>\n<meta property=\"og:url\" content=\"https:\/\/www.federassantas.org.br\/novosite\/governo-de-minas-amplia-servico-de-informacao-sobre-medicamentos-do-sus-no-aplicativo-mg-app\/\" \/>\n<meta property=\"og:site_name\" content=\"Federassantas\" \/>\n<meta property=\"article:published_time\" content=\"2018-07-05T17:04:35+00:00\" \/>\n<meta name=\"author\" content=\"admin-federas\" \/>\n<meta name=\"twitter:card\" content=\"summary_large_image\" \/>\n<meta name=\"twitter:label1\" content=\"Escrito por\" \/>\n\t<meta name=\"twitter:data1\" content=\"admin-federas\" \/>\n\t<meta name=\"twitter:label2\" content=\"Est. tempo de leitura\" \/>\n\t<meta name=\"twitter:data2\" content=\"1 minuto\" \/>\n<script type=\"application\/ld+json\" class=\"yoast-schema-graph\">{\"@context\":\"https:\/\/schema.org\",\"@graph\":[{\"@type\":\"Article\",\"@id\":\"https:\/\/www.federassantas.org.br\/novosite\/governo-de-minas-amplia-servico-de-informacao-sobre-medicamentos-do-sus-no-aplicativo-mg-app\/#article\",\"isPartOf\":{\"@id\":\"https:\/\/www.federassantas.org.br\/novosite\/governo-de-minas-amplia-servico-de-informacao-sobre-medicamentos-do-sus-no-aplicativo-mg-app\/\"},\"author\":{\"name\":\"admin-federas\",\"@id\":\"https:\/\/www.federassantas.org.br\/novosite\/#\/schema\/person\/75fed98158349313fe56175f232f513c\"},\"headline\":\"Aplicativo oferece informa\u00e7\u00e3o sobre medicamentos do SUS\",\"datePublished\":\"2018-07-05T17:04:35+00:00\",\"mainEntityOfPage\":{\"@id\":\"https:\/\/www.federassantas.org.br\/novosite\/governo-de-minas-amplia-servico-de-informacao-sobre-medicamentos-do-sus-no-aplicativo-mg-app\/\"},\"wordCount\":190,\"commentCount\":0,\"publisher\":{\"@id\":\"https:\/\/www.federassantas.org.br\/novosite\/#organization\"},\"image\":{\"@id\":\"https:\/\/www.federassantas.org.br\/novosite\/governo-de-minas-amplia-servico-de-informacao-sobre-medicamentos-do-sus-no-aplicativo-mg-app\/#primaryimage\"},\"thumbnailUrl\":\"\",\"articleSection\":[\"Not\u00edcias\"],\"inLanguage\":\"pt-BR\",\"potentialAction\":[{\"@type\":\"CommentAction\",\"name\":\"Comment\",\"target\":[\"https:\/\/www.federassantas.org.br\/novosite\/governo-de-minas-amplia-servico-de-informacao-sobre-medicamentos-do-sus-no-aplicativo-mg-app\/#respond\"]}]},{\"@type\":\"WebPage\",\"@id\":\"https:\/\/www.federassantas.org.br\/novosite\/governo-de-minas-amplia-servico-de-informacao-sobre-medicamentos-do-sus-no-aplicativo-mg-app\/\",\"url\":\"https:\/\/www.federassantas.org.br\/novosite\/governo-de-minas-amplia-servico-de-informacao-sobre-medicamentos-do-sus-no-aplicativo-mg-app\/\",\"name\":\"Aplicativo oferece informa\u00e7\u00e3o sobre medicamentos do SUS - Federassantas\",\"isPartOf\":{\"@id\":\"https:\/\/www.federassantas.org.br\/novosite\/#website\"},\"primaryImageOfPage\":{\"@id\":\"https:\/\/www.federassantas.org.br\/novosite\/governo-de-minas-amplia-servico-de-informacao-sobre-medicamentos-do-sus-no-aplicativo-mg-app\/#primaryimage\"},\"image\":{\"@id\":\"https:\/\/www.federassantas.org.br\/novosite\/governo-de-minas-amplia-servico-de-informacao-sobre-medicamentos-do-sus-no-aplicativo-mg-app\/#primaryimage\"},\"thumbnailUrl\":\"\",\"datePublished\":\"2018-07-05T17:04:35+00:00\",\"breadcrumb\":{\"@id\":\"https:\/\/www.federassantas.org.br\/novosite\/governo-de-minas-amplia-servico-de-informacao-sobre-medicamentos-do-sus-no-aplicativo-mg-app\/#breadcrumb\"},\"inLanguage\":\"pt-BR\",\"potentialAction\":[{\"@type\":\"ReadAction\",\"target\":[\"https:\/\/www.federassantas.org.br\/novosite\/governo-de-minas-amplia-servico-de-informacao-sobre-medicamentos-do-sus-no-aplicativo-mg-app\/\"]}]},{\"@type\":\"ImageObject\",\"inLanguage\":\"pt-BR\",\"@id\":\"https:\/\/www.federassantas.org.br\/novosite\/governo-de-minas-amplia-servico-de-informacao-sobre-medicamentos-do-sus-no-aplicativo-mg-app\/#primaryimage\",\"url\":\"\",\"contentUrl\":\"\"},{\"@type\":\"BreadcrumbList\",\"@id\":\"https:\/\/www.federassantas.org.br\/novosite\/governo-de-minas-amplia-servico-de-informacao-sobre-medicamentos-do-sus-no-aplicativo-mg-app\/#breadcrumb\",\"itemListElement\":[{\"@type\":\"ListItem\",\"position\":1,\"name\":\"In\u00edcio\",\"item\":\"https:\/\/www.federassantas.org.br\/novosite\/\"},{\"@type\":\"ListItem\",\"position\":2,\"name\":\"Aplicativo oferece informa\u00e7\u00e3o sobre medicamentos do SUS\"}]},{\"@type\":\"WebSite\",\"@id\":\"https:\/\/www.federassantas.org.br\/novosite\/#website\",\"url\":\"https:\/\/www.federassantas.org.br\/novosite\/\",\"name\":\"Federassantas\",\"description\":\"Entidade de representa\u00e7\u00e3o e fortalecimento das Santas Casas, hospitais filantr\u00f3picos e entidades beneficentes de sa\u00fade de Minas Gerais, atuando na defesa institucional, qualifica\u00e7\u00e3o da gest\u00e3o e sustentabilidade do setor.\",\"publisher\":{\"@id\":\"https:\/\/www.federassantas.org.br\/novosite\/#organization\"},\"potentialAction\":[{\"@type\":\"SearchAction\",\"target\":{\"@type\":\"EntryPoint\",\"urlTemplate\":\"https:\/\/www.federassantas.org.br\/novosite\/?s={search_term_string}\"},\"query-input\":{\"@type\":\"PropertyValueSpecification\",\"valueRequired\":true,\"valueName\":\"search_term_string\"}}],\"inLanguage\":\"pt-BR\"},{\"@type\":\"Organization\",\"@id\":\"https:\/\/www.federassantas.org.br\/novosite\/#organization\",\"name\":\"Federassantas\",\"url\":\"https:\/\/www.federassantas.org.br\/novosite\/\",\"logo\":{\"@type\":\"ImageObject\",\"inLanguage\":\"pt-BR\",\"@id\":\"https:\/\/www.federassantas.org.br\/novosite\/#\/schema\/logo\/image\/\",\"url\":\"https:\/\/www.federassantas.org.br\/novosite\/wp-content\/uploads\/2021\/12\/logo.png\",\"contentUrl\":\"https:\/\/www.federassantas.org.br\/novosite\/wp-content\/uploads\/2021\/12\/logo.png\",\"width\":243,\"height\":59,\"caption\":\"Federassantas\"},\"image\":{\"@id\":\"https:\/\/www.federassantas.org.br\/novosite\/#\/schema\/logo\/image\/\"}},{\"@type\":\"Person\",\"@id\":\"https:\/\/www.federassantas.org.br\/novosite\/#\/schema\/person\/75fed98158349313fe56175f232f513c\",\"name\":\"admin-federas\",\"image\":{\"@type\":\"ImageObject\",\"inLanguage\":\"pt-BR\",\"@id\":\"https:\/\/www.federassantas.org.br\/novosite\/#\/schema\/person\/image\/\",\"url\":\"https:\/\/secure.gravatar.com\/avatar\/2a02d7dda59fe8dc6b7ffd3f652e2efede5ccf0dd89dfdc8137c5517f3de8407?s=96&d=mm&r=g\",\"contentUrl\":\"https:\/\/secure.gravatar.com\/avatar\/2a02d7dda59fe8dc6b7ffd3f652e2efede5ccf0dd89dfdc8137c5517f3de8407?s=96&d=mm&r=g\",\"caption\":\"admin-federas\"},\"sameAs\":[\"https:\/\/www.federassantas.org.br\/novosite\/\"],\"url\":\"https:\/\/www.federassantas.org.br\/novosite\/author\/admin-federas\/\"}]}<\/script>\n<!-- \/ Yoast SEO plugin. -->","yoast_head_json":{"title":"Aplicativo oferece informa\u00e7\u00e3o sobre medicamentos do SUS - Federassantas","robots":{"index":"index","follow":"follow","max-snippet":"max-snippet:-1","max-image-preview":"max-image-preview:large","max-video-preview":"max-video-preview:-1"},"canonical":"https:\/\/www.federassantas.org.br\/novosite\/governo-de-minas-amplia-servico-de-informacao-sobre-medicamentos-do-sus-no-aplicativo-mg-app\/","og_locale":"pt_BR","og_type":"article","og_title":"Aplicativo oferece informa\u00e7\u00e3o sobre medicamentos do SUS - Federassantas","og_description":"A Secretaria de Planejamento e Gest\u00e3o de Minas Gerais (Seplag), em parceria com a Secretaria de Estado de Sa\u00fade (SES), ampliou o servi\u00e7o de acesso \u00e0 informa\u00e7\u00e3o dos medicamentos ofertados pelo Sistema \u00danico de Sa\u00fade (SUS) por meio do aplicativo MG App. Desde abril deste ano \u00e9 poss\u00edvel consultar informa\u00e7\u00f5es sobre os medicamentos ofertados pelo [&hellip;]","og_url":"https:\/\/www.federassantas.org.br\/novosite\/governo-de-minas-amplia-servico-de-informacao-sobre-medicamentos-do-sus-no-aplicativo-mg-app\/","og_site_name":"Federassantas","article_published_time":"2018-07-05T17:04:35+00:00","author":"admin-federas","twitter_card":"summary_large_image","twitter_misc":{"Escrito por":"admin-federas","Est. tempo de leitura":"1 minuto"},"schema":{"@context":"https:\/\/schema.org","@graph":[{"@type":"Article","@id":"https:\/\/www.federassantas.org.br\/novosite\/governo-de-minas-amplia-servico-de-informacao-sobre-medicamentos-do-sus-no-aplicativo-mg-app\/#article","isPartOf":{"@id":"https:\/\/www.federassantas.org.br\/novosite\/governo-de-minas-amplia-servico-de-informacao-sobre-medicamentos-do-sus-no-aplicativo-mg-app\/"},"author":{"name":"admin-federas","@id":"https:\/\/www.federassantas.org.br\/novosite\/#\/schema\/person\/75fed98158349313fe56175f232f513c"},"headline":"Aplicativo oferece informa\u00e7\u00e3o sobre medicamentos do SUS","datePublished":"2018-07-05T17:04:35+00:00","mainEntityOfPage":{"@id":"https:\/\/www.federassantas.org.br\/novosite\/governo-de-minas-amplia-servico-de-informacao-sobre-medicamentos-do-sus-no-aplicativo-mg-app\/"},"wordCount":190,"commentCount":0,"publisher":{"@id":"https:\/\/www.federassantas.org.br\/novosite\/#organization"},"image":{"@id":"https:\/\/www.federassantas.org.br\/novosite\/governo-de-minas-amplia-servico-de-informacao-sobre-medicamentos-do-sus-no-aplicativo-mg-app\/#primaryimage"},"thumbnailUrl":"","articleSection":["Not\u00edcias"],"inLanguage":"pt-BR","potentialAction":[{"@type":"CommentAction","name":"Comment","target":["https:\/\/www.federassantas.org.br\/novosite\/governo-de-minas-amplia-servico-de-informacao-sobre-medicamentos-do-sus-no-aplicativo-mg-app\/#respond"]}]},{"@type":"WebPage","@id":"https:\/\/www.federassantas.org.br\/novosite\/governo-de-minas-amplia-servico-de-informacao-sobre-medicamentos-do-sus-no-aplicativo-mg-app\/","url":"https:\/\/www.federassantas.org.br\/novosite\/governo-de-minas-amplia-servico-de-informacao-sobre-medicamentos-do-sus-no-aplicativo-mg-app\/","name":"Aplicativo oferece informa\u00e7\u00e3o sobre medicamentos do SUS - Federassantas","isPartOf":{"@id":"https:\/\/www.federassantas.org.br\/novosite\/#website"},"primaryImageOfPage":{"@id":"https:\/\/www.federassantas.org.br\/novosite\/governo-de-minas-amplia-servico-de-informacao-sobre-medicamentos-do-sus-no-aplicativo-mg-app\/#primaryimage"},"image":{"@id":"https:\/\/www.federassantas.org.br\/novosite\/governo-de-minas-amplia-servico-de-informacao-sobre-medicamentos-do-sus-no-aplicativo-mg-app\/#primaryimage"},"thumbnailUrl":"","datePublished":"2018-07-05T17:04:35+00:00","breadcrumb":{"@id":"https:\/\/www.federassantas.org.br\/novosite\/governo-de-minas-amplia-servico-de-informacao-sobre-medicamentos-do-sus-no-aplicativo-mg-app\/#breadcrumb"},"inLanguage":"pt-BR","potentialAction":[{"@type":"ReadAction","target":["https:\/\/www.federassantas.org.br\/novosite\/governo-de-minas-amplia-servico-de-informacao-sobre-medicamentos-do-sus-no-aplicativo-mg-app\/"]}]},{"@type":"ImageObject","inLanguage":"pt-BR","@id":"https:\/\/www.federassantas.org.br\/novosite\/governo-de-minas-amplia-servico-de-informacao-sobre-medicamentos-do-sus-no-aplicativo-mg-app\/#primaryimage","url":"","contentUrl":""},{"@type":"BreadcrumbList","@id":"https:\/\/www.federassantas.org.br\/novosite\/governo-de-minas-amplia-servico-de-informacao-sobre-medicamentos-do-sus-no-aplicativo-mg-app\/#breadcrumb","itemListElement":[{"@type":"ListItem","position":1,"name":"In\u00edcio","item":"https:\/\/www.federassantas.org.br\/novosite\/"},{"@type":"ListItem","position":2,"name":"Aplicativo oferece informa\u00e7\u00e3o sobre medicamentos do SUS"}]},{"@type":"WebSite","@id":"https:\/\/www.federassantas.org.br\/novosite\/#website","url":"https:\/\/www.federassantas.org.br\/novosite\/","name":"Federassantas","description":"Entidade de representa\u00e7\u00e3o e fortalecimento das Santas Casas, hospitais filantr\u00f3picos e entidades beneficentes de sa\u00fade de Minas Gerais, atuando na defesa institucional, qualifica\u00e7\u00e3o da gest\u00e3o e sustentabilidade do setor.","publisher":{"@id":"https:\/\/www.federassantas.org.br\/novosite\/#organization"},"potentialAction":[{"@type":"SearchAction","target":{"@type":"EntryPoint","urlTemplate":"https:\/\/www.federassantas.org.br\/novosite\/?s={search_term_string}"},"query-input":{"@type":"PropertyValueSpecification","valueRequired":true,"valueName":"search_term_string"}}],"inLanguage":"pt-BR"},{"@type":"Organization","@id":"https:\/\/www.federassantas.org.br\/novosite\/#organization","name":"Federassantas","url":"https:\/\/www.federassantas.org.br\/novosite\/","logo":{"@type":"ImageObject","inLanguage":"pt-BR","@id":"https:\/\/www.federassantas.org.br\/novosite\/#\/schema\/logo\/image\/","url":"https:\/\/www.federassantas.org.br\/novosite\/wp-content\/uploads\/2021\/12\/logo.png","contentUrl":"https:\/\/www.federassantas.org.br\/novosite\/wp-content\/uploads\/2021\/12\/logo.png","width":243,"height":59,"caption":"Federassantas"},"image":{"@id":"https:\/\/www.federassantas.org.br\/novosite\/#\/schema\/logo\/image\/"}},{"@type":"Person","@id":"https:\/\/www.federassantas.org.br\/novosite\/#\/schema\/person\/75fed98158349313fe56175f232f513c","name":"admin-federas","image":{"@type":"ImageObject","inLanguage":"pt-BR","@id":"https:\/\/www.federassantas.org.br\/novosite\/#\/schema\/person\/image\/","url":"https:\/\/secure.gravatar.com\/avatar\/2a02d7dda59fe8dc6b7ffd3f652e2efede5ccf0dd89dfdc8137c5517f3de8407?s=96&d=mm&r=g","contentUrl":"https:\/\/secure.gravatar.com\/avatar\/2a02d7dda59fe8dc6b7ffd3f652e2efede5ccf0dd89dfdc8137c5517f3de8407?s=96&d=mm&r=g","caption":"admin-federas"},"sameAs":["https:\/\/www.federassantas.org.br\/novosite\/"],"url":"https:\/\/www.federassantas.org.br\/novosite\/author\/admin-federas\/"}]}},"_links":{"self":[{"href":"https:\/\/www.federassantas.org.br\/novosite\/wp-json\/wp\/v2\/posts\/13174","targetHints":{"allow":["GET"]}}],"collection":[{"href":"https:\/\/www.federassantas.org.br\/novosite\/wp-json\/wp\/v2\/posts"}],"about":[{"href":"https:\/\/www.federassantas.org.br\/novosite\/wp-json\/wp\/v2\/types\/post"}],"author":[{"embeddable":true,"href":"https:\/\/www.federassantas.org.br\/novosite\/wp-json\/wp\/v2\/users\/1"}],"replies":[{"embeddable":true,"href":"https:\/\/www.federassantas.org.br\/novosite\/wp-json\/wp\/v2\/comments?post=13174"}],"version-history":[{"count":0,"href":"https:\/\/www.federassantas.org.br\/novosite\/wp-json\/wp\/v2\/posts\/13174\/revisions"}],"wp:attachment":[{"href":"https:\/\/www.federassantas.org.br\/novosite\/wp-json\/wp\/v2\/media?parent=13174"}],"wp:term":[{"taxonomy":"category","embeddable":true,"href":"https:\/\/www.federassantas.org.br\/novosite\/wp-json\/wp\/v2\/categories?post=13174"},{"taxonomy":"post_tag","embeddable":true,"href":"https:\/\/www.federassantas.org.br\/novosite\/wp-json\/wp\/v2\/tags?post=13174"}],"curies":[{"name":"wp","href":"https:\/\/api.w.org\/{rel}","templated":true}]}}