{"id":13194,"date":"2018-07-06T12:11:42","date_gmt":"2018-07-06T15:11:42","guid":{"rendered":"https:\/\/federasbackup.meltcomunicacao.com.br\/?p=13194"},"modified":"2018-07-06T12:11:42","modified_gmt":"2018-07-06T15:11:42","slug":"a-formacao-de-precos-na-saude","status":"publish","type":"post","link":"https:\/\/www.federassantas.org.br\/novosite\/a-formacao-de-precos-na-saude\/","title":{"rendered":"A forma\u00e7\u00e3o de pre\u00e7os na sa\u00fade"},"content":{"rendered":"<p><em>Por:\u00a0Lu\u00eds Santin &#8211; Consultor em Gest\u00e3o em Sa\u00fade da GESTI SOLU\u00c7\u00d5ES<\/em><\/p>\n<p style=\"text-align: justify;\"><strong>Qual o peso maior na forma\u00e7\u00e3o dos pre\u00e7os? Mercado ou os Custos?<\/strong><\/p>\n<p style=\"text-align: justify;\">Quando falamos em forma\u00e7\u00e3o de pre\u00e7os de servi\u00e7os hospitalares, temos que analisar sempre tr\u00eas tipos de clientes \u2013 os Conv\u00eanios, os Particulares e o SUS.<\/p>\n<p style=\"text-align: justify;\">Muitos gestores das institui\u00e7\u00f5es de sa\u00fade, quando necessitam aumentar suas receitas, aumentam o n\u00famero de procedimentos realizados, seja por clientes particulares ou credenciando novos conv\u00eanios. Buscam tamb\u00e9m, renegociar as tabelas com os conv\u00eanios j\u00e1 credenciados.<\/p>\n<p style=\"text-align: justify;\">Para tais negocia\u00e7\u00f5es, preferem buscar analisar o mercado, olhar para o concorrente para verificar o pre\u00e7o praticado por ele, a fim de buscar aplicar estrat\u00e9gias mercadol\u00f3gicas de competitividade, que n\u00e3o deixam de ser importantes.<\/p>\n<p style=\"text-align: justify;\">Todavia, n\u00e3o resolvem o problema isoladamente, ou seja, muitos gestores analisam o mercado e tentam formar seus pre\u00e7os dentro daquilo que esta sendo praticado pelos seus concorrentes sem analisar seus custos.<\/p>\n<p style=\"text-align: justify;\">Com isso, elaboram uma tabela de pre\u00e7os de pacotes cir\u00fargicos, estabelecem modelos de pagamentos, parcelamentos, tudo para atrair mais e mais pacientes para sua institui\u00e7\u00e3o e aumentar cada vez mais as receitas. Sempre analisando a tabela do concorrente e reduzindo alguns percentuais para se tornar atrativo.<\/p>\n<p style=\"text-align: justify;\">Isso est\u00e1 errado? Se pensarmos que \u00e9 o mercado quem determina os pre\u00e7os, em quase todos os segmentos, pois \u00e9 ele que diz se tem potencial de comprar o produto ou servi\u00e7o, eu diria que a resposta \u00e9 N\u00c3O. Mas se analisarmos e pensarmos que podemos estar vendendo sem alcan\u00e7ar nenhum lucro com aquele produto ou servi\u00e7o, ou at\u00e9 mesmo tendo preju\u00edzo, a resposta seria SIM.<\/p>\n<p style=\"text-align: justify;\">Temos que notar que para a forma\u00e7\u00e3o de pre\u00e7os, duas estrat\u00e9gias t\u00eam que ser empregadas e andar juntas: An\u00e1lise do Mercado e Custos de produ\u00e7\u00e3o. Falaremos disso na pr\u00f3xima mat\u00e9ria.<\/p>\n<p style=\"text-align: justify;\">Talvez uma das tarefas que se caracteriza como uma necessidade para as institui\u00e7\u00f5es de sa\u00fade a algum tempo, que \u00e9 aceita e compreendida por muitos gestores, mas ainda pouco praticada de forma confi\u00e1vel e eficiente, \u00e9 a defini\u00e7\u00e3o dos custos dos servi\u00e7os e consequentemente a forma\u00e7\u00e3o dos pre\u00e7os de venda destes.<\/p>\n<p style=\"text-align: justify;\">Entretanto, n\u00e3o \u00e9 suficiente apenas conhecer os custos; \u00e9 necess\u00e1rio acima de tudo utilizar esta valiosa informa\u00e7\u00e3o dos valores praticados pelo mercado. Como citado anteriormente, essas duas fontes de informa\u00e7\u00e3o s\u00e3o primordiais para a forma\u00e7\u00e3o de pre\u00e7os na \u00e1rea hospitalar, para que as metas de aumento de receitas sejam atingidas de forma sustent\u00e1vel.<\/p>\n<p style=\"text-align: justify;\">Atualmente, fala-se muito em modelos de remunera\u00e7\u00e3o, (procedimentos gerenciados, di\u00e1rias globais, captation, entre outros), mas como citamos anteriormente, sem uma correta e efetiva apura\u00e7\u00e3o dos custos dos servi\u00e7os, a forma\u00e7\u00e3o de pre\u00e7o fica sujeita a riscos.<\/p>\n<p style=\"text-align: justify;\">Assim, a forma\u00e7\u00e3o de pre\u00e7os dos servi\u00e7os deve levar em considera\u00e7\u00e3o o custo, a aplica\u00e7\u00e3o de margens de lucro e os impostos incidentes sobre a receita. Estes itens devem estar muito bem definidos nas negocia\u00e7\u00f5es com os clientes.<\/p>\n<p>No pr\u00f3ximo m\u00eas voc\u00ea confere a segunda parte deste importante assunto do setor sa\u00fade. N\u00e3o perca!<\/p>\n<p>&nbsp;<\/p>\n<p>Para mais informa\u00e7\u00f5es, entre em contato:<br \/>\n<a href=\"mailto:luis_santin@gestisolucoes.com.br\"><strong>luis_santin@gestisolucoes.com.br<\/strong><\/a><br \/>\n<strong>www.gestisolucoes.com.br<\/strong><\/p>\n","protected":false},"excerpt":{"rendered":"<p>Por:\u00a0Lu\u00eds Santin &#8211; Consultor em Gest\u00e3o em Sa\u00fade da GESTI SOLU\u00c7\u00d5ES Qual o peso maior na forma\u00e7\u00e3o dos pre\u00e7os? Mercado ou os Custos? Quando falamos em forma\u00e7\u00e3o de pre\u00e7os de servi\u00e7os hospitalares, temos que analisar sempre tr\u00eas tipos de clientes \u2013 os Conv\u00eanios, os Particulares e o SUS. Muitos gestores das institui\u00e7\u00f5es de sa\u00fade, quando [&hellip;]<\/p>\n","protected":false},"author":1,"featured_media":13195,"comment_status":"open","ping_status":"open","sticky":false,"template":"","format":"standard","meta":{"footnotes":""},"categories":[207,140],"tags":[],"class_list":["post-13194","post","type-post","status-publish","format-standard","has-post-thumbnail","hentry","category-empresas-parceiras","category-noticias"],"yoast_head":"<!-- This site is optimized with the Yoast SEO plugin v26.9 - https:\/\/yoast.com\/product\/yoast-seo-wordpress\/ -->\n<title>A forma\u00e7\u00e3o de pre\u00e7os na sa\u00fade - Federassantas<\/title>\n<meta name=\"robots\" content=\"index, follow, max-snippet:-1, max-image-preview:large, max-video-preview:-1\" \/>\n<link rel=\"canonical\" href=\"https:\/\/www.federassantas.org.br\/novosite\/a-formacao-de-precos-na-saude\/\" \/>\n<meta property=\"og:locale\" content=\"pt_BR\" \/>\n<meta property=\"og:type\" content=\"article\" \/>\n<meta property=\"og:title\" content=\"A forma\u00e7\u00e3o de pre\u00e7os na sa\u00fade - Federassantas\" \/>\n<meta property=\"og:description\" content=\"Por:\u00a0Lu\u00eds Santin &#8211; Consultor em Gest\u00e3o em Sa\u00fade da GESTI SOLU\u00c7\u00d5ES Qual o peso maior na forma\u00e7\u00e3o dos pre\u00e7os? Mercado ou os Custos? Quando falamos em forma\u00e7\u00e3o de pre\u00e7os de servi\u00e7os hospitalares, temos que analisar sempre tr\u00eas tipos de clientes \u2013 os Conv\u00eanios, os Particulares e o SUS. Muitos gestores das institui\u00e7\u00f5es de sa\u00fade, quando [&hellip;]\" \/>\n<meta property=\"og:url\" content=\"https:\/\/www.federassantas.org.br\/novosite\/a-formacao-de-precos-na-saude\/\" \/>\n<meta property=\"og:site_name\" content=\"Federassantas\" \/>\n<meta property=\"article:published_time\" content=\"2018-07-06T15:11:42+00:00\" \/>\n<meta name=\"author\" content=\"admin-federas\" \/>\n<meta name=\"twitter:card\" content=\"summary_large_image\" \/>\n<meta name=\"twitter:label1\" content=\"Escrito por\" \/>\n\t<meta name=\"twitter:data1\" content=\"admin-federas\" \/>\n\t<meta name=\"twitter:label2\" content=\"Est. tempo de leitura\" \/>\n\t<meta name=\"twitter:data2\" content=\"3 minutos\" \/>\n<script type=\"application\/ld+json\" class=\"yoast-schema-graph\">{\"@context\":\"https:\/\/schema.org\",\"@graph\":[{\"@type\":\"Article\",\"@id\":\"https:\/\/www.federassantas.org.br\/novosite\/a-formacao-de-precos-na-saude\/#article\",\"isPartOf\":{\"@id\":\"https:\/\/www.federassantas.org.br\/novosite\/a-formacao-de-precos-na-saude\/\"},\"author\":{\"name\":\"admin-federas\",\"@id\":\"https:\/\/www.federassantas.org.br\/novosite\/#\/schema\/person\/75fed98158349313fe56175f232f513c\"},\"headline\":\"A forma\u00e7\u00e3o de pre\u00e7os na sa\u00fade\",\"datePublished\":\"2018-07-06T15:11:42+00:00\",\"mainEntityOfPage\":{\"@id\":\"https:\/\/www.federassantas.org.br\/novosite\/a-formacao-de-precos-na-saude\/\"},\"wordCount\":575,\"commentCount\":0,\"publisher\":{\"@id\":\"https:\/\/www.federassantas.org.br\/novosite\/#organization\"},\"image\":{\"@id\":\"https:\/\/www.federassantas.org.br\/novosite\/a-formacao-de-precos-na-saude\/#primaryimage\"},\"thumbnailUrl\":\"\",\"articleSection\":[\"Empresas Parceiras\",\"Not\u00edcias\"],\"inLanguage\":\"pt-BR\",\"potentialAction\":[{\"@type\":\"CommentAction\",\"name\":\"Comment\",\"target\":[\"https:\/\/www.federassantas.org.br\/novosite\/a-formacao-de-precos-na-saude\/#respond\"]}]},{\"@type\":\"WebPage\",\"@id\":\"https:\/\/www.federassantas.org.br\/novosite\/a-formacao-de-precos-na-saude\/\",\"url\":\"https:\/\/www.federassantas.org.br\/novosite\/a-formacao-de-precos-na-saude\/\",\"name\":\"A forma\u00e7\u00e3o de pre\u00e7os na sa\u00fade - Federassantas\",\"isPartOf\":{\"@id\":\"https:\/\/www.federassantas.org.br\/novosite\/#website\"},\"primaryImageOfPage\":{\"@id\":\"https:\/\/www.federassantas.org.br\/novosite\/a-formacao-de-precos-na-saude\/#primaryimage\"},\"image\":{\"@id\":\"https:\/\/www.federassantas.org.br\/novosite\/a-formacao-de-precos-na-saude\/#primaryimage\"},\"thumbnailUrl\":\"\",\"datePublished\":\"2018-07-06T15:11:42+00:00\",\"breadcrumb\":{\"@id\":\"https:\/\/www.federassantas.org.br\/novosite\/a-formacao-de-precos-na-saude\/#breadcrumb\"},\"inLanguage\":\"pt-BR\",\"potentialAction\":[{\"@type\":\"ReadAction\",\"target\":[\"https:\/\/www.federassantas.org.br\/novosite\/a-formacao-de-precos-na-saude\/\"]}]},{\"@type\":\"ImageObject\",\"inLanguage\":\"pt-BR\",\"@id\":\"https:\/\/www.federassantas.org.br\/novosite\/a-formacao-de-precos-na-saude\/#primaryimage\",\"url\":\"\",\"contentUrl\":\"\"},{\"@type\":\"BreadcrumbList\",\"@id\":\"https:\/\/www.federassantas.org.br\/novosite\/a-formacao-de-precos-na-saude\/#breadcrumb\",\"itemListElement\":[{\"@type\":\"ListItem\",\"position\":1,\"name\":\"In\u00edcio\",\"item\":\"https:\/\/www.federassantas.org.br\/novosite\/\"},{\"@type\":\"ListItem\",\"position\":2,\"name\":\"A forma\u00e7\u00e3o de pre\u00e7os na sa\u00fade\"}]},{\"@type\":\"WebSite\",\"@id\":\"https:\/\/www.federassantas.org.br\/novosite\/#website\",\"url\":\"https:\/\/www.federassantas.org.br\/novosite\/\",\"name\":\"Federassantas\",\"description\":\"Entidade de representa\u00e7\u00e3o e fortalecimento das Santas Casas, hospitais filantr\u00f3picos e entidades beneficentes de sa\u00fade de Minas Gerais, atuando na defesa institucional, qualifica\u00e7\u00e3o da gest\u00e3o e sustentabilidade do setor.\",\"publisher\":{\"@id\":\"https:\/\/www.federassantas.org.br\/novosite\/#organization\"},\"potentialAction\":[{\"@type\":\"SearchAction\",\"target\":{\"@type\":\"EntryPoint\",\"urlTemplate\":\"https:\/\/www.federassantas.org.br\/novosite\/?s={search_term_string}\"},\"query-input\":{\"@type\":\"PropertyValueSpecification\",\"valueRequired\":true,\"valueName\":\"search_term_string\"}}],\"inLanguage\":\"pt-BR\"},{\"@type\":\"Organization\",\"@id\":\"https:\/\/www.federassantas.org.br\/novosite\/#organization\",\"name\":\"Federassantas\",\"url\":\"https:\/\/www.federassantas.org.br\/novosite\/\",\"logo\":{\"@type\":\"ImageObject\",\"inLanguage\":\"pt-BR\",\"@id\":\"https:\/\/www.federassantas.org.br\/novosite\/#\/schema\/logo\/image\/\",\"url\":\"https:\/\/www.federassantas.org.br\/novosite\/wp-content\/uploads\/2021\/12\/logo.png\",\"contentUrl\":\"https:\/\/www.federassantas.org.br\/novosite\/wp-content\/uploads\/2021\/12\/logo.png\",\"width\":243,\"height\":59,\"caption\":\"Federassantas\"},\"image\":{\"@id\":\"https:\/\/www.federassantas.org.br\/novosite\/#\/schema\/logo\/image\/\"}},{\"@type\":\"Person\",\"@id\":\"https:\/\/www.federassantas.org.br\/novosite\/#\/schema\/person\/75fed98158349313fe56175f232f513c\",\"name\":\"admin-federas\",\"image\":{\"@type\":\"ImageObject\",\"inLanguage\":\"pt-BR\",\"@id\":\"https:\/\/www.federassantas.org.br\/novosite\/#\/schema\/person\/image\/\",\"url\":\"https:\/\/secure.gravatar.com\/avatar\/2a02d7dda59fe8dc6b7ffd3f652e2efede5ccf0dd89dfdc8137c5517f3de8407?s=96&d=mm&r=g\",\"contentUrl\":\"https:\/\/secure.gravatar.com\/avatar\/2a02d7dda59fe8dc6b7ffd3f652e2efede5ccf0dd89dfdc8137c5517f3de8407?s=96&d=mm&r=g\",\"caption\":\"admin-federas\"},\"sameAs\":[\"https:\/\/www.federassantas.org.br\/novosite\/\"],\"url\":\"https:\/\/www.federassantas.org.br\/novosite\/author\/admin-federas\/\"}]}<\/script>\n<!-- \/ Yoast SEO plugin. -->","yoast_head_json":{"title":"A forma\u00e7\u00e3o de pre\u00e7os na sa\u00fade - Federassantas","robots":{"index":"index","follow":"follow","max-snippet":"max-snippet:-1","max-image-preview":"max-image-preview:large","max-video-preview":"max-video-preview:-1"},"canonical":"https:\/\/www.federassantas.org.br\/novosite\/a-formacao-de-precos-na-saude\/","og_locale":"pt_BR","og_type":"article","og_title":"A forma\u00e7\u00e3o de pre\u00e7os na sa\u00fade - Federassantas","og_description":"Por:\u00a0Lu\u00eds Santin &#8211; Consultor em Gest\u00e3o em Sa\u00fade da GESTI SOLU\u00c7\u00d5ES Qual o peso maior na forma\u00e7\u00e3o dos pre\u00e7os? Mercado ou os Custos? Quando falamos em forma\u00e7\u00e3o de pre\u00e7os de servi\u00e7os hospitalares, temos que analisar sempre tr\u00eas tipos de clientes \u2013 os Conv\u00eanios, os Particulares e o SUS. Muitos gestores das institui\u00e7\u00f5es de sa\u00fade, quando [&hellip;]","og_url":"https:\/\/www.federassantas.org.br\/novosite\/a-formacao-de-precos-na-saude\/","og_site_name":"Federassantas","article_published_time":"2018-07-06T15:11:42+00:00","author":"admin-federas","twitter_card":"summary_large_image","twitter_misc":{"Escrito por":"admin-federas","Est. tempo de leitura":"3 minutos"},"schema":{"@context":"https:\/\/schema.org","@graph":[{"@type":"Article","@id":"https:\/\/www.federassantas.org.br\/novosite\/a-formacao-de-precos-na-saude\/#article","isPartOf":{"@id":"https:\/\/www.federassantas.org.br\/novosite\/a-formacao-de-precos-na-saude\/"},"author":{"name":"admin-federas","@id":"https:\/\/www.federassantas.org.br\/novosite\/#\/schema\/person\/75fed98158349313fe56175f232f513c"},"headline":"A forma\u00e7\u00e3o de pre\u00e7os na sa\u00fade","datePublished":"2018-07-06T15:11:42+00:00","mainEntityOfPage":{"@id":"https:\/\/www.federassantas.org.br\/novosite\/a-formacao-de-precos-na-saude\/"},"wordCount":575,"commentCount":0,"publisher":{"@id":"https:\/\/www.federassantas.org.br\/novosite\/#organization"},"image":{"@id":"https:\/\/www.federassantas.org.br\/novosite\/a-formacao-de-precos-na-saude\/#primaryimage"},"thumbnailUrl":"","articleSection":["Empresas Parceiras","Not\u00edcias"],"inLanguage":"pt-BR","potentialAction":[{"@type":"CommentAction","name":"Comment","target":["https:\/\/www.federassantas.org.br\/novosite\/a-formacao-de-precos-na-saude\/#respond"]}]},{"@type":"WebPage","@id":"https:\/\/www.federassantas.org.br\/novosite\/a-formacao-de-precos-na-saude\/","url":"https:\/\/www.federassantas.org.br\/novosite\/a-formacao-de-precos-na-saude\/","name":"A forma\u00e7\u00e3o de pre\u00e7os na sa\u00fade - Federassantas","isPartOf":{"@id":"https:\/\/www.federassantas.org.br\/novosite\/#website"},"primaryImageOfPage":{"@id":"https:\/\/www.federassantas.org.br\/novosite\/a-formacao-de-precos-na-saude\/#primaryimage"},"image":{"@id":"https:\/\/www.federassantas.org.br\/novosite\/a-formacao-de-precos-na-saude\/#primaryimage"},"thumbnailUrl":"","datePublished":"2018-07-06T15:11:42+00:00","breadcrumb":{"@id":"https:\/\/www.federassantas.org.br\/novosite\/a-formacao-de-precos-na-saude\/#breadcrumb"},"inLanguage":"pt-BR","potentialAction":[{"@type":"ReadAction","target":["https:\/\/www.federassantas.org.br\/novosite\/a-formacao-de-precos-na-saude\/"]}]},{"@type":"ImageObject","inLanguage":"pt-BR","@id":"https:\/\/www.federassantas.org.br\/novosite\/a-formacao-de-precos-na-saude\/#primaryimage","url":"","contentUrl":""},{"@type":"BreadcrumbList","@id":"https:\/\/www.federassantas.org.br\/novosite\/a-formacao-de-precos-na-saude\/#breadcrumb","itemListElement":[{"@type":"ListItem","position":1,"name":"In\u00edcio","item":"https:\/\/www.federassantas.org.br\/novosite\/"},{"@type":"ListItem","position":2,"name":"A forma\u00e7\u00e3o de pre\u00e7os na sa\u00fade"}]},{"@type":"WebSite","@id":"https:\/\/www.federassantas.org.br\/novosite\/#website","url":"https:\/\/www.federassantas.org.br\/novosite\/","name":"Federassantas","description":"Entidade de representa\u00e7\u00e3o e fortalecimento das Santas Casas, hospitais filantr\u00f3picos e entidades beneficentes de sa\u00fade de Minas Gerais, atuando na defesa institucional, qualifica\u00e7\u00e3o da gest\u00e3o e sustentabilidade do setor.","publisher":{"@id":"https:\/\/www.federassantas.org.br\/novosite\/#organization"},"potentialAction":[{"@type":"SearchAction","target":{"@type":"EntryPoint","urlTemplate":"https:\/\/www.federassantas.org.br\/novosite\/?s={search_term_string}"},"query-input":{"@type":"PropertyValueSpecification","valueRequired":true,"valueName":"search_term_string"}}],"inLanguage":"pt-BR"},{"@type":"Organization","@id":"https:\/\/www.federassantas.org.br\/novosite\/#organization","name":"Federassantas","url":"https:\/\/www.federassantas.org.br\/novosite\/","logo":{"@type":"ImageObject","inLanguage":"pt-BR","@id":"https:\/\/www.federassantas.org.br\/novosite\/#\/schema\/logo\/image\/","url":"https:\/\/www.federassantas.org.br\/novosite\/wp-content\/uploads\/2021\/12\/logo.png","contentUrl":"https:\/\/www.federassantas.org.br\/novosite\/wp-content\/uploads\/2021\/12\/logo.png","width":243,"height":59,"caption":"Federassantas"},"image":{"@id":"https:\/\/www.federassantas.org.br\/novosite\/#\/schema\/logo\/image\/"}},{"@type":"Person","@id":"https:\/\/www.federassantas.org.br\/novosite\/#\/schema\/person\/75fed98158349313fe56175f232f513c","name":"admin-federas","image":{"@type":"ImageObject","inLanguage":"pt-BR","@id":"https:\/\/www.federassantas.org.br\/novosite\/#\/schema\/person\/image\/","url":"https:\/\/secure.gravatar.com\/avatar\/2a02d7dda59fe8dc6b7ffd3f652e2efede5ccf0dd89dfdc8137c5517f3de8407?s=96&d=mm&r=g","contentUrl":"https:\/\/secure.gravatar.com\/avatar\/2a02d7dda59fe8dc6b7ffd3f652e2efede5ccf0dd89dfdc8137c5517f3de8407?s=96&d=mm&r=g","caption":"admin-federas"},"sameAs":["https:\/\/www.federassantas.org.br\/novosite\/"],"url":"https:\/\/www.federassantas.org.br\/novosite\/author\/admin-federas\/"}]}},"_links":{"self":[{"href":"https:\/\/www.federassantas.org.br\/novosite\/wp-json\/wp\/v2\/posts\/13194","targetHints":{"allow":["GET"]}}],"collection":[{"href":"https:\/\/www.federassantas.org.br\/novosite\/wp-json\/wp\/v2\/posts"}],"about":[{"href":"https:\/\/www.federassantas.org.br\/novosite\/wp-json\/wp\/v2\/types\/post"}],"author":[{"embeddable":true,"href":"https:\/\/www.federassantas.org.br\/novosite\/wp-json\/wp\/v2\/users\/1"}],"replies":[{"embeddable":true,"href":"https:\/\/www.federassantas.org.br\/novosite\/wp-json\/wp\/v2\/comments?post=13194"}],"version-history":[{"count":0,"href":"https:\/\/www.federassantas.org.br\/novosite\/wp-json\/wp\/v2\/posts\/13194\/revisions"}],"wp:attachment":[{"href":"https:\/\/www.federassantas.org.br\/novosite\/wp-json\/wp\/v2\/media?parent=13194"}],"wp:term":[{"taxonomy":"category","embeddable":true,"href":"https:\/\/www.federassantas.org.br\/novosite\/wp-json\/wp\/v2\/categories?post=13194"},{"taxonomy":"post_tag","embeddable":true,"href":"https:\/\/www.federassantas.org.br\/novosite\/wp-json\/wp\/v2\/tags?post=13194"}],"curies":[{"name":"wp","href":"https:\/\/api.w.org\/{rel}","templated":true}]}}