{"id":13198,"date":"2018-07-09T15:09:55","date_gmt":"2018-07-09T18:09:55","guid":{"rendered":"https:\/\/federasbackup.meltcomunicacao.com.br\/?p=13198"},"modified":"2018-07-09T15:09:55","modified_gmt":"2018-07-09T18:09:55","slug":"planos-de-saude-ressarciram-sus-em-r-358-milhoes-no-primeiro-semestre","status":"publish","type":"post","link":"https:\/\/www.federassantas.org.br\/novosite\/planos-de-saude-ressarciram-sus-em-r-358-milhoes-no-primeiro-semestre\/","title":{"rendered":"Planos de sa\u00fade ressarciram SUS em R$ 358 milh\u00f5es no primeiro semestre"},"content":{"rendered":"<p>Os planos de sa\u00fade brasileiros tiveram que ressarcir o Sistema \u00danico de Sa\u00fade (SUS) em R$ 358 milh\u00f5es no primeiro semestre do ano. O valor, arrecadado pela Ag\u00eancia Nacional de Sa\u00fade Suplementar (ANS), que \u00e9 a ag\u00eancia reguladora das operadoras de planos de sa\u00fade, \u00e9 repassado ao Fundo Nacional de Sa\u00fade.<\/p>\n<p>O ressarcimento ao Sistema \u00danico de Sa\u00fade, estabelecido pela Lei 9.656 de 1998, \u00e9 uma obriga\u00e7\u00e3o das operadoras de restituir despesas com os benefici\u00e1rios do SUS que estejam cobertos pelos respectivos planos.<\/p>\n<p>Saiba mais em:\u00a0<a href=\"http:\/\/hojeemdia.com.br\/horizontes\/planos-de-sa%C3%BAde-ressarciram-sus-em-r-358-milh%C3%B5es-no-primeiro-semestre-1.637187\">http:\/\/hojeemdia.com.br\/horizontes\/planos-de-sa%C3%BAde-ressarciram-sus-em-r-358-milh%C3%B5es-no-primeiro-semestre-1.637187<\/a><\/p>\n","protected":false},"excerpt":{"rendered":"<p>Os planos de sa\u00fade brasileiros tiveram que ressarcir o Sistema \u00danico de Sa\u00fade (SUS) em R$ 358 milh\u00f5es no primeiro semestre do ano. O valor, arrecadado pela Ag\u00eancia Nacional de Sa\u00fade Suplementar (ANS), que \u00e9 a ag\u00eancia reguladora das operadoras de planos de sa\u00fade, \u00e9 repassado ao Fundo Nacional de Sa\u00fade. O ressarcimento ao Sistema [&hellip;]<\/p>\n","protected":false},"author":1,"featured_media":13199,"comment_status":"open","ping_status":"open","sticky":false,"template":"","format":"standard","meta":{"footnotes":""},"categories":[140,143],"tags":[],"class_list":["post-13198","post","type-post","status-publish","format-standard","has-post-thumbnail","hentry","category-noticias","category-noticias-publicas"],"yoast_head":"<!-- This site is optimized with the Yoast SEO plugin v26.9 - https:\/\/yoast.com\/product\/yoast-seo-wordpress\/ -->\n<title>Planos de sa\u00fade ressarciram SUS em R$ 358 milh\u00f5es no primeiro semestre - Federassantas<\/title>\n<meta name=\"robots\" content=\"index, follow, max-snippet:-1, max-image-preview:large, max-video-preview:-1\" \/>\n<link rel=\"canonical\" href=\"https:\/\/www.federassantas.org.br\/novosite\/planos-de-saude-ressarciram-sus-em-r-358-milhoes-no-primeiro-semestre\/\" \/>\n<meta property=\"og:locale\" content=\"pt_BR\" \/>\n<meta property=\"og:type\" content=\"article\" \/>\n<meta property=\"og:title\" content=\"Planos de sa\u00fade ressarciram SUS em R$ 358 milh\u00f5es no primeiro semestre - Federassantas\" \/>\n<meta property=\"og:description\" content=\"Os planos de sa\u00fade brasileiros tiveram que ressarcir o Sistema \u00danico de Sa\u00fade (SUS) em R$ 358 milh\u00f5es no primeiro semestre do ano. O valor, arrecadado pela Ag\u00eancia Nacional de Sa\u00fade Suplementar (ANS), que \u00e9 a ag\u00eancia reguladora das operadoras de planos de sa\u00fade, \u00e9 repassado ao Fundo Nacional de Sa\u00fade. O ressarcimento ao Sistema [&hellip;]\" \/>\n<meta property=\"og:url\" content=\"https:\/\/www.federassantas.org.br\/novosite\/planos-de-saude-ressarciram-sus-em-r-358-milhoes-no-primeiro-semestre\/\" \/>\n<meta property=\"og:site_name\" content=\"Federassantas\" \/>\n<meta property=\"article:published_time\" content=\"2018-07-09T18:09:55+00:00\" \/>\n<meta name=\"author\" content=\"admin-federas\" \/>\n<meta name=\"twitter:card\" content=\"summary_large_image\" \/>\n<meta name=\"twitter:label1\" content=\"Escrito por\" \/>\n\t<meta name=\"twitter:data1\" content=\"admin-federas\" \/>\n\t<meta name=\"twitter:label2\" content=\"Est. tempo de leitura\" \/>\n\t<meta name=\"twitter:data2\" content=\"1 minuto\" \/>\n<script type=\"application\/ld+json\" class=\"yoast-schema-graph\">{\"@context\":\"https:\/\/schema.org\",\"@graph\":[{\"@type\":\"Article\",\"@id\":\"https:\/\/www.federassantas.org.br\/novosite\/planos-de-saude-ressarciram-sus-em-r-358-milhoes-no-primeiro-semestre\/#article\",\"isPartOf\":{\"@id\":\"https:\/\/www.federassantas.org.br\/novosite\/planos-de-saude-ressarciram-sus-em-r-358-milhoes-no-primeiro-semestre\/\"},\"author\":{\"name\":\"admin-federas\",\"@id\":\"https:\/\/www.federassantas.org.br\/novosite\/#\/schema\/person\/75fed98158349313fe56175f232f513c\"},\"headline\":\"Planos de sa\u00fade ressarciram SUS em R$ 358 milh\u00f5es no primeiro semestre\",\"datePublished\":\"2018-07-09T18:09:55+00:00\",\"mainEntityOfPage\":{\"@id\":\"https:\/\/www.federassantas.org.br\/novosite\/planos-de-saude-ressarciram-sus-em-r-358-milhoes-no-primeiro-semestre\/\"},\"wordCount\":116,\"commentCount\":0,\"publisher\":{\"@id\":\"https:\/\/www.federassantas.org.br\/novosite\/#organization\"},\"image\":{\"@id\":\"https:\/\/www.federassantas.org.br\/novosite\/planos-de-saude-ressarciram-sus-em-r-358-milhoes-no-primeiro-semestre\/#primaryimage\"},\"thumbnailUrl\":\"\",\"articleSection\":[\"Not\u00edcias\",\"Not\u00edcias P\u00fablicas\"],\"inLanguage\":\"pt-BR\",\"potentialAction\":[{\"@type\":\"CommentAction\",\"name\":\"Comment\",\"target\":[\"https:\/\/www.federassantas.org.br\/novosite\/planos-de-saude-ressarciram-sus-em-r-358-milhoes-no-primeiro-semestre\/#respond\"]}]},{\"@type\":\"WebPage\",\"@id\":\"https:\/\/www.federassantas.org.br\/novosite\/planos-de-saude-ressarciram-sus-em-r-358-milhoes-no-primeiro-semestre\/\",\"url\":\"https:\/\/www.federassantas.org.br\/novosite\/planos-de-saude-ressarciram-sus-em-r-358-milhoes-no-primeiro-semestre\/\",\"name\":\"Planos de sa\u00fade ressarciram SUS em R$ 358 milh\u00f5es no primeiro semestre - Federassantas\",\"isPartOf\":{\"@id\":\"https:\/\/www.federassantas.org.br\/novosite\/#website\"},\"primaryImageOfPage\":{\"@id\":\"https:\/\/www.federassantas.org.br\/novosite\/planos-de-saude-ressarciram-sus-em-r-358-milhoes-no-primeiro-semestre\/#primaryimage\"},\"image\":{\"@id\":\"https:\/\/www.federassantas.org.br\/novosite\/planos-de-saude-ressarciram-sus-em-r-358-milhoes-no-primeiro-semestre\/#primaryimage\"},\"thumbnailUrl\":\"\",\"datePublished\":\"2018-07-09T18:09:55+00:00\",\"breadcrumb\":{\"@id\":\"https:\/\/www.federassantas.org.br\/novosite\/planos-de-saude-ressarciram-sus-em-r-358-milhoes-no-primeiro-semestre\/#breadcrumb\"},\"inLanguage\":\"pt-BR\",\"potentialAction\":[{\"@type\":\"ReadAction\",\"target\":[\"https:\/\/www.federassantas.org.br\/novosite\/planos-de-saude-ressarciram-sus-em-r-358-milhoes-no-primeiro-semestre\/\"]}]},{\"@type\":\"ImageObject\",\"inLanguage\":\"pt-BR\",\"@id\":\"https:\/\/www.federassantas.org.br\/novosite\/planos-de-saude-ressarciram-sus-em-r-358-milhoes-no-primeiro-semestre\/#primaryimage\",\"url\":\"\",\"contentUrl\":\"\"},{\"@type\":\"BreadcrumbList\",\"@id\":\"https:\/\/www.federassantas.org.br\/novosite\/planos-de-saude-ressarciram-sus-em-r-358-milhoes-no-primeiro-semestre\/#breadcrumb\",\"itemListElement\":[{\"@type\":\"ListItem\",\"position\":1,\"name\":\"In\u00edcio\",\"item\":\"https:\/\/www.federassantas.org.br\/novosite\/\"},{\"@type\":\"ListItem\",\"position\":2,\"name\":\"Planos de sa\u00fade ressarciram SUS em R$ 358 milh\u00f5es no primeiro semestre\"}]},{\"@type\":\"WebSite\",\"@id\":\"https:\/\/www.federassantas.org.br\/novosite\/#website\",\"url\":\"https:\/\/www.federassantas.org.br\/novosite\/\",\"name\":\"Federassantas\",\"description\":\"Entidade de representa\u00e7\u00e3o e fortalecimento das Santas Casas, hospitais filantr\u00f3picos e entidades beneficentes de sa\u00fade de Minas Gerais, atuando na defesa institucional, qualifica\u00e7\u00e3o da gest\u00e3o e sustentabilidade do setor.\",\"publisher\":{\"@id\":\"https:\/\/www.federassantas.org.br\/novosite\/#organization\"},\"potentialAction\":[{\"@type\":\"SearchAction\",\"target\":{\"@type\":\"EntryPoint\",\"urlTemplate\":\"https:\/\/www.federassantas.org.br\/novosite\/?s={search_term_string}\"},\"query-input\":{\"@type\":\"PropertyValueSpecification\",\"valueRequired\":true,\"valueName\":\"search_term_string\"}}],\"inLanguage\":\"pt-BR\"},{\"@type\":\"Organization\",\"@id\":\"https:\/\/www.federassantas.org.br\/novosite\/#organization\",\"name\":\"Federassantas\",\"url\":\"https:\/\/www.federassantas.org.br\/novosite\/\",\"logo\":{\"@type\":\"ImageObject\",\"inLanguage\":\"pt-BR\",\"@id\":\"https:\/\/www.federassantas.org.br\/novosite\/#\/schema\/logo\/image\/\",\"url\":\"https:\/\/www.federassantas.org.br\/novosite\/wp-content\/uploads\/2021\/12\/logo.png\",\"contentUrl\":\"https:\/\/www.federassantas.org.br\/novosite\/wp-content\/uploads\/2021\/12\/logo.png\",\"width\":243,\"height\":59,\"caption\":\"Federassantas\"},\"image\":{\"@id\":\"https:\/\/www.federassantas.org.br\/novosite\/#\/schema\/logo\/image\/\"}},{\"@type\":\"Person\",\"@id\":\"https:\/\/www.federassantas.org.br\/novosite\/#\/schema\/person\/75fed98158349313fe56175f232f513c\",\"name\":\"admin-federas\",\"image\":{\"@type\":\"ImageObject\",\"inLanguage\":\"pt-BR\",\"@id\":\"https:\/\/www.federassantas.org.br\/novosite\/#\/schema\/person\/image\/\",\"url\":\"https:\/\/secure.gravatar.com\/avatar\/2a02d7dda59fe8dc6b7ffd3f652e2efede5ccf0dd89dfdc8137c5517f3de8407?s=96&d=mm&r=g\",\"contentUrl\":\"https:\/\/secure.gravatar.com\/avatar\/2a02d7dda59fe8dc6b7ffd3f652e2efede5ccf0dd89dfdc8137c5517f3de8407?s=96&d=mm&r=g\",\"caption\":\"admin-federas\"},\"sameAs\":[\"https:\/\/www.federassantas.org.br\/novosite\/\"],\"url\":\"https:\/\/www.federassantas.org.br\/novosite\/author\/admin-federas\/\"}]}<\/script>\n<!-- \/ Yoast SEO plugin. -->","yoast_head_json":{"title":"Planos de sa\u00fade ressarciram SUS em R$ 358 milh\u00f5es no primeiro semestre - Federassantas","robots":{"index":"index","follow":"follow","max-snippet":"max-snippet:-1","max-image-preview":"max-image-preview:large","max-video-preview":"max-video-preview:-1"},"canonical":"https:\/\/www.federassantas.org.br\/novosite\/planos-de-saude-ressarciram-sus-em-r-358-milhoes-no-primeiro-semestre\/","og_locale":"pt_BR","og_type":"article","og_title":"Planos de sa\u00fade ressarciram SUS em R$ 358 milh\u00f5es no primeiro semestre - Federassantas","og_description":"Os planos de sa\u00fade brasileiros tiveram que ressarcir o Sistema \u00danico de Sa\u00fade (SUS) em R$ 358 milh\u00f5es no primeiro semestre do ano. O valor, arrecadado pela Ag\u00eancia Nacional de Sa\u00fade Suplementar (ANS), que \u00e9 a ag\u00eancia reguladora das operadoras de planos de sa\u00fade, \u00e9 repassado ao Fundo Nacional de Sa\u00fade. O ressarcimento ao Sistema [&hellip;]","og_url":"https:\/\/www.federassantas.org.br\/novosite\/planos-de-saude-ressarciram-sus-em-r-358-milhoes-no-primeiro-semestre\/","og_site_name":"Federassantas","article_published_time":"2018-07-09T18:09:55+00:00","author":"admin-federas","twitter_card":"summary_large_image","twitter_misc":{"Escrito por":"admin-federas","Est. tempo de leitura":"1 minuto"},"schema":{"@context":"https:\/\/schema.org","@graph":[{"@type":"Article","@id":"https:\/\/www.federassantas.org.br\/novosite\/planos-de-saude-ressarciram-sus-em-r-358-milhoes-no-primeiro-semestre\/#article","isPartOf":{"@id":"https:\/\/www.federassantas.org.br\/novosite\/planos-de-saude-ressarciram-sus-em-r-358-milhoes-no-primeiro-semestre\/"},"author":{"name":"admin-federas","@id":"https:\/\/www.federassantas.org.br\/novosite\/#\/schema\/person\/75fed98158349313fe56175f232f513c"},"headline":"Planos de sa\u00fade ressarciram SUS em R$ 358 milh\u00f5es no primeiro semestre","datePublished":"2018-07-09T18:09:55+00:00","mainEntityOfPage":{"@id":"https:\/\/www.federassantas.org.br\/novosite\/planos-de-saude-ressarciram-sus-em-r-358-milhoes-no-primeiro-semestre\/"},"wordCount":116,"commentCount":0,"publisher":{"@id":"https:\/\/www.federassantas.org.br\/novosite\/#organization"},"image":{"@id":"https:\/\/www.federassantas.org.br\/novosite\/planos-de-saude-ressarciram-sus-em-r-358-milhoes-no-primeiro-semestre\/#primaryimage"},"thumbnailUrl":"","articleSection":["Not\u00edcias","Not\u00edcias P\u00fablicas"],"inLanguage":"pt-BR","potentialAction":[{"@type":"CommentAction","name":"Comment","target":["https:\/\/www.federassantas.org.br\/novosite\/planos-de-saude-ressarciram-sus-em-r-358-milhoes-no-primeiro-semestre\/#respond"]}]},{"@type":"WebPage","@id":"https:\/\/www.federassantas.org.br\/novosite\/planos-de-saude-ressarciram-sus-em-r-358-milhoes-no-primeiro-semestre\/","url":"https:\/\/www.federassantas.org.br\/novosite\/planos-de-saude-ressarciram-sus-em-r-358-milhoes-no-primeiro-semestre\/","name":"Planos de sa\u00fade ressarciram SUS em R$ 358 milh\u00f5es no primeiro semestre - Federassantas","isPartOf":{"@id":"https:\/\/www.federassantas.org.br\/novosite\/#website"},"primaryImageOfPage":{"@id":"https:\/\/www.federassantas.org.br\/novosite\/planos-de-saude-ressarciram-sus-em-r-358-milhoes-no-primeiro-semestre\/#primaryimage"},"image":{"@id":"https:\/\/www.federassantas.org.br\/novosite\/planos-de-saude-ressarciram-sus-em-r-358-milhoes-no-primeiro-semestre\/#primaryimage"},"thumbnailUrl":"","datePublished":"2018-07-09T18:09:55+00:00","breadcrumb":{"@id":"https:\/\/www.federassantas.org.br\/novosite\/planos-de-saude-ressarciram-sus-em-r-358-milhoes-no-primeiro-semestre\/#breadcrumb"},"inLanguage":"pt-BR","potentialAction":[{"@type":"ReadAction","target":["https:\/\/www.federassantas.org.br\/novosite\/planos-de-saude-ressarciram-sus-em-r-358-milhoes-no-primeiro-semestre\/"]}]},{"@type":"ImageObject","inLanguage":"pt-BR","@id":"https:\/\/www.federassantas.org.br\/novosite\/planos-de-saude-ressarciram-sus-em-r-358-milhoes-no-primeiro-semestre\/#primaryimage","url":"","contentUrl":""},{"@type":"BreadcrumbList","@id":"https:\/\/www.federassantas.org.br\/novosite\/planos-de-saude-ressarciram-sus-em-r-358-milhoes-no-primeiro-semestre\/#breadcrumb","itemListElement":[{"@type":"ListItem","position":1,"name":"In\u00edcio","item":"https:\/\/www.federassantas.org.br\/novosite\/"},{"@type":"ListItem","position":2,"name":"Planos de sa\u00fade ressarciram SUS em R$ 358 milh\u00f5es no primeiro semestre"}]},{"@type":"WebSite","@id":"https:\/\/www.federassantas.org.br\/novosite\/#website","url":"https:\/\/www.federassantas.org.br\/novosite\/","name":"Federassantas","description":"Entidade de representa\u00e7\u00e3o e fortalecimento das Santas Casas, hospitais filantr\u00f3picos e entidades beneficentes de sa\u00fade de Minas Gerais, atuando na defesa institucional, qualifica\u00e7\u00e3o da gest\u00e3o e sustentabilidade do setor.","publisher":{"@id":"https:\/\/www.federassantas.org.br\/novosite\/#organization"},"potentialAction":[{"@type":"SearchAction","target":{"@type":"EntryPoint","urlTemplate":"https:\/\/www.federassantas.org.br\/novosite\/?s={search_term_string}"},"query-input":{"@type":"PropertyValueSpecification","valueRequired":true,"valueName":"search_term_string"}}],"inLanguage":"pt-BR"},{"@type":"Organization","@id":"https:\/\/www.federassantas.org.br\/novosite\/#organization","name":"Federassantas","url":"https:\/\/www.federassantas.org.br\/novosite\/","logo":{"@type":"ImageObject","inLanguage":"pt-BR","@id":"https:\/\/www.federassantas.org.br\/novosite\/#\/schema\/logo\/image\/","url":"https:\/\/www.federassantas.org.br\/novosite\/wp-content\/uploads\/2021\/12\/logo.png","contentUrl":"https:\/\/www.federassantas.org.br\/novosite\/wp-content\/uploads\/2021\/12\/logo.png","width":243,"height":59,"caption":"Federassantas"},"image":{"@id":"https:\/\/www.federassantas.org.br\/novosite\/#\/schema\/logo\/image\/"}},{"@type":"Person","@id":"https:\/\/www.federassantas.org.br\/novosite\/#\/schema\/person\/75fed98158349313fe56175f232f513c","name":"admin-federas","image":{"@type":"ImageObject","inLanguage":"pt-BR","@id":"https:\/\/www.federassantas.org.br\/novosite\/#\/schema\/person\/image\/","url":"https:\/\/secure.gravatar.com\/avatar\/2a02d7dda59fe8dc6b7ffd3f652e2efede5ccf0dd89dfdc8137c5517f3de8407?s=96&d=mm&r=g","contentUrl":"https:\/\/secure.gravatar.com\/avatar\/2a02d7dda59fe8dc6b7ffd3f652e2efede5ccf0dd89dfdc8137c5517f3de8407?s=96&d=mm&r=g","caption":"admin-federas"},"sameAs":["https:\/\/www.federassantas.org.br\/novosite\/"],"url":"https:\/\/www.federassantas.org.br\/novosite\/author\/admin-federas\/"}]}},"_links":{"self":[{"href":"https:\/\/www.federassantas.org.br\/novosite\/wp-json\/wp\/v2\/posts\/13198","targetHints":{"allow":["GET"]}}],"collection":[{"href":"https:\/\/www.federassantas.org.br\/novosite\/wp-json\/wp\/v2\/posts"}],"about":[{"href":"https:\/\/www.federassantas.org.br\/novosite\/wp-json\/wp\/v2\/types\/post"}],"author":[{"embeddable":true,"href":"https:\/\/www.federassantas.org.br\/novosite\/wp-json\/wp\/v2\/users\/1"}],"replies":[{"embeddable":true,"href":"https:\/\/www.federassantas.org.br\/novosite\/wp-json\/wp\/v2\/comments?post=13198"}],"version-history":[{"count":0,"href":"https:\/\/www.federassantas.org.br\/novosite\/wp-json\/wp\/v2\/posts\/13198\/revisions"}],"wp:attachment":[{"href":"https:\/\/www.federassantas.org.br\/novosite\/wp-json\/wp\/v2\/media?parent=13198"}],"wp:term":[{"taxonomy":"category","embeddable":true,"href":"https:\/\/www.federassantas.org.br\/novosite\/wp-json\/wp\/v2\/categories?post=13198"},{"taxonomy":"post_tag","embeddable":true,"href":"https:\/\/www.federassantas.org.br\/novosite\/wp-json\/wp\/v2\/tags?post=13198"}],"curies":[{"name":"wp","href":"https:\/\/api.w.org\/{rel}","templated":true}]}}