{"id":13230,"date":"2018-07-10T17:32:20","date_gmt":"2018-07-10T20:32:20","guid":{"rendered":"https:\/\/federasbackup.meltcomunicacao.com.br\/?p=13230"},"modified":"2018-07-10T17:32:20","modified_gmt":"2018-07-10T20:32:20","slug":"saiba-quais-doencas-estavam-extintas-mas-voltaram-a-ameacar-o-brasil","status":"publish","type":"post","link":"https:\/\/www.federassantas.org.br\/novosite\/saiba-quais-doencas-estavam-extintas-mas-voltaram-a-ameacar-o-brasil\/","title":{"rendered":"Saiba quais doen\u00e7as estavam extintas mas voltaram a amea\u00e7ar o Brasil"},"content":{"rendered":"<p>Os primeiros sinais de queda nas coberturas vacinais em todo o pa\u00eds come\u00e7aram a aparecer ainda em 2016. De l\u00e1 para c\u00e1, doen\u00e7as j\u00e1 erradicadas voltaram a ser motivo de preocupa\u00e7\u00e3o entre autoridades sanit\u00e1rias e profissionais de sa\u00fade.<\/p>\n<div>Confira as principais doen\u00e7as que ensaiam um retorno ao Brasil caso as taxas de vacina\u00e7\u00e3o n\u00e3o sejam ampliadas.<\/div>\n<h5><strong>Sarampo<\/strong><\/h5>\n<div>Os sintomas incluem febre alta acima de 38,5\u00b0C; erup\u00e7\u00f5es na pele; tosse; coriza; conjuntivite; e manchas brancas que aparecem na mucosa bucal.<\/div>\n<h5><strong>Poliomielite<\/strong><\/h5>\n<div>A maior parte das infec\u00e7\u00f5es apresenta poucos sintomas e h\u00e1 semelhan\u00e7as com as infec\u00e7\u00f5es respirat\u00f3rias como febre e dor de garganta, al\u00e9m das gastrointestinais, n\u00e1usea, v\u00f4mito e pris\u00e3o de ventre.<\/div>\n<h5><strong>Rub\u00e9ola<\/strong><\/h5>\n<div>Os sintomas da rub\u00e9ola incluem febre baixa e incha\u00e7o dos n\u00f3dulos linf\u00e1ticos, acompanhados de exantema.<\/div>\n<h5><strong>Difteria<\/strong><\/h5>\n<div>Doen\u00e7a transmiss\u00edvel aguda causada por bacilo que se aloja nas am\u00edgdalas, na faringe, na laringe, no nariz e, ocasionalmente, em outras mucosas e na pele, com presen\u00e7a de placas branco-acinzentadas.<\/div>\n<div><\/div>\n<div>Leia mais em:\u00a0<a href=\"https:\/\/www.correiobraziliense.com.br\/app\/noticia\/ciencia-e-saude\/2018\/07\/10\/interna_ciencia_saude,694009\/saiba-quais-doencas-estavam-extintas-mas-voltaram-a-ameacar-o-brasil.shtml\">https:\/\/www.correiobraziliense.com.br\/app\/noticia\/ciencia-e-saude\/2018\/07\/10\/interna_ciencia_saude,694009\/saiba-quais-doencas-estavam-extintas-mas-voltaram-a-ameacar-o-brasil.shtml<\/a><\/div>\n","protected":false},"excerpt":{"rendered":"<p>Os primeiros sinais de queda nas coberturas vacinais em todo o pa\u00eds come\u00e7aram a aparecer ainda em 2016. De l\u00e1 para c\u00e1, doen\u00e7as j\u00e1 erradicadas voltaram a ser motivo de preocupa\u00e7\u00e3o entre autoridades sanit\u00e1rias e profissionais de sa\u00fade. Confira as principais doen\u00e7as que ensaiam um retorno ao Brasil caso as taxas de vacina\u00e7\u00e3o n\u00e3o sejam [&hellip;]<\/p>\n","protected":false},"author":1,"featured_media":13233,"comment_status":"open","ping_status":"open","sticky":false,"template":"","format":"standard","meta":{"footnotes":""},"categories":[140],"tags":[],"class_list":["post-13230","post","type-post","status-publish","format-standard","has-post-thumbnail","hentry","category-noticias"],"yoast_head":"<!-- This site is optimized with the Yoast SEO plugin v26.9 - https:\/\/yoast.com\/product\/yoast-seo-wordpress\/ -->\n<title>Saiba quais doen\u00e7as estavam extintas mas voltaram a amea\u00e7ar o Brasil - Federassantas<\/title>\n<meta name=\"robots\" content=\"index, follow, max-snippet:-1, max-image-preview:large, max-video-preview:-1\" \/>\n<link rel=\"canonical\" href=\"https:\/\/www.federassantas.org.br\/novosite\/saiba-quais-doencas-estavam-extintas-mas-voltaram-a-ameacar-o-brasil\/\" \/>\n<meta property=\"og:locale\" content=\"pt_BR\" \/>\n<meta property=\"og:type\" content=\"article\" \/>\n<meta property=\"og:title\" content=\"Saiba quais doen\u00e7as estavam extintas mas voltaram a amea\u00e7ar o Brasil - Federassantas\" \/>\n<meta property=\"og:description\" content=\"Os primeiros sinais de queda nas coberturas vacinais em todo o pa\u00eds come\u00e7aram a aparecer ainda em 2016. De l\u00e1 para c\u00e1, doen\u00e7as j\u00e1 erradicadas voltaram a ser motivo de preocupa\u00e7\u00e3o entre autoridades sanit\u00e1rias e profissionais de sa\u00fade. Confira as principais doen\u00e7as que ensaiam um retorno ao Brasil caso as taxas de vacina\u00e7\u00e3o n\u00e3o sejam [&hellip;]\" \/>\n<meta property=\"og:url\" content=\"https:\/\/www.federassantas.org.br\/novosite\/saiba-quais-doencas-estavam-extintas-mas-voltaram-a-ameacar-o-brasil\/\" \/>\n<meta property=\"og:site_name\" content=\"Federassantas\" \/>\n<meta property=\"article:published_time\" content=\"2018-07-10T20:32:20+00:00\" \/>\n<meta name=\"author\" content=\"admin-federas\" \/>\n<meta name=\"twitter:card\" content=\"summary_large_image\" \/>\n<meta name=\"twitter:label1\" content=\"Escrito por\" \/>\n\t<meta name=\"twitter:data1\" content=\"admin-federas\" \/>\n\t<meta name=\"twitter:label2\" content=\"Est. tempo de leitura\" \/>\n\t<meta name=\"twitter:data2\" content=\"1 minuto\" \/>\n<script type=\"application\/ld+json\" class=\"yoast-schema-graph\">{\"@context\":\"https:\/\/schema.org\",\"@graph\":[{\"@type\":\"Article\",\"@id\":\"https:\/\/www.federassantas.org.br\/novosite\/saiba-quais-doencas-estavam-extintas-mas-voltaram-a-ameacar-o-brasil\/#article\",\"isPartOf\":{\"@id\":\"https:\/\/www.federassantas.org.br\/novosite\/saiba-quais-doencas-estavam-extintas-mas-voltaram-a-ameacar-o-brasil\/\"},\"author\":{\"name\":\"admin-federas\",\"@id\":\"https:\/\/www.federassantas.org.br\/novosite\/#\/schema\/person\/75fed98158349313fe56175f232f513c\"},\"headline\":\"Saiba quais doen\u00e7as estavam extintas mas voltaram a amea\u00e7ar o Brasil\",\"datePublished\":\"2018-07-10T20:32:20+00:00\",\"mainEntityOfPage\":{\"@id\":\"https:\/\/www.federassantas.org.br\/novosite\/saiba-quais-doencas-estavam-extintas-mas-voltaram-a-ameacar-o-brasil\/\"},\"wordCount\":212,\"commentCount\":0,\"publisher\":{\"@id\":\"https:\/\/www.federassantas.org.br\/novosite\/#organization\"},\"image\":{\"@id\":\"https:\/\/www.federassantas.org.br\/novosite\/saiba-quais-doencas-estavam-extintas-mas-voltaram-a-ameacar-o-brasil\/#primaryimage\"},\"thumbnailUrl\":\"\",\"articleSection\":[\"Not\u00edcias\"],\"inLanguage\":\"pt-BR\",\"potentialAction\":[{\"@type\":\"CommentAction\",\"name\":\"Comment\",\"target\":[\"https:\/\/www.federassantas.org.br\/novosite\/saiba-quais-doencas-estavam-extintas-mas-voltaram-a-ameacar-o-brasil\/#respond\"]}]},{\"@type\":\"WebPage\",\"@id\":\"https:\/\/www.federassantas.org.br\/novosite\/saiba-quais-doencas-estavam-extintas-mas-voltaram-a-ameacar-o-brasil\/\",\"url\":\"https:\/\/www.federassantas.org.br\/novosite\/saiba-quais-doencas-estavam-extintas-mas-voltaram-a-ameacar-o-brasil\/\",\"name\":\"Saiba quais doen\u00e7as estavam extintas mas voltaram a amea\u00e7ar o Brasil - Federassantas\",\"isPartOf\":{\"@id\":\"https:\/\/www.federassantas.org.br\/novosite\/#website\"},\"primaryImageOfPage\":{\"@id\":\"https:\/\/www.federassantas.org.br\/novosite\/saiba-quais-doencas-estavam-extintas-mas-voltaram-a-ameacar-o-brasil\/#primaryimage\"},\"image\":{\"@id\":\"https:\/\/www.federassantas.org.br\/novosite\/saiba-quais-doencas-estavam-extintas-mas-voltaram-a-ameacar-o-brasil\/#primaryimage\"},\"thumbnailUrl\":\"\",\"datePublished\":\"2018-07-10T20:32:20+00:00\",\"breadcrumb\":{\"@id\":\"https:\/\/www.federassantas.org.br\/novosite\/saiba-quais-doencas-estavam-extintas-mas-voltaram-a-ameacar-o-brasil\/#breadcrumb\"},\"inLanguage\":\"pt-BR\",\"potentialAction\":[{\"@type\":\"ReadAction\",\"target\":[\"https:\/\/www.federassantas.org.br\/novosite\/saiba-quais-doencas-estavam-extintas-mas-voltaram-a-ameacar-o-brasil\/\"]}]},{\"@type\":\"ImageObject\",\"inLanguage\":\"pt-BR\",\"@id\":\"https:\/\/www.federassantas.org.br\/novosite\/saiba-quais-doencas-estavam-extintas-mas-voltaram-a-ameacar-o-brasil\/#primaryimage\",\"url\":\"\",\"contentUrl\":\"\"},{\"@type\":\"BreadcrumbList\",\"@id\":\"https:\/\/www.federassantas.org.br\/novosite\/saiba-quais-doencas-estavam-extintas-mas-voltaram-a-ameacar-o-brasil\/#breadcrumb\",\"itemListElement\":[{\"@type\":\"ListItem\",\"position\":1,\"name\":\"In\u00edcio\",\"item\":\"https:\/\/www.federassantas.org.br\/novosite\/\"},{\"@type\":\"ListItem\",\"position\":2,\"name\":\"Saiba quais doen\u00e7as estavam extintas mas voltaram a amea\u00e7ar o Brasil\"}]},{\"@type\":\"WebSite\",\"@id\":\"https:\/\/www.federassantas.org.br\/novosite\/#website\",\"url\":\"https:\/\/www.federassantas.org.br\/novosite\/\",\"name\":\"Federassantas\",\"description\":\"Entidade de representa\u00e7\u00e3o e fortalecimento das Santas Casas, hospitais filantr\u00f3picos e entidades beneficentes de sa\u00fade de Minas Gerais, atuando na defesa institucional, qualifica\u00e7\u00e3o da gest\u00e3o e sustentabilidade do setor.\",\"publisher\":{\"@id\":\"https:\/\/www.federassantas.org.br\/novosite\/#organization\"},\"potentialAction\":[{\"@type\":\"SearchAction\",\"target\":{\"@type\":\"EntryPoint\",\"urlTemplate\":\"https:\/\/www.federassantas.org.br\/novosite\/?s={search_term_string}\"},\"query-input\":{\"@type\":\"PropertyValueSpecification\",\"valueRequired\":true,\"valueName\":\"search_term_string\"}}],\"inLanguage\":\"pt-BR\"},{\"@type\":\"Organization\",\"@id\":\"https:\/\/www.federassantas.org.br\/novosite\/#organization\",\"name\":\"Federassantas\",\"url\":\"https:\/\/www.federassantas.org.br\/novosite\/\",\"logo\":{\"@type\":\"ImageObject\",\"inLanguage\":\"pt-BR\",\"@id\":\"https:\/\/www.federassantas.org.br\/novosite\/#\/schema\/logo\/image\/\",\"url\":\"https:\/\/www.federassantas.org.br\/novosite\/wp-content\/uploads\/2021\/12\/logo.png\",\"contentUrl\":\"https:\/\/www.federassantas.org.br\/novosite\/wp-content\/uploads\/2021\/12\/logo.png\",\"width\":243,\"height\":59,\"caption\":\"Federassantas\"},\"image\":{\"@id\":\"https:\/\/www.federassantas.org.br\/novosite\/#\/schema\/logo\/image\/\"}},{\"@type\":\"Person\",\"@id\":\"https:\/\/www.federassantas.org.br\/novosite\/#\/schema\/person\/75fed98158349313fe56175f232f513c\",\"name\":\"admin-federas\",\"image\":{\"@type\":\"ImageObject\",\"inLanguage\":\"pt-BR\",\"@id\":\"https:\/\/www.federassantas.org.br\/novosite\/#\/schema\/person\/image\/\",\"url\":\"https:\/\/secure.gravatar.com\/avatar\/2a02d7dda59fe8dc6b7ffd3f652e2efede5ccf0dd89dfdc8137c5517f3de8407?s=96&d=mm&r=g\",\"contentUrl\":\"https:\/\/secure.gravatar.com\/avatar\/2a02d7dda59fe8dc6b7ffd3f652e2efede5ccf0dd89dfdc8137c5517f3de8407?s=96&d=mm&r=g\",\"caption\":\"admin-federas\"},\"sameAs\":[\"https:\/\/www.federassantas.org.br\/novosite\/\"],\"url\":\"https:\/\/www.federassantas.org.br\/novosite\/author\/admin-federas\/\"}]}<\/script>\n<!-- \/ Yoast SEO plugin. -->","yoast_head_json":{"title":"Saiba quais doen\u00e7as estavam extintas mas voltaram a amea\u00e7ar o Brasil - Federassantas","robots":{"index":"index","follow":"follow","max-snippet":"max-snippet:-1","max-image-preview":"max-image-preview:large","max-video-preview":"max-video-preview:-1"},"canonical":"https:\/\/www.federassantas.org.br\/novosite\/saiba-quais-doencas-estavam-extintas-mas-voltaram-a-ameacar-o-brasil\/","og_locale":"pt_BR","og_type":"article","og_title":"Saiba quais doen\u00e7as estavam extintas mas voltaram a amea\u00e7ar o Brasil - Federassantas","og_description":"Os primeiros sinais de queda nas coberturas vacinais em todo o pa\u00eds come\u00e7aram a aparecer ainda em 2016. De l\u00e1 para c\u00e1, doen\u00e7as j\u00e1 erradicadas voltaram a ser motivo de preocupa\u00e7\u00e3o entre autoridades sanit\u00e1rias e profissionais de sa\u00fade. Confira as principais doen\u00e7as que ensaiam um retorno ao Brasil caso as taxas de vacina\u00e7\u00e3o n\u00e3o sejam [&hellip;]","og_url":"https:\/\/www.federassantas.org.br\/novosite\/saiba-quais-doencas-estavam-extintas-mas-voltaram-a-ameacar-o-brasil\/","og_site_name":"Federassantas","article_published_time":"2018-07-10T20:32:20+00:00","author":"admin-federas","twitter_card":"summary_large_image","twitter_misc":{"Escrito por":"admin-federas","Est. tempo de leitura":"1 minuto"},"schema":{"@context":"https:\/\/schema.org","@graph":[{"@type":"Article","@id":"https:\/\/www.federassantas.org.br\/novosite\/saiba-quais-doencas-estavam-extintas-mas-voltaram-a-ameacar-o-brasil\/#article","isPartOf":{"@id":"https:\/\/www.federassantas.org.br\/novosite\/saiba-quais-doencas-estavam-extintas-mas-voltaram-a-ameacar-o-brasil\/"},"author":{"name":"admin-federas","@id":"https:\/\/www.federassantas.org.br\/novosite\/#\/schema\/person\/75fed98158349313fe56175f232f513c"},"headline":"Saiba quais doen\u00e7as estavam extintas mas voltaram a amea\u00e7ar o Brasil","datePublished":"2018-07-10T20:32:20+00:00","mainEntityOfPage":{"@id":"https:\/\/www.federassantas.org.br\/novosite\/saiba-quais-doencas-estavam-extintas-mas-voltaram-a-ameacar-o-brasil\/"},"wordCount":212,"commentCount":0,"publisher":{"@id":"https:\/\/www.federassantas.org.br\/novosite\/#organization"},"image":{"@id":"https:\/\/www.federassantas.org.br\/novosite\/saiba-quais-doencas-estavam-extintas-mas-voltaram-a-ameacar-o-brasil\/#primaryimage"},"thumbnailUrl":"","articleSection":["Not\u00edcias"],"inLanguage":"pt-BR","potentialAction":[{"@type":"CommentAction","name":"Comment","target":["https:\/\/www.federassantas.org.br\/novosite\/saiba-quais-doencas-estavam-extintas-mas-voltaram-a-ameacar-o-brasil\/#respond"]}]},{"@type":"WebPage","@id":"https:\/\/www.federassantas.org.br\/novosite\/saiba-quais-doencas-estavam-extintas-mas-voltaram-a-ameacar-o-brasil\/","url":"https:\/\/www.federassantas.org.br\/novosite\/saiba-quais-doencas-estavam-extintas-mas-voltaram-a-ameacar-o-brasil\/","name":"Saiba quais doen\u00e7as estavam extintas mas voltaram a amea\u00e7ar o Brasil - Federassantas","isPartOf":{"@id":"https:\/\/www.federassantas.org.br\/novosite\/#website"},"primaryImageOfPage":{"@id":"https:\/\/www.federassantas.org.br\/novosite\/saiba-quais-doencas-estavam-extintas-mas-voltaram-a-ameacar-o-brasil\/#primaryimage"},"image":{"@id":"https:\/\/www.federassantas.org.br\/novosite\/saiba-quais-doencas-estavam-extintas-mas-voltaram-a-ameacar-o-brasil\/#primaryimage"},"thumbnailUrl":"","datePublished":"2018-07-10T20:32:20+00:00","breadcrumb":{"@id":"https:\/\/www.federassantas.org.br\/novosite\/saiba-quais-doencas-estavam-extintas-mas-voltaram-a-ameacar-o-brasil\/#breadcrumb"},"inLanguage":"pt-BR","potentialAction":[{"@type":"ReadAction","target":["https:\/\/www.federassantas.org.br\/novosite\/saiba-quais-doencas-estavam-extintas-mas-voltaram-a-ameacar-o-brasil\/"]}]},{"@type":"ImageObject","inLanguage":"pt-BR","@id":"https:\/\/www.federassantas.org.br\/novosite\/saiba-quais-doencas-estavam-extintas-mas-voltaram-a-ameacar-o-brasil\/#primaryimage","url":"","contentUrl":""},{"@type":"BreadcrumbList","@id":"https:\/\/www.federassantas.org.br\/novosite\/saiba-quais-doencas-estavam-extintas-mas-voltaram-a-ameacar-o-brasil\/#breadcrumb","itemListElement":[{"@type":"ListItem","position":1,"name":"In\u00edcio","item":"https:\/\/www.federassantas.org.br\/novosite\/"},{"@type":"ListItem","position":2,"name":"Saiba quais doen\u00e7as estavam extintas mas voltaram a amea\u00e7ar o Brasil"}]},{"@type":"WebSite","@id":"https:\/\/www.federassantas.org.br\/novosite\/#website","url":"https:\/\/www.federassantas.org.br\/novosite\/","name":"Federassantas","description":"Entidade de representa\u00e7\u00e3o e fortalecimento das Santas Casas, hospitais filantr\u00f3picos e entidades beneficentes de sa\u00fade de Minas Gerais, atuando na defesa institucional, qualifica\u00e7\u00e3o da gest\u00e3o e sustentabilidade do setor.","publisher":{"@id":"https:\/\/www.federassantas.org.br\/novosite\/#organization"},"potentialAction":[{"@type":"SearchAction","target":{"@type":"EntryPoint","urlTemplate":"https:\/\/www.federassantas.org.br\/novosite\/?s={search_term_string}"},"query-input":{"@type":"PropertyValueSpecification","valueRequired":true,"valueName":"search_term_string"}}],"inLanguage":"pt-BR"},{"@type":"Organization","@id":"https:\/\/www.federassantas.org.br\/novosite\/#organization","name":"Federassantas","url":"https:\/\/www.federassantas.org.br\/novosite\/","logo":{"@type":"ImageObject","inLanguage":"pt-BR","@id":"https:\/\/www.federassantas.org.br\/novosite\/#\/schema\/logo\/image\/","url":"https:\/\/www.federassantas.org.br\/novosite\/wp-content\/uploads\/2021\/12\/logo.png","contentUrl":"https:\/\/www.federassantas.org.br\/novosite\/wp-content\/uploads\/2021\/12\/logo.png","width":243,"height":59,"caption":"Federassantas"},"image":{"@id":"https:\/\/www.federassantas.org.br\/novosite\/#\/schema\/logo\/image\/"}},{"@type":"Person","@id":"https:\/\/www.federassantas.org.br\/novosite\/#\/schema\/person\/75fed98158349313fe56175f232f513c","name":"admin-federas","image":{"@type":"ImageObject","inLanguage":"pt-BR","@id":"https:\/\/www.federassantas.org.br\/novosite\/#\/schema\/person\/image\/","url":"https:\/\/secure.gravatar.com\/avatar\/2a02d7dda59fe8dc6b7ffd3f652e2efede5ccf0dd89dfdc8137c5517f3de8407?s=96&d=mm&r=g","contentUrl":"https:\/\/secure.gravatar.com\/avatar\/2a02d7dda59fe8dc6b7ffd3f652e2efede5ccf0dd89dfdc8137c5517f3de8407?s=96&d=mm&r=g","caption":"admin-federas"},"sameAs":["https:\/\/www.federassantas.org.br\/novosite\/"],"url":"https:\/\/www.federassantas.org.br\/novosite\/author\/admin-federas\/"}]}},"_links":{"self":[{"href":"https:\/\/www.federassantas.org.br\/novosite\/wp-json\/wp\/v2\/posts\/13230","targetHints":{"allow":["GET"]}}],"collection":[{"href":"https:\/\/www.federassantas.org.br\/novosite\/wp-json\/wp\/v2\/posts"}],"about":[{"href":"https:\/\/www.federassantas.org.br\/novosite\/wp-json\/wp\/v2\/types\/post"}],"author":[{"embeddable":true,"href":"https:\/\/www.federassantas.org.br\/novosite\/wp-json\/wp\/v2\/users\/1"}],"replies":[{"embeddable":true,"href":"https:\/\/www.federassantas.org.br\/novosite\/wp-json\/wp\/v2\/comments?post=13230"}],"version-history":[{"count":0,"href":"https:\/\/www.federassantas.org.br\/novosite\/wp-json\/wp\/v2\/posts\/13230\/revisions"}],"wp:attachment":[{"href":"https:\/\/www.federassantas.org.br\/novosite\/wp-json\/wp\/v2\/media?parent=13230"}],"wp:term":[{"taxonomy":"category","embeddable":true,"href":"https:\/\/www.federassantas.org.br\/novosite\/wp-json\/wp\/v2\/categories?post=13230"},{"taxonomy":"post_tag","embeddable":true,"href":"https:\/\/www.federassantas.org.br\/novosite\/wp-json\/wp\/v2\/tags?post=13230"}],"curies":[{"name":"wp","href":"https:\/\/api.w.org\/{rel}","templated":true}]}}