{"id":13257,"date":"2018-07-12T15:36:13","date_gmt":"2018-07-12T18:36:13","guid":{"rendered":"https:\/\/federasbackup.meltcomunicacao.com.br\/?p=13257"},"modified":"2018-07-12T15:36:13","modified_gmt":"2018-07-12T18:36:13","slug":"cinquentenario-do-complexo-de-saude-sao-joao-de-deus","status":"publish","type":"post","link":"https:\/\/www.federassantas.org.br\/novosite\/cinquentenario-do-complexo-de-saude-sao-joao-de-deus\/","title":{"rendered":"Cinquenten\u00e1rio do Complexo de Sa\u00fade S\u00e3o Jo\u00e3o de Deus"},"content":{"rendered":"<p>O Hospital S\u00e3o Jo\u00e3o de Deus completou no m\u00eas de junho 50 anos e em comemora\u00e7\u00e3o foram realizados eventos que atra\u00edram a aten\u00e7\u00e3o dos moradores de Divin\u00f3polis. A Missa em A\u00e7\u00e3o de Gra\u00e7as foi realizada na Catedral do Divino Esp\u00edrito Santo e celebrada pelo Bispo Dom Jos\u00e9 Carlos. Tamb\u00e9m dentro das atividades em comemora\u00e7\u00e3o a importante data, aconteceu a Solenidade e o Baile de 50 anos, que contou com a presen\u00e7a de autoridades locais, colaboradores e Corpo Cl\u00ednico do Complexo.<\/p>\n<p><img fetchpriority=\"high\" decoding=\"async\" class=\"wp-image-13258 aligncenter\" src=\"http:\/\/federasbackup.meltcomunicacao.com.br\/wp-content\/uploads\/2018\/07\/foto2.jpg\" alt=\"\" width=\"400\" height=\"300\" srcset=\"https:\/\/www.federassantas.org.br\/novosite\/wp-content\/uploads\/2018\/07\/foto2.jpg 800w, https:\/\/www.federassantas.org.br\/novosite\/wp-content\/uploads\/2018\/07\/foto2-300x225.jpg 300w, https:\/\/www.federassantas.org.br\/novosite\/wp-content\/uploads\/2018\/07\/foto2-768x576.jpg 768w\" sizes=\"(max-width: 400px) 100vw, 400px\" \/><\/p>\n<p>Com meio s\u00e9culo de exist\u00eancia e com objetivo de ir al\u00e9m, o Hospital S\u00e3o Jo\u00e3o Deus se transformou agora em Complexo de Sa\u00fade S\u00e3o Jo\u00e3o de Deus (CSJD), demonstrando assim sua capacidade de recupera\u00e7\u00e3o, crescimento e profissionalismo.<\/p>\n<p>Sob a gest\u00e3o da Superintendente Elis Regina Guimar\u00e3es, desde 2016, o CSJD recebeu importantes pr\u00eamios, como o Pr\u00eamio Regional de Sa\u00fade, o Mulher Cidad\u00e3 e o trof\u00e9u Xeque-Mate 2018,\u00a0 que ressaltam a qualidade do trabalho que vem sendo feito na institui\u00e7\u00e3o. \u201cTodos estes pr\u00eamios vem corroborar com o excelente momento vivido pela institui\u00e7\u00e3o e demonstra o carinho e aprova\u00e7\u00e3o da popula\u00e7\u00e3o de Divin\u00f3polis com este hospital. \u00c9 uma forma de reconhecer seu valor para todos que dependem dos servi\u00e7os ofertados por ele e do trabalho que toda a gest\u00e3o est\u00e1 fazendo pela sua recupera\u00e7\u00e3o. Ficamos extremamente lisonjeados com essas premia\u00e7\u00f5es que nos incentiva a buscar mais melhorias para o Complexo de Sa\u00fade S\u00e3o Jo\u00e3o de Deus para que ele possa servir mais e melhor!\u201d<\/p>\n<p><img decoding=\"async\" class=\"wp-image-13260 aligncenter\" src=\"http:\/\/federasbackup.meltcomunicacao.com.br\/wp-content\/uploads\/2018\/07\/foto3.jpg\" alt=\"\" width=\"349\" height=\"349\" srcset=\"https:\/\/www.federassantas.org.br\/novosite\/wp-content\/uploads\/2018\/07\/foto3.jpg 680w, https:\/\/www.federassantas.org.br\/novosite\/wp-content\/uploads\/2018\/07\/foto3-300x300.jpg 300w, https:\/\/www.federassantas.org.br\/novosite\/wp-content\/uploads\/2018\/07\/foto3-150x150.jpg 150w\" sizes=\"(max-width: 349px) 100vw, 349px\" \/><\/p>\n<p>O CSJD \u00e9 o maior de toda a regi\u00e3o Centro Oeste de Minas, presta servi\u00e7os m\u00e9dico-hospitalares a uma popula\u00e7\u00e3o estimada em 1 milh\u00e3o e 200 mil pessoas e \u00e9 o \u00fanico de Divin\u00f3polis que atende ao Sistema \u00danico de Sa\u00fade. \u00c9 um centro de excel\u00eancia que oferece atendimento em 45 especialidades, com grande poder de resolutividade para casos de m\u00e9dia e alta complexidade e conta tamb\u00e9m com um Corpo Cl\u00ednico qualificado, que conquistou o respeito da popula\u00e7\u00e3o e fez de Divin\u00f3polis um p\u00f3lo na assist\u00eancia \u00e0 sa\u00fade.<\/p>\n","protected":false},"excerpt":{"rendered":"<p>O Hospital S\u00e3o Jo\u00e3o de Deus completou no m\u00eas de junho 50 anos e em comemora\u00e7\u00e3o foram realizados eventos que atra\u00edram a aten\u00e7\u00e3o dos moradores de Divin\u00f3polis. A Missa em A\u00e7\u00e3o de Gra\u00e7as foi realizada na Catedral do Divino Esp\u00edrito Santo e celebrada pelo Bispo Dom Jos\u00e9 Carlos. Tamb\u00e9m dentro das atividades em comemora\u00e7\u00e3o a [&hellip;]<\/p>\n","protected":false},"author":1,"featured_media":13259,"comment_status":"open","ping_status":"open","sticky":false,"template":"","format":"standard","meta":{"footnotes":""},"categories":[140,139],"tags":[],"class_list":["post-13257","post","type-post","status-publish","format-standard","has-post-thumbnail","hentry","category-noticias","category-noticias-filiados"],"yoast_head":"<!-- This site is optimized with the Yoast SEO plugin v26.9 - https:\/\/yoast.com\/product\/yoast-seo-wordpress\/ -->\n<title>Cinquenten\u00e1rio do Complexo de Sa\u00fade S\u00e3o Jo\u00e3o de Deus - Federassantas<\/title>\n<meta name=\"robots\" content=\"index, follow, max-snippet:-1, max-image-preview:large, max-video-preview:-1\" \/>\n<link rel=\"canonical\" href=\"https:\/\/www.federassantas.org.br\/novosite\/cinquentenario-do-complexo-de-saude-sao-joao-de-deus\/\" \/>\n<meta property=\"og:locale\" content=\"pt_BR\" \/>\n<meta property=\"og:type\" content=\"article\" \/>\n<meta property=\"og:title\" content=\"Cinquenten\u00e1rio do Complexo de Sa\u00fade S\u00e3o Jo\u00e3o de Deus - Federassantas\" \/>\n<meta property=\"og:description\" content=\"O Hospital S\u00e3o Jo\u00e3o de Deus completou no m\u00eas de junho 50 anos e em comemora\u00e7\u00e3o foram realizados eventos que atra\u00edram a aten\u00e7\u00e3o dos moradores de Divin\u00f3polis. A Missa em A\u00e7\u00e3o de Gra\u00e7as foi realizada na Catedral do Divino Esp\u00edrito Santo e celebrada pelo Bispo Dom Jos\u00e9 Carlos. Tamb\u00e9m dentro das atividades em comemora\u00e7\u00e3o a [&hellip;]\" \/>\n<meta property=\"og:url\" content=\"https:\/\/www.federassantas.org.br\/novosite\/cinquentenario-do-complexo-de-saude-sao-joao-de-deus\/\" \/>\n<meta property=\"og:site_name\" content=\"Federassantas\" \/>\n<meta property=\"article:published_time\" content=\"2018-07-12T18:36:13+00:00\" \/>\n<meta property=\"og:image\" content=\"https:\/\/www.federassantas.org.br\/novosite\/wp-content\/uploads\/2018\/07\/foto1.jpg\" \/>\n\t<meta property=\"og:image:width\" content=\"960\" \/>\n\t<meta property=\"og:image:height\" content=\"364\" \/>\n\t<meta property=\"og:image:type\" content=\"image\/jpeg\" \/>\n<meta name=\"author\" content=\"admin-federas\" \/>\n<meta name=\"twitter:card\" content=\"summary_large_image\" \/>\n<meta name=\"twitter:label1\" content=\"Escrito por\" \/>\n\t<meta name=\"twitter:data1\" content=\"admin-federas\" \/>\n\t<meta name=\"twitter:label2\" content=\"Est. tempo de leitura\" \/>\n\t<meta name=\"twitter:data2\" content=\"2 minutos\" \/>\n<script type=\"application\/ld+json\" class=\"yoast-schema-graph\">{\"@context\":\"https:\/\/schema.org\",\"@graph\":[{\"@type\":\"Article\",\"@id\":\"https:\/\/www.federassantas.org.br\/novosite\/cinquentenario-do-complexo-de-saude-sao-joao-de-deus\/#article\",\"isPartOf\":{\"@id\":\"https:\/\/www.federassantas.org.br\/novosite\/cinquentenario-do-complexo-de-saude-sao-joao-de-deus\/\"},\"author\":{\"name\":\"admin-federas\",\"@id\":\"https:\/\/www.federassantas.org.br\/novosite\/#\/schema\/person\/75fed98158349313fe56175f232f513c\"},\"headline\":\"Cinquenten\u00e1rio do Complexo de Sa\u00fade S\u00e3o Jo\u00e3o de Deus\",\"datePublished\":\"2018-07-12T18:36:13+00:00\",\"mainEntityOfPage\":{\"@id\":\"https:\/\/www.federassantas.org.br\/novosite\/cinquentenario-do-complexo-de-saude-sao-joao-de-deus\/\"},\"wordCount\":387,\"commentCount\":0,\"publisher\":{\"@id\":\"https:\/\/www.federassantas.org.br\/novosite\/#organization\"},\"image\":{\"@id\":\"https:\/\/www.federassantas.org.br\/novosite\/cinquentenario-do-complexo-de-saude-sao-joao-de-deus\/#primaryimage\"},\"thumbnailUrl\":\"https:\/\/www.federassantas.org.br\/novosite\/wp-content\/uploads\/2018\/07\/foto1.jpg\",\"articleSection\":[\"Not\u00edcias\",\"Not\u00edcias filiados\"],\"inLanguage\":\"pt-BR\",\"potentialAction\":[{\"@type\":\"CommentAction\",\"name\":\"Comment\",\"target\":[\"https:\/\/www.federassantas.org.br\/novosite\/cinquentenario-do-complexo-de-saude-sao-joao-de-deus\/#respond\"]}]},{\"@type\":\"WebPage\",\"@id\":\"https:\/\/www.federassantas.org.br\/novosite\/cinquentenario-do-complexo-de-saude-sao-joao-de-deus\/\",\"url\":\"https:\/\/www.federassantas.org.br\/novosite\/cinquentenario-do-complexo-de-saude-sao-joao-de-deus\/\",\"name\":\"Cinquenten\u00e1rio do Complexo de Sa\u00fade S\u00e3o Jo\u00e3o de Deus - Federassantas\",\"isPartOf\":{\"@id\":\"https:\/\/www.federassantas.org.br\/novosite\/#website\"},\"primaryImageOfPage\":{\"@id\":\"https:\/\/www.federassantas.org.br\/novosite\/cinquentenario-do-complexo-de-saude-sao-joao-de-deus\/#primaryimage\"},\"image\":{\"@id\":\"https:\/\/www.federassantas.org.br\/novosite\/cinquentenario-do-complexo-de-saude-sao-joao-de-deus\/#primaryimage\"},\"thumbnailUrl\":\"https:\/\/www.federassantas.org.br\/novosite\/wp-content\/uploads\/2018\/07\/foto1.jpg\",\"datePublished\":\"2018-07-12T18:36:13+00:00\",\"breadcrumb\":{\"@id\":\"https:\/\/www.federassantas.org.br\/novosite\/cinquentenario-do-complexo-de-saude-sao-joao-de-deus\/#breadcrumb\"},\"inLanguage\":\"pt-BR\",\"potentialAction\":[{\"@type\":\"ReadAction\",\"target\":[\"https:\/\/www.federassantas.org.br\/novosite\/cinquentenario-do-complexo-de-saude-sao-joao-de-deus\/\"]}]},{\"@type\":\"ImageObject\",\"inLanguage\":\"pt-BR\",\"@id\":\"https:\/\/www.federassantas.org.br\/novosite\/cinquentenario-do-complexo-de-saude-sao-joao-de-deus\/#primaryimage\",\"url\":\"https:\/\/www.federassantas.org.br\/novosite\/wp-content\/uploads\/2018\/07\/foto1.jpg\",\"contentUrl\":\"https:\/\/www.federassantas.org.br\/novosite\/wp-content\/uploads\/2018\/07\/foto1.jpg\",\"width\":960,\"height\":364},{\"@type\":\"BreadcrumbList\",\"@id\":\"https:\/\/www.federassantas.org.br\/novosite\/cinquentenario-do-complexo-de-saude-sao-joao-de-deus\/#breadcrumb\",\"itemListElement\":[{\"@type\":\"ListItem\",\"position\":1,\"name\":\"In\u00edcio\",\"item\":\"https:\/\/www.federassantas.org.br\/novosite\/\"},{\"@type\":\"ListItem\",\"position\":2,\"name\":\"Cinquenten\u00e1rio do Complexo de Sa\u00fade S\u00e3o Jo\u00e3o de Deus\"}]},{\"@type\":\"WebSite\",\"@id\":\"https:\/\/www.federassantas.org.br\/novosite\/#website\",\"url\":\"https:\/\/www.federassantas.org.br\/novosite\/\",\"name\":\"Federassantas\",\"description\":\"Entidade de representa\u00e7\u00e3o e fortalecimento das Santas Casas, hospitais filantr\u00f3picos e entidades beneficentes de sa\u00fade de Minas Gerais, atuando na defesa institucional, qualifica\u00e7\u00e3o da gest\u00e3o e sustentabilidade do setor.\",\"publisher\":{\"@id\":\"https:\/\/www.federassantas.org.br\/novosite\/#organization\"},\"potentialAction\":[{\"@type\":\"SearchAction\",\"target\":{\"@type\":\"EntryPoint\",\"urlTemplate\":\"https:\/\/www.federassantas.org.br\/novosite\/?s={search_term_string}\"},\"query-input\":{\"@type\":\"PropertyValueSpecification\",\"valueRequired\":true,\"valueName\":\"search_term_string\"}}],\"inLanguage\":\"pt-BR\"},{\"@type\":\"Organization\",\"@id\":\"https:\/\/www.federassantas.org.br\/novosite\/#organization\",\"name\":\"Federassantas\",\"url\":\"https:\/\/www.federassantas.org.br\/novosite\/\",\"logo\":{\"@type\":\"ImageObject\",\"inLanguage\":\"pt-BR\",\"@id\":\"https:\/\/www.federassantas.org.br\/novosite\/#\/schema\/logo\/image\/\",\"url\":\"https:\/\/www.federassantas.org.br\/novosite\/wp-content\/uploads\/2021\/12\/logo.png\",\"contentUrl\":\"https:\/\/www.federassantas.org.br\/novosite\/wp-content\/uploads\/2021\/12\/logo.png\",\"width\":243,\"height\":59,\"caption\":\"Federassantas\"},\"image\":{\"@id\":\"https:\/\/www.federassantas.org.br\/novosite\/#\/schema\/logo\/image\/\"}},{\"@type\":\"Person\",\"@id\":\"https:\/\/www.federassantas.org.br\/novosite\/#\/schema\/person\/75fed98158349313fe56175f232f513c\",\"name\":\"admin-federas\",\"image\":{\"@type\":\"ImageObject\",\"inLanguage\":\"pt-BR\",\"@id\":\"https:\/\/www.federassantas.org.br\/novosite\/#\/schema\/person\/image\/\",\"url\":\"https:\/\/secure.gravatar.com\/avatar\/2a02d7dda59fe8dc6b7ffd3f652e2efede5ccf0dd89dfdc8137c5517f3de8407?s=96&d=mm&r=g\",\"contentUrl\":\"https:\/\/secure.gravatar.com\/avatar\/2a02d7dda59fe8dc6b7ffd3f652e2efede5ccf0dd89dfdc8137c5517f3de8407?s=96&d=mm&r=g\",\"caption\":\"admin-federas\"},\"sameAs\":[\"https:\/\/www.federassantas.org.br\/novosite\/\"],\"url\":\"https:\/\/www.federassantas.org.br\/novosite\/author\/admin-federas\/\"}]}<\/script>\n<!-- \/ Yoast SEO plugin. -->","yoast_head_json":{"title":"Cinquenten\u00e1rio do Complexo de Sa\u00fade S\u00e3o Jo\u00e3o de Deus - Federassantas","robots":{"index":"index","follow":"follow","max-snippet":"max-snippet:-1","max-image-preview":"max-image-preview:large","max-video-preview":"max-video-preview:-1"},"canonical":"https:\/\/www.federassantas.org.br\/novosite\/cinquentenario-do-complexo-de-saude-sao-joao-de-deus\/","og_locale":"pt_BR","og_type":"article","og_title":"Cinquenten\u00e1rio do Complexo de Sa\u00fade S\u00e3o Jo\u00e3o de Deus - Federassantas","og_description":"O Hospital S\u00e3o Jo\u00e3o de Deus completou no m\u00eas de junho 50 anos e em comemora\u00e7\u00e3o foram realizados eventos que atra\u00edram a aten\u00e7\u00e3o dos moradores de Divin\u00f3polis. A Missa em A\u00e7\u00e3o de Gra\u00e7as foi realizada na Catedral do Divino Esp\u00edrito Santo e celebrada pelo Bispo Dom Jos\u00e9 Carlos. Tamb\u00e9m dentro das atividades em comemora\u00e7\u00e3o a [&hellip;]","og_url":"https:\/\/www.federassantas.org.br\/novosite\/cinquentenario-do-complexo-de-saude-sao-joao-de-deus\/","og_site_name":"Federassantas","article_published_time":"2018-07-12T18:36:13+00:00","og_image":[{"width":960,"height":364,"url":"https:\/\/www.federassantas.org.br\/novosite\/wp-content\/uploads\/2018\/07\/foto1.jpg","type":"image\/jpeg"}],"author":"admin-federas","twitter_card":"summary_large_image","twitter_misc":{"Escrito por":"admin-federas","Est. tempo de leitura":"2 minutos"},"schema":{"@context":"https:\/\/schema.org","@graph":[{"@type":"Article","@id":"https:\/\/www.federassantas.org.br\/novosite\/cinquentenario-do-complexo-de-saude-sao-joao-de-deus\/#article","isPartOf":{"@id":"https:\/\/www.federassantas.org.br\/novosite\/cinquentenario-do-complexo-de-saude-sao-joao-de-deus\/"},"author":{"name":"admin-federas","@id":"https:\/\/www.federassantas.org.br\/novosite\/#\/schema\/person\/75fed98158349313fe56175f232f513c"},"headline":"Cinquenten\u00e1rio do Complexo de Sa\u00fade S\u00e3o Jo\u00e3o de Deus","datePublished":"2018-07-12T18:36:13+00:00","mainEntityOfPage":{"@id":"https:\/\/www.federassantas.org.br\/novosite\/cinquentenario-do-complexo-de-saude-sao-joao-de-deus\/"},"wordCount":387,"commentCount":0,"publisher":{"@id":"https:\/\/www.federassantas.org.br\/novosite\/#organization"},"image":{"@id":"https:\/\/www.federassantas.org.br\/novosite\/cinquentenario-do-complexo-de-saude-sao-joao-de-deus\/#primaryimage"},"thumbnailUrl":"https:\/\/www.federassantas.org.br\/novosite\/wp-content\/uploads\/2018\/07\/foto1.jpg","articleSection":["Not\u00edcias","Not\u00edcias filiados"],"inLanguage":"pt-BR","potentialAction":[{"@type":"CommentAction","name":"Comment","target":["https:\/\/www.federassantas.org.br\/novosite\/cinquentenario-do-complexo-de-saude-sao-joao-de-deus\/#respond"]}]},{"@type":"WebPage","@id":"https:\/\/www.federassantas.org.br\/novosite\/cinquentenario-do-complexo-de-saude-sao-joao-de-deus\/","url":"https:\/\/www.federassantas.org.br\/novosite\/cinquentenario-do-complexo-de-saude-sao-joao-de-deus\/","name":"Cinquenten\u00e1rio do Complexo de Sa\u00fade S\u00e3o Jo\u00e3o de Deus - Federassantas","isPartOf":{"@id":"https:\/\/www.federassantas.org.br\/novosite\/#website"},"primaryImageOfPage":{"@id":"https:\/\/www.federassantas.org.br\/novosite\/cinquentenario-do-complexo-de-saude-sao-joao-de-deus\/#primaryimage"},"image":{"@id":"https:\/\/www.federassantas.org.br\/novosite\/cinquentenario-do-complexo-de-saude-sao-joao-de-deus\/#primaryimage"},"thumbnailUrl":"https:\/\/www.federassantas.org.br\/novosite\/wp-content\/uploads\/2018\/07\/foto1.jpg","datePublished":"2018-07-12T18:36:13+00:00","breadcrumb":{"@id":"https:\/\/www.federassantas.org.br\/novosite\/cinquentenario-do-complexo-de-saude-sao-joao-de-deus\/#breadcrumb"},"inLanguage":"pt-BR","potentialAction":[{"@type":"ReadAction","target":["https:\/\/www.federassantas.org.br\/novosite\/cinquentenario-do-complexo-de-saude-sao-joao-de-deus\/"]}]},{"@type":"ImageObject","inLanguage":"pt-BR","@id":"https:\/\/www.federassantas.org.br\/novosite\/cinquentenario-do-complexo-de-saude-sao-joao-de-deus\/#primaryimage","url":"https:\/\/www.federassantas.org.br\/novosite\/wp-content\/uploads\/2018\/07\/foto1.jpg","contentUrl":"https:\/\/www.federassantas.org.br\/novosite\/wp-content\/uploads\/2018\/07\/foto1.jpg","width":960,"height":364},{"@type":"BreadcrumbList","@id":"https:\/\/www.federassantas.org.br\/novosite\/cinquentenario-do-complexo-de-saude-sao-joao-de-deus\/#breadcrumb","itemListElement":[{"@type":"ListItem","position":1,"name":"In\u00edcio","item":"https:\/\/www.federassantas.org.br\/novosite\/"},{"@type":"ListItem","position":2,"name":"Cinquenten\u00e1rio do Complexo de Sa\u00fade S\u00e3o Jo\u00e3o de Deus"}]},{"@type":"WebSite","@id":"https:\/\/www.federassantas.org.br\/novosite\/#website","url":"https:\/\/www.federassantas.org.br\/novosite\/","name":"Federassantas","description":"Entidade de representa\u00e7\u00e3o e fortalecimento das Santas Casas, hospitais filantr\u00f3picos e entidades beneficentes de sa\u00fade de Minas Gerais, atuando na defesa institucional, qualifica\u00e7\u00e3o da gest\u00e3o e sustentabilidade do setor.","publisher":{"@id":"https:\/\/www.federassantas.org.br\/novosite\/#organization"},"potentialAction":[{"@type":"SearchAction","target":{"@type":"EntryPoint","urlTemplate":"https:\/\/www.federassantas.org.br\/novosite\/?s={search_term_string}"},"query-input":{"@type":"PropertyValueSpecification","valueRequired":true,"valueName":"search_term_string"}}],"inLanguage":"pt-BR"},{"@type":"Organization","@id":"https:\/\/www.federassantas.org.br\/novosite\/#organization","name":"Federassantas","url":"https:\/\/www.federassantas.org.br\/novosite\/","logo":{"@type":"ImageObject","inLanguage":"pt-BR","@id":"https:\/\/www.federassantas.org.br\/novosite\/#\/schema\/logo\/image\/","url":"https:\/\/www.federassantas.org.br\/novosite\/wp-content\/uploads\/2021\/12\/logo.png","contentUrl":"https:\/\/www.federassantas.org.br\/novosite\/wp-content\/uploads\/2021\/12\/logo.png","width":243,"height":59,"caption":"Federassantas"},"image":{"@id":"https:\/\/www.federassantas.org.br\/novosite\/#\/schema\/logo\/image\/"}},{"@type":"Person","@id":"https:\/\/www.federassantas.org.br\/novosite\/#\/schema\/person\/75fed98158349313fe56175f232f513c","name":"admin-federas","image":{"@type":"ImageObject","inLanguage":"pt-BR","@id":"https:\/\/www.federassantas.org.br\/novosite\/#\/schema\/person\/image\/","url":"https:\/\/secure.gravatar.com\/avatar\/2a02d7dda59fe8dc6b7ffd3f652e2efede5ccf0dd89dfdc8137c5517f3de8407?s=96&d=mm&r=g","contentUrl":"https:\/\/secure.gravatar.com\/avatar\/2a02d7dda59fe8dc6b7ffd3f652e2efede5ccf0dd89dfdc8137c5517f3de8407?s=96&d=mm&r=g","caption":"admin-federas"},"sameAs":["https:\/\/www.federassantas.org.br\/novosite\/"],"url":"https:\/\/www.federassantas.org.br\/novosite\/author\/admin-federas\/"}]}},"_links":{"self":[{"href":"https:\/\/www.federassantas.org.br\/novosite\/wp-json\/wp\/v2\/posts\/13257","targetHints":{"allow":["GET"]}}],"collection":[{"href":"https:\/\/www.federassantas.org.br\/novosite\/wp-json\/wp\/v2\/posts"}],"about":[{"href":"https:\/\/www.federassantas.org.br\/novosite\/wp-json\/wp\/v2\/types\/post"}],"author":[{"embeddable":true,"href":"https:\/\/www.federassantas.org.br\/novosite\/wp-json\/wp\/v2\/users\/1"}],"replies":[{"embeddable":true,"href":"https:\/\/www.federassantas.org.br\/novosite\/wp-json\/wp\/v2\/comments?post=13257"}],"version-history":[{"count":0,"href":"https:\/\/www.federassantas.org.br\/novosite\/wp-json\/wp\/v2\/posts\/13257\/revisions"}],"wp:featuredmedia":[{"embeddable":true,"href":"https:\/\/www.federassantas.org.br\/novosite\/wp-json\/wp\/v2\/media\/13259"}],"wp:attachment":[{"href":"https:\/\/www.federassantas.org.br\/novosite\/wp-json\/wp\/v2\/media?parent=13257"}],"wp:term":[{"taxonomy":"category","embeddable":true,"href":"https:\/\/www.federassantas.org.br\/novosite\/wp-json\/wp\/v2\/categories?post=13257"},{"taxonomy":"post_tag","embeddable":true,"href":"https:\/\/www.federassantas.org.br\/novosite\/wp-json\/wp\/v2\/tags?post=13257"}],"curies":[{"name":"wp","href":"https:\/\/api.w.org\/{rel}","templated":true}]}}