{"id":13264,"date":"2018-07-12T18:50:37","date_gmt":"2018-07-12T21:50:37","guid":{"rendered":"https:\/\/federasbackup.meltcomunicacao.com.br\/?p=13264"},"modified":"2018-07-12T18:50:37","modified_gmt":"2018-07-12T21:50:37","slug":"promotores-demonstram-preocupacao-e-secretarios-afirmam-que-nao-ha-dinheiro-suficiente-para-a-saude","status":"publish","type":"post","link":"https:\/\/www.federassantas.org.br\/novosite\/promotores-demonstram-preocupacao-e-secretarios-afirmam-que-nao-ha-dinheiro-suficiente-para-a-saude\/","title":{"rendered":"Promotores demonstram preocupa\u00e7\u00e3o e Secret\u00e1rios afirmam que n\u00e3o h\u00e1 dinheiro suficiente para a sa\u00fade"},"content":{"rendered":"<p style=\"text-align: justify;\"><em>R$ 100 milh\u00f5es que ser\u00e3o destinados \u00e0 sa\u00fade correspondem a aproximadamente 2% do passivo do setor<\/em><\/p>\n<p style=\"text-align: justify;\"><em>\u00a0<\/em>Os representantes da Federassantas, K\u00e1tia Rocha (Presidente) e Adelziso Vidal (Superintendente), participaram ontem de uma reuni\u00e3o na C\u00e2mara de Preven\u00e7\u00e3o e Resolu\u00e7\u00e3o de Conflitos do Minist\u00e9rio P\u00fablico, com representantes do Governo do Estado, Promotores de Justi\u00e7a e do CAO-Sa\u00fade.<\/p>\n<p style=\"text-align: justify;\">O encontro foi proposto pelos promotores e teve como objetivo buscar, atrav\u00e9s do di\u00e1logo, uma solu\u00e7\u00e3o junto aos representantes do Governo para grave situa\u00e7\u00e3o que se encontra a sa\u00fade em Minas Gerais.<\/p>\n<p style=\"text-align: justify;\">Participaram da reuni\u00e3o o Procurador de Justi\u00e7a de Minas Gerais<em>; <\/em><em>Nedens Ulisses Freire Vieira;<\/em> o Secret\u00e1rio de Estado de Sa\u00fade, Nalton Sebasti\u00e3o Moreira da Cruz; o Secret\u00e1rio de Estado de Planejamento, Helv\u00e9cio Magalh\u00e3es; Promotores de Justi\u00e7a de diferentes comarcas do estado; o presidente do COSEMS, Luiz Eduardo da Silva; e representantes da SEPLAG e da Controladoria Geral do Estado.<\/p>\n<p>Durante a reuni\u00e3o, o coordenador do CAO Sa\u00fade, Dr. N\u00e9lio Dutra, sinalizou aos presentes a preocupa\u00e7\u00e3o dos promotores de diversas regi\u00f5es do estado com a sa\u00fade em Minas Gerais. O promotor ressaltou tamb\u00e9m que \u00e9 papel do Estado coordenar e co-financiar a sa\u00fade.<\/p>\n<p style=\"text-align: justify;\">Tamb\u00e9m durante a reuni\u00e3o, a promotora Dra. Josely Ramos alertou que o desfinanciamento da sa\u00fade est\u00e1 gerando consequ\u00eancias graves, como por exemplo a situa\u00e7\u00e3o de fragilidade dos servi\u00e7os de urg\u00eancia dos munic\u00edpios do interior, e os riscos de descontinuidade da assist\u00eancia farmac\u00eautica.<\/p>\n<p>Em comum acordo, os promotores solicitaram aos representantes do Estado apresentassem um cronograma de pagamentos para a quita\u00e7\u00e3o dos valores em aberto e a regularidade nos repasses. Na aus\u00eancia de um acordo, os promotores sinalizaram que a \u00fanica alternativa ser\u00e1 a judicializa\u00e7\u00e3o.<\/p>\n<p style=\"text-align: justify;\">Durante o encontro, a presidente da Federassantas destacou aos presentes que existem hospitais com parcelas em aberto, relativas \u00e0s compet\u00eancias do ano de 2016 e que as institui\u00e7\u00f5es precisam recorrer a empr\u00e9stimos banc\u00e1rios para sobreviver. Ela destacou que os atrasos recorrentes est\u00e3o descontruindo a rede de aten\u00e7\u00e3o planejada da sa\u00fade. K\u00e1tia Rocha cobrou ainda do Governo do Estado transpar\u00eancia \u00e0 sociedade sobre a real situa\u00e7\u00e3o da sa\u00fade em Minas.<\/p>\n<p style=\"text-align: justify;\">Em resposta, o Secret\u00e1rio de Estado da Sa\u00fade, disse que est\u00e1 previsto para a pr\u00f3xima semana, um valor de R$ 100 milh\u00f5es que ser\u00e3o destinados a pagamentos emergenciais. Segundo ele, a prioridade de aplica\u00e7\u00e3o do recurso seria para os programas Rede Resposta, PROURG e ProHosp, a rede SAMU, e compra de medicamentos. O Secret\u00e1rio informou tamb\u00e9m que est\u00e1 sem fluxo financeiro na Secretaria Estadual de Sa\u00fade.<\/p>\n<p style=\"text-align: justify;\">O superintendente da Federassantas alertou que estes recursos n\u00e3o ser\u00e3o totalmente destinados ao setor hospitalar, e mesmo se fossem seriam insuficientes para quita\u00e7\u00e3o de valores importantes junto aos hospitais, que possuem aproximadamente 1 bilh\u00e3o de reais a receber junto ao Estado de Minas.<\/p>\n<p style=\"text-align: justify;\">Conforme vem sendo apurado em reuni\u00f5es da C\u00e2mara que a Federassantas participou, a partir de falas dos pr\u00f3prios executivos das diversas pastas do Governo, o valor m\u00ednimo mensal necess\u00e1rio para o pagamento das a\u00e7\u00f5es de servi\u00e7os de sa\u00fade em Minas \u00e9 de aproximadamente 350 milh\u00f5es de reais, excluindo-se a folha de pagamento dos servidores da sa\u00fade. Este valor corresponde ainda ao m\u00ednimo de 12% sobre a receita l\u00edquida corrente que deve ser aplicado pelo Estado, considerando-se a previs\u00e3o constitucional. Neste valor m\u00ednimo mensal apurado n\u00e3o est\u00e3o previstos os recursos necess\u00e1rios para pagamento do passivo acumulado na pasta (restos a pagar), que atualmente perfazem o valor aproximado de 5 bilh\u00f5es de reais.<\/p>\n<p style=\"text-align: justify;\">A presidente da Federassantas indagou aos secret\u00e1rios presentes se o valor apresentado de R$ 100 milh\u00f5es, j\u00e1 insuficiente, seria repassado mensalmente ou se tratava de um aporte espec\u00edfico. Diante do questionamento os presentes informaram que n\u00e3o \u00e9 poss\u00edvel garantir a regularidade de tais repasses.<\/p>\n<p style=\"text-align: justify;\">O Secret\u00e1rio de Planejamento afirmou que h\u00e1 anos o Estado apresenta d\u00e9ficit or\u00e7ament\u00e1rio e que 100% dos recursos de arrecada\u00e7\u00e3o est\u00e3o sendo utilizados para pagar a folha de pagamento dos servidores p\u00fablicos, ativos e em reserva. Ele disse tamb\u00e9m que n\u00e3o houve recursos extraordin\u00e1rios no ano de 2017 e que n\u00e3o haver\u00e1 para o ano de 2018, o que agravou ainda mais a situa\u00e7\u00e3o financeira do estado.<\/p>\n<p style=\"text-align: justify;\">O Procurador de Justi\u00e7a suspendeu a reuni\u00e3o por achar necess\u00e1ria a presen\u00e7a do Secret\u00e1rio de Fazenda para viabilizar qualquer negocia\u00e7\u00e3o. Ainda n\u00e3o h\u00e1 data definida para a pr\u00f3xima reuni\u00e3o.<\/p>\n<p><img fetchpriority=\"high\" decoding=\"async\" class=\"alignnone wp-image-13269\" src=\"http:\/\/federasbackup.meltcomunicacao.com.br\/wp-content\/uploads\/2018\/07\/20180711_104740.jpg\" alt=\"\" width=\"522\" height=\"391\" \/><\/p>\n<p><img decoding=\"async\" class=\"alignnone wp-image-13272\" src=\"http:\/\/federasbackup.meltcomunicacao.com.br\/wp-content\/uploads\/2018\/07\/20180711_104814-1.jpg\" alt=\"\" width=\"524\" height=\"393\" \/><\/p>\n<p><img decoding=\"async\" class=\"alignnone wp-image-13273\" src=\"http:\/\/federasbackup.meltcomunicacao.com.br\/wp-content\/uploads\/2018\/07\/20180711_104828.jpg\" alt=\"\" width=\"524\" height=\"393\" \/><\/p>\n<p>&nbsp;<\/p>\n","protected":false},"excerpt":{"rendered":"<p>R$ 100 milh\u00f5es que ser\u00e3o destinados \u00e0 sa\u00fade correspondem a aproximadamente 2% do passivo do setor \u00a0Os representantes da Federassantas, K\u00e1tia Rocha (Presidente) e Adelziso Vidal (Superintendente), participaram ontem de uma reuni\u00e3o na C\u00e2mara de Preven\u00e7\u00e3o e Resolu\u00e7\u00e3o de Conflitos do Minist\u00e9rio P\u00fablico, com representantes do Governo do Estado, Promotores de Justi\u00e7a e do CAO-Sa\u00fade. [&hellip;]<\/p>\n","protected":false},"author":1,"featured_media":13265,"comment_status":"open","ping_status":"open","sticky":false,"template":"","format":"standard","meta":{"footnotes":""},"categories":[140,143],"tags":[],"class_list":["post-13264","post","type-post","status-publish","format-standard","has-post-thumbnail","hentry","category-noticias","category-noticias-publicas"],"yoast_head":"<!-- This site is optimized with the Yoast SEO plugin v26.9 - https:\/\/yoast.com\/product\/yoast-seo-wordpress\/ -->\n<title>Promotores demonstram preocupa\u00e7\u00e3o e Secret\u00e1rios afirmam que n\u00e3o h\u00e1 dinheiro suficiente para a sa\u00fade - Federassantas<\/title>\n<meta name=\"robots\" content=\"index, follow, max-snippet:-1, max-image-preview:large, max-video-preview:-1\" \/>\n<link rel=\"canonical\" href=\"https:\/\/www.federassantas.org.br\/novosite\/promotores-demonstram-preocupacao-e-secretarios-afirmam-que-nao-ha-dinheiro-suficiente-para-a-saude\/\" \/>\n<meta property=\"og:locale\" content=\"pt_BR\" \/>\n<meta property=\"og:type\" content=\"article\" \/>\n<meta property=\"og:title\" content=\"Promotores demonstram preocupa\u00e7\u00e3o e Secret\u00e1rios afirmam que n\u00e3o h\u00e1 dinheiro suficiente para a sa\u00fade - Federassantas\" \/>\n<meta property=\"og:description\" content=\"R$ 100 milh\u00f5es que ser\u00e3o destinados \u00e0 sa\u00fade correspondem a aproximadamente 2% do passivo do setor \u00a0Os representantes da Federassantas, K\u00e1tia Rocha (Presidente) e Adelziso Vidal (Superintendente), participaram ontem de uma reuni\u00e3o na C\u00e2mara de Preven\u00e7\u00e3o e Resolu\u00e7\u00e3o de Conflitos do Minist\u00e9rio P\u00fablico, com representantes do Governo do Estado, Promotores de Justi\u00e7a e do CAO-Sa\u00fade. [&hellip;]\" \/>\n<meta property=\"og:url\" content=\"https:\/\/www.federassantas.org.br\/novosite\/promotores-demonstram-preocupacao-e-secretarios-afirmam-que-nao-ha-dinheiro-suficiente-para-a-saude\/\" \/>\n<meta property=\"og:site_name\" content=\"Federassantas\" \/>\n<meta property=\"article:published_time\" content=\"2018-07-12T21:50:37+00:00\" \/>\n<meta name=\"author\" content=\"admin-federas\" \/>\n<meta name=\"twitter:card\" content=\"summary_large_image\" \/>\n<meta name=\"twitter:label1\" content=\"Escrito por\" \/>\n\t<meta name=\"twitter:data1\" content=\"admin-federas\" \/>\n\t<meta name=\"twitter:label2\" content=\"Est. tempo de leitura\" \/>\n\t<meta name=\"twitter:data2\" content=\"4 minutos\" \/>\n<script type=\"application\/ld+json\" class=\"yoast-schema-graph\">{\"@context\":\"https:\/\/schema.org\",\"@graph\":[{\"@type\":\"Article\",\"@id\":\"https:\/\/www.federassantas.org.br\/novosite\/promotores-demonstram-preocupacao-e-secretarios-afirmam-que-nao-ha-dinheiro-suficiente-para-a-saude\/#article\",\"isPartOf\":{\"@id\":\"https:\/\/www.federassantas.org.br\/novosite\/promotores-demonstram-preocupacao-e-secretarios-afirmam-que-nao-ha-dinheiro-suficiente-para-a-saude\/\"},\"author\":{\"name\":\"admin-federas\",\"@id\":\"https:\/\/www.federassantas.org.br\/novosite\/#\/schema\/person\/75fed98158349313fe56175f232f513c\"},\"headline\":\"Promotores demonstram preocupa\u00e7\u00e3o e Secret\u00e1rios afirmam que n\u00e3o h\u00e1 dinheiro suficiente para a sa\u00fade\",\"datePublished\":\"2018-07-12T21:50:37+00:00\",\"mainEntityOfPage\":{\"@id\":\"https:\/\/www.federassantas.org.br\/novosite\/promotores-demonstram-preocupacao-e-secretarios-afirmam-que-nao-ha-dinheiro-suficiente-para-a-saude\/\"},\"wordCount\":819,\"commentCount\":0,\"publisher\":{\"@id\":\"https:\/\/www.federassantas.org.br\/novosite\/#organization\"},\"image\":{\"@id\":\"https:\/\/www.federassantas.org.br\/novosite\/promotores-demonstram-preocupacao-e-secretarios-afirmam-que-nao-ha-dinheiro-suficiente-para-a-saude\/#primaryimage\"},\"thumbnailUrl\":\"\",\"articleSection\":[\"Not\u00edcias\",\"Not\u00edcias P\u00fablicas\"],\"inLanguage\":\"pt-BR\",\"potentialAction\":[{\"@type\":\"CommentAction\",\"name\":\"Comment\",\"target\":[\"https:\/\/www.federassantas.org.br\/novosite\/promotores-demonstram-preocupacao-e-secretarios-afirmam-que-nao-ha-dinheiro-suficiente-para-a-saude\/#respond\"]}]},{\"@type\":\"WebPage\",\"@id\":\"https:\/\/www.federassantas.org.br\/novosite\/promotores-demonstram-preocupacao-e-secretarios-afirmam-que-nao-ha-dinheiro-suficiente-para-a-saude\/\",\"url\":\"https:\/\/www.federassantas.org.br\/novosite\/promotores-demonstram-preocupacao-e-secretarios-afirmam-que-nao-ha-dinheiro-suficiente-para-a-saude\/\",\"name\":\"Promotores demonstram preocupa\u00e7\u00e3o e Secret\u00e1rios afirmam que n\u00e3o h\u00e1 dinheiro suficiente para a sa\u00fade - Federassantas\",\"isPartOf\":{\"@id\":\"https:\/\/www.federassantas.org.br\/novosite\/#website\"},\"primaryImageOfPage\":{\"@id\":\"https:\/\/www.federassantas.org.br\/novosite\/promotores-demonstram-preocupacao-e-secretarios-afirmam-que-nao-ha-dinheiro-suficiente-para-a-saude\/#primaryimage\"},\"image\":{\"@id\":\"https:\/\/www.federassantas.org.br\/novosite\/promotores-demonstram-preocupacao-e-secretarios-afirmam-que-nao-ha-dinheiro-suficiente-para-a-saude\/#primaryimage\"},\"thumbnailUrl\":\"\",\"datePublished\":\"2018-07-12T21:50:37+00:00\",\"breadcrumb\":{\"@id\":\"https:\/\/www.federassantas.org.br\/novosite\/promotores-demonstram-preocupacao-e-secretarios-afirmam-que-nao-ha-dinheiro-suficiente-para-a-saude\/#breadcrumb\"},\"inLanguage\":\"pt-BR\",\"potentialAction\":[{\"@type\":\"ReadAction\",\"target\":[\"https:\/\/www.federassantas.org.br\/novosite\/promotores-demonstram-preocupacao-e-secretarios-afirmam-que-nao-ha-dinheiro-suficiente-para-a-saude\/\"]}]},{\"@type\":\"ImageObject\",\"inLanguage\":\"pt-BR\",\"@id\":\"https:\/\/www.federassantas.org.br\/novosite\/promotores-demonstram-preocupacao-e-secretarios-afirmam-que-nao-ha-dinheiro-suficiente-para-a-saude\/#primaryimage\",\"url\":\"\",\"contentUrl\":\"\"},{\"@type\":\"BreadcrumbList\",\"@id\":\"https:\/\/www.federassantas.org.br\/novosite\/promotores-demonstram-preocupacao-e-secretarios-afirmam-que-nao-ha-dinheiro-suficiente-para-a-saude\/#breadcrumb\",\"itemListElement\":[{\"@type\":\"ListItem\",\"position\":1,\"name\":\"In\u00edcio\",\"item\":\"https:\/\/www.federassantas.org.br\/novosite\/\"},{\"@type\":\"ListItem\",\"position\":2,\"name\":\"Promotores demonstram preocupa\u00e7\u00e3o e Secret\u00e1rios afirmam que n\u00e3o h\u00e1 dinheiro suficiente para a sa\u00fade\"}]},{\"@type\":\"WebSite\",\"@id\":\"https:\/\/www.federassantas.org.br\/novosite\/#website\",\"url\":\"https:\/\/www.federassantas.org.br\/novosite\/\",\"name\":\"Federassantas\",\"description\":\"Entidade de representa\u00e7\u00e3o e fortalecimento das Santas Casas, hospitais filantr\u00f3picos e entidades beneficentes de sa\u00fade de Minas Gerais, atuando na defesa institucional, qualifica\u00e7\u00e3o da gest\u00e3o e sustentabilidade do setor.\",\"publisher\":{\"@id\":\"https:\/\/www.federassantas.org.br\/novosite\/#organization\"},\"potentialAction\":[{\"@type\":\"SearchAction\",\"target\":{\"@type\":\"EntryPoint\",\"urlTemplate\":\"https:\/\/www.federassantas.org.br\/novosite\/?s={search_term_string}\"},\"query-input\":{\"@type\":\"PropertyValueSpecification\",\"valueRequired\":true,\"valueName\":\"search_term_string\"}}],\"inLanguage\":\"pt-BR\"},{\"@type\":\"Organization\",\"@id\":\"https:\/\/www.federassantas.org.br\/novosite\/#organization\",\"name\":\"Federassantas\",\"url\":\"https:\/\/www.federassantas.org.br\/novosite\/\",\"logo\":{\"@type\":\"ImageObject\",\"inLanguage\":\"pt-BR\",\"@id\":\"https:\/\/www.federassantas.org.br\/novosite\/#\/schema\/logo\/image\/\",\"url\":\"https:\/\/www.federassantas.org.br\/novosite\/wp-content\/uploads\/2021\/12\/logo.png\",\"contentUrl\":\"https:\/\/www.federassantas.org.br\/novosite\/wp-content\/uploads\/2021\/12\/logo.png\",\"width\":243,\"height\":59,\"caption\":\"Federassantas\"},\"image\":{\"@id\":\"https:\/\/www.federassantas.org.br\/novosite\/#\/schema\/logo\/image\/\"}},{\"@type\":\"Person\",\"@id\":\"https:\/\/www.federassantas.org.br\/novosite\/#\/schema\/person\/75fed98158349313fe56175f232f513c\",\"name\":\"admin-federas\",\"image\":{\"@type\":\"ImageObject\",\"inLanguage\":\"pt-BR\",\"@id\":\"https:\/\/www.federassantas.org.br\/novosite\/#\/schema\/person\/image\/\",\"url\":\"https:\/\/secure.gravatar.com\/avatar\/2a02d7dda59fe8dc6b7ffd3f652e2efede5ccf0dd89dfdc8137c5517f3de8407?s=96&d=mm&r=g\",\"contentUrl\":\"https:\/\/secure.gravatar.com\/avatar\/2a02d7dda59fe8dc6b7ffd3f652e2efede5ccf0dd89dfdc8137c5517f3de8407?s=96&d=mm&r=g\",\"caption\":\"admin-federas\"},\"sameAs\":[\"https:\/\/www.federassantas.org.br\/novosite\/\"],\"url\":\"https:\/\/www.federassantas.org.br\/novosite\/author\/admin-federas\/\"}]}<\/script>\n<!-- \/ Yoast SEO plugin. -->","yoast_head_json":{"title":"Promotores demonstram preocupa\u00e7\u00e3o e Secret\u00e1rios afirmam que n\u00e3o h\u00e1 dinheiro suficiente para a sa\u00fade - Federassantas","robots":{"index":"index","follow":"follow","max-snippet":"max-snippet:-1","max-image-preview":"max-image-preview:large","max-video-preview":"max-video-preview:-1"},"canonical":"https:\/\/www.federassantas.org.br\/novosite\/promotores-demonstram-preocupacao-e-secretarios-afirmam-que-nao-ha-dinheiro-suficiente-para-a-saude\/","og_locale":"pt_BR","og_type":"article","og_title":"Promotores demonstram preocupa\u00e7\u00e3o e Secret\u00e1rios afirmam que n\u00e3o h\u00e1 dinheiro suficiente para a sa\u00fade - Federassantas","og_description":"R$ 100 milh\u00f5es que ser\u00e3o destinados \u00e0 sa\u00fade correspondem a aproximadamente 2% do passivo do setor \u00a0Os representantes da Federassantas, K\u00e1tia Rocha (Presidente) e Adelziso Vidal (Superintendente), participaram ontem de uma reuni\u00e3o na C\u00e2mara de Preven\u00e7\u00e3o e Resolu\u00e7\u00e3o de Conflitos do Minist\u00e9rio P\u00fablico, com representantes do Governo do Estado, Promotores de Justi\u00e7a e do CAO-Sa\u00fade. [&hellip;]","og_url":"https:\/\/www.federassantas.org.br\/novosite\/promotores-demonstram-preocupacao-e-secretarios-afirmam-que-nao-ha-dinheiro-suficiente-para-a-saude\/","og_site_name":"Federassantas","article_published_time":"2018-07-12T21:50:37+00:00","author":"admin-federas","twitter_card":"summary_large_image","twitter_misc":{"Escrito por":"admin-federas","Est. tempo de leitura":"4 minutos"},"schema":{"@context":"https:\/\/schema.org","@graph":[{"@type":"Article","@id":"https:\/\/www.federassantas.org.br\/novosite\/promotores-demonstram-preocupacao-e-secretarios-afirmam-que-nao-ha-dinheiro-suficiente-para-a-saude\/#article","isPartOf":{"@id":"https:\/\/www.federassantas.org.br\/novosite\/promotores-demonstram-preocupacao-e-secretarios-afirmam-que-nao-ha-dinheiro-suficiente-para-a-saude\/"},"author":{"name":"admin-federas","@id":"https:\/\/www.federassantas.org.br\/novosite\/#\/schema\/person\/75fed98158349313fe56175f232f513c"},"headline":"Promotores demonstram preocupa\u00e7\u00e3o e Secret\u00e1rios afirmam que n\u00e3o h\u00e1 dinheiro suficiente para a sa\u00fade","datePublished":"2018-07-12T21:50:37+00:00","mainEntityOfPage":{"@id":"https:\/\/www.federassantas.org.br\/novosite\/promotores-demonstram-preocupacao-e-secretarios-afirmam-que-nao-ha-dinheiro-suficiente-para-a-saude\/"},"wordCount":819,"commentCount":0,"publisher":{"@id":"https:\/\/www.federassantas.org.br\/novosite\/#organization"},"image":{"@id":"https:\/\/www.federassantas.org.br\/novosite\/promotores-demonstram-preocupacao-e-secretarios-afirmam-que-nao-ha-dinheiro-suficiente-para-a-saude\/#primaryimage"},"thumbnailUrl":"","articleSection":["Not\u00edcias","Not\u00edcias P\u00fablicas"],"inLanguage":"pt-BR","potentialAction":[{"@type":"CommentAction","name":"Comment","target":["https:\/\/www.federassantas.org.br\/novosite\/promotores-demonstram-preocupacao-e-secretarios-afirmam-que-nao-ha-dinheiro-suficiente-para-a-saude\/#respond"]}]},{"@type":"WebPage","@id":"https:\/\/www.federassantas.org.br\/novosite\/promotores-demonstram-preocupacao-e-secretarios-afirmam-que-nao-ha-dinheiro-suficiente-para-a-saude\/","url":"https:\/\/www.federassantas.org.br\/novosite\/promotores-demonstram-preocupacao-e-secretarios-afirmam-que-nao-ha-dinheiro-suficiente-para-a-saude\/","name":"Promotores demonstram preocupa\u00e7\u00e3o e Secret\u00e1rios afirmam que n\u00e3o h\u00e1 dinheiro suficiente para a sa\u00fade - Federassantas","isPartOf":{"@id":"https:\/\/www.federassantas.org.br\/novosite\/#website"},"primaryImageOfPage":{"@id":"https:\/\/www.federassantas.org.br\/novosite\/promotores-demonstram-preocupacao-e-secretarios-afirmam-que-nao-ha-dinheiro-suficiente-para-a-saude\/#primaryimage"},"image":{"@id":"https:\/\/www.federassantas.org.br\/novosite\/promotores-demonstram-preocupacao-e-secretarios-afirmam-que-nao-ha-dinheiro-suficiente-para-a-saude\/#primaryimage"},"thumbnailUrl":"","datePublished":"2018-07-12T21:50:37+00:00","breadcrumb":{"@id":"https:\/\/www.federassantas.org.br\/novosite\/promotores-demonstram-preocupacao-e-secretarios-afirmam-que-nao-ha-dinheiro-suficiente-para-a-saude\/#breadcrumb"},"inLanguage":"pt-BR","potentialAction":[{"@type":"ReadAction","target":["https:\/\/www.federassantas.org.br\/novosite\/promotores-demonstram-preocupacao-e-secretarios-afirmam-que-nao-ha-dinheiro-suficiente-para-a-saude\/"]}]},{"@type":"ImageObject","inLanguage":"pt-BR","@id":"https:\/\/www.federassantas.org.br\/novosite\/promotores-demonstram-preocupacao-e-secretarios-afirmam-que-nao-ha-dinheiro-suficiente-para-a-saude\/#primaryimage","url":"","contentUrl":""},{"@type":"BreadcrumbList","@id":"https:\/\/www.federassantas.org.br\/novosite\/promotores-demonstram-preocupacao-e-secretarios-afirmam-que-nao-ha-dinheiro-suficiente-para-a-saude\/#breadcrumb","itemListElement":[{"@type":"ListItem","position":1,"name":"In\u00edcio","item":"https:\/\/www.federassantas.org.br\/novosite\/"},{"@type":"ListItem","position":2,"name":"Promotores demonstram preocupa\u00e7\u00e3o e Secret\u00e1rios afirmam que n\u00e3o h\u00e1 dinheiro suficiente para a sa\u00fade"}]},{"@type":"WebSite","@id":"https:\/\/www.federassantas.org.br\/novosite\/#website","url":"https:\/\/www.federassantas.org.br\/novosite\/","name":"Federassantas","description":"Entidade de representa\u00e7\u00e3o e fortalecimento das Santas Casas, hospitais filantr\u00f3picos e entidades beneficentes de sa\u00fade de Minas Gerais, atuando na defesa institucional, qualifica\u00e7\u00e3o da gest\u00e3o e sustentabilidade do setor.","publisher":{"@id":"https:\/\/www.federassantas.org.br\/novosite\/#organization"},"potentialAction":[{"@type":"SearchAction","target":{"@type":"EntryPoint","urlTemplate":"https:\/\/www.federassantas.org.br\/novosite\/?s={search_term_string}"},"query-input":{"@type":"PropertyValueSpecification","valueRequired":true,"valueName":"search_term_string"}}],"inLanguage":"pt-BR"},{"@type":"Organization","@id":"https:\/\/www.federassantas.org.br\/novosite\/#organization","name":"Federassantas","url":"https:\/\/www.federassantas.org.br\/novosite\/","logo":{"@type":"ImageObject","inLanguage":"pt-BR","@id":"https:\/\/www.federassantas.org.br\/novosite\/#\/schema\/logo\/image\/","url":"https:\/\/www.federassantas.org.br\/novosite\/wp-content\/uploads\/2021\/12\/logo.png","contentUrl":"https:\/\/www.federassantas.org.br\/novosite\/wp-content\/uploads\/2021\/12\/logo.png","width":243,"height":59,"caption":"Federassantas"},"image":{"@id":"https:\/\/www.federassantas.org.br\/novosite\/#\/schema\/logo\/image\/"}},{"@type":"Person","@id":"https:\/\/www.federassantas.org.br\/novosite\/#\/schema\/person\/75fed98158349313fe56175f232f513c","name":"admin-federas","image":{"@type":"ImageObject","inLanguage":"pt-BR","@id":"https:\/\/www.federassantas.org.br\/novosite\/#\/schema\/person\/image\/","url":"https:\/\/secure.gravatar.com\/avatar\/2a02d7dda59fe8dc6b7ffd3f652e2efede5ccf0dd89dfdc8137c5517f3de8407?s=96&d=mm&r=g","contentUrl":"https:\/\/secure.gravatar.com\/avatar\/2a02d7dda59fe8dc6b7ffd3f652e2efede5ccf0dd89dfdc8137c5517f3de8407?s=96&d=mm&r=g","caption":"admin-federas"},"sameAs":["https:\/\/www.federassantas.org.br\/novosite\/"],"url":"https:\/\/www.federassantas.org.br\/novosite\/author\/admin-federas\/"}]}},"_links":{"self":[{"href":"https:\/\/www.federassantas.org.br\/novosite\/wp-json\/wp\/v2\/posts\/13264","targetHints":{"allow":["GET"]}}],"collection":[{"href":"https:\/\/www.federassantas.org.br\/novosite\/wp-json\/wp\/v2\/posts"}],"about":[{"href":"https:\/\/www.federassantas.org.br\/novosite\/wp-json\/wp\/v2\/types\/post"}],"author":[{"embeddable":true,"href":"https:\/\/www.federassantas.org.br\/novosite\/wp-json\/wp\/v2\/users\/1"}],"replies":[{"embeddable":true,"href":"https:\/\/www.federassantas.org.br\/novosite\/wp-json\/wp\/v2\/comments?post=13264"}],"version-history":[{"count":0,"href":"https:\/\/www.federassantas.org.br\/novosite\/wp-json\/wp\/v2\/posts\/13264\/revisions"}],"wp:attachment":[{"href":"https:\/\/www.federassantas.org.br\/novosite\/wp-json\/wp\/v2\/media?parent=13264"}],"wp:term":[{"taxonomy":"category","embeddable":true,"href":"https:\/\/www.federassantas.org.br\/novosite\/wp-json\/wp\/v2\/categories?post=13264"},{"taxonomy":"post_tag","embeddable":true,"href":"https:\/\/www.federassantas.org.br\/novosite\/wp-json\/wp\/v2\/tags?post=13264"}],"curies":[{"name":"wp","href":"https:\/\/api.w.org\/{rel}","templated":true}]}}