{"id":13283,"date":"2018-07-13T15:47:12","date_gmt":"2018-07-13T18:47:12","guid":{"rendered":"https:\/\/federasbackup.meltcomunicacao.com.br\/?p=13283"},"modified":"2018-07-13T15:47:12","modified_gmt":"2018-07-13T18:47:12","slug":"primeira-radiografia-colorida-e-em-3d-e-feita-em-seres-humanos","status":"publish","type":"post","link":"https:\/\/www.federassantas.org.br\/novosite\/primeira-radiografia-colorida-e-em-3d-e-feita-em-seres-humanos\/","title":{"rendered":"Primeira radiografia colorida e em 3D \u00e9 feita em seres humanos"},"content":{"rendered":"<div>Cientistas da Nova Zel\u00e2ndia realizaram o primeiro raio X colorido e em 3D em humanos, usando uma t\u00e9cnica que promete melhorar o campo de diagn\u00f3sticos m\u00e9dicos, informou o laborat\u00f3rio de f\u00edsica europeu CERN, que contribuiu com a tecnologia de imagem.<\/div>\n<div><\/div>\n<div>&#8220;Esta t\u00e9cnica de imagem de raios X a cores poderia produzir imagens mais claras e precisas e ajudar os m\u00e9dicos a dar aos seus pacientes diagn\u00f3sticos mais precisos&#8221;, disse uma declara\u00e7\u00e3o da Organiza\u00e7\u00e3o Europeia para a Pesquisa Nuclear.<\/div>\n<div><\/div>\n<div>Segundo o CERN, as imagens mostram muito claramente a diferen\u00e7a entre osso, m\u00fasculo e cartilagem, mas tamb\u00e9m a posi\u00e7\u00e3o e o tamanho de tumores cancer\u00edgenos, por exemplo.<\/div>\n<div><\/div>\n<div>Leia mais em:\u00a0<a href=\"https:\/\/www.correiobraziliense.com.br\/app\/noticia\/ciencia-e-saude\/2018\/07\/13\/interna_ciencia_saude,694806\/primeira-radiografia-colorida-e-em-3d-e-feita-em-seres-humanos.shtml\">https:\/\/www.correiobraziliense.com.br\/app\/noticia\/ciencia-e-saude\/2018\/07\/13\/interna_ciencia_saude,694806\/primeira-radiografia-colorida-e-em-3d-e-feita-em-seres-humanos.shtml<\/a><\/div>\n","protected":false},"excerpt":{"rendered":"<p>Cientistas da Nova Zel\u00e2ndia realizaram o primeiro raio X colorido e em 3D em humanos, usando uma t\u00e9cnica que promete melhorar o campo de diagn\u00f3sticos m\u00e9dicos, informou o laborat\u00f3rio de f\u00edsica europeu CERN, que contribuiu com a tecnologia de imagem. &#8220;Esta t\u00e9cnica de imagem de raios X a cores poderia produzir imagens mais claras e [&hellip;]<\/p>\n","protected":false},"author":1,"featured_media":13284,"comment_status":"open","ping_status":"open","sticky":false,"template":"","format":"standard","meta":{"footnotes":""},"categories":[140],"tags":[],"class_list":["post-13283","post","type-post","status-publish","format-standard","has-post-thumbnail","hentry","category-noticias"],"yoast_head":"<!-- This site is optimized with the Yoast SEO plugin v26.9 - https:\/\/yoast.com\/product\/yoast-seo-wordpress\/ -->\n<title>Primeira radiografia colorida e em 3D \u00e9 feita em seres humanos - Federassantas<\/title>\n<meta name=\"robots\" content=\"index, follow, max-snippet:-1, max-image-preview:large, max-video-preview:-1\" \/>\n<link rel=\"canonical\" href=\"https:\/\/www.federassantas.org.br\/novosite\/primeira-radiografia-colorida-e-em-3d-e-feita-em-seres-humanos\/\" \/>\n<meta property=\"og:locale\" content=\"pt_BR\" \/>\n<meta property=\"og:type\" content=\"article\" \/>\n<meta property=\"og:title\" content=\"Primeira radiografia colorida e em 3D \u00e9 feita em seres humanos - Federassantas\" \/>\n<meta property=\"og:description\" content=\"Cientistas da Nova Zel\u00e2ndia realizaram o primeiro raio X colorido e em 3D em humanos, usando uma t\u00e9cnica que promete melhorar o campo de diagn\u00f3sticos m\u00e9dicos, informou o laborat\u00f3rio de f\u00edsica europeu CERN, que contribuiu com a tecnologia de imagem. &#8220;Esta t\u00e9cnica de imagem de raios X a cores poderia produzir imagens mais claras e [&hellip;]\" \/>\n<meta property=\"og:url\" content=\"https:\/\/www.federassantas.org.br\/novosite\/primeira-radiografia-colorida-e-em-3d-e-feita-em-seres-humanos\/\" \/>\n<meta property=\"og:site_name\" content=\"Federassantas\" \/>\n<meta property=\"article:published_time\" content=\"2018-07-13T18:47:12+00:00\" \/>\n<meta name=\"author\" content=\"admin-federas\" \/>\n<meta name=\"twitter:card\" content=\"summary_large_image\" \/>\n<meta name=\"twitter:label1\" content=\"Escrito por\" \/>\n\t<meta name=\"twitter:data1\" content=\"admin-federas\" \/>\n\t<meta name=\"twitter:label2\" content=\"Est. tempo de leitura\" \/>\n\t<meta name=\"twitter:data2\" content=\"1 minuto\" \/>\n<script type=\"application\/ld+json\" class=\"yoast-schema-graph\">{\"@context\":\"https:\/\/schema.org\",\"@graph\":[{\"@type\":\"Article\",\"@id\":\"https:\/\/www.federassantas.org.br\/novosite\/primeira-radiografia-colorida-e-em-3d-e-feita-em-seres-humanos\/#article\",\"isPartOf\":{\"@id\":\"https:\/\/www.federassantas.org.br\/novosite\/primeira-radiografia-colorida-e-em-3d-e-feita-em-seres-humanos\/\"},\"author\":{\"name\":\"admin-federas\",\"@id\":\"https:\/\/www.federassantas.org.br\/novosite\/#\/schema\/person\/75fed98158349313fe56175f232f513c\"},\"headline\":\"Primeira radiografia colorida e em 3D \u00e9 feita em seres humanos\",\"datePublished\":\"2018-07-13T18:47:12+00:00\",\"mainEntityOfPage\":{\"@id\":\"https:\/\/www.federassantas.org.br\/novosite\/primeira-radiografia-colorida-e-em-3d-e-feita-em-seres-humanos\/\"},\"wordCount\":148,\"commentCount\":0,\"publisher\":{\"@id\":\"https:\/\/www.federassantas.org.br\/novosite\/#organization\"},\"image\":{\"@id\":\"https:\/\/www.federassantas.org.br\/novosite\/primeira-radiografia-colorida-e-em-3d-e-feita-em-seres-humanos\/#primaryimage\"},\"thumbnailUrl\":\"\",\"articleSection\":[\"Not\u00edcias\"],\"inLanguage\":\"pt-BR\",\"potentialAction\":[{\"@type\":\"CommentAction\",\"name\":\"Comment\",\"target\":[\"https:\/\/www.federassantas.org.br\/novosite\/primeira-radiografia-colorida-e-em-3d-e-feita-em-seres-humanos\/#respond\"]}]},{\"@type\":\"WebPage\",\"@id\":\"https:\/\/www.federassantas.org.br\/novosite\/primeira-radiografia-colorida-e-em-3d-e-feita-em-seres-humanos\/\",\"url\":\"https:\/\/www.federassantas.org.br\/novosite\/primeira-radiografia-colorida-e-em-3d-e-feita-em-seres-humanos\/\",\"name\":\"Primeira radiografia colorida e em 3D \u00e9 feita em seres humanos - Federassantas\",\"isPartOf\":{\"@id\":\"https:\/\/www.federassantas.org.br\/novosite\/#website\"},\"primaryImageOfPage\":{\"@id\":\"https:\/\/www.federassantas.org.br\/novosite\/primeira-radiografia-colorida-e-em-3d-e-feita-em-seres-humanos\/#primaryimage\"},\"image\":{\"@id\":\"https:\/\/www.federassantas.org.br\/novosite\/primeira-radiografia-colorida-e-em-3d-e-feita-em-seres-humanos\/#primaryimage\"},\"thumbnailUrl\":\"\",\"datePublished\":\"2018-07-13T18:47:12+00:00\",\"breadcrumb\":{\"@id\":\"https:\/\/www.federassantas.org.br\/novosite\/primeira-radiografia-colorida-e-em-3d-e-feita-em-seres-humanos\/#breadcrumb\"},\"inLanguage\":\"pt-BR\",\"potentialAction\":[{\"@type\":\"ReadAction\",\"target\":[\"https:\/\/www.federassantas.org.br\/novosite\/primeira-radiografia-colorida-e-em-3d-e-feita-em-seres-humanos\/\"]}]},{\"@type\":\"ImageObject\",\"inLanguage\":\"pt-BR\",\"@id\":\"https:\/\/www.federassantas.org.br\/novosite\/primeira-radiografia-colorida-e-em-3d-e-feita-em-seres-humanos\/#primaryimage\",\"url\":\"\",\"contentUrl\":\"\"},{\"@type\":\"BreadcrumbList\",\"@id\":\"https:\/\/www.federassantas.org.br\/novosite\/primeira-radiografia-colorida-e-em-3d-e-feita-em-seres-humanos\/#breadcrumb\",\"itemListElement\":[{\"@type\":\"ListItem\",\"position\":1,\"name\":\"In\u00edcio\",\"item\":\"https:\/\/www.federassantas.org.br\/novosite\/\"},{\"@type\":\"ListItem\",\"position\":2,\"name\":\"Primeira radiografia colorida e em 3D \u00e9 feita em seres humanos\"}]},{\"@type\":\"WebSite\",\"@id\":\"https:\/\/www.federassantas.org.br\/novosite\/#website\",\"url\":\"https:\/\/www.federassantas.org.br\/novosite\/\",\"name\":\"Federassantas\",\"description\":\"Entidade de representa\u00e7\u00e3o e fortalecimento das Santas Casas, hospitais filantr\u00f3picos e entidades beneficentes de sa\u00fade de Minas Gerais, atuando na defesa institucional, qualifica\u00e7\u00e3o da gest\u00e3o e sustentabilidade do setor.\",\"publisher\":{\"@id\":\"https:\/\/www.federassantas.org.br\/novosite\/#organization\"},\"potentialAction\":[{\"@type\":\"SearchAction\",\"target\":{\"@type\":\"EntryPoint\",\"urlTemplate\":\"https:\/\/www.federassantas.org.br\/novosite\/?s={search_term_string}\"},\"query-input\":{\"@type\":\"PropertyValueSpecification\",\"valueRequired\":true,\"valueName\":\"search_term_string\"}}],\"inLanguage\":\"pt-BR\"},{\"@type\":\"Organization\",\"@id\":\"https:\/\/www.federassantas.org.br\/novosite\/#organization\",\"name\":\"Federassantas\",\"url\":\"https:\/\/www.federassantas.org.br\/novosite\/\",\"logo\":{\"@type\":\"ImageObject\",\"inLanguage\":\"pt-BR\",\"@id\":\"https:\/\/www.federassantas.org.br\/novosite\/#\/schema\/logo\/image\/\",\"url\":\"https:\/\/www.federassantas.org.br\/novosite\/wp-content\/uploads\/2021\/12\/logo.png\",\"contentUrl\":\"https:\/\/www.federassantas.org.br\/novosite\/wp-content\/uploads\/2021\/12\/logo.png\",\"width\":243,\"height\":59,\"caption\":\"Federassantas\"},\"image\":{\"@id\":\"https:\/\/www.federassantas.org.br\/novosite\/#\/schema\/logo\/image\/\"}},{\"@type\":\"Person\",\"@id\":\"https:\/\/www.federassantas.org.br\/novosite\/#\/schema\/person\/75fed98158349313fe56175f232f513c\",\"name\":\"admin-federas\",\"image\":{\"@type\":\"ImageObject\",\"inLanguage\":\"pt-BR\",\"@id\":\"https:\/\/www.federassantas.org.br\/novosite\/#\/schema\/person\/image\/\",\"url\":\"https:\/\/secure.gravatar.com\/avatar\/2a02d7dda59fe8dc6b7ffd3f652e2efede5ccf0dd89dfdc8137c5517f3de8407?s=96&d=mm&r=g\",\"contentUrl\":\"https:\/\/secure.gravatar.com\/avatar\/2a02d7dda59fe8dc6b7ffd3f652e2efede5ccf0dd89dfdc8137c5517f3de8407?s=96&d=mm&r=g\",\"caption\":\"admin-federas\"},\"sameAs\":[\"https:\/\/www.federassantas.org.br\/novosite\/\"],\"url\":\"https:\/\/www.federassantas.org.br\/novosite\/author\/admin-federas\/\"}]}<\/script>\n<!-- \/ Yoast SEO plugin. -->","yoast_head_json":{"title":"Primeira radiografia colorida e em 3D \u00e9 feita em seres humanos - Federassantas","robots":{"index":"index","follow":"follow","max-snippet":"max-snippet:-1","max-image-preview":"max-image-preview:large","max-video-preview":"max-video-preview:-1"},"canonical":"https:\/\/www.federassantas.org.br\/novosite\/primeira-radiografia-colorida-e-em-3d-e-feita-em-seres-humanos\/","og_locale":"pt_BR","og_type":"article","og_title":"Primeira radiografia colorida e em 3D \u00e9 feita em seres humanos - Federassantas","og_description":"Cientistas da Nova Zel\u00e2ndia realizaram o primeiro raio X colorido e em 3D em humanos, usando uma t\u00e9cnica que promete melhorar o campo de diagn\u00f3sticos m\u00e9dicos, informou o laborat\u00f3rio de f\u00edsica europeu CERN, que contribuiu com a tecnologia de imagem. &#8220;Esta t\u00e9cnica de imagem de raios X a cores poderia produzir imagens mais claras e [&hellip;]","og_url":"https:\/\/www.federassantas.org.br\/novosite\/primeira-radiografia-colorida-e-em-3d-e-feita-em-seres-humanos\/","og_site_name":"Federassantas","article_published_time":"2018-07-13T18:47:12+00:00","author":"admin-federas","twitter_card":"summary_large_image","twitter_misc":{"Escrito por":"admin-federas","Est. tempo de leitura":"1 minuto"},"schema":{"@context":"https:\/\/schema.org","@graph":[{"@type":"Article","@id":"https:\/\/www.federassantas.org.br\/novosite\/primeira-radiografia-colorida-e-em-3d-e-feita-em-seres-humanos\/#article","isPartOf":{"@id":"https:\/\/www.federassantas.org.br\/novosite\/primeira-radiografia-colorida-e-em-3d-e-feita-em-seres-humanos\/"},"author":{"name":"admin-federas","@id":"https:\/\/www.federassantas.org.br\/novosite\/#\/schema\/person\/75fed98158349313fe56175f232f513c"},"headline":"Primeira radiografia colorida e em 3D \u00e9 feita em seres humanos","datePublished":"2018-07-13T18:47:12+00:00","mainEntityOfPage":{"@id":"https:\/\/www.federassantas.org.br\/novosite\/primeira-radiografia-colorida-e-em-3d-e-feita-em-seres-humanos\/"},"wordCount":148,"commentCount":0,"publisher":{"@id":"https:\/\/www.federassantas.org.br\/novosite\/#organization"},"image":{"@id":"https:\/\/www.federassantas.org.br\/novosite\/primeira-radiografia-colorida-e-em-3d-e-feita-em-seres-humanos\/#primaryimage"},"thumbnailUrl":"","articleSection":["Not\u00edcias"],"inLanguage":"pt-BR","potentialAction":[{"@type":"CommentAction","name":"Comment","target":["https:\/\/www.federassantas.org.br\/novosite\/primeira-radiografia-colorida-e-em-3d-e-feita-em-seres-humanos\/#respond"]}]},{"@type":"WebPage","@id":"https:\/\/www.federassantas.org.br\/novosite\/primeira-radiografia-colorida-e-em-3d-e-feita-em-seres-humanos\/","url":"https:\/\/www.federassantas.org.br\/novosite\/primeira-radiografia-colorida-e-em-3d-e-feita-em-seres-humanos\/","name":"Primeira radiografia colorida e em 3D \u00e9 feita em seres humanos - Federassantas","isPartOf":{"@id":"https:\/\/www.federassantas.org.br\/novosite\/#website"},"primaryImageOfPage":{"@id":"https:\/\/www.federassantas.org.br\/novosite\/primeira-radiografia-colorida-e-em-3d-e-feita-em-seres-humanos\/#primaryimage"},"image":{"@id":"https:\/\/www.federassantas.org.br\/novosite\/primeira-radiografia-colorida-e-em-3d-e-feita-em-seres-humanos\/#primaryimage"},"thumbnailUrl":"","datePublished":"2018-07-13T18:47:12+00:00","breadcrumb":{"@id":"https:\/\/www.federassantas.org.br\/novosite\/primeira-radiografia-colorida-e-em-3d-e-feita-em-seres-humanos\/#breadcrumb"},"inLanguage":"pt-BR","potentialAction":[{"@type":"ReadAction","target":["https:\/\/www.federassantas.org.br\/novosite\/primeira-radiografia-colorida-e-em-3d-e-feita-em-seres-humanos\/"]}]},{"@type":"ImageObject","inLanguage":"pt-BR","@id":"https:\/\/www.federassantas.org.br\/novosite\/primeira-radiografia-colorida-e-em-3d-e-feita-em-seres-humanos\/#primaryimage","url":"","contentUrl":""},{"@type":"BreadcrumbList","@id":"https:\/\/www.federassantas.org.br\/novosite\/primeira-radiografia-colorida-e-em-3d-e-feita-em-seres-humanos\/#breadcrumb","itemListElement":[{"@type":"ListItem","position":1,"name":"In\u00edcio","item":"https:\/\/www.federassantas.org.br\/novosite\/"},{"@type":"ListItem","position":2,"name":"Primeira radiografia colorida e em 3D \u00e9 feita em seres humanos"}]},{"@type":"WebSite","@id":"https:\/\/www.federassantas.org.br\/novosite\/#website","url":"https:\/\/www.federassantas.org.br\/novosite\/","name":"Federassantas","description":"Entidade de representa\u00e7\u00e3o e fortalecimento das Santas Casas, hospitais filantr\u00f3picos e entidades beneficentes de sa\u00fade de Minas Gerais, atuando na defesa institucional, qualifica\u00e7\u00e3o da gest\u00e3o e sustentabilidade do setor.","publisher":{"@id":"https:\/\/www.federassantas.org.br\/novosite\/#organization"},"potentialAction":[{"@type":"SearchAction","target":{"@type":"EntryPoint","urlTemplate":"https:\/\/www.federassantas.org.br\/novosite\/?s={search_term_string}"},"query-input":{"@type":"PropertyValueSpecification","valueRequired":true,"valueName":"search_term_string"}}],"inLanguage":"pt-BR"},{"@type":"Organization","@id":"https:\/\/www.federassantas.org.br\/novosite\/#organization","name":"Federassantas","url":"https:\/\/www.federassantas.org.br\/novosite\/","logo":{"@type":"ImageObject","inLanguage":"pt-BR","@id":"https:\/\/www.federassantas.org.br\/novosite\/#\/schema\/logo\/image\/","url":"https:\/\/www.federassantas.org.br\/novosite\/wp-content\/uploads\/2021\/12\/logo.png","contentUrl":"https:\/\/www.federassantas.org.br\/novosite\/wp-content\/uploads\/2021\/12\/logo.png","width":243,"height":59,"caption":"Federassantas"},"image":{"@id":"https:\/\/www.federassantas.org.br\/novosite\/#\/schema\/logo\/image\/"}},{"@type":"Person","@id":"https:\/\/www.federassantas.org.br\/novosite\/#\/schema\/person\/75fed98158349313fe56175f232f513c","name":"admin-federas","image":{"@type":"ImageObject","inLanguage":"pt-BR","@id":"https:\/\/www.federassantas.org.br\/novosite\/#\/schema\/person\/image\/","url":"https:\/\/secure.gravatar.com\/avatar\/2a02d7dda59fe8dc6b7ffd3f652e2efede5ccf0dd89dfdc8137c5517f3de8407?s=96&d=mm&r=g","contentUrl":"https:\/\/secure.gravatar.com\/avatar\/2a02d7dda59fe8dc6b7ffd3f652e2efede5ccf0dd89dfdc8137c5517f3de8407?s=96&d=mm&r=g","caption":"admin-federas"},"sameAs":["https:\/\/www.federassantas.org.br\/novosite\/"],"url":"https:\/\/www.federassantas.org.br\/novosite\/author\/admin-federas\/"}]}},"_links":{"self":[{"href":"https:\/\/www.federassantas.org.br\/novosite\/wp-json\/wp\/v2\/posts\/13283","targetHints":{"allow":["GET"]}}],"collection":[{"href":"https:\/\/www.federassantas.org.br\/novosite\/wp-json\/wp\/v2\/posts"}],"about":[{"href":"https:\/\/www.federassantas.org.br\/novosite\/wp-json\/wp\/v2\/types\/post"}],"author":[{"embeddable":true,"href":"https:\/\/www.federassantas.org.br\/novosite\/wp-json\/wp\/v2\/users\/1"}],"replies":[{"embeddable":true,"href":"https:\/\/www.federassantas.org.br\/novosite\/wp-json\/wp\/v2\/comments?post=13283"}],"version-history":[{"count":0,"href":"https:\/\/www.federassantas.org.br\/novosite\/wp-json\/wp\/v2\/posts\/13283\/revisions"}],"wp:attachment":[{"href":"https:\/\/www.federassantas.org.br\/novosite\/wp-json\/wp\/v2\/media?parent=13283"}],"wp:term":[{"taxonomy":"category","embeddable":true,"href":"https:\/\/www.federassantas.org.br\/novosite\/wp-json\/wp\/v2\/categories?post=13283"},{"taxonomy":"post_tag","embeddable":true,"href":"https:\/\/www.federassantas.org.br\/novosite\/wp-json\/wp\/v2\/tags?post=13283"}],"curies":[{"name":"wp","href":"https:\/\/api.w.org\/{rel}","templated":true}]}}