{"id":13294,"date":"2018-07-13T16:09:18","date_gmt":"2018-07-13T19:09:18","guid":{"rendered":"https:\/\/federasbackup.meltcomunicacao.com.br\/?p=13294"},"modified":"2018-07-13T16:09:18","modified_gmt":"2018-07-13T19:09:18","slug":"relatorio-comprova-baixo-investimento-na-saude-em-minas","status":"publish","type":"post","link":"https:\/\/www.federassantas.org.br\/novosite\/relatorio-comprova-baixo-investimento-na-saude-em-minas\/","title":{"rendered":"Relat\u00f3rio comprova baixo investimento na sa\u00fade em Minas"},"content":{"rendered":"<p>Para cumprir uma exig\u00eancia legal, t\u00e9cnicos da Secretaria de Estado da Fazenda estiveram nesta quarta-feira (11\/7\/18) na reuni\u00e3o da Comiss\u00e3o de Sa\u00fade da Assembleia Legislativa de Minas Gerais (ALMG), apresentando o\u00a0<strong>relat\u00f3rio quadrimestral de presta\u00e7\u00e3o de contas do Estado, referente ao Sistema \u00danico de Sa\u00fade (SUS)<\/strong>.<\/p>\n<p>O\u00a0que mais chama a aten\u00e7\u00e3o no relat\u00f3rio apresentado, no entanto, \u00e9 a\u00a0<strong>diferen\u00e7a entre o que estava previsto e o que foi efetivamente pago at\u00e9 hoje<\/strong>. Do total previsto, apenas 18% foi executado. V\u00e1rios programas e unidades de sa\u00fade ainda n\u00e3o receberam nenhum recurso este ano. Dos R$5,6 bilh\u00f5es de restos a pagar, contas que ficaram do ano passado, apenas R$713 milh\u00f5es foram pagos at\u00e9 agora.<\/p>\n<p><strong>Em \u00e1reas<\/strong>\u00a0consideradas fundamentais,\u00a0<strong>como a<\/strong>\u00a0<strong>aten\u00e7\u00e3o b\u00e1sica \u00e0 sa\u00fade<\/strong>, por exemplo,\u00a0<strong>foram investidos e efetivamente pagos at\u00e9 agora apenas 1% do or\u00e7amento previsto<\/strong>.<\/p>\n<p>A\u00e7\u00f5es como a de Apoio e fortalecimento da Rede de Cuidado \u00e0 Pessoa com Defici\u00eancia, e a de Implementa\u00e7\u00e3o da Politica Estadual de Promo\u00e7\u00e3o da Sa\u00fade<strong>\u00a0n\u00e3o tiveram\u00a0investimentos este ano<\/strong>.<\/p>\n<p>O presidente da comiss\u00e3o, deputado Carlos Pimenta (PDT), disse que o governador Fernando Pimentel vai ter que responder judicialmente, ao final do governo, pela forma como vem tratando a\u00a0\u00e1rea.<\/p>\n<p><strong>Crise resulta em unidades de sa\u00fade fechadas<\/strong><\/p>\n<p>Durante a reuni\u00e3o, o vice-presidente do Conselho de Secretarias Municipais de Sa\u00fade (Cosems), Herm\u00f3genes Vanelli, deu a not\u00edcia de que a Santa Casa de Tr\u00eas Pontas (Sul de Minas) est\u00e1 com a maternidade e o setor de pediatria fechados a partir desta quinta (11), por total falta de recursos financeiros. Trata-se de uma hospital que integra a rede de urg\u00eancia e emerg\u00eancia do Estado, refer\u00eancia para v\u00e1rias outras cidades da regi\u00e3o.<\/p>\n<p>Saiba mais em:\u00a0<a href=\"https:\/\/www.almg.gov.br\/acompanhe\/noticias\/arquivos\/2018\/07\/11_audiencia_saude_relatorio_SUS.html?utm_source=Boletim-Noticia&amp;utm_medium=email&amp;utm_campaign=Boletim\">https:\/\/www.almg.gov.br\/acompanhe\/noticias\/arquivos\/2018\/07\/11_audiencia_saude_relatorio_SUS.html?utm_source=Boletim-Noticia&amp;utm_medium=email&amp;utm_campaign=Boletim<\/a><\/p>\n","protected":false},"excerpt":{"rendered":"<p>Para cumprir uma exig\u00eancia legal, t\u00e9cnicos da Secretaria de Estado da Fazenda estiveram nesta quarta-feira (11\/7\/18) na reuni\u00e3o da Comiss\u00e3o de Sa\u00fade da Assembleia Legislativa de Minas Gerais (ALMG), apresentando o\u00a0relat\u00f3rio quadrimestral de presta\u00e7\u00e3o de contas do Estado, referente ao Sistema \u00danico de Sa\u00fade (SUS). O\u00a0que mais chama a aten\u00e7\u00e3o no relat\u00f3rio apresentado, no entanto, [&hellip;]<\/p>\n","protected":false},"author":1,"featured_media":13295,"comment_status":"open","ping_status":"open","sticky":false,"template":"","format":"standard","meta":{"footnotes":""},"categories":[140,143],"tags":[],"class_list":["post-13294","post","type-post","status-publish","format-standard","has-post-thumbnail","hentry","category-noticias","category-noticias-publicas"],"yoast_head":"<!-- This site is optimized with the Yoast SEO plugin v26.9 - https:\/\/yoast.com\/product\/yoast-seo-wordpress\/ -->\n<title>Relat\u00f3rio comprova baixo investimento na sa\u00fade em Minas - Federassantas<\/title>\n<meta name=\"robots\" content=\"index, follow, max-snippet:-1, max-image-preview:large, max-video-preview:-1\" \/>\n<link rel=\"canonical\" href=\"https:\/\/www.federassantas.org.br\/novosite\/relatorio-comprova-baixo-investimento-na-saude-em-minas\/\" \/>\n<meta property=\"og:locale\" content=\"pt_BR\" \/>\n<meta property=\"og:type\" content=\"article\" \/>\n<meta property=\"og:title\" content=\"Relat\u00f3rio comprova baixo investimento na sa\u00fade em Minas - Federassantas\" \/>\n<meta property=\"og:description\" content=\"Para cumprir uma exig\u00eancia legal, t\u00e9cnicos da Secretaria de Estado da Fazenda estiveram nesta quarta-feira (11\/7\/18) na reuni\u00e3o da Comiss\u00e3o de Sa\u00fade da Assembleia Legislativa de Minas Gerais (ALMG), apresentando o\u00a0relat\u00f3rio quadrimestral de presta\u00e7\u00e3o de contas do Estado, referente ao Sistema \u00danico de Sa\u00fade (SUS). O\u00a0que mais chama a aten\u00e7\u00e3o no relat\u00f3rio apresentado, no entanto, [&hellip;]\" \/>\n<meta property=\"og:url\" content=\"https:\/\/www.federassantas.org.br\/novosite\/relatorio-comprova-baixo-investimento-na-saude-em-minas\/\" \/>\n<meta property=\"og:site_name\" content=\"Federassantas\" \/>\n<meta property=\"article:published_time\" content=\"2018-07-13T19:09:18+00:00\" \/>\n<meta name=\"author\" content=\"admin-federas\" \/>\n<meta name=\"twitter:card\" content=\"summary_large_image\" \/>\n<meta name=\"twitter:label1\" content=\"Escrito por\" \/>\n\t<meta name=\"twitter:data1\" content=\"admin-federas\" \/>\n\t<meta name=\"twitter:label2\" content=\"Est. tempo de leitura\" \/>\n\t<meta name=\"twitter:data2\" content=\"2 minutos\" \/>\n<script type=\"application\/ld+json\" class=\"yoast-schema-graph\">{\"@context\":\"https:\/\/schema.org\",\"@graph\":[{\"@type\":\"Article\",\"@id\":\"https:\/\/www.federassantas.org.br\/novosite\/relatorio-comprova-baixo-investimento-na-saude-em-minas\/#article\",\"isPartOf\":{\"@id\":\"https:\/\/www.federassantas.org.br\/novosite\/relatorio-comprova-baixo-investimento-na-saude-em-minas\/\"},\"author\":{\"name\":\"admin-federas\",\"@id\":\"https:\/\/www.federassantas.org.br\/novosite\/#\/schema\/person\/75fed98158349313fe56175f232f513c\"},\"headline\":\"Relat\u00f3rio comprova baixo investimento na sa\u00fade em Minas\",\"datePublished\":\"2018-07-13T19:09:18+00:00\",\"mainEntityOfPage\":{\"@id\":\"https:\/\/www.federassantas.org.br\/novosite\/relatorio-comprova-baixo-investimento-na-saude-em-minas\/\"},\"wordCount\":344,\"commentCount\":0,\"publisher\":{\"@id\":\"https:\/\/www.federassantas.org.br\/novosite\/#organization\"},\"image\":{\"@id\":\"https:\/\/www.federassantas.org.br\/novosite\/relatorio-comprova-baixo-investimento-na-saude-em-minas\/#primaryimage\"},\"thumbnailUrl\":\"\",\"articleSection\":[\"Not\u00edcias\",\"Not\u00edcias P\u00fablicas\"],\"inLanguage\":\"pt-BR\",\"potentialAction\":[{\"@type\":\"CommentAction\",\"name\":\"Comment\",\"target\":[\"https:\/\/www.federassantas.org.br\/novosite\/relatorio-comprova-baixo-investimento-na-saude-em-minas\/#respond\"]}]},{\"@type\":\"WebPage\",\"@id\":\"https:\/\/www.federassantas.org.br\/novosite\/relatorio-comprova-baixo-investimento-na-saude-em-minas\/\",\"url\":\"https:\/\/www.federassantas.org.br\/novosite\/relatorio-comprova-baixo-investimento-na-saude-em-minas\/\",\"name\":\"Relat\u00f3rio comprova baixo investimento na sa\u00fade em Minas - Federassantas\",\"isPartOf\":{\"@id\":\"https:\/\/www.federassantas.org.br\/novosite\/#website\"},\"primaryImageOfPage\":{\"@id\":\"https:\/\/www.federassantas.org.br\/novosite\/relatorio-comprova-baixo-investimento-na-saude-em-minas\/#primaryimage\"},\"image\":{\"@id\":\"https:\/\/www.federassantas.org.br\/novosite\/relatorio-comprova-baixo-investimento-na-saude-em-minas\/#primaryimage\"},\"thumbnailUrl\":\"\",\"datePublished\":\"2018-07-13T19:09:18+00:00\",\"breadcrumb\":{\"@id\":\"https:\/\/www.federassantas.org.br\/novosite\/relatorio-comprova-baixo-investimento-na-saude-em-minas\/#breadcrumb\"},\"inLanguage\":\"pt-BR\",\"potentialAction\":[{\"@type\":\"ReadAction\",\"target\":[\"https:\/\/www.federassantas.org.br\/novosite\/relatorio-comprova-baixo-investimento-na-saude-em-minas\/\"]}]},{\"@type\":\"ImageObject\",\"inLanguage\":\"pt-BR\",\"@id\":\"https:\/\/www.federassantas.org.br\/novosite\/relatorio-comprova-baixo-investimento-na-saude-em-minas\/#primaryimage\",\"url\":\"\",\"contentUrl\":\"\"},{\"@type\":\"BreadcrumbList\",\"@id\":\"https:\/\/www.federassantas.org.br\/novosite\/relatorio-comprova-baixo-investimento-na-saude-em-minas\/#breadcrumb\",\"itemListElement\":[{\"@type\":\"ListItem\",\"position\":1,\"name\":\"In\u00edcio\",\"item\":\"https:\/\/www.federassantas.org.br\/novosite\/\"},{\"@type\":\"ListItem\",\"position\":2,\"name\":\"Relat\u00f3rio comprova baixo investimento na sa\u00fade em Minas\"}]},{\"@type\":\"WebSite\",\"@id\":\"https:\/\/www.federassantas.org.br\/novosite\/#website\",\"url\":\"https:\/\/www.federassantas.org.br\/novosite\/\",\"name\":\"Federassantas\",\"description\":\"Entidade de representa\u00e7\u00e3o e fortalecimento das Santas Casas, hospitais filantr\u00f3picos e entidades beneficentes de sa\u00fade de Minas Gerais, atuando na defesa institucional, qualifica\u00e7\u00e3o da gest\u00e3o e sustentabilidade do setor.\",\"publisher\":{\"@id\":\"https:\/\/www.federassantas.org.br\/novosite\/#organization\"},\"potentialAction\":[{\"@type\":\"SearchAction\",\"target\":{\"@type\":\"EntryPoint\",\"urlTemplate\":\"https:\/\/www.federassantas.org.br\/novosite\/?s={search_term_string}\"},\"query-input\":{\"@type\":\"PropertyValueSpecification\",\"valueRequired\":true,\"valueName\":\"search_term_string\"}}],\"inLanguage\":\"pt-BR\"},{\"@type\":\"Organization\",\"@id\":\"https:\/\/www.federassantas.org.br\/novosite\/#organization\",\"name\":\"Federassantas\",\"url\":\"https:\/\/www.federassantas.org.br\/novosite\/\",\"logo\":{\"@type\":\"ImageObject\",\"inLanguage\":\"pt-BR\",\"@id\":\"https:\/\/www.federassantas.org.br\/novosite\/#\/schema\/logo\/image\/\",\"url\":\"https:\/\/www.federassantas.org.br\/novosite\/wp-content\/uploads\/2021\/12\/logo.png\",\"contentUrl\":\"https:\/\/www.federassantas.org.br\/novosite\/wp-content\/uploads\/2021\/12\/logo.png\",\"width\":243,\"height\":59,\"caption\":\"Federassantas\"},\"image\":{\"@id\":\"https:\/\/www.federassantas.org.br\/novosite\/#\/schema\/logo\/image\/\"}},{\"@type\":\"Person\",\"@id\":\"https:\/\/www.federassantas.org.br\/novosite\/#\/schema\/person\/75fed98158349313fe56175f232f513c\",\"name\":\"admin-federas\",\"image\":{\"@type\":\"ImageObject\",\"inLanguage\":\"pt-BR\",\"@id\":\"https:\/\/www.federassantas.org.br\/novosite\/#\/schema\/person\/image\/\",\"url\":\"https:\/\/secure.gravatar.com\/avatar\/2a02d7dda59fe8dc6b7ffd3f652e2efede5ccf0dd89dfdc8137c5517f3de8407?s=96&d=mm&r=g\",\"contentUrl\":\"https:\/\/secure.gravatar.com\/avatar\/2a02d7dda59fe8dc6b7ffd3f652e2efede5ccf0dd89dfdc8137c5517f3de8407?s=96&d=mm&r=g\",\"caption\":\"admin-federas\"},\"sameAs\":[\"https:\/\/www.federassantas.org.br\/novosite\/\"],\"url\":\"https:\/\/www.federassantas.org.br\/novosite\/author\/admin-federas\/\"}]}<\/script>\n<!-- \/ Yoast SEO plugin. -->","yoast_head_json":{"title":"Relat\u00f3rio comprova baixo investimento na sa\u00fade em Minas - Federassantas","robots":{"index":"index","follow":"follow","max-snippet":"max-snippet:-1","max-image-preview":"max-image-preview:large","max-video-preview":"max-video-preview:-1"},"canonical":"https:\/\/www.federassantas.org.br\/novosite\/relatorio-comprova-baixo-investimento-na-saude-em-minas\/","og_locale":"pt_BR","og_type":"article","og_title":"Relat\u00f3rio comprova baixo investimento na sa\u00fade em Minas - Federassantas","og_description":"Para cumprir uma exig\u00eancia legal, t\u00e9cnicos da Secretaria de Estado da Fazenda estiveram nesta quarta-feira (11\/7\/18) na reuni\u00e3o da Comiss\u00e3o de Sa\u00fade da Assembleia Legislativa de Minas Gerais (ALMG), apresentando o\u00a0relat\u00f3rio quadrimestral de presta\u00e7\u00e3o de contas do Estado, referente ao Sistema \u00danico de Sa\u00fade (SUS). O\u00a0que mais chama a aten\u00e7\u00e3o no relat\u00f3rio apresentado, no entanto, [&hellip;]","og_url":"https:\/\/www.federassantas.org.br\/novosite\/relatorio-comprova-baixo-investimento-na-saude-em-minas\/","og_site_name":"Federassantas","article_published_time":"2018-07-13T19:09:18+00:00","author":"admin-federas","twitter_card":"summary_large_image","twitter_misc":{"Escrito por":"admin-federas","Est. tempo de leitura":"2 minutos"},"schema":{"@context":"https:\/\/schema.org","@graph":[{"@type":"Article","@id":"https:\/\/www.federassantas.org.br\/novosite\/relatorio-comprova-baixo-investimento-na-saude-em-minas\/#article","isPartOf":{"@id":"https:\/\/www.federassantas.org.br\/novosite\/relatorio-comprova-baixo-investimento-na-saude-em-minas\/"},"author":{"name":"admin-federas","@id":"https:\/\/www.federassantas.org.br\/novosite\/#\/schema\/person\/75fed98158349313fe56175f232f513c"},"headline":"Relat\u00f3rio comprova baixo investimento na sa\u00fade em Minas","datePublished":"2018-07-13T19:09:18+00:00","mainEntityOfPage":{"@id":"https:\/\/www.federassantas.org.br\/novosite\/relatorio-comprova-baixo-investimento-na-saude-em-minas\/"},"wordCount":344,"commentCount":0,"publisher":{"@id":"https:\/\/www.federassantas.org.br\/novosite\/#organization"},"image":{"@id":"https:\/\/www.federassantas.org.br\/novosite\/relatorio-comprova-baixo-investimento-na-saude-em-minas\/#primaryimage"},"thumbnailUrl":"","articleSection":["Not\u00edcias","Not\u00edcias P\u00fablicas"],"inLanguage":"pt-BR","potentialAction":[{"@type":"CommentAction","name":"Comment","target":["https:\/\/www.federassantas.org.br\/novosite\/relatorio-comprova-baixo-investimento-na-saude-em-minas\/#respond"]}]},{"@type":"WebPage","@id":"https:\/\/www.federassantas.org.br\/novosite\/relatorio-comprova-baixo-investimento-na-saude-em-minas\/","url":"https:\/\/www.federassantas.org.br\/novosite\/relatorio-comprova-baixo-investimento-na-saude-em-minas\/","name":"Relat\u00f3rio comprova baixo investimento na sa\u00fade em Minas - Federassantas","isPartOf":{"@id":"https:\/\/www.federassantas.org.br\/novosite\/#website"},"primaryImageOfPage":{"@id":"https:\/\/www.federassantas.org.br\/novosite\/relatorio-comprova-baixo-investimento-na-saude-em-minas\/#primaryimage"},"image":{"@id":"https:\/\/www.federassantas.org.br\/novosite\/relatorio-comprova-baixo-investimento-na-saude-em-minas\/#primaryimage"},"thumbnailUrl":"","datePublished":"2018-07-13T19:09:18+00:00","breadcrumb":{"@id":"https:\/\/www.federassantas.org.br\/novosite\/relatorio-comprova-baixo-investimento-na-saude-em-minas\/#breadcrumb"},"inLanguage":"pt-BR","potentialAction":[{"@type":"ReadAction","target":["https:\/\/www.federassantas.org.br\/novosite\/relatorio-comprova-baixo-investimento-na-saude-em-minas\/"]}]},{"@type":"ImageObject","inLanguage":"pt-BR","@id":"https:\/\/www.federassantas.org.br\/novosite\/relatorio-comprova-baixo-investimento-na-saude-em-minas\/#primaryimage","url":"","contentUrl":""},{"@type":"BreadcrumbList","@id":"https:\/\/www.federassantas.org.br\/novosite\/relatorio-comprova-baixo-investimento-na-saude-em-minas\/#breadcrumb","itemListElement":[{"@type":"ListItem","position":1,"name":"In\u00edcio","item":"https:\/\/www.federassantas.org.br\/novosite\/"},{"@type":"ListItem","position":2,"name":"Relat\u00f3rio comprova baixo investimento na sa\u00fade em Minas"}]},{"@type":"WebSite","@id":"https:\/\/www.federassantas.org.br\/novosite\/#website","url":"https:\/\/www.federassantas.org.br\/novosite\/","name":"Federassantas","description":"Entidade de representa\u00e7\u00e3o e fortalecimento das Santas Casas, hospitais filantr\u00f3picos e entidades beneficentes de sa\u00fade de Minas Gerais, atuando na defesa institucional, qualifica\u00e7\u00e3o da gest\u00e3o e sustentabilidade do setor.","publisher":{"@id":"https:\/\/www.federassantas.org.br\/novosite\/#organization"},"potentialAction":[{"@type":"SearchAction","target":{"@type":"EntryPoint","urlTemplate":"https:\/\/www.federassantas.org.br\/novosite\/?s={search_term_string}"},"query-input":{"@type":"PropertyValueSpecification","valueRequired":true,"valueName":"search_term_string"}}],"inLanguage":"pt-BR"},{"@type":"Organization","@id":"https:\/\/www.federassantas.org.br\/novosite\/#organization","name":"Federassantas","url":"https:\/\/www.federassantas.org.br\/novosite\/","logo":{"@type":"ImageObject","inLanguage":"pt-BR","@id":"https:\/\/www.federassantas.org.br\/novosite\/#\/schema\/logo\/image\/","url":"https:\/\/www.federassantas.org.br\/novosite\/wp-content\/uploads\/2021\/12\/logo.png","contentUrl":"https:\/\/www.federassantas.org.br\/novosite\/wp-content\/uploads\/2021\/12\/logo.png","width":243,"height":59,"caption":"Federassantas"},"image":{"@id":"https:\/\/www.federassantas.org.br\/novosite\/#\/schema\/logo\/image\/"}},{"@type":"Person","@id":"https:\/\/www.federassantas.org.br\/novosite\/#\/schema\/person\/75fed98158349313fe56175f232f513c","name":"admin-federas","image":{"@type":"ImageObject","inLanguage":"pt-BR","@id":"https:\/\/www.federassantas.org.br\/novosite\/#\/schema\/person\/image\/","url":"https:\/\/secure.gravatar.com\/avatar\/2a02d7dda59fe8dc6b7ffd3f652e2efede5ccf0dd89dfdc8137c5517f3de8407?s=96&d=mm&r=g","contentUrl":"https:\/\/secure.gravatar.com\/avatar\/2a02d7dda59fe8dc6b7ffd3f652e2efede5ccf0dd89dfdc8137c5517f3de8407?s=96&d=mm&r=g","caption":"admin-federas"},"sameAs":["https:\/\/www.federassantas.org.br\/novosite\/"],"url":"https:\/\/www.federassantas.org.br\/novosite\/author\/admin-federas\/"}]}},"_links":{"self":[{"href":"https:\/\/www.federassantas.org.br\/novosite\/wp-json\/wp\/v2\/posts\/13294","targetHints":{"allow":["GET"]}}],"collection":[{"href":"https:\/\/www.federassantas.org.br\/novosite\/wp-json\/wp\/v2\/posts"}],"about":[{"href":"https:\/\/www.federassantas.org.br\/novosite\/wp-json\/wp\/v2\/types\/post"}],"author":[{"embeddable":true,"href":"https:\/\/www.federassantas.org.br\/novosite\/wp-json\/wp\/v2\/users\/1"}],"replies":[{"embeddable":true,"href":"https:\/\/www.federassantas.org.br\/novosite\/wp-json\/wp\/v2\/comments?post=13294"}],"version-history":[{"count":0,"href":"https:\/\/www.federassantas.org.br\/novosite\/wp-json\/wp\/v2\/posts\/13294\/revisions"}],"wp:attachment":[{"href":"https:\/\/www.federassantas.org.br\/novosite\/wp-json\/wp\/v2\/media?parent=13294"}],"wp:term":[{"taxonomy":"category","embeddable":true,"href":"https:\/\/www.federassantas.org.br\/novosite\/wp-json\/wp\/v2\/categories?post=13294"},{"taxonomy":"post_tag","embeddable":true,"href":"https:\/\/www.federassantas.org.br\/novosite\/wp-json\/wp\/v2\/tags?post=13294"}],"curies":[{"name":"wp","href":"https:\/\/api.w.org\/{rel}","templated":true}]}}