{"id":13302,"date":"2018-07-16T15:33:05","date_gmt":"2018-07-16T18:33:05","guid":{"rendered":"https:\/\/federasbackup.meltcomunicacao.com.br\/?p=13302"},"modified":"2018-07-16T15:33:05","modified_gmt":"2018-07-16T18:33:05","slug":"1a-corrida-e-caminhada-da-sabta-casa-bh-na-luta-contra-o-cancer-infantojuvenil-alerta-para-a-importancia-do-diagnostico-precoce","status":"publish","type":"post","link":"https:\/\/www.federassantas.org.br\/novosite\/1a-corrida-e-caminhada-da-sabta-casa-bh-na-luta-contra-o-cancer-infantojuvenil-alerta-para-a-importancia-do-diagnostico-precoce\/","title":{"rendered":"1\u00aa Corrida e Caminhada da Santa Casa BH na luta contra o c\u00e2ncer Infantojuvenil alerta para a import\u00e2ncia do diagn\u00f3stico precoce"},"content":{"rendered":"<p>O diagn\u00f3stico precoce do c\u00e2ncer infantojuvenil pode representar o in\u00edcio da cura. Em Belo Horizonte, a campanha \u2018Setembro Dourado\u2019 &#8211; criada para dar repercuss\u00e3o nacional ao tema &#8211; ter\u00e1 in\u00edcio com uma atividade especial: a 1\u00aa Corrida e Caminhada Santa Casa BH na Luta Contra o C\u00e2ncer Infantojuvenil. O evento ser\u00e1 realizado no dia 2 de setembro, com sa\u00edda na Avenida dos Andradas, n\u00ba 3.000 &#8211; em frente ao Boulevard Shopping. As inscri\u00e7\u00f5es podem ser feitas pelo Sympla. Acesse\u00a0<a href=\"https:\/\/goo.gl\/oCiv5g\">https:\/\/goo.gl\/oCiv5g<\/a><\/p>\n<p>&nbsp;<\/p>\n<p>Quem quiser participar da corrida mais solid\u00e1ria de BH pode optar por quatro modalidades: Corrida 5 km e 10 km, Corrida Kids (para participantes de 3 a 12 anos), Corrida J\u00fanior (5 km para participantes de 13 a 17 anos) e Caminhada. O trajeto percorrido ser\u00e1 entre a rua Pac\u00edfico Mascarenhas e a Avenida Silviano Brand\u00e3o, em uma pista exclusiva para os praticantes de atividades f\u00edsicas. O evento tem como objetivo arrecadar recursos para o hospital, refer\u00eancia no atendimento de pacientes com c\u00e2ncer em Minas Gerais.<\/p>\n<p>&nbsp;<\/p>\n<p><strong>A SANTA CASA BH<\/strong><\/p>\n<p><strong>\u00a0<\/strong><\/p>\n<p>A Santa Casa BH, hospital filantr\u00f3pico e maior prestador de servi\u00e7os SUS em Minas Gerais, atende cerca de 2 milh\u00f5es de pessoas por ano. A institui\u00e7\u00e3o, que cuida de 36 especialidades m\u00e9dicas, \u00e9 refer\u00eancia em v\u00e1rias delas, incluindo oncologia e cardiologia.<\/p>\n<p>&nbsp;<\/p>\n<p><strong>TRATAMENTO DO C\u00c2NCER INFANTOJUVENIL <\/strong><\/p>\n<p><strong>\u00a0<\/strong><\/p>\n<p>O Ambulat\u00f3rio de Oncologia Pedi\u00e1trica da Santa Casa BH conta com tr\u00eas consult\u00f3rios m\u00e9dicos, uma sala de procedimento e sala de proped\u00eautica de quimioterapia com 20 leitos; espa\u00e7o \u201c<em>teen<\/em>\u201d, espa\u00e7o \u201c<em>kids<\/em>\u201d, sala administrativa, recep\u00e7\u00e3o e consult\u00f3rio de atendimento da equipe multiprofissional. O local oferece em m\u00e9dia 40 atendimentos de crian\u00e7as e adolescentes por dia.<\/p>\n<p>&nbsp;<\/p>\n<p>De acordo com o DATASUS, o hospital ocupa o primeiro lugar no tratamento oncol\u00f3gico para adultos e crian\u00e7as e na realiza\u00e7\u00e3o de cirurgia oncol\u00f3gica, radioterapia e quimioterapia pedi\u00e1trica (at\u00e9 17 anos).\u00a0 Em 2017, entre sess\u00f5es de quimioterapia, radioterapia, cirurgias, tratamentos cl\u00ednicos e interna\u00e7\u00f5es, a Santa Casa BH realizou mais de 10.300 procedimentos em pacientes oncol\u00f3gicos com at\u00e9 18 anos de idade.<\/p>\n<p>Fonte: Assessoria da Santa Casa de Belo Horizonte<\/p>\n","protected":false},"excerpt":{"rendered":"<p>O diagn\u00f3stico precoce do c\u00e2ncer infantojuvenil pode representar o in\u00edcio da cura. Em Belo Horizonte, a campanha \u2018Setembro Dourado\u2019 &#8211; criada para dar repercuss\u00e3o nacional ao tema &#8211; ter\u00e1 in\u00edcio com uma atividade especial: a 1\u00aa Corrida e Caminhada Santa Casa BH na Luta Contra o C\u00e2ncer Infantojuvenil. O evento ser\u00e1 realizado no dia 2 [&hellip;]<\/p>\n","protected":false},"author":1,"featured_media":13304,"comment_status":"open","ping_status":"open","sticky":false,"template":"","format":"standard","meta":{"footnotes":""},"categories":[140,139],"tags":[],"class_list":["post-13302","post","type-post","status-publish","format-standard","has-post-thumbnail","hentry","category-noticias","category-noticias-filiados"],"yoast_head":"<!-- This site is optimized with the Yoast SEO plugin v26.9 - https:\/\/yoast.com\/product\/yoast-seo-wordpress\/ -->\n<title>1\u00aa Corrida e Caminhada da Santa Casa BH na luta contra o c\u00e2ncer Infantojuvenil alerta para a import\u00e2ncia do diagn\u00f3stico precoce - Federassantas<\/title>\n<meta name=\"robots\" content=\"index, follow, max-snippet:-1, max-image-preview:large, max-video-preview:-1\" \/>\n<link rel=\"canonical\" href=\"https:\/\/www.federassantas.org.br\/novosite\/1a-corrida-e-caminhada-da-sabta-casa-bh-na-luta-contra-o-cancer-infantojuvenil-alerta-para-a-importancia-do-diagnostico-precoce\/\" \/>\n<meta property=\"og:locale\" content=\"pt_BR\" \/>\n<meta property=\"og:type\" content=\"article\" \/>\n<meta property=\"og:title\" content=\"1\u00aa Corrida e Caminhada da Santa Casa BH na luta contra o c\u00e2ncer Infantojuvenil alerta para a import\u00e2ncia do diagn\u00f3stico precoce - Federassantas\" \/>\n<meta property=\"og:description\" content=\"O diagn\u00f3stico precoce do c\u00e2ncer infantojuvenil pode representar o in\u00edcio da cura. Em Belo Horizonte, a campanha \u2018Setembro Dourado\u2019 &#8211; criada para dar repercuss\u00e3o nacional ao tema &#8211; ter\u00e1 in\u00edcio com uma atividade especial: a 1\u00aa Corrida e Caminhada Santa Casa BH na Luta Contra o C\u00e2ncer Infantojuvenil. O evento ser\u00e1 realizado no dia 2 [&hellip;]\" \/>\n<meta property=\"og:url\" content=\"https:\/\/www.federassantas.org.br\/novosite\/1a-corrida-e-caminhada-da-sabta-casa-bh-na-luta-contra-o-cancer-infantojuvenil-alerta-para-a-importancia-do-diagnostico-precoce\/\" \/>\n<meta property=\"og:site_name\" content=\"Federassantas\" \/>\n<meta property=\"article:published_time\" content=\"2018-07-16T18:33:05+00:00\" \/>\n<meta property=\"og:image\" content=\"https:\/\/www.federassantas.org.br\/novosite\/wp-content\/uploads\/2018\/07\/fotoscbh.jpg\" \/>\n\t<meta property=\"og:image:width\" content=\"960\" \/>\n\t<meta property=\"og:image:height\" content=\"502\" \/>\n\t<meta property=\"og:image:type\" content=\"image\/jpeg\" \/>\n<meta name=\"author\" content=\"admin-federas\" \/>\n<meta name=\"twitter:card\" content=\"summary_large_image\" \/>\n<meta name=\"twitter:label1\" content=\"Escrito por\" \/>\n\t<meta name=\"twitter:data1\" content=\"admin-federas\" \/>\n\t<meta name=\"twitter:label2\" content=\"Est. tempo de leitura\" \/>\n\t<meta name=\"twitter:data2\" content=\"2 minutos\" \/>\n<script type=\"application\/ld+json\" class=\"yoast-schema-graph\">{\"@context\":\"https:\/\/schema.org\",\"@graph\":[{\"@type\":\"Article\",\"@id\":\"https:\/\/www.federassantas.org.br\/novosite\/1a-corrida-e-caminhada-da-sabta-casa-bh-na-luta-contra-o-cancer-infantojuvenil-alerta-para-a-importancia-do-diagnostico-precoce\/#article\",\"isPartOf\":{\"@id\":\"https:\/\/www.federassantas.org.br\/novosite\/1a-corrida-e-caminhada-da-sabta-casa-bh-na-luta-contra-o-cancer-infantojuvenil-alerta-para-a-importancia-do-diagnostico-precoce\/\"},\"author\":{\"name\":\"admin-federas\",\"@id\":\"https:\/\/www.federassantas.org.br\/novosite\/#\/schema\/person\/75fed98158349313fe56175f232f513c\"},\"headline\":\"1\u00aa Corrida e Caminhada da Santa Casa BH na luta contra o c\u00e2ncer Infantojuvenil alerta para a import\u00e2ncia do diagn\u00f3stico precoce\",\"datePublished\":\"2018-07-16T18:33:05+00:00\",\"mainEntityOfPage\":{\"@id\":\"https:\/\/www.federassantas.org.br\/novosite\/1a-corrida-e-caminhada-da-sabta-casa-bh-na-luta-contra-o-cancer-infantojuvenil-alerta-para-a-importancia-do-diagnostico-precoce\/\"},\"wordCount\":394,\"commentCount\":0,\"publisher\":{\"@id\":\"https:\/\/www.federassantas.org.br\/novosite\/#organization\"},\"image\":{\"@id\":\"https:\/\/www.federassantas.org.br\/novosite\/1a-corrida-e-caminhada-da-sabta-casa-bh-na-luta-contra-o-cancer-infantojuvenil-alerta-para-a-importancia-do-diagnostico-precoce\/#primaryimage\"},\"thumbnailUrl\":\"https:\/\/www.federassantas.org.br\/novosite\/wp-content\/uploads\/2018\/07\/fotoscbh.jpg\",\"articleSection\":[\"Not\u00edcias\",\"Not\u00edcias filiados\"],\"inLanguage\":\"pt-BR\",\"potentialAction\":[{\"@type\":\"CommentAction\",\"name\":\"Comment\",\"target\":[\"https:\/\/www.federassantas.org.br\/novosite\/1a-corrida-e-caminhada-da-sabta-casa-bh-na-luta-contra-o-cancer-infantojuvenil-alerta-para-a-importancia-do-diagnostico-precoce\/#respond\"]}]},{\"@type\":\"WebPage\",\"@id\":\"https:\/\/www.federassantas.org.br\/novosite\/1a-corrida-e-caminhada-da-sabta-casa-bh-na-luta-contra-o-cancer-infantojuvenil-alerta-para-a-importancia-do-diagnostico-precoce\/\",\"url\":\"https:\/\/www.federassantas.org.br\/novosite\/1a-corrida-e-caminhada-da-sabta-casa-bh-na-luta-contra-o-cancer-infantojuvenil-alerta-para-a-importancia-do-diagnostico-precoce\/\",\"name\":\"1\u00aa Corrida e Caminhada da Santa Casa BH na luta contra o c\u00e2ncer Infantojuvenil alerta para a import\u00e2ncia do diagn\u00f3stico precoce - Federassantas\",\"isPartOf\":{\"@id\":\"https:\/\/www.federassantas.org.br\/novosite\/#website\"},\"primaryImageOfPage\":{\"@id\":\"https:\/\/www.federassantas.org.br\/novosite\/1a-corrida-e-caminhada-da-sabta-casa-bh-na-luta-contra-o-cancer-infantojuvenil-alerta-para-a-importancia-do-diagnostico-precoce\/#primaryimage\"},\"image\":{\"@id\":\"https:\/\/www.federassantas.org.br\/novosite\/1a-corrida-e-caminhada-da-sabta-casa-bh-na-luta-contra-o-cancer-infantojuvenil-alerta-para-a-importancia-do-diagnostico-precoce\/#primaryimage\"},\"thumbnailUrl\":\"https:\/\/www.federassantas.org.br\/novosite\/wp-content\/uploads\/2018\/07\/fotoscbh.jpg\",\"datePublished\":\"2018-07-16T18:33:05+00:00\",\"breadcrumb\":{\"@id\":\"https:\/\/www.federassantas.org.br\/novosite\/1a-corrida-e-caminhada-da-sabta-casa-bh-na-luta-contra-o-cancer-infantojuvenil-alerta-para-a-importancia-do-diagnostico-precoce\/#breadcrumb\"},\"inLanguage\":\"pt-BR\",\"potentialAction\":[{\"@type\":\"ReadAction\",\"target\":[\"https:\/\/www.federassantas.org.br\/novosite\/1a-corrida-e-caminhada-da-sabta-casa-bh-na-luta-contra-o-cancer-infantojuvenil-alerta-para-a-importancia-do-diagnostico-precoce\/\"]}]},{\"@type\":\"ImageObject\",\"inLanguage\":\"pt-BR\",\"@id\":\"https:\/\/www.federassantas.org.br\/novosite\/1a-corrida-e-caminhada-da-sabta-casa-bh-na-luta-contra-o-cancer-infantojuvenil-alerta-para-a-importancia-do-diagnostico-precoce\/#primaryimage\",\"url\":\"https:\/\/www.federassantas.org.br\/novosite\/wp-content\/uploads\/2018\/07\/fotoscbh.jpg\",\"contentUrl\":\"https:\/\/www.federassantas.org.br\/novosite\/wp-content\/uploads\/2018\/07\/fotoscbh.jpg\",\"width\":960,\"height\":502},{\"@type\":\"BreadcrumbList\",\"@id\":\"https:\/\/www.federassantas.org.br\/novosite\/1a-corrida-e-caminhada-da-sabta-casa-bh-na-luta-contra-o-cancer-infantojuvenil-alerta-para-a-importancia-do-diagnostico-precoce\/#breadcrumb\",\"itemListElement\":[{\"@type\":\"ListItem\",\"position\":1,\"name\":\"In\u00edcio\",\"item\":\"https:\/\/www.federassantas.org.br\/novosite\/\"},{\"@type\":\"ListItem\",\"position\":2,\"name\":\"1\u00aa Corrida e Caminhada da Santa Casa BH na luta contra o c\u00e2ncer Infantojuvenil alerta para a import\u00e2ncia do diagn\u00f3stico precoce\"}]},{\"@type\":\"WebSite\",\"@id\":\"https:\/\/www.federassantas.org.br\/novosite\/#website\",\"url\":\"https:\/\/www.federassantas.org.br\/novosite\/\",\"name\":\"Federassantas\",\"description\":\"Entidade de representa\u00e7\u00e3o e fortalecimento das Santas Casas, hospitais filantr\u00f3picos e entidades beneficentes de sa\u00fade de Minas Gerais, atuando na defesa institucional, qualifica\u00e7\u00e3o da gest\u00e3o e sustentabilidade do setor.\",\"publisher\":{\"@id\":\"https:\/\/www.federassantas.org.br\/novosite\/#organization\"},\"potentialAction\":[{\"@type\":\"SearchAction\",\"target\":{\"@type\":\"EntryPoint\",\"urlTemplate\":\"https:\/\/www.federassantas.org.br\/novosite\/?s={search_term_string}\"},\"query-input\":{\"@type\":\"PropertyValueSpecification\",\"valueRequired\":true,\"valueName\":\"search_term_string\"}}],\"inLanguage\":\"pt-BR\"},{\"@type\":\"Organization\",\"@id\":\"https:\/\/www.federassantas.org.br\/novosite\/#organization\",\"name\":\"Federassantas\",\"url\":\"https:\/\/www.federassantas.org.br\/novosite\/\",\"logo\":{\"@type\":\"ImageObject\",\"inLanguage\":\"pt-BR\",\"@id\":\"https:\/\/www.federassantas.org.br\/novosite\/#\/schema\/logo\/image\/\",\"url\":\"https:\/\/www.federassantas.org.br\/novosite\/wp-content\/uploads\/2021\/12\/logo.png\",\"contentUrl\":\"https:\/\/www.federassantas.org.br\/novosite\/wp-content\/uploads\/2021\/12\/logo.png\",\"width\":243,\"height\":59,\"caption\":\"Federassantas\"},\"image\":{\"@id\":\"https:\/\/www.federassantas.org.br\/novosite\/#\/schema\/logo\/image\/\"}},{\"@type\":\"Person\",\"@id\":\"https:\/\/www.federassantas.org.br\/novosite\/#\/schema\/person\/75fed98158349313fe56175f232f513c\",\"name\":\"admin-federas\",\"image\":{\"@type\":\"ImageObject\",\"inLanguage\":\"pt-BR\",\"@id\":\"https:\/\/www.federassantas.org.br\/novosite\/#\/schema\/person\/image\/\",\"url\":\"https:\/\/secure.gravatar.com\/avatar\/2a02d7dda59fe8dc6b7ffd3f652e2efede5ccf0dd89dfdc8137c5517f3de8407?s=96&d=mm&r=g\",\"contentUrl\":\"https:\/\/secure.gravatar.com\/avatar\/2a02d7dda59fe8dc6b7ffd3f652e2efede5ccf0dd89dfdc8137c5517f3de8407?s=96&d=mm&r=g\",\"caption\":\"admin-federas\"},\"sameAs\":[\"https:\/\/www.federassantas.org.br\/novosite\/\"],\"url\":\"https:\/\/www.federassantas.org.br\/novosite\/author\/admin-federas\/\"}]}<\/script>\n<!-- \/ Yoast SEO plugin. -->","yoast_head_json":{"title":"1\u00aa Corrida e Caminhada da Santa Casa BH na luta contra o c\u00e2ncer Infantojuvenil alerta para a import\u00e2ncia do diagn\u00f3stico precoce - Federassantas","robots":{"index":"index","follow":"follow","max-snippet":"max-snippet:-1","max-image-preview":"max-image-preview:large","max-video-preview":"max-video-preview:-1"},"canonical":"https:\/\/www.federassantas.org.br\/novosite\/1a-corrida-e-caminhada-da-sabta-casa-bh-na-luta-contra-o-cancer-infantojuvenil-alerta-para-a-importancia-do-diagnostico-precoce\/","og_locale":"pt_BR","og_type":"article","og_title":"1\u00aa Corrida e Caminhada da Santa Casa BH na luta contra o c\u00e2ncer Infantojuvenil alerta para a import\u00e2ncia do diagn\u00f3stico precoce - Federassantas","og_description":"O diagn\u00f3stico precoce do c\u00e2ncer infantojuvenil pode representar o in\u00edcio da cura. Em Belo Horizonte, a campanha \u2018Setembro Dourado\u2019 &#8211; criada para dar repercuss\u00e3o nacional ao tema &#8211; ter\u00e1 in\u00edcio com uma atividade especial: a 1\u00aa Corrida e Caminhada Santa Casa BH na Luta Contra o C\u00e2ncer Infantojuvenil. O evento ser\u00e1 realizado no dia 2 [&hellip;]","og_url":"https:\/\/www.federassantas.org.br\/novosite\/1a-corrida-e-caminhada-da-sabta-casa-bh-na-luta-contra-o-cancer-infantojuvenil-alerta-para-a-importancia-do-diagnostico-precoce\/","og_site_name":"Federassantas","article_published_time":"2018-07-16T18:33:05+00:00","og_image":[{"width":960,"height":502,"url":"https:\/\/www.federassantas.org.br\/novosite\/wp-content\/uploads\/2018\/07\/fotoscbh.jpg","type":"image\/jpeg"}],"author":"admin-federas","twitter_card":"summary_large_image","twitter_misc":{"Escrito por":"admin-federas","Est. tempo de leitura":"2 minutos"},"schema":{"@context":"https:\/\/schema.org","@graph":[{"@type":"Article","@id":"https:\/\/www.federassantas.org.br\/novosite\/1a-corrida-e-caminhada-da-sabta-casa-bh-na-luta-contra-o-cancer-infantojuvenil-alerta-para-a-importancia-do-diagnostico-precoce\/#article","isPartOf":{"@id":"https:\/\/www.federassantas.org.br\/novosite\/1a-corrida-e-caminhada-da-sabta-casa-bh-na-luta-contra-o-cancer-infantojuvenil-alerta-para-a-importancia-do-diagnostico-precoce\/"},"author":{"name":"admin-federas","@id":"https:\/\/www.federassantas.org.br\/novosite\/#\/schema\/person\/75fed98158349313fe56175f232f513c"},"headline":"1\u00aa Corrida e Caminhada da Santa Casa BH na luta contra o c\u00e2ncer Infantojuvenil alerta para a import\u00e2ncia do diagn\u00f3stico precoce","datePublished":"2018-07-16T18:33:05+00:00","mainEntityOfPage":{"@id":"https:\/\/www.federassantas.org.br\/novosite\/1a-corrida-e-caminhada-da-sabta-casa-bh-na-luta-contra-o-cancer-infantojuvenil-alerta-para-a-importancia-do-diagnostico-precoce\/"},"wordCount":394,"commentCount":0,"publisher":{"@id":"https:\/\/www.federassantas.org.br\/novosite\/#organization"},"image":{"@id":"https:\/\/www.federassantas.org.br\/novosite\/1a-corrida-e-caminhada-da-sabta-casa-bh-na-luta-contra-o-cancer-infantojuvenil-alerta-para-a-importancia-do-diagnostico-precoce\/#primaryimage"},"thumbnailUrl":"https:\/\/www.federassantas.org.br\/novosite\/wp-content\/uploads\/2018\/07\/fotoscbh.jpg","articleSection":["Not\u00edcias","Not\u00edcias filiados"],"inLanguage":"pt-BR","potentialAction":[{"@type":"CommentAction","name":"Comment","target":["https:\/\/www.federassantas.org.br\/novosite\/1a-corrida-e-caminhada-da-sabta-casa-bh-na-luta-contra-o-cancer-infantojuvenil-alerta-para-a-importancia-do-diagnostico-precoce\/#respond"]}]},{"@type":"WebPage","@id":"https:\/\/www.federassantas.org.br\/novosite\/1a-corrida-e-caminhada-da-sabta-casa-bh-na-luta-contra-o-cancer-infantojuvenil-alerta-para-a-importancia-do-diagnostico-precoce\/","url":"https:\/\/www.federassantas.org.br\/novosite\/1a-corrida-e-caminhada-da-sabta-casa-bh-na-luta-contra-o-cancer-infantojuvenil-alerta-para-a-importancia-do-diagnostico-precoce\/","name":"1\u00aa Corrida e Caminhada da Santa Casa BH na luta contra o c\u00e2ncer Infantojuvenil alerta para a import\u00e2ncia do diagn\u00f3stico precoce - Federassantas","isPartOf":{"@id":"https:\/\/www.federassantas.org.br\/novosite\/#website"},"primaryImageOfPage":{"@id":"https:\/\/www.federassantas.org.br\/novosite\/1a-corrida-e-caminhada-da-sabta-casa-bh-na-luta-contra-o-cancer-infantojuvenil-alerta-para-a-importancia-do-diagnostico-precoce\/#primaryimage"},"image":{"@id":"https:\/\/www.federassantas.org.br\/novosite\/1a-corrida-e-caminhada-da-sabta-casa-bh-na-luta-contra-o-cancer-infantojuvenil-alerta-para-a-importancia-do-diagnostico-precoce\/#primaryimage"},"thumbnailUrl":"https:\/\/www.federassantas.org.br\/novosite\/wp-content\/uploads\/2018\/07\/fotoscbh.jpg","datePublished":"2018-07-16T18:33:05+00:00","breadcrumb":{"@id":"https:\/\/www.federassantas.org.br\/novosite\/1a-corrida-e-caminhada-da-sabta-casa-bh-na-luta-contra-o-cancer-infantojuvenil-alerta-para-a-importancia-do-diagnostico-precoce\/#breadcrumb"},"inLanguage":"pt-BR","potentialAction":[{"@type":"ReadAction","target":["https:\/\/www.federassantas.org.br\/novosite\/1a-corrida-e-caminhada-da-sabta-casa-bh-na-luta-contra-o-cancer-infantojuvenil-alerta-para-a-importancia-do-diagnostico-precoce\/"]}]},{"@type":"ImageObject","inLanguage":"pt-BR","@id":"https:\/\/www.federassantas.org.br\/novosite\/1a-corrida-e-caminhada-da-sabta-casa-bh-na-luta-contra-o-cancer-infantojuvenil-alerta-para-a-importancia-do-diagnostico-precoce\/#primaryimage","url":"https:\/\/www.federassantas.org.br\/novosite\/wp-content\/uploads\/2018\/07\/fotoscbh.jpg","contentUrl":"https:\/\/www.federassantas.org.br\/novosite\/wp-content\/uploads\/2018\/07\/fotoscbh.jpg","width":960,"height":502},{"@type":"BreadcrumbList","@id":"https:\/\/www.federassantas.org.br\/novosite\/1a-corrida-e-caminhada-da-sabta-casa-bh-na-luta-contra-o-cancer-infantojuvenil-alerta-para-a-importancia-do-diagnostico-precoce\/#breadcrumb","itemListElement":[{"@type":"ListItem","position":1,"name":"In\u00edcio","item":"https:\/\/www.federassantas.org.br\/novosite\/"},{"@type":"ListItem","position":2,"name":"1\u00aa Corrida e Caminhada da Santa Casa BH na luta contra o c\u00e2ncer Infantojuvenil alerta para a import\u00e2ncia do diagn\u00f3stico precoce"}]},{"@type":"WebSite","@id":"https:\/\/www.federassantas.org.br\/novosite\/#website","url":"https:\/\/www.federassantas.org.br\/novosite\/","name":"Federassantas","description":"Entidade de representa\u00e7\u00e3o e fortalecimento das Santas Casas, hospitais filantr\u00f3picos e entidades beneficentes de sa\u00fade de Minas Gerais, atuando na defesa institucional, qualifica\u00e7\u00e3o da gest\u00e3o e sustentabilidade do setor.","publisher":{"@id":"https:\/\/www.federassantas.org.br\/novosite\/#organization"},"potentialAction":[{"@type":"SearchAction","target":{"@type":"EntryPoint","urlTemplate":"https:\/\/www.federassantas.org.br\/novosite\/?s={search_term_string}"},"query-input":{"@type":"PropertyValueSpecification","valueRequired":true,"valueName":"search_term_string"}}],"inLanguage":"pt-BR"},{"@type":"Organization","@id":"https:\/\/www.federassantas.org.br\/novosite\/#organization","name":"Federassantas","url":"https:\/\/www.federassantas.org.br\/novosite\/","logo":{"@type":"ImageObject","inLanguage":"pt-BR","@id":"https:\/\/www.federassantas.org.br\/novosite\/#\/schema\/logo\/image\/","url":"https:\/\/www.federassantas.org.br\/novosite\/wp-content\/uploads\/2021\/12\/logo.png","contentUrl":"https:\/\/www.federassantas.org.br\/novosite\/wp-content\/uploads\/2021\/12\/logo.png","width":243,"height":59,"caption":"Federassantas"},"image":{"@id":"https:\/\/www.federassantas.org.br\/novosite\/#\/schema\/logo\/image\/"}},{"@type":"Person","@id":"https:\/\/www.federassantas.org.br\/novosite\/#\/schema\/person\/75fed98158349313fe56175f232f513c","name":"admin-federas","image":{"@type":"ImageObject","inLanguage":"pt-BR","@id":"https:\/\/www.federassantas.org.br\/novosite\/#\/schema\/person\/image\/","url":"https:\/\/secure.gravatar.com\/avatar\/2a02d7dda59fe8dc6b7ffd3f652e2efede5ccf0dd89dfdc8137c5517f3de8407?s=96&d=mm&r=g","contentUrl":"https:\/\/secure.gravatar.com\/avatar\/2a02d7dda59fe8dc6b7ffd3f652e2efede5ccf0dd89dfdc8137c5517f3de8407?s=96&d=mm&r=g","caption":"admin-federas"},"sameAs":["https:\/\/www.federassantas.org.br\/novosite\/"],"url":"https:\/\/www.federassantas.org.br\/novosite\/author\/admin-federas\/"}]}},"_links":{"self":[{"href":"https:\/\/www.federassantas.org.br\/novosite\/wp-json\/wp\/v2\/posts\/13302","targetHints":{"allow":["GET"]}}],"collection":[{"href":"https:\/\/www.federassantas.org.br\/novosite\/wp-json\/wp\/v2\/posts"}],"about":[{"href":"https:\/\/www.federassantas.org.br\/novosite\/wp-json\/wp\/v2\/types\/post"}],"author":[{"embeddable":true,"href":"https:\/\/www.federassantas.org.br\/novosite\/wp-json\/wp\/v2\/users\/1"}],"replies":[{"embeddable":true,"href":"https:\/\/www.federassantas.org.br\/novosite\/wp-json\/wp\/v2\/comments?post=13302"}],"version-history":[{"count":0,"href":"https:\/\/www.federassantas.org.br\/novosite\/wp-json\/wp\/v2\/posts\/13302\/revisions"}],"wp:featuredmedia":[{"embeddable":true,"href":"https:\/\/www.federassantas.org.br\/novosite\/wp-json\/wp\/v2\/media\/13304"}],"wp:attachment":[{"href":"https:\/\/www.federassantas.org.br\/novosite\/wp-json\/wp\/v2\/media?parent=13302"}],"wp:term":[{"taxonomy":"category","embeddable":true,"href":"https:\/\/www.federassantas.org.br\/novosite\/wp-json\/wp\/v2\/categories?post=13302"},{"taxonomy":"post_tag","embeddable":true,"href":"https:\/\/www.federassantas.org.br\/novosite\/wp-json\/wp\/v2\/tags?post=13302"}],"curies":[{"name":"wp","href":"https:\/\/api.w.org\/{rel}","templated":true}]}}