{"id":13317,"date":"2018-07-18T11:52:36","date_gmt":"2018-07-18T14:52:36","guid":{"rendered":"https:\/\/federasbackup.meltcomunicacao.com.br\/?p=13317"},"modified":"2018-07-18T11:52:36","modified_gmt":"2018-07-18T14:52:36","slug":"hospital-sao-lourenco-e-convidado-para-administrar-upa-da-regiao","status":"publish","type":"post","link":"https:\/\/www.federassantas.org.br\/novosite\/hospital-sao-lourenco-e-convidado-para-administrar-upa-da-regiao\/","title":{"rendered":"Hospital S\u00e3o Louren\u00e7o \u00e9 convidado para administrar UPA da regi\u00e3o"},"content":{"rendered":"<p style=\"text-align: justify;\">A comunidade de S\u00e3o Louren\u00e7o e regi\u00e3o recebeu uma boa not\u00edcia na \u00faltima semana: o recurso para conclus\u00e3o da Unidade de Pronto Atendimento (UPA), no valor de R$ 900 mil, j\u00e1 est\u00e1 depositado na conta da Prefeitura de S\u00e3o Louren\u00e7o. As obras finais no pr\u00e9dio da unidade, que fica bem pr\u00f3xima ao hospital, ser\u00e3o iniciadas em breve. Pelo conhecimento e experi\u00eancia pr\u00e1tica que j\u00e1 tem na \u00e1rea de urg\u00eancia-emerg\u00eancia, o Hospital S\u00e3o Louren\u00e7o foi convidado pela Prefeitura para administrar a UPA; a institui\u00e7\u00e3o hospitalar aceitou a proposta e, assim, o Pronto Socorro do Hospital ser\u00e1 todo transferido para a nova Unidade.<\/p>\n<p style=\"text-align: justify;\">O presidente do Conselho Nacional de Secretarias Municipais de Sa\u00fade (Conasems) e secret\u00e1rio de Sa\u00fade de Carmo de Minas, Mauro Junqueira, coordenou os contatos para libera\u00e7\u00e3o do recurso junto ao Minist\u00e9rio da Sa\u00fade e foi hoje, pessoalmente, ao Hospital S\u00e3o Louren\u00e7o dar a not\u00edcia \u00e0 Diretoria do Hospital e ao prefeito Leonardo Sanches. \u201cTrata-se de uma grande conquista para a popula\u00e7\u00e3o de S\u00e3o Louren\u00e7o e de todos os munic\u00edpios vizinhos. Obrigado, Mauro\u201d, disse o presidente da Diretoria Executiva do Hospital, M\u00e1rcio Santiago. Para o prefeito Leonardo, \u00e9 muito importante contar com pessoas que, realmente, fazem pela comunidade. \u201cEstamos firmes na parceria com o Hospital, para que a UPA entre em funcionamento e traga benef\u00edcios ao povo que tanto precisa de atendimento na \u00e1rea da sa\u00fade\u201d.<\/p>\n<p style=\"text-align: justify;\">Na foto: Eust\u00e1quio Tarc\u00edsio (administrador\/Hospital); Mauro Junqueira (presidente\/Conasems); Allan Fabr\u00edcio Carneiro (secret\u00e1rio de Sa\u00fade\/S\u00e3o Louren\u00e7o); Leonardo Sanches (prefeito\/S\u00e3o Louren\u00e7o); Paulo S\u00e9rgio Maciel (diretor financeiro\/Hospital); dr. Jos\u00e9 Eduardo de Carvalho (provedor\/Hospital); Jair Pereira de Carvalho (secret\u00e1rio\/Diretoria do Hospital); M\u00e1rcio Santiago (diretor-presidente da Diretoria\/Hospital) e Nivaldo Rodrigues (administrador\/Hospital).<\/p>\n<p><img fetchpriority=\"high\" decoding=\"async\" class=\"alignnone wp-image-13320\" src=\"http:\/\/federasbackup.meltcomunicacao.com.br\/wp-content\/uploads\/2018\/07\/VERBA-DA-UPA-FOI-LIBERADA.png\" alt=\"\" width=\"590\" height=\"442\" srcset=\"https:\/\/www.federassantas.org.br\/novosite\/wp-content\/uploads\/2018\/07\/VERBA-DA-UPA-FOI-LIBERADA.png 1000w, https:\/\/www.federassantas.org.br\/novosite\/wp-content\/uploads\/2018\/07\/VERBA-DA-UPA-FOI-LIBERADA-300x225.png 300w, https:\/\/www.federassantas.org.br\/novosite\/wp-content\/uploads\/2018\/07\/VERBA-DA-UPA-FOI-LIBERADA-768x576.png 768w\" sizes=\"(max-width: 590px) 100vw, 590px\" \/><\/p>\n<p><em>Fonte: Assessoria de Comunica\u00e7\u00e3o Hospital S\u00e3o Louren\u00e7o<\/em><\/p>\n","protected":false},"excerpt":{"rendered":"<p>A comunidade de S\u00e3o Louren\u00e7o e regi\u00e3o recebeu uma boa not\u00edcia na \u00faltima semana: o recurso para conclus\u00e3o da Unidade de Pronto Atendimento (UPA), no valor de R$ 900 mil, j\u00e1 est\u00e1 depositado na conta da Prefeitura de S\u00e3o Louren\u00e7o. As obras finais no pr\u00e9dio da unidade, que fica bem pr\u00f3xima ao hospital, ser\u00e3o iniciadas [&hellip;]<\/p>\n","protected":false},"author":1,"featured_media":13322,"comment_status":"open","ping_status":"open","sticky":false,"template":"","format":"standard","meta":{"footnotes":""},"categories":[140,139],"tags":[],"class_list":["post-13317","post","type-post","status-publish","format-standard","has-post-thumbnail","hentry","category-noticias","category-noticias-filiados"],"yoast_head":"<!-- This site is optimized with the Yoast SEO plugin v26.9 - https:\/\/yoast.com\/product\/yoast-seo-wordpress\/ -->\n<title>Hospital S\u00e3o Louren\u00e7o \u00e9 convidado para administrar UPA da regi\u00e3o - Federassantas<\/title>\n<meta name=\"robots\" content=\"index, follow, max-snippet:-1, max-image-preview:large, max-video-preview:-1\" \/>\n<link rel=\"canonical\" href=\"https:\/\/www.federassantas.org.br\/novosite\/hospital-sao-lourenco-e-convidado-para-administrar-upa-da-regiao\/\" \/>\n<meta property=\"og:locale\" content=\"pt_BR\" \/>\n<meta property=\"og:type\" content=\"article\" \/>\n<meta property=\"og:title\" content=\"Hospital S\u00e3o Louren\u00e7o \u00e9 convidado para administrar UPA da regi\u00e3o - Federassantas\" \/>\n<meta property=\"og:description\" content=\"A comunidade de S\u00e3o Louren\u00e7o e regi\u00e3o recebeu uma boa not\u00edcia na \u00faltima semana: o recurso para conclus\u00e3o da Unidade de Pronto Atendimento (UPA), no valor de R$ 900 mil, j\u00e1 est\u00e1 depositado na conta da Prefeitura de S\u00e3o Louren\u00e7o. As obras finais no pr\u00e9dio da unidade, que fica bem pr\u00f3xima ao hospital, ser\u00e3o iniciadas [&hellip;]\" \/>\n<meta property=\"og:url\" content=\"https:\/\/www.federassantas.org.br\/novosite\/hospital-sao-lourenco-e-convidado-para-administrar-upa-da-regiao\/\" \/>\n<meta property=\"og:site_name\" content=\"Federassantas\" \/>\n<meta property=\"article:published_time\" content=\"2018-07-18T14:52:36+00:00\" \/>\n<meta property=\"og:image\" content=\"https:\/\/www.federassantas.org.br\/novosite\/wp-content\/uploads\/2018\/07\/2.jpg\" \/>\n\t<meta property=\"og:image:width\" content=\"600\" \/>\n\t<meta property=\"og:image:height\" content=\"375\" \/>\n\t<meta property=\"og:image:type\" content=\"image\/jpeg\" \/>\n<meta name=\"author\" content=\"admin-federas\" \/>\n<meta name=\"twitter:card\" content=\"summary_large_image\" \/>\n<meta name=\"twitter:label1\" content=\"Escrito por\" \/>\n\t<meta name=\"twitter:data1\" content=\"admin-federas\" \/>\n\t<meta name=\"twitter:label2\" content=\"Est. tempo de leitura\" \/>\n\t<meta name=\"twitter:data2\" content=\"2 minutos\" \/>\n<script type=\"application\/ld+json\" class=\"yoast-schema-graph\">{\"@context\":\"https:\/\/schema.org\",\"@graph\":[{\"@type\":\"Article\",\"@id\":\"https:\/\/www.federassantas.org.br\/novosite\/hospital-sao-lourenco-e-convidado-para-administrar-upa-da-regiao\/#article\",\"isPartOf\":{\"@id\":\"https:\/\/www.federassantas.org.br\/novosite\/hospital-sao-lourenco-e-convidado-para-administrar-upa-da-regiao\/\"},\"author\":{\"name\":\"admin-federas\",\"@id\":\"https:\/\/www.federassantas.org.br\/novosite\/#\/schema\/person\/75fed98158349313fe56175f232f513c\"},\"headline\":\"Hospital S\u00e3o Louren\u00e7o \u00e9 convidado para administrar UPA da regi\u00e3o\",\"datePublished\":\"2018-07-18T14:52:36+00:00\",\"mainEntityOfPage\":{\"@id\":\"https:\/\/www.federassantas.org.br\/novosite\/hospital-sao-lourenco-e-convidado-para-administrar-upa-da-regiao\/\"},\"wordCount\":345,\"commentCount\":0,\"publisher\":{\"@id\":\"https:\/\/www.federassantas.org.br\/novosite\/#organization\"},\"image\":{\"@id\":\"https:\/\/www.federassantas.org.br\/novosite\/hospital-sao-lourenco-e-convidado-para-administrar-upa-da-regiao\/#primaryimage\"},\"thumbnailUrl\":\"https:\/\/www.federassantas.org.br\/novosite\/wp-content\/uploads\/2018\/07\/2.jpg\",\"articleSection\":[\"Not\u00edcias\",\"Not\u00edcias filiados\"],\"inLanguage\":\"pt-BR\",\"potentialAction\":[{\"@type\":\"CommentAction\",\"name\":\"Comment\",\"target\":[\"https:\/\/www.federassantas.org.br\/novosite\/hospital-sao-lourenco-e-convidado-para-administrar-upa-da-regiao\/#respond\"]}]},{\"@type\":\"WebPage\",\"@id\":\"https:\/\/www.federassantas.org.br\/novosite\/hospital-sao-lourenco-e-convidado-para-administrar-upa-da-regiao\/\",\"url\":\"https:\/\/www.federassantas.org.br\/novosite\/hospital-sao-lourenco-e-convidado-para-administrar-upa-da-regiao\/\",\"name\":\"Hospital S\u00e3o Louren\u00e7o \u00e9 convidado para administrar UPA da regi\u00e3o - Federassantas\",\"isPartOf\":{\"@id\":\"https:\/\/www.federassantas.org.br\/novosite\/#website\"},\"primaryImageOfPage\":{\"@id\":\"https:\/\/www.federassantas.org.br\/novosite\/hospital-sao-lourenco-e-convidado-para-administrar-upa-da-regiao\/#primaryimage\"},\"image\":{\"@id\":\"https:\/\/www.federassantas.org.br\/novosite\/hospital-sao-lourenco-e-convidado-para-administrar-upa-da-regiao\/#primaryimage\"},\"thumbnailUrl\":\"https:\/\/www.federassantas.org.br\/novosite\/wp-content\/uploads\/2018\/07\/2.jpg\",\"datePublished\":\"2018-07-18T14:52:36+00:00\",\"breadcrumb\":{\"@id\":\"https:\/\/www.federassantas.org.br\/novosite\/hospital-sao-lourenco-e-convidado-para-administrar-upa-da-regiao\/#breadcrumb\"},\"inLanguage\":\"pt-BR\",\"potentialAction\":[{\"@type\":\"ReadAction\",\"target\":[\"https:\/\/www.federassantas.org.br\/novosite\/hospital-sao-lourenco-e-convidado-para-administrar-upa-da-regiao\/\"]}]},{\"@type\":\"ImageObject\",\"inLanguage\":\"pt-BR\",\"@id\":\"https:\/\/www.federassantas.org.br\/novosite\/hospital-sao-lourenco-e-convidado-para-administrar-upa-da-regiao\/#primaryimage\",\"url\":\"https:\/\/www.federassantas.org.br\/novosite\/wp-content\/uploads\/2018\/07\/2.jpg\",\"contentUrl\":\"https:\/\/www.federassantas.org.br\/novosite\/wp-content\/uploads\/2018\/07\/2.jpg\",\"width\":600,\"height\":375},{\"@type\":\"BreadcrumbList\",\"@id\":\"https:\/\/www.federassantas.org.br\/novosite\/hospital-sao-lourenco-e-convidado-para-administrar-upa-da-regiao\/#breadcrumb\",\"itemListElement\":[{\"@type\":\"ListItem\",\"position\":1,\"name\":\"In\u00edcio\",\"item\":\"https:\/\/www.federassantas.org.br\/novosite\/\"},{\"@type\":\"ListItem\",\"position\":2,\"name\":\"Hospital S\u00e3o Louren\u00e7o \u00e9 convidado para administrar UPA da regi\u00e3o\"}]},{\"@type\":\"WebSite\",\"@id\":\"https:\/\/www.federassantas.org.br\/novosite\/#website\",\"url\":\"https:\/\/www.federassantas.org.br\/novosite\/\",\"name\":\"Federassantas\",\"description\":\"Entidade de representa\u00e7\u00e3o e fortalecimento das Santas Casas, hospitais filantr\u00f3picos e entidades beneficentes de sa\u00fade de Minas Gerais, atuando na defesa institucional, qualifica\u00e7\u00e3o da gest\u00e3o e sustentabilidade do setor.\",\"publisher\":{\"@id\":\"https:\/\/www.federassantas.org.br\/novosite\/#organization\"},\"potentialAction\":[{\"@type\":\"SearchAction\",\"target\":{\"@type\":\"EntryPoint\",\"urlTemplate\":\"https:\/\/www.federassantas.org.br\/novosite\/?s={search_term_string}\"},\"query-input\":{\"@type\":\"PropertyValueSpecification\",\"valueRequired\":true,\"valueName\":\"search_term_string\"}}],\"inLanguage\":\"pt-BR\"},{\"@type\":\"Organization\",\"@id\":\"https:\/\/www.federassantas.org.br\/novosite\/#organization\",\"name\":\"Federassantas\",\"url\":\"https:\/\/www.federassantas.org.br\/novosite\/\",\"logo\":{\"@type\":\"ImageObject\",\"inLanguage\":\"pt-BR\",\"@id\":\"https:\/\/www.federassantas.org.br\/novosite\/#\/schema\/logo\/image\/\",\"url\":\"https:\/\/www.federassantas.org.br\/novosite\/wp-content\/uploads\/2021\/12\/logo.png\",\"contentUrl\":\"https:\/\/www.federassantas.org.br\/novosite\/wp-content\/uploads\/2021\/12\/logo.png\",\"width\":243,\"height\":59,\"caption\":\"Federassantas\"},\"image\":{\"@id\":\"https:\/\/www.federassantas.org.br\/novosite\/#\/schema\/logo\/image\/\"}},{\"@type\":\"Person\",\"@id\":\"https:\/\/www.federassantas.org.br\/novosite\/#\/schema\/person\/75fed98158349313fe56175f232f513c\",\"name\":\"admin-federas\",\"image\":{\"@type\":\"ImageObject\",\"inLanguage\":\"pt-BR\",\"@id\":\"https:\/\/www.federassantas.org.br\/novosite\/#\/schema\/person\/image\/\",\"url\":\"https:\/\/secure.gravatar.com\/avatar\/2a02d7dda59fe8dc6b7ffd3f652e2efede5ccf0dd89dfdc8137c5517f3de8407?s=96&d=mm&r=g\",\"contentUrl\":\"https:\/\/secure.gravatar.com\/avatar\/2a02d7dda59fe8dc6b7ffd3f652e2efede5ccf0dd89dfdc8137c5517f3de8407?s=96&d=mm&r=g\",\"caption\":\"admin-federas\"},\"sameAs\":[\"https:\/\/www.federassantas.org.br\/novosite\/\"],\"url\":\"https:\/\/www.federassantas.org.br\/novosite\/author\/admin-federas\/\"}]}<\/script>\n<!-- \/ Yoast SEO plugin. -->","yoast_head_json":{"title":"Hospital S\u00e3o Louren\u00e7o \u00e9 convidado para administrar UPA da regi\u00e3o - Federassantas","robots":{"index":"index","follow":"follow","max-snippet":"max-snippet:-1","max-image-preview":"max-image-preview:large","max-video-preview":"max-video-preview:-1"},"canonical":"https:\/\/www.federassantas.org.br\/novosite\/hospital-sao-lourenco-e-convidado-para-administrar-upa-da-regiao\/","og_locale":"pt_BR","og_type":"article","og_title":"Hospital S\u00e3o Louren\u00e7o \u00e9 convidado para administrar UPA da regi\u00e3o - Federassantas","og_description":"A comunidade de S\u00e3o Louren\u00e7o e regi\u00e3o recebeu uma boa not\u00edcia na \u00faltima semana: o recurso para conclus\u00e3o da Unidade de Pronto Atendimento (UPA), no valor de R$ 900 mil, j\u00e1 est\u00e1 depositado na conta da Prefeitura de S\u00e3o Louren\u00e7o. As obras finais no pr\u00e9dio da unidade, que fica bem pr\u00f3xima ao hospital, ser\u00e3o iniciadas [&hellip;]","og_url":"https:\/\/www.federassantas.org.br\/novosite\/hospital-sao-lourenco-e-convidado-para-administrar-upa-da-regiao\/","og_site_name":"Federassantas","article_published_time":"2018-07-18T14:52:36+00:00","og_image":[{"width":600,"height":375,"url":"https:\/\/www.federassantas.org.br\/novosite\/wp-content\/uploads\/2018\/07\/2.jpg","type":"image\/jpeg"}],"author":"admin-federas","twitter_card":"summary_large_image","twitter_misc":{"Escrito por":"admin-federas","Est. tempo de leitura":"2 minutos"},"schema":{"@context":"https:\/\/schema.org","@graph":[{"@type":"Article","@id":"https:\/\/www.federassantas.org.br\/novosite\/hospital-sao-lourenco-e-convidado-para-administrar-upa-da-regiao\/#article","isPartOf":{"@id":"https:\/\/www.federassantas.org.br\/novosite\/hospital-sao-lourenco-e-convidado-para-administrar-upa-da-regiao\/"},"author":{"name":"admin-federas","@id":"https:\/\/www.federassantas.org.br\/novosite\/#\/schema\/person\/75fed98158349313fe56175f232f513c"},"headline":"Hospital S\u00e3o Louren\u00e7o \u00e9 convidado para administrar UPA da regi\u00e3o","datePublished":"2018-07-18T14:52:36+00:00","mainEntityOfPage":{"@id":"https:\/\/www.federassantas.org.br\/novosite\/hospital-sao-lourenco-e-convidado-para-administrar-upa-da-regiao\/"},"wordCount":345,"commentCount":0,"publisher":{"@id":"https:\/\/www.federassantas.org.br\/novosite\/#organization"},"image":{"@id":"https:\/\/www.federassantas.org.br\/novosite\/hospital-sao-lourenco-e-convidado-para-administrar-upa-da-regiao\/#primaryimage"},"thumbnailUrl":"https:\/\/www.federassantas.org.br\/novosite\/wp-content\/uploads\/2018\/07\/2.jpg","articleSection":["Not\u00edcias","Not\u00edcias filiados"],"inLanguage":"pt-BR","potentialAction":[{"@type":"CommentAction","name":"Comment","target":["https:\/\/www.federassantas.org.br\/novosite\/hospital-sao-lourenco-e-convidado-para-administrar-upa-da-regiao\/#respond"]}]},{"@type":"WebPage","@id":"https:\/\/www.federassantas.org.br\/novosite\/hospital-sao-lourenco-e-convidado-para-administrar-upa-da-regiao\/","url":"https:\/\/www.federassantas.org.br\/novosite\/hospital-sao-lourenco-e-convidado-para-administrar-upa-da-regiao\/","name":"Hospital S\u00e3o Louren\u00e7o \u00e9 convidado para administrar UPA da regi\u00e3o - Federassantas","isPartOf":{"@id":"https:\/\/www.federassantas.org.br\/novosite\/#website"},"primaryImageOfPage":{"@id":"https:\/\/www.federassantas.org.br\/novosite\/hospital-sao-lourenco-e-convidado-para-administrar-upa-da-regiao\/#primaryimage"},"image":{"@id":"https:\/\/www.federassantas.org.br\/novosite\/hospital-sao-lourenco-e-convidado-para-administrar-upa-da-regiao\/#primaryimage"},"thumbnailUrl":"https:\/\/www.federassantas.org.br\/novosite\/wp-content\/uploads\/2018\/07\/2.jpg","datePublished":"2018-07-18T14:52:36+00:00","breadcrumb":{"@id":"https:\/\/www.federassantas.org.br\/novosite\/hospital-sao-lourenco-e-convidado-para-administrar-upa-da-regiao\/#breadcrumb"},"inLanguage":"pt-BR","potentialAction":[{"@type":"ReadAction","target":["https:\/\/www.federassantas.org.br\/novosite\/hospital-sao-lourenco-e-convidado-para-administrar-upa-da-regiao\/"]}]},{"@type":"ImageObject","inLanguage":"pt-BR","@id":"https:\/\/www.federassantas.org.br\/novosite\/hospital-sao-lourenco-e-convidado-para-administrar-upa-da-regiao\/#primaryimage","url":"https:\/\/www.federassantas.org.br\/novosite\/wp-content\/uploads\/2018\/07\/2.jpg","contentUrl":"https:\/\/www.federassantas.org.br\/novosite\/wp-content\/uploads\/2018\/07\/2.jpg","width":600,"height":375},{"@type":"BreadcrumbList","@id":"https:\/\/www.federassantas.org.br\/novosite\/hospital-sao-lourenco-e-convidado-para-administrar-upa-da-regiao\/#breadcrumb","itemListElement":[{"@type":"ListItem","position":1,"name":"In\u00edcio","item":"https:\/\/www.federassantas.org.br\/novosite\/"},{"@type":"ListItem","position":2,"name":"Hospital S\u00e3o Louren\u00e7o \u00e9 convidado para administrar UPA da regi\u00e3o"}]},{"@type":"WebSite","@id":"https:\/\/www.federassantas.org.br\/novosite\/#website","url":"https:\/\/www.federassantas.org.br\/novosite\/","name":"Federassantas","description":"Entidade de representa\u00e7\u00e3o e fortalecimento das Santas Casas, hospitais filantr\u00f3picos e entidades beneficentes de sa\u00fade de Minas Gerais, atuando na defesa institucional, qualifica\u00e7\u00e3o da gest\u00e3o e sustentabilidade do setor.","publisher":{"@id":"https:\/\/www.federassantas.org.br\/novosite\/#organization"},"potentialAction":[{"@type":"SearchAction","target":{"@type":"EntryPoint","urlTemplate":"https:\/\/www.federassantas.org.br\/novosite\/?s={search_term_string}"},"query-input":{"@type":"PropertyValueSpecification","valueRequired":true,"valueName":"search_term_string"}}],"inLanguage":"pt-BR"},{"@type":"Organization","@id":"https:\/\/www.federassantas.org.br\/novosite\/#organization","name":"Federassantas","url":"https:\/\/www.federassantas.org.br\/novosite\/","logo":{"@type":"ImageObject","inLanguage":"pt-BR","@id":"https:\/\/www.federassantas.org.br\/novosite\/#\/schema\/logo\/image\/","url":"https:\/\/www.federassantas.org.br\/novosite\/wp-content\/uploads\/2021\/12\/logo.png","contentUrl":"https:\/\/www.federassantas.org.br\/novosite\/wp-content\/uploads\/2021\/12\/logo.png","width":243,"height":59,"caption":"Federassantas"},"image":{"@id":"https:\/\/www.federassantas.org.br\/novosite\/#\/schema\/logo\/image\/"}},{"@type":"Person","@id":"https:\/\/www.federassantas.org.br\/novosite\/#\/schema\/person\/75fed98158349313fe56175f232f513c","name":"admin-federas","image":{"@type":"ImageObject","inLanguage":"pt-BR","@id":"https:\/\/www.federassantas.org.br\/novosite\/#\/schema\/person\/image\/","url":"https:\/\/secure.gravatar.com\/avatar\/2a02d7dda59fe8dc6b7ffd3f652e2efede5ccf0dd89dfdc8137c5517f3de8407?s=96&d=mm&r=g","contentUrl":"https:\/\/secure.gravatar.com\/avatar\/2a02d7dda59fe8dc6b7ffd3f652e2efede5ccf0dd89dfdc8137c5517f3de8407?s=96&d=mm&r=g","caption":"admin-federas"},"sameAs":["https:\/\/www.federassantas.org.br\/novosite\/"],"url":"https:\/\/www.federassantas.org.br\/novosite\/author\/admin-federas\/"}]}},"_links":{"self":[{"href":"https:\/\/www.federassantas.org.br\/novosite\/wp-json\/wp\/v2\/posts\/13317","targetHints":{"allow":["GET"]}}],"collection":[{"href":"https:\/\/www.federassantas.org.br\/novosite\/wp-json\/wp\/v2\/posts"}],"about":[{"href":"https:\/\/www.federassantas.org.br\/novosite\/wp-json\/wp\/v2\/types\/post"}],"author":[{"embeddable":true,"href":"https:\/\/www.federassantas.org.br\/novosite\/wp-json\/wp\/v2\/users\/1"}],"replies":[{"embeddable":true,"href":"https:\/\/www.federassantas.org.br\/novosite\/wp-json\/wp\/v2\/comments?post=13317"}],"version-history":[{"count":0,"href":"https:\/\/www.federassantas.org.br\/novosite\/wp-json\/wp\/v2\/posts\/13317\/revisions"}],"wp:featuredmedia":[{"embeddable":true,"href":"https:\/\/www.federassantas.org.br\/novosite\/wp-json\/wp\/v2\/media\/13322"}],"wp:attachment":[{"href":"https:\/\/www.federassantas.org.br\/novosite\/wp-json\/wp\/v2\/media?parent=13317"}],"wp:term":[{"taxonomy":"category","embeddable":true,"href":"https:\/\/www.federassantas.org.br\/novosite\/wp-json\/wp\/v2\/categories?post=13317"},{"taxonomy":"post_tag","embeddable":true,"href":"https:\/\/www.federassantas.org.br\/novosite\/wp-json\/wp\/v2\/tags?post=13317"}],"curies":[{"name":"wp","href":"https:\/\/api.w.org\/{rel}","templated":true}]}}