{"id":13348,"date":"2018-07-20T14:11:34","date_gmt":"2018-07-20T17:11:34","guid":{"rendered":"https:\/\/federasbackup.meltcomunicacao.com.br\/?p=13348"},"modified":"2018-07-20T14:11:34","modified_gmt":"2018-07-20T17:11:34","slug":"trabalho-das-comissoes-tecnicas-da-federassantas-vai-ajudar-gestao-dos-hospitais-filantropicos-de-minas-gerais","status":"publish","type":"post","link":"https:\/\/www.federassantas.org.br\/novosite\/trabalho-das-comissoes-tecnicas-da-federassantas-vai-ajudar-gestao-dos-hospitais-filantropicos-de-minas-gerais\/","title":{"rendered":"Trabalho das Comiss\u00f5es T\u00e9cnicas vai ajudar gest\u00e3o dos hospitais filantr\u00f3picos de Minas"},"content":{"rendered":"<p style=\"text-align: justify;\">A Federassantas criou o projeto das <strong>COMISS\u00d5ES T\u00c9CNICAS<\/strong> para atender demandas dos filantr\u00f3picos nas \u00e1reas de suprimentos, recursos humanos, remunera\u00e7\u00e3o M\u00e9dica, sa\u00fade suplementar e Sistema \u00danico de Sa\u00fade. As comiss\u00f5es ir\u00e3o fornecer informa\u00e7\u00f5es estrat\u00e9gicas para as institui\u00e7\u00f5es de sa\u00fade filiadas para amparar a tomada de decis\u00e3o dos gestores. O projeto teve andamento interno, com a elabora\u00e7\u00e3o dos m\u00f3dulos que ir\u00e3o fazer parte do Referencial Federassantas. Essa plataforma, reunir\u00e1 todas as informa\u00e7\u00f5es apuradas pelas comiss\u00f5es e ser\u00e3o disponibilizadas de forma online, com garantia do sigilo dos participantes. Agora, come\u00e7a a implanta\u00e7\u00e3o das atividades em campo. \u00a0A primeira Comiss\u00e3o a ser implantada ser\u00e1 a Comiss\u00e3o T\u00e9cnica de Suprimentos, na Regional Zona da Mata.<\/p>\n<p style=\"text-align: justify;\"><strong>COMISS\u00c3O DE SUPRIMENTOS<\/strong><\/p>\n<p style=\"text-align: justify;\">A defini\u00e7\u00e3o da Regional Zona da Mata est\u00e1 relacionada ao n\u00famero de hospitais integrantes e, tamb\u00e9m, porque a equipe t\u00e9cnica da Federassantas recebeu importante apoio da Santa Casa de Juiz de Fora; Casa de Caridade de Leopoldina e do Hospital S\u00e3o Paulo na consolida\u00e7\u00e3o dos itens que, posteriormente, foram inseridos no Referencial Federassantas. A Comiss\u00e3o T\u00e9cnica de Suprimentos na Regional Zona da Mata conta com a participa\u00e7\u00e3o efetiva dos Hospitais Cesar Leite de Manhua\u00e7u, Casa de Caridade Leopoldinense, Santa Casa de Juiz de Fora, CEBAMS de Barbacena, Instituto Nossa Senhora do Carmo, Casa de Caridade de Carangola, Hospital de Cataguases, Hospital do C\u00e2ncer de Muria\u00e9, Hospital Santa Isabel, Hospital S\u00e3o Paulo, Hospital S\u00e3o Sebasti\u00e3o.<\/p>\n<p style=\"text-align: justify;\">Ap\u00f3s algumas discuss\u00f5es e ajustes foram definidos 42 itens entre material m\u00e9dico e medicamentos pertencentes \u00e0 curva A de consumo, e o preenchimento pelos hospitais participantes contemplam as informa\u00e7\u00f5es das compet\u00eancias abril, maio e junho. O prazo para finaliza\u00e7\u00e3o do preenchimento \u00e9 31 de julho de 2018, e, ap\u00f3s a essa etapa, a equipe t\u00e9cnica da Federassantas far\u00e1 um encontro para apresenta\u00e7\u00e3o dos resultados obtidos e pactua\u00e7\u00e3o das pr\u00f3ximas etapas. Ainda ampliaremos o preenchimento para as Regionais Vales, Centro e Tri\u00e2ngulo e a expectativa \u00e9 que, assim como na Regional Zona da Mata, ser\u00e1 poss\u00edvel contar com a participa\u00e7\u00e3o de um grande n\u00famero de institui\u00e7\u00f5es.<\/p>\n<p style=\"text-align: justify;\"><strong>TRABALHO ASSERTIVO<\/strong><\/p>\n<p style=\"text-align: justify;\">A implanta\u00e7\u00e3o gradativa das Comiss\u00f5es T\u00e9cnicas foi uma estrat\u00e9gia adotada para que os trabalhos consigam atender de forma mais assertiva \u00e0s demandas locais e ap\u00f3s investimento na contrata\u00e7\u00e3o de mais um profissional da Federassantas para integrar a equipe t\u00e9cnica. Com mais um colaborador na equipe foi poss\u00edvel desenvolver uma apura\u00e7\u00e3o mais detalhada das informa\u00e7\u00f5es necess\u00e1rias para dar in\u00edcio \u00e0s atividades de cada uma das comiss\u00f5es. Isso possibilitou, tamb\u00e9m, o in\u00edcio das atividades da Comiss\u00e3o T\u00e9cnica de Recursos Humanos que, nesse caso, ser\u00e3o realizadas na Regional Sul. O crit\u00e9rio adotado para a escolha dessa regional tamb\u00e9m est\u00e1 relacionado a maior representatividade em n\u00famero de institui\u00e7\u00f5es.<\/p>\n<p style=\"text-align: justify;\">A Comiss\u00e3o T\u00e9cnica de Recursos Humanos tem como integrantes os hospitais Hospital Universit\u00e1rio Alzira Velano, Santa Casa de Miseric\u00f3rdia de Andradas, Hospital de Carmo de Minas, AISI &#8211; Hospital Escola de Itajub\u00e1, Santa Casa De Miseric\u00f3rdia De Itajub\u00e1, Hospital Ant\u00f4nio Moreira Da Costa Santa Rita Sapuca\u00ed, Santa Casa De Paraiso. Em 25 de julho de 2018 realizaremos a primeira reuni\u00e3o da Comiss\u00e3o T\u00e9cnica de Recursos Humanos na Regional Sul, onde ser\u00e1 apresentada a plataforma, que ser\u00e1 utilizada pelos hospitais, alguns conceitos b\u00e1sicos da comiss\u00e3o, cargos que ser\u00e3o trabalhados, al\u00e9m da participa\u00e7\u00e3o de todos os envolvidos na cria\u00e7\u00e3o da identidade da comiss\u00e3o. O pr\u00f3ximo passo ser\u00e1 a implanta\u00e7\u00e3o da Comiss\u00e3o de Remunera\u00e7\u00e3o M\u00e9dica pelas Regionais Oeste e Norte, conjuntamente.<\/p>\n<p style=\"text-align: justify;\">A Federassantas conta com o apoio e participa\u00e7\u00e3o de todos os hospitais para que o trabalho desempenhado pelas comiss\u00f5es se torne efetivamente um ganho real para todos os filiados \u00e0 federa\u00e7\u00e3o. Cabe refor\u00e7ar que o trabalho das Comiss\u00f5es t\u00e9cnicas s\u00f3 teve in\u00edcio com a qualifica\u00e7\u00e3o necess\u00e1ria porque os hospitais filiados mantiveram o compromisso de investir na expans\u00e3o da Federassantas, com a implanta\u00e7\u00e3o de uma equipe cada vez mais preparada para oferecer mais amparo e defender as demandas de todos que, juntos, lutam para salvar vidas!<\/p>\n<p><em>Por: Franciane Rocha Borges Esteves<\/em><\/p>\n<p>&nbsp;<\/p>\n<p><strong>FEDERASSANTAS NA ESTRADA<\/strong><\/p>\n<p style=\"text-align: justify;\">A primeira reuni\u00e3o da Comiss\u00e3o de Suprimentos, na Regional Zona da Mata, vai marcar uma proposta diferenciada de cobertura. A Franciane Esteves, assessora t\u00e9cnica da Federassantas vai registrar os detalhes da viagem e da reuni\u00e3o. \u00c9 uma esp\u00e9cie de di\u00e1rio de bordo, com v\u00eddeo registro para que todos os filiados possam acompanhar tudo o que est\u00e1 sendo realizado. Os v\u00eddeos v\u00e3o ser postados no canal da Federassantas no Youtube. Voc\u00ea n\u00e3o pode perder!<\/p>\n<p><em>Assessoria de Comunica\u00e7\u00e3o<\/em><\/p>\n","protected":false},"excerpt":{"rendered":"<p>A Federassantas criou o projeto das COMISS\u00d5ES T\u00c9CNICAS para atender demandas dos filantr\u00f3picos nas \u00e1reas de suprimentos, recursos humanos, remunera\u00e7\u00e3o M\u00e9dica, sa\u00fade suplementar e Sistema \u00danico de Sa\u00fade. As comiss\u00f5es ir\u00e3o fornecer informa\u00e7\u00f5es estrat\u00e9gicas para as institui\u00e7\u00f5es de sa\u00fade filiadas para amparar a tomada de decis\u00e3o dos gestores. O projeto teve andamento interno, com a [&hellip;]<\/p>\n","protected":false},"author":1,"featured_media":13349,"comment_status":"open","ping_status":"open","sticky":false,"template":"","format":"standard","meta":{"footnotes":""},"categories":[140,141],"tags":[],"class_list":["post-13348","post","type-post","status-publish","format-standard","has-post-thumbnail","hentry","category-noticias","category-noticias-federassantas"],"yoast_head":"<!-- This site is optimized with the Yoast SEO plugin v26.9 - https:\/\/yoast.com\/product\/yoast-seo-wordpress\/ -->\n<title>Trabalho das Comiss\u00f5es T\u00e9cnicas vai ajudar gest\u00e3o dos hospitais filantr\u00f3picos de Minas - Federassantas<\/title>\n<meta name=\"robots\" content=\"index, follow, max-snippet:-1, max-image-preview:large, max-video-preview:-1\" \/>\n<link rel=\"canonical\" href=\"https:\/\/www.federassantas.org.br\/novosite\/trabalho-das-comissoes-tecnicas-da-federassantas-vai-ajudar-gestao-dos-hospitais-filantropicos-de-minas-gerais\/\" \/>\n<meta property=\"og:locale\" content=\"pt_BR\" \/>\n<meta property=\"og:type\" content=\"article\" \/>\n<meta property=\"og:title\" content=\"Trabalho das Comiss\u00f5es T\u00e9cnicas vai ajudar gest\u00e3o dos hospitais filantr\u00f3picos de Minas - Federassantas\" \/>\n<meta property=\"og:description\" content=\"A Federassantas criou o projeto das COMISS\u00d5ES T\u00c9CNICAS para atender demandas dos filantr\u00f3picos nas \u00e1reas de suprimentos, recursos humanos, remunera\u00e7\u00e3o M\u00e9dica, sa\u00fade suplementar e Sistema \u00danico de Sa\u00fade. As comiss\u00f5es ir\u00e3o fornecer informa\u00e7\u00f5es estrat\u00e9gicas para as institui\u00e7\u00f5es de sa\u00fade filiadas para amparar a tomada de decis\u00e3o dos gestores. O projeto teve andamento interno, com a [&hellip;]\" \/>\n<meta property=\"og:url\" content=\"https:\/\/www.federassantas.org.br\/novosite\/trabalho-das-comissoes-tecnicas-da-federassantas-vai-ajudar-gestao-dos-hospitais-filantropicos-de-minas-gerais\/\" \/>\n<meta property=\"og:site_name\" content=\"Federassantas\" \/>\n<meta property=\"article:published_time\" content=\"2018-07-20T17:11:34+00:00\" \/>\n<meta name=\"author\" content=\"admin-federas\" \/>\n<meta name=\"twitter:card\" content=\"summary_large_image\" \/>\n<meta name=\"twitter:label1\" content=\"Escrito por\" \/>\n\t<meta name=\"twitter:data1\" content=\"admin-federas\" \/>\n\t<meta name=\"twitter:label2\" content=\"Est. tempo de leitura\" \/>\n\t<meta name=\"twitter:data2\" content=\"4 minutos\" \/>\n<script type=\"application\/ld+json\" class=\"yoast-schema-graph\">{\"@context\":\"https:\/\/schema.org\",\"@graph\":[{\"@type\":\"Article\",\"@id\":\"https:\/\/www.federassantas.org.br\/novosite\/trabalho-das-comissoes-tecnicas-da-federassantas-vai-ajudar-gestao-dos-hospitais-filantropicos-de-minas-gerais\/#article\",\"isPartOf\":{\"@id\":\"https:\/\/www.federassantas.org.br\/novosite\/trabalho-das-comissoes-tecnicas-da-federassantas-vai-ajudar-gestao-dos-hospitais-filantropicos-de-minas-gerais\/\"},\"author\":{\"name\":\"admin-federas\",\"@id\":\"https:\/\/www.federassantas.org.br\/novosite\/#\/schema\/person\/75fed98158349313fe56175f232f513c\"},\"headline\":\"Trabalho das Comiss\u00f5es T\u00e9cnicas vai ajudar gest\u00e3o dos hospitais filantr\u00f3picos de Minas\",\"datePublished\":\"2018-07-20T17:11:34+00:00\",\"mainEntityOfPage\":{\"@id\":\"https:\/\/www.federassantas.org.br\/novosite\/trabalho-das-comissoes-tecnicas-da-federassantas-vai-ajudar-gestao-dos-hospitais-filantropicos-de-minas-gerais\/\"},\"wordCount\":854,\"commentCount\":0,\"publisher\":{\"@id\":\"https:\/\/www.federassantas.org.br\/novosite\/#organization\"},\"image\":{\"@id\":\"https:\/\/www.federassantas.org.br\/novosite\/trabalho-das-comissoes-tecnicas-da-federassantas-vai-ajudar-gestao-dos-hospitais-filantropicos-de-minas-gerais\/#primaryimage\"},\"thumbnailUrl\":\"\",\"articleSection\":[\"Not\u00edcias\",\"Not\u00edcias Federassantas\"],\"inLanguage\":\"pt-BR\",\"potentialAction\":[{\"@type\":\"CommentAction\",\"name\":\"Comment\",\"target\":[\"https:\/\/www.federassantas.org.br\/novosite\/trabalho-das-comissoes-tecnicas-da-federassantas-vai-ajudar-gestao-dos-hospitais-filantropicos-de-minas-gerais\/#respond\"]}]},{\"@type\":\"WebPage\",\"@id\":\"https:\/\/www.federassantas.org.br\/novosite\/trabalho-das-comissoes-tecnicas-da-federassantas-vai-ajudar-gestao-dos-hospitais-filantropicos-de-minas-gerais\/\",\"url\":\"https:\/\/www.federassantas.org.br\/novosite\/trabalho-das-comissoes-tecnicas-da-federassantas-vai-ajudar-gestao-dos-hospitais-filantropicos-de-minas-gerais\/\",\"name\":\"Trabalho das Comiss\u00f5es T\u00e9cnicas vai ajudar gest\u00e3o dos hospitais filantr\u00f3picos de Minas - Federassantas\",\"isPartOf\":{\"@id\":\"https:\/\/www.federassantas.org.br\/novosite\/#website\"},\"primaryImageOfPage\":{\"@id\":\"https:\/\/www.federassantas.org.br\/novosite\/trabalho-das-comissoes-tecnicas-da-federassantas-vai-ajudar-gestao-dos-hospitais-filantropicos-de-minas-gerais\/#primaryimage\"},\"image\":{\"@id\":\"https:\/\/www.federassantas.org.br\/novosite\/trabalho-das-comissoes-tecnicas-da-federassantas-vai-ajudar-gestao-dos-hospitais-filantropicos-de-minas-gerais\/#primaryimage\"},\"thumbnailUrl\":\"\",\"datePublished\":\"2018-07-20T17:11:34+00:00\",\"breadcrumb\":{\"@id\":\"https:\/\/www.federassantas.org.br\/novosite\/trabalho-das-comissoes-tecnicas-da-federassantas-vai-ajudar-gestao-dos-hospitais-filantropicos-de-minas-gerais\/#breadcrumb\"},\"inLanguage\":\"pt-BR\",\"potentialAction\":[{\"@type\":\"ReadAction\",\"target\":[\"https:\/\/www.federassantas.org.br\/novosite\/trabalho-das-comissoes-tecnicas-da-federassantas-vai-ajudar-gestao-dos-hospitais-filantropicos-de-minas-gerais\/\"]}]},{\"@type\":\"ImageObject\",\"inLanguage\":\"pt-BR\",\"@id\":\"https:\/\/www.federassantas.org.br\/novosite\/trabalho-das-comissoes-tecnicas-da-federassantas-vai-ajudar-gestao-dos-hospitais-filantropicos-de-minas-gerais\/#primaryimage\",\"url\":\"\",\"contentUrl\":\"\"},{\"@type\":\"BreadcrumbList\",\"@id\":\"https:\/\/www.federassantas.org.br\/novosite\/trabalho-das-comissoes-tecnicas-da-federassantas-vai-ajudar-gestao-dos-hospitais-filantropicos-de-minas-gerais\/#breadcrumb\",\"itemListElement\":[{\"@type\":\"ListItem\",\"position\":1,\"name\":\"In\u00edcio\",\"item\":\"https:\/\/www.federassantas.org.br\/novosite\/\"},{\"@type\":\"ListItem\",\"position\":2,\"name\":\"Trabalho das Comiss\u00f5es T\u00e9cnicas vai ajudar gest\u00e3o dos hospitais filantr\u00f3picos de Minas\"}]},{\"@type\":\"WebSite\",\"@id\":\"https:\/\/www.federassantas.org.br\/novosite\/#website\",\"url\":\"https:\/\/www.federassantas.org.br\/novosite\/\",\"name\":\"Federassantas\",\"description\":\"Entidade de representa\u00e7\u00e3o e fortalecimento das Santas Casas, hospitais filantr\u00f3picos e entidades beneficentes de sa\u00fade de Minas Gerais, atuando na defesa institucional, qualifica\u00e7\u00e3o da gest\u00e3o e sustentabilidade do setor.\",\"publisher\":{\"@id\":\"https:\/\/www.federassantas.org.br\/novosite\/#organization\"},\"potentialAction\":[{\"@type\":\"SearchAction\",\"target\":{\"@type\":\"EntryPoint\",\"urlTemplate\":\"https:\/\/www.federassantas.org.br\/novosite\/?s={search_term_string}\"},\"query-input\":{\"@type\":\"PropertyValueSpecification\",\"valueRequired\":true,\"valueName\":\"search_term_string\"}}],\"inLanguage\":\"pt-BR\"},{\"@type\":\"Organization\",\"@id\":\"https:\/\/www.federassantas.org.br\/novosite\/#organization\",\"name\":\"Federassantas\",\"url\":\"https:\/\/www.federassantas.org.br\/novosite\/\",\"logo\":{\"@type\":\"ImageObject\",\"inLanguage\":\"pt-BR\",\"@id\":\"https:\/\/www.federassantas.org.br\/novosite\/#\/schema\/logo\/image\/\",\"url\":\"https:\/\/www.federassantas.org.br\/novosite\/wp-content\/uploads\/2021\/12\/logo.png\",\"contentUrl\":\"https:\/\/www.federassantas.org.br\/novosite\/wp-content\/uploads\/2021\/12\/logo.png\",\"width\":243,\"height\":59,\"caption\":\"Federassantas\"},\"image\":{\"@id\":\"https:\/\/www.federassantas.org.br\/novosite\/#\/schema\/logo\/image\/\"}},{\"@type\":\"Person\",\"@id\":\"https:\/\/www.federassantas.org.br\/novosite\/#\/schema\/person\/75fed98158349313fe56175f232f513c\",\"name\":\"admin-federas\",\"image\":{\"@type\":\"ImageObject\",\"inLanguage\":\"pt-BR\",\"@id\":\"https:\/\/www.federassantas.org.br\/novosite\/#\/schema\/person\/image\/\",\"url\":\"https:\/\/secure.gravatar.com\/avatar\/2a02d7dda59fe8dc6b7ffd3f652e2efede5ccf0dd89dfdc8137c5517f3de8407?s=96&d=mm&r=g\",\"contentUrl\":\"https:\/\/secure.gravatar.com\/avatar\/2a02d7dda59fe8dc6b7ffd3f652e2efede5ccf0dd89dfdc8137c5517f3de8407?s=96&d=mm&r=g\",\"caption\":\"admin-federas\"},\"sameAs\":[\"https:\/\/www.federassantas.org.br\/novosite\/\"],\"url\":\"https:\/\/www.federassantas.org.br\/novosite\/author\/admin-federas\/\"}]}<\/script>\n<!-- \/ Yoast SEO plugin. -->","yoast_head_json":{"title":"Trabalho das Comiss\u00f5es T\u00e9cnicas vai ajudar gest\u00e3o dos hospitais filantr\u00f3picos de Minas - Federassantas","robots":{"index":"index","follow":"follow","max-snippet":"max-snippet:-1","max-image-preview":"max-image-preview:large","max-video-preview":"max-video-preview:-1"},"canonical":"https:\/\/www.federassantas.org.br\/novosite\/trabalho-das-comissoes-tecnicas-da-federassantas-vai-ajudar-gestao-dos-hospitais-filantropicos-de-minas-gerais\/","og_locale":"pt_BR","og_type":"article","og_title":"Trabalho das Comiss\u00f5es T\u00e9cnicas vai ajudar gest\u00e3o dos hospitais filantr\u00f3picos de Minas - Federassantas","og_description":"A Federassantas criou o projeto das COMISS\u00d5ES T\u00c9CNICAS para atender demandas dos filantr\u00f3picos nas \u00e1reas de suprimentos, recursos humanos, remunera\u00e7\u00e3o M\u00e9dica, sa\u00fade suplementar e Sistema \u00danico de Sa\u00fade. As comiss\u00f5es ir\u00e3o fornecer informa\u00e7\u00f5es estrat\u00e9gicas para as institui\u00e7\u00f5es de sa\u00fade filiadas para amparar a tomada de decis\u00e3o dos gestores. O projeto teve andamento interno, com a [&hellip;]","og_url":"https:\/\/www.federassantas.org.br\/novosite\/trabalho-das-comissoes-tecnicas-da-federassantas-vai-ajudar-gestao-dos-hospitais-filantropicos-de-minas-gerais\/","og_site_name":"Federassantas","article_published_time":"2018-07-20T17:11:34+00:00","author":"admin-federas","twitter_card":"summary_large_image","twitter_misc":{"Escrito por":"admin-federas","Est. tempo de leitura":"4 minutos"},"schema":{"@context":"https:\/\/schema.org","@graph":[{"@type":"Article","@id":"https:\/\/www.federassantas.org.br\/novosite\/trabalho-das-comissoes-tecnicas-da-federassantas-vai-ajudar-gestao-dos-hospitais-filantropicos-de-minas-gerais\/#article","isPartOf":{"@id":"https:\/\/www.federassantas.org.br\/novosite\/trabalho-das-comissoes-tecnicas-da-federassantas-vai-ajudar-gestao-dos-hospitais-filantropicos-de-minas-gerais\/"},"author":{"name":"admin-federas","@id":"https:\/\/www.federassantas.org.br\/novosite\/#\/schema\/person\/75fed98158349313fe56175f232f513c"},"headline":"Trabalho das Comiss\u00f5es T\u00e9cnicas vai ajudar gest\u00e3o dos hospitais filantr\u00f3picos de Minas","datePublished":"2018-07-20T17:11:34+00:00","mainEntityOfPage":{"@id":"https:\/\/www.federassantas.org.br\/novosite\/trabalho-das-comissoes-tecnicas-da-federassantas-vai-ajudar-gestao-dos-hospitais-filantropicos-de-minas-gerais\/"},"wordCount":854,"commentCount":0,"publisher":{"@id":"https:\/\/www.federassantas.org.br\/novosite\/#organization"},"image":{"@id":"https:\/\/www.federassantas.org.br\/novosite\/trabalho-das-comissoes-tecnicas-da-federassantas-vai-ajudar-gestao-dos-hospitais-filantropicos-de-minas-gerais\/#primaryimage"},"thumbnailUrl":"","articleSection":["Not\u00edcias","Not\u00edcias Federassantas"],"inLanguage":"pt-BR","potentialAction":[{"@type":"CommentAction","name":"Comment","target":["https:\/\/www.federassantas.org.br\/novosite\/trabalho-das-comissoes-tecnicas-da-federassantas-vai-ajudar-gestao-dos-hospitais-filantropicos-de-minas-gerais\/#respond"]}]},{"@type":"WebPage","@id":"https:\/\/www.federassantas.org.br\/novosite\/trabalho-das-comissoes-tecnicas-da-federassantas-vai-ajudar-gestao-dos-hospitais-filantropicos-de-minas-gerais\/","url":"https:\/\/www.federassantas.org.br\/novosite\/trabalho-das-comissoes-tecnicas-da-federassantas-vai-ajudar-gestao-dos-hospitais-filantropicos-de-minas-gerais\/","name":"Trabalho das Comiss\u00f5es T\u00e9cnicas vai ajudar gest\u00e3o dos hospitais filantr\u00f3picos de Minas - Federassantas","isPartOf":{"@id":"https:\/\/www.federassantas.org.br\/novosite\/#website"},"primaryImageOfPage":{"@id":"https:\/\/www.federassantas.org.br\/novosite\/trabalho-das-comissoes-tecnicas-da-federassantas-vai-ajudar-gestao-dos-hospitais-filantropicos-de-minas-gerais\/#primaryimage"},"image":{"@id":"https:\/\/www.federassantas.org.br\/novosite\/trabalho-das-comissoes-tecnicas-da-federassantas-vai-ajudar-gestao-dos-hospitais-filantropicos-de-minas-gerais\/#primaryimage"},"thumbnailUrl":"","datePublished":"2018-07-20T17:11:34+00:00","breadcrumb":{"@id":"https:\/\/www.federassantas.org.br\/novosite\/trabalho-das-comissoes-tecnicas-da-federassantas-vai-ajudar-gestao-dos-hospitais-filantropicos-de-minas-gerais\/#breadcrumb"},"inLanguage":"pt-BR","potentialAction":[{"@type":"ReadAction","target":["https:\/\/www.federassantas.org.br\/novosite\/trabalho-das-comissoes-tecnicas-da-federassantas-vai-ajudar-gestao-dos-hospitais-filantropicos-de-minas-gerais\/"]}]},{"@type":"ImageObject","inLanguage":"pt-BR","@id":"https:\/\/www.federassantas.org.br\/novosite\/trabalho-das-comissoes-tecnicas-da-federassantas-vai-ajudar-gestao-dos-hospitais-filantropicos-de-minas-gerais\/#primaryimage","url":"","contentUrl":""},{"@type":"BreadcrumbList","@id":"https:\/\/www.federassantas.org.br\/novosite\/trabalho-das-comissoes-tecnicas-da-federassantas-vai-ajudar-gestao-dos-hospitais-filantropicos-de-minas-gerais\/#breadcrumb","itemListElement":[{"@type":"ListItem","position":1,"name":"In\u00edcio","item":"https:\/\/www.federassantas.org.br\/novosite\/"},{"@type":"ListItem","position":2,"name":"Trabalho das Comiss\u00f5es T\u00e9cnicas vai ajudar gest\u00e3o dos hospitais filantr\u00f3picos de Minas"}]},{"@type":"WebSite","@id":"https:\/\/www.federassantas.org.br\/novosite\/#website","url":"https:\/\/www.federassantas.org.br\/novosite\/","name":"Federassantas","description":"Entidade de representa\u00e7\u00e3o e fortalecimento das Santas Casas, hospitais filantr\u00f3picos e entidades beneficentes de sa\u00fade de Minas Gerais, atuando na defesa institucional, qualifica\u00e7\u00e3o da gest\u00e3o e sustentabilidade do setor.","publisher":{"@id":"https:\/\/www.federassantas.org.br\/novosite\/#organization"},"potentialAction":[{"@type":"SearchAction","target":{"@type":"EntryPoint","urlTemplate":"https:\/\/www.federassantas.org.br\/novosite\/?s={search_term_string}"},"query-input":{"@type":"PropertyValueSpecification","valueRequired":true,"valueName":"search_term_string"}}],"inLanguage":"pt-BR"},{"@type":"Organization","@id":"https:\/\/www.federassantas.org.br\/novosite\/#organization","name":"Federassantas","url":"https:\/\/www.federassantas.org.br\/novosite\/","logo":{"@type":"ImageObject","inLanguage":"pt-BR","@id":"https:\/\/www.federassantas.org.br\/novosite\/#\/schema\/logo\/image\/","url":"https:\/\/www.federassantas.org.br\/novosite\/wp-content\/uploads\/2021\/12\/logo.png","contentUrl":"https:\/\/www.federassantas.org.br\/novosite\/wp-content\/uploads\/2021\/12\/logo.png","width":243,"height":59,"caption":"Federassantas"},"image":{"@id":"https:\/\/www.federassantas.org.br\/novosite\/#\/schema\/logo\/image\/"}},{"@type":"Person","@id":"https:\/\/www.federassantas.org.br\/novosite\/#\/schema\/person\/75fed98158349313fe56175f232f513c","name":"admin-federas","image":{"@type":"ImageObject","inLanguage":"pt-BR","@id":"https:\/\/www.federassantas.org.br\/novosite\/#\/schema\/person\/image\/","url":"https:\/\/secure.gravatar.com\/avatar\/2a02d7dda59fe8dc6b7ffd3f652e2efede5ccf0dd89dfdc8137c5517f3de8407?s=96&d=mm&r=g","contentUrl":"https:\/\/secure.gravatar.com\/avatar\/2a02d7dda59fe8dc6b7ffd3f652e2efede5ccf0dd89dfdc8137c5517f3de8407?s=96&d=mm&r=g","caption":"admin-federas"},"sameAs":["https:\/\/www.federassantas.org.br\/novosite\/"],"url":"https:\/\/www.federassantas.org.br\/novosite\/author\/admin-federas\/"}]}},"_links":{"self":[{"href":"https:\/\/www.federassantas.org.br\/novosite\/wp-json\/wp\/v2\/posts\/13348","targetHints":{"allow":["GET"]}}],"collection":[{"href":"https:\/\/www.federassantas.org.br\/novosite\/wp-json\/wp\/v2\/posts"}],"about":[{"href":"https:\/\/www.federassantas.org.br\/novosite\/wp-json\/wp\/v2\/types\/post"}],"author":[{"embeddable":true,"href":"https:\/\/www.federassantas.org.br\/novosite\/wp-json\/wp\/v2\/users\/1"}],"replies":[{"embeddable":true,"href":"https:\/\/www.federassantas.org.br\/novosite\/wp-json\/wp\/v2\/comments?post=13348"}],"version-history":[{"count":0,"href":"https:\/\/www.federassantas.org.br\/novosite\/wp-json\/wp\/v2\/posts\/13348\/revisions"}],"wp:attachment":[{"href":"https:\/\/www.federassantas.org.br\/novosite\/wp-json\/wp\/v2\/media?parent=13348"}],"wp:term":[{"taxonomy":"category","embeddable":true,"href":"https:\/\/www.federassantas.org.br\/novosite\/wp-json\/wp\/v2\/categories?post=13348"},{"taxonomy":"post_tag","embeddable":true,"href":"https:\/\/www.federassantas.org.br\/novosite\/wp-json\/wp\/v2\/tags?post=13348"}],"curies":[{"name":"wp","href":"https:\/\/api.w.org\/{rel}","templated":true}]}}