{"id":13425,"date":"2018-07-25T13:55:02","date_gmt":"2018-07-25T16:55:02","guid":{"rendered":"https:\/\/federasbackup.meltcomunicacao.com.br\/?p=13425"},"modified":"2018-07-25T13:55:02","modified_gmt":"2018-07-25T16:55:02","slug":"sociedade-brasileira-de-oncologia-clinica-alerta-sobre-a-baixa-adesao-dos-brasileiros-as-vacinas-que-previnem-o-cancer","status":"publish","type":"post","link":"https:\/\/www.federassantas.org.br\/novosite\/sociedade-brasileira-de-oncologia-clinica-alerta-sobre-a-baixa-adesao-dos-brasileiros-as-vacinas-que-previnem-o-cancer\/","title":{"rendered":"Sociedade Brasileira de Oncologia Cl\u00ednica alerta sobre a baixa ades\u00e3o dos brasileiros \u00e0s vacinas que previnem o c\u00e2ncer"},"content":{"rendered":"<p style=\"text-align: justify;\">Desde 2004, o Minist\u00e9rio da Sa\u00fade organiza os calend\u00e1rios de vacina\u00e7\u00e3o por ciclos de vida \u2013 crian\u00e7as, adolescentes, adultos e idosos. Segundo relat\u00f3rio recente feito pela Unicef e a Organiza\u00e7\u00e3o Mundial de Sa\u00fade (OMS), a taxa de cobertura entre as crian\u00e7as caiu no Brasil nos \u00faltimos tr\u00eas anos. A tr\u00edplice viral, por exemplo, teve queda de 15%, enquanto a vacina contra a poliomielite caiu 17%. Mas essa tend\u00eancia tamb\u00e9m pode ser vista nas demais faixas et\u00e1rias. De acordo com dados do Minist\u00e9rio da Sa\u00fade, os n\u00edveis cobertura de todas as vacinas est\u00e3o abaixo da meta ideal. Diante deste quadro preocupante, a Sociedade Brasileira de Oncologia Cl\u00ednica (SBOC) alerta sobre a import\u00e2ncia de a popula\u00e7\u00e3o aderir \u00e0s campanhas de vacina\u00e7\u00e3o.<\/p>\n<p style=\"text-align: justify;\">Saiba mais em:\u00a0<a href=\"https:\/\/www.segs.com.br\/saude\/126845-sociedade-brasileira-de-oncologia-clinica-alerta-sobre-a-baixa-adesao-dos-brasileiros-as-vacinas-que-previnem-o-cancer\">https:\/\/www.segs.com.br\/saude\/126845-sociedade-brasileira-de-oncologia-clinica-alerta-sobre-a-baixa-adesao-dos-brasileiros-as-vacinas-que-previnem-o-cancer<\/a><\/p>\n<p style=\"text-align: justify;\">Fonte:\u00a0SEGS<\/p>\n","protected":false},"excerpt":{"rendered":"<p>Desde 2004, o Minist\u00e9rio da Sa\u00fade organiza os calend\u00e1rios de vacina\u00e7\u00e3o por ciclos de vida \u2013 crian\u00e7as, adolescentes, adultos e idosos. Segundo relat\u00f3rio recente feito pela Unicef e a Organiza\u00e7\u00e3o Mundial de Sa\u00fade (OMS), a taxa de cobertura entre as crian\u00e7as caiu no Brasil nos \u00faltimos tr\u00eas anos. A tr\u00edplice viral, por exemplo, teve queda [&hellip;]<\/p>\n","protected":false},"author":1,"featured_media":13426,"comment_status":"open","ping_status":"open","sticky":false,"template":"","format":"standard","meta":{"footnotes":""},"categories":[140],"tags":[],"class_list":["post-13425","post","type-post","status-publish","format-standard","has-post-thumbnail","hentry","category-noticias"],"yoast_head":"<!-- This site is optimized with the Yoast SEO plugin v26.9 - https:\/\/yoast.com\/product\/yoast-seo-wordpress\/ -->\n<title>Sociedade Brasileira de Oncologia Cl\u00ednica alerta sobre a baixa ades\u00e3o dos brasileiros \u00e0s vacinas que previnem o c\u00e2ncer - Federassantas<\/title>\n<meta name=\"robots\" content=\"index, follow, max-snippet:-1, max-image-preview:large, max-video-preview:-1\" \/>\n<link rel=\"canonical\" href=\"https:\/\/www.federassantas.org.br\/novosite\/sociedade-brasileira-de-oncologia-clinica-alerta-sobre-a-baixa-adesao-dos-brasileiros-as-vacinas-que-previnem-o-cancer\/\" \/>\n<meta property=\"og:locale\" content=\"pt_BR\" \/>\n<meta property=\"og:type\" content=\"article\" \/>\n<meta property=\"og:title\" content=\"Sociedade Brasileira de Oncologia Cl\u00ednica alerta sobre a baixa ades\u00e3o dos brasileiros \u00e0s vacinas que previnem o c\u00e2ncer - Federassantas\" \/>\n<meta property=\"og:description\" content=\"Desde 2004, o Minist\u00e9rio da Sa\u00fade organiza os calend\u00e1rios de vacina\u00e7\u00e3o por ciclos de vida \u2013 crian\u00e7as, adolescentes, adultos e idosos. Segundo relat\u00f3rio recente feito pela Unicef e a Organiza\u00e7\u00e3o Mundial de Sa\u00fade (OMS), a taxa de cobertura entre as crian\u00e7as caiu no Brasil nos \u00faltimos tr\u00eas anos. A tr\u00edplice viral, por exemplo, teve queda [&hellip;]\" \/>\n<meta property=\"og:url\" content=\"https:\/\/www.federassantas.org.br\/novosite\/sociedade-brasileira-de-oncologia-clinica-alerta-sobre-a-baixa-adesao-dos-brasileiros-as-vacinas-que-previnem-o-cancer\/\" \/>\n<meta property=\"og:site_name\" content=\"Federassantas\" \/>\n<meta property=\"article:published_time\" content=\"2018-07-25T16:55:02+00:00\" \/>\n<meta name=\"author\" content=\"admin-federas\" \/>\n<meta name=\"twitter:card\" content=\"summary_large_image\" \/>\n<meta name=\"twitter:label1\" content=\"Escrito por\" \/>\n\t<meta name=\"twitter:data1\" content=\"admin-federas\" \/>\n\t<meta name=\"twitter:label2\" content=\"Est. tempo de leitura\" \/>\n\t<meta name=\"twitter:data2\" content=\"1 minuto\" \/>\n<script type=\"application\/ld+json\" class=\"yoast-schema-graph\">{\"@context\":\"https:\/\/schema.org\",\"@graph\":[{\"@type\":\"Article\",\"@id\":\"https:\/\/www.federassantas.org.br\/novosite\/sociedade-brasileira-de-oncologia-clinica-alerta-sobre-a-baixa-adesao-dos-brasileiros-as-vacinas-que-previnem-o-cancer\/#article\",\"isPartOf\":{\"@id\":\"https:\/\/www.federassantas.org.br\/novosite\/sociedade-brasileira-de-oncologia-clinica-alerta-sobre-a-baixa-adesao-dos-brasileiros-as-vacinas-que-previnem-o-cancer\/\"},\"author\":{\"name\":\"admin-federas\",\"@id\":\"https:\/\/www.federassantas.org.br\/novosite\/#\/schema\/person\/75fed98158349313fe56175f232f513c\"},\"headline\":\"Sociedade Brasileira de Oncologia Cl\u00ednica alerta sobre a baixa ades\u00e3o dos brasileiros \u00e0s vacinas que previnem o c\u00e2ncer\",\"datePublished\":\"2018-07-25T16:55:02+00:00\",\"mainEntityOfPage\":{\"@id\":\"https:\/\/www.federassantas.org.br\/novosite\/sociedade-brasileira-de-oncologia-clinica-alerta-sobre-a-baixa-adesao-dos-brasileiros-as-vacinas-que-previnem-o-cancer\/\"},\"wordCount\":170,\"commentCount\":0,\"publisher\":{\"@id\":\"https:\/\/www.federassantas.org.br\/novosite\/#organization\"},\"image\":{\"@id\":\"https:\/\/www.federassantas.org.br\/novosite\/sociedade-brasileira-de-oncologia-clinica-alerta-sobre-a-baixa-adesao-dos-brasileiros-as-vacinas-que-previnem-o-cancer\/#primaryimage\"},\"thumbnailUrl\":\"\",\"articleSection\":[\"Not\u00edcias\"],\"inLanguage\":\"pt-BR\",\"potentialAction\":[{\"@type\":\"CommentAction\",\"name\":\"Comment\",\"target\":[\"https:\/\/www.federassantas.org.br\/novosite\/sociedade-brasileira-de-oncologia-clinica-alerta-sobre-a-baixa-adesao-dos-brasileiros-as-vacinas-que-previnem-o-cancer\/#respond\"]}]},{\"@type\":\"WebPage\",\"@id\":\"https:\/\/www.federassantas.org.br\/novosite\/sociedade-brasileira-de-oncologia-clinica-alerta-sobre-a-baixa-adesao-dos-brasileiros-as-vacinas-que-previnem-o-cancer\/\",\"url\":\"https:\/\/www.federassantas.org.br\/novosite\/sociedade-brasileira-de-oncologia-clinica-alerta-sobre-a-baixa-adesao-dos-brasileiros-as-vacinas-que-previnem-o-cancer\/\",\"name\":\"Sociedade Brasileira de Oncologia Cl\u00ednica alerta sobre a baixa ades\u00e3o dos brasileiros \u00e0s vacinas que previnem o c\u00e2ncer - Federassantas\",\"isPartOf\":{\"@id\":\"https:\/\/www.federassantas.org.br\/novosite\/#website\"},\"primaryImageOfPage\":{\"@id\":\"https:\/\/www.federassantas.org.br\/novosite\/sociedade-brasileira-de-oncologia-clinica-alerta-sobre-a-baixa-adesao-dos-brasileiros-as-vacinas-que-previnem-o-cancer\/#primaryimage\"},\"image\":{\"@id\":\"https:\/\/www.federassantas.org.br\/novosite\/sociedade-brasileira-de-oncologia-clinica-alerta-sobre-a-baixa-adesao-dos-brasileiros-as-vacinas-que-previnem-o-cancer\/#primaryimage\"},\"thumbnailUrl\":\"\",\"datePublished\":\"2018-07-25T16:55:02+00:00\",\"breadcrumb\":{\"@id\":\"https:\/\/www.federassantas.org.br\/novosite\/sociedade-brasileira-de-oncologia-clinica-alerta-sobre-a-baixa-adesao-dos-brasileiros-as-vacinas-que-previnem-o-cancer\/#breadcrumb\"},\"inLanguage\":\"pt-BR\",\"potentialAction\":[{\"@type\":\"ReadAction\",\"target\":[\"https:\/\/www.federassantas.org.br\/novosite\/sociedade-brasileira-de-oncologia-clinica-alerta-sobre-a-baixa-adesao-dos-brasileiros-as-vacinas-que-previnem-o-cancer\/\"]}]},{\"@type\":\"ImageObject\",\"inLanguage\":\"pt-BR\",\"@id\":\"https:\/\/www.federassantas.org.br\/novosite\/sociedade-brasileira-de-oncologia-clinica-alerta-sobre-a-baixa-adesao-dos-brasileiros-as-vacinas-que-previnem-o-cancer\/#primaryimage\",\"url\":\"\",\"contentUrl\":\"\"},{\"@type\":\"BreadcrumbList\",\"@id\":\"https:\/\/www.federassantas.org.br\/novosite\/sociedade-brasileira-de-oncologia-clinica-alerta-sobre-a-baixa-adesao-dos-brasileiros-as-vacinas-que-previnem-o-cancer\/#breadcrumb\",\"itemListElement\":[{\"@type\":\"ListItem\",\"position\":1,\"name\":\"In\u00edcio\",\"item\":\"https:\/\/www.federassantas.org.br\/novosite\/\"},{\"@type\":\"ListItem\",\"position\":2,\"name\":\"Sociedade Brasileira de Oncologia Cl\u00ednica alerta sobre a baixa ades\u00e3o dos brasileiros \u00e0s vacinas que previnem o c\u00e2ncer\"}]},{\"@type\":\"WebSite\",\"@id\":\"https:\/\/www.federassantas.org.br\/novosite\/#website\",\"url\":\"https:\/\/www.federassantas.org.br\/novosite\/\",\"name\":\"Federassantas\",\"description\":\"Entidade de representa\u00e7\u00e3o e fortalecimento das Santas Casas, hospitais filantr\u00f3picos e entidades beneficentes de sa\u00fade de Minas Gerais, atuando na defesa institucional, qualifica\u00e7\u00e3o da gest\u00e3o e sustentabilidade do setor.\",\"publisher\":{\"@id\":\"https:\/\/www.federassantas.org.br\/novosite\/#organization\"},\"potentialAction\":[{\"@type\":\"SearchAction\",\"target\":{\"@type\":\"EntryPoint\",\"urlTemplate\":\"https:\/\/www.federassantas.org.br\/novosite\/?s={search_term_string}\"},\"query-input\":{\"@type\":\"PropertyValueSpecification\",\"valueRequired\":true,\"valueName\":\"search_term_string\"}}],\"inLanguage\":\"pt-BR\"},{\"@type\":\"Organization\",\"@id\":\"https:\/\/www.federassantas.org.br\/novosite\/#organization\",\"name\":\"Federassantas\",\"url\":\"https:\/\/www.federassantas.org.br\/novosite\/\",\"logo\":{\"@type\":\"ImageObject\",\"inLanguage\":\"pt-BR\",\"@id\":\"https:\/\/www.federassantas.org.br\/novosite\/#\/schema\/logo\/image\/\",\"url\":\"https:\/\/www.federassantas.org.br\/novosite\/wp-content\/uploads\/2021\/12\/logo.png\",\"contentUrl\":\"https:\/\/www.federassantas.org.br\/novosite\/wp-content\/uploads\/2021\/12\/logo.png\",\"width\":243,\"height\":59,\"caption\":\"Federassantas\"},\"image\":{\"@id\":\"https:\/\/www.federassantas.org.br\/novosite\/#\/schema\/logo\/image\/\"}},{\"@type\":\"Person\",\"@id\":\"https:\/\/www.federassantas.org.br\/novosite\/#\/schema\/person\/75fed98158349313fe56175f232f513c\",\"name\":\"admin-federas\",\"image\":{\"@type\":\"ImageObject\",\"inLanguage\":\"pt-BR\",\"@id\":\"https:\/\/www.federassantas.org.br\/novosite\/#\/schema\/person\/image\/\",\"url\":\"https:\/\/secure.gravatar.com\/avatar\/2a02d7dda59fe8dc6b7ffd3f652e2efede5ccf0dd89dfdc8137c5517f3de8407?s=96&d=mm&r=g\",\"contentUrl\":\"https:\/\/secure.gravatar.com\/avatar\/2a02d7dda59fe8dc6b7ffd3f652e2efede5ccf0dd89dfdc8137c5517f3de8407?s=96&d=mm&r=g\",\"caption\":\"admin-federas\"},\"sameAs\":[\"https:\/\/www.federassantas.org.br\/novosite\/\"],\"url\":\"https:\/\/www.federassantas.org.br\/novosite\/author\/admin-federas\/\"}]}<\/script>\n<!-- \/ Yoast SEO plugin. -->","yoast_head_json":{"title":"Sociedade Brasileira de Oncologia Cl\u00ednica alerta sobre a baixa ades\u00e3o dos brasileiros \u00e0s vacinas que previnem o c\u00e2ncer - Federassantas","robots":{"index":"index","follow":"follow","max-snippet":"max-snippet:-1","max-image-preview":"max-image-preview:large","max-video-preview":"max-video-preview:-1"},"canonical":"https:\/\/www.federassantas.org.br\/novosite\/sociedade-brasileira-de-oncologia-clinica-alerta-sobre-a-baixa-adesao-dos-brasileiros-as-vacinas-que-previnem-o-cancer\/","og_locale":"pt_BR","og_type":"article","og_title":"Sociedade Brasileira de Oncologia Cl\u00ednica alerta sobre a baixa ades\u00e3o dos brasileiros \u00e0s vacinas que previnem o c\u00e2ncer - Federassantas","og_description":"Desde 2004, o Minist\u00e9rio da Sa\u00fade organiza os calend\u00e1rios de vacina\u00e7\u00e3o por ciclos de vida \u2013 crian\u00e7as, adolescentes, adultos e idosos. Segundo relat\u00f3rio recente feito pela Unicef e a Organiza\u00e7\u00e3o Mundial de Sa\u00fade (OMS), a taxa de cobertura entre as crian\u00e7as caiu no Brasil nos \u00faltimos tr\u00eas anos. A tr\u00edplice viral, por exemplo, teve queda [&hellip;]","og_url":"https:\/\/www.federassantas.org.br\/novosite\/sociedade-brasileira-de-oncologia-clinica-alerta-sobre-a-baixa-adesao-dos-brasileiros-as-vacinas-que-previnem-o-cancer\/","og_site_name":"Federassantas","article_published_time":"2018-07-25T16:55:02+00:00","author":"admin-federas","twitter_card":"summary_large_image","twitter_misc":{"Escrito por":"admin-federas","Est. tempo de leitura":"1 minuto"},"schema":{"@context":"https:\/\/schema.org","@graph":[{"@type":"Article","@id":"https:\/\/www.federassantas.org.br\/novosite\/sociedade-brasileira-de-oncologia-clinica-alerta-sobre-a-baixa-adesao-dos-brasileiros-as-vacinas-que-previnem-o-cancer\/#article","isPartOf":{"@id":"https:\/\/www.federassantas.org.br\/novosite\/sociedade-brasileira-de-oncologia-clinica-alerta-sobre-a-baixa-adesao-dos-brasileiros-as-vacinas-que-previnem-o-cancer\/"},"author":{"name":"admin-federas","@id":"https:\/\/www.federassantas.org.br\/novosite\/#\/schema\/person\/75fed98158349313fe56175f232f513c"},"headline":"Sociedade Brasileira de Oncologia Cl\u00ednica alerta sobre a baixa ades\u00e3o dos brasileiros \u00e0s vacinas que previnem o c\u00e2ncer","datePublished":"2018-07-25T16:55:02+00:00","mainEntityOfPage":{"@id":"https:\/\/www.federassantas.org.br\/novosite\/sociedade-brasileira-de-oncologia-clinica-alerta-sobre-a-baixa-adesao-dos-brasileiros-as-vacinas-que-previnem-o-cancer\/"},"wordCount":170,"commentCount":0,"publisher":{"@id":"https:\/\/www.federassantas.org.br\/novosite\/#organization"},"image":{"@id":"https:\/\/www.federassantas.org.br\/novosite\/sociedade-brasileira-de-oncologia-clinica-alerta-sobre-a-baixa-adesao-dos-brasileiros-as-vacinas-que-previnem-o-cancer\/#primaryimage"},"thumbnailUrl":"","articleSection":["Not\u00edcias"],"inLanguage":"pt-BR","potentialAction":[{"@type":"CommentAction","name":"Comment","target":["https:\/\/www.federassantas.org.br\/novosite\/sociedade-brasileira-de-oncologia-clinica-alerta-sobre-a-baixa-adesao-dos-brasileiros-as-vacinas-que-previnem-o-cancer\/#respond"]}]},{"@type":"WebPage","@id":"https:\/\/www.federassantas.org.br\/novosite\/sociedade-brasileira-de-oncologia-clinica-alerta-sobre-a-baixa-adesao-dos-brasileiros-as-vacinas-que-previnem-o-cancer\/","url":"https:\/\/www.federassantas.org.br\/novosite\/sociedade-brasileira-de-oncologia-clinica-alerta-sobre-a-baixa-adesao-dos-brasileiros-as-vacinas-que-previnem-o-cancer\/","name":"Sociedade Brasileira de Oncologia Cl\u00ednica alerta sobre a baixa ades\u00e3o dos brasileiros \u00e0s vacinas que previnem o c\u00e2ncer - Federassantas","isPartOf":{"@id":"https:\/\/www.federassantas.org.br\/novosite\/#website"},"primaryImageOfPage":{"@id":"https:\/\/www.federassantas.org.br\/novosite\/sociedade-brasileira-de-oncologia-clinica-alerta-sobre-a-baixa-adesao-dos-brasileiros-as-vacinas-que-previnem-o-cancer\/#primaryimage"},"image":{"@id":"https:\/\/www.federassantas.org.br\/novosite\/sociedade-brasileira-de-oncologia-clinica-alerta-sobre-a-baixa-adesao-dos-brasileiros-as-vacinas-que-previnem-o-cancer\/#primaryimage"},"thumbnailUrl":"","datePublished":"2018-07-25T16:55:02+00:00","breadcrumb":{"@id":"https:\/\/www.federassantas.org.br\/novosite\/sociedade-brasileira-de-oncologia-clinica-alerta-sobre-a-baixa-adesao-dos-brasileiros-as-vacinas-que-previnem-o-cancer\/#breadcrumb"},"inLanguage":"pt-BR","potentialAction":[{"@type":"ReadAction","target":["https:\/\/www.federassantas.org.br\/novosite\/sociedade-brasileira-de-oncologia-clinica-alerta-sobre-a-baixa-adesao-dos-brasileiros-as-vacinas-que-previnem-o-cancer\/"]}]},{"@type":"ImageObject","inLanguage":"pt-BR","@id":"https:\/\/www.federassantas.org.br\/novosite\/sociedade-brasileira-de-oncologia-clinica-alerta-sobre-a-baixa-adesao-dos-brasileiros-as-vacinas-que-previnem-o-cancer\/#primaryimage","url":"","contentUrl":""},{"@type":"BreadcrumbList","@id":"https:\/\/www.federassantas.org.br\/novosite\/sociedade-brasileira-de-oncologia-clinica-alerta-sobre-a-baixa-adesao-dos-brasileiros-as-vacinas-que-previnem-o-cancer\/#breadcrumb","itemListElement":[{"@type":"ListItem","position":1,"name":"In\u00edcio","item":"https:\/\/www.federassantas.org.br\/novosite\/"},{"@type":"ListItem","position":2,"name":"Sociedade Brasileira de Oncologia Cl\u00ednica alerta sobre a baixa ades\u00e3o dos brasileiros \u00e0s vacinas que previnem o c\u00e2ncer"}]},{"@type":"WebSite","@id":"https:\/\/www.federassantas.org.br\/novosite\/#website","url":"https:\/\/www.federassantas.org.br\/novosite\/","name":"Federassantas","description":"Entidade de representa\u00e7\u00e3o e fortalecimento das Santas Casas, hospitais filantr\u00f3picos e entidades beneficentes de sa\u00fade de Minas Gerais, atuando na defesa institucional, qualifica\u00e7\u00e3o da gest\u00e3o e sustentabilidade do setor.","publisher":{"@id":"https:\/\/www.federassantas.org.br\/novosite\/#organization"},"potentialAction":[{"@type":"SearchAction","target":{"@type":"EntryPoint","urlTemplate":"https:\/\/www.federassantas.org.br\/novosite\/?s={search_term_string}"},"query-input":{"@type":"PropertyValueSpecification","valueRequired":true,"valueName":"search_term_string"}}],"inLanguage":"pt-BR"},{"@type":"Organization","@id":"https:\/\/www.federassantas.org.br\/novosite\/#organization","name":"Federassantas","url":"https:\/\/www.federassantas.org.br\/novosite\/","logo":{"@type":"ImageObject","inLanguage":"pt-BR","@id":"https:\/\/www.federassantas.org.br\/novosite\/#\/schema\/logo\/image\/","url":"https:\/\/www.federassantas.org.br\/novosite\/wp-content\/uploads\/2021\/12\/logo.png","contentUrl":"https:\/\/www.federassantas.org.br\/novosite\/wp-content\/uploads\/2021\/12\/logo.png","width":243,"height":59,"caption":"Federassantas"},"image":{"@id":"https:\/\/www.federassantas.org.br\/novosite\/#\/schema\/logo\/image\/"}},{"@type":"Person","@id":"https:\/\/www.federassantas.org.br\/novosite\/#\/schema\/person\/75fed98158349313fe56175f232f513c","name":"admin-federas","image":{"@type":"ImageObject","inLanguage":"pt-BR","@id":"https:\/\/www.federassantas.org.br\/novosite\/#\/schema\/person\/image\/","url":"https:\/\/secure.gravatar.com\/avatar\/2a02d7dda59fe8dc6b7ffd3f652e2efede5ccf0dd89dfdc8137c5517f3de8407?s=96&d=mm&r=g","contentUrl":"https:\/\/secure.gravatar.com\/avatar\/2a02d7dda59fe8dc6b7ffd3f652e2efede5ccf0dd89dfdc8137c5517f3de8407?s=96&d=mm&r=g","caption":"admin-federas"},"sameAs":["https:\/\/www.federassantas.org.br\/novosite\/"],"url":"https:\/\/www.federassantas.org.br\/novosite\/author\/admin-federas\/"}]}},"_links":{"self":[{"href":"https:\/\/www.federassantas.org.br\/novosite\/wp-json\/wp\/v2\/posts\/13425","targetHints":{"allow":["GET"]}}],"collection":[{"href":"https:\/\/www.federassantas.org.br\/novosite\/wp-json\/wp\/v2\/posts"}],"about":[{"href":"https:\/\/www.federassantas.org.br\/novosite\/wp-json\/wp\/v2\/types\/post"}],"author":[{"embeddable":true,"href":"https:\/\/www.federassantas.org.br\/novosite\/wp-json\/wp\/v2\/users\/1"}],"replies":[{"embeddable":true,"href":"https:\/\/www.federassantas.org.br\/novosite\/wp-json\/wp\/v2\/comments?post=13425"}],"version-history":[{"count":0,"href":"https:\/\/www.federassantas.org.br\/novosite\/wp-json\/wp\/v2\/posts\/13425\/revisions"}],"wp:attachment":[{"href":"https:\/\/www.federassantas.org.br\/novosite\/wp-json\/wp\/v2\/media?parent=13425"}],"wp:term":[{"taxonomy":"category","embeddable":true,"href":"https:\/\/www.federassantas.org.br\/novosite\/wp-json\/wp\/v2\/categories?post=13425"},{"taxonomy":"post_tag","embeddable":true,"href":"https:\/\/www.federassantas.org.br\/novosite\/wp-json\/wp\/v2\/tags?post=13425"}],"curies":[{"name":"wp","href":"https:\/\/api.w.org\/{rel}","templated":true}]}}