{"id":13428,"date":"2018-07-25T16:01:09","date_gmt":"2018-07-25T19:01:09","guid":{"rendered":"https:\/\/federasbackup.meltcomunicacao.com.br\/?p=13428"},"modified":"2018-07-25T16:01:09","modified_gmt":"2018-07-25T19:01:09","slug":"hospital-dilson-godinho-e-parceiro-na-realizacao-do-i-mutirao-de-combate-ao-cancer-de-cabeca-e-pescoco","status":"publish","type":"post","link":"https:\/\/www.federassantas.org.br\/novosite\/hospital-dilson-godinho-e-parceiro-na-realizacao-do-i-mutirao-de-combate-ao-cancer-de-cabeca-e-pescoco\/","title":{"rendered":"Hospital Dilson Godinho \u00e9 parceiro na realiza\u00e7\u00e3o do I Mutir\u00e3o de Combate ao C\u00e2ncer de Cabe\u00e7a e Pesco\u00e7o"},"content":{"rendered":"<p style=\"text-align: justify;\">O Hospital Dilson Godinho \u00e9 parceiro na realiza\u00e7\u00e3o do I Mutir\u00e3o de Combate ao C\u00e2ncer de Cabe\u00e7a e Pesco\u00e7o, realizado dentro da campanha Julho Verde. As a\u00e7\u00f5es de sa\u00fade acontecem na Pra\u00e7a Doutor Carlos, Centro de Montes Claros, nesta sexta-feira (27), a partir das 8h. Ser\u00e3o realizados atendimentos gratuitos (entre exames e orienta\u00e7\u00f5es), sem a necessidade de agendamento pr\u00e9vio. A campanha \u00e9 promovida pela Sociedade Brasileira de Cirurgia de Cabe\u00e7a e Pesco\u00e7o e Associa\u00e7\u00e3o de C\u00e2ncer de Boca e Garganta. A data foi escolhida justamente por ser o Dia Mundial de Conscientiza\u00e7\u00e3o e Combate ao C\u00e2ncer de Cabe\u00e7a e Pesco\u00e7o.<\/p>\n<p style=\"text-align: justify;\">O objetivo da a\u00e7\u00e3o \u00e9 levar mais conscientiza\u00e7\u00e3o aos moradores. O c\u00e2ncer de cabe\u00e7a e pesco\u00e7o surge, principalmente, na boca, l\u00e1bios, garganta, laringe (cordas vocais), tire\u00f3ide e pele. Segundo levantamento do Instituto Nacional do C\u00e2ncer (INCA), este tipo de c\u00e2ncer \u00e9 hoje o segundo mais frequente em homens, atr\u00e1s somente do c\u00e2ncer de pr\u00f3stata. Nas mulheres, prepondera o c\u00e2ncer de tire\u00f3ide, sendo o quinto mais comum entre elas.<\/p>\n<p style=\"text-align: justify;\"><img fetchpriority=\"high\" decoding=\"async\" class=\"wp-image-13430 alignright\" style=\"float: rigth;\" src=\"http:\/\/federasbackup.meltcomunicacao.com.br\/wp-content\/uploads\/2018\/07\/Lucas-Bicalho-cirurgi\u00e3o-2.jpg\" alt=\"\" width=\"401\" height=\"235\" \/><\/p>\n<p style=\"text-align: justify;\">Segundo o cirurgi\u00e3o especialista em cabe\u00e7a e pesco\u00e7o, Lucas Ferreira Bicalho, os principais fatores de risco para o desenvolvimento deste tipo de c\u00e2ncer s\u00e3o: uso do cigarro e \u00e1lcool, infec\u00e7\u00e3o por HPV e exposi\u00e7\u00e3o solar. &#8220;Os principais sinais de alerta s\u00e3o caro\u00e7os no pesco\u00e7o, feridas na boca ou garganta, dor para engolir ou rouquid\u00e3o, principalmente em pacientes com mais de 40 anos e\/ou fumantes. Por isso a campanha Julho Verde, uma tentativa global de conscientiza\u00e7\u00e3o da popula\u00e7\u00e3o para os principais fatores de risco do c\u00e2ncer de cabe\u00e7a e pesco\u00e7o&#8221;, destaca o especialista.<\/p>\n<p style=\"text-align: justify;\"><strong>Mutir\u00e3o<\/strong><\/p>\n<p style=\"text-align: justify;\">O mutir\u00e3o tem a expectativa de atender gratuitamente mais de 300 pessoas. Para os interessados, as senhas de atendimento ser\u00e3o entregues por ordem de chegada, a partir das 8h, sem a necessidade de agendamento pr\u00e9vio.<\/p>\n<p style=\"text-align: justify;\">O mutir\u00e3o de Combate ao C\u00e2ncer de Cabe\u00e7a e pesco\u00e7o promover\u00e1\u00a0\u00a0a\u00e7\u00f5es gratuitas e beneficentes, oferecidas por servi\u00e7os m\u00e9dicos p\u00fablicos e privados, que prestam informa\u00e7\u00f5es e orienta\u00e7\u00f5es e realizam avalia\u00e7\u00f5es e triagem\u00a0\u00a0de pessoas com risco, queixas ou sintomas sugestivos de c\u00e2ncer de boca, garganta, cordas vocais, tireoide, pele e outros tumores de cabe\u00e7a e pesco\u00e7o. Os moradores receber\u00e3o encaminhamento para acompanhamento m\u00e9dico, caso necess\u00e1rio.<\/p>\n<p style=\"text-align: justify;\"><em>Fonte: Assessoria de Comunica\u00e7\u00e3o do Hospital Dilson Godinho<\/em><\/p>\n","protected":false},"excerpt":{"rendered":"<p>O Hospital Dilson Godinho \u00e9 parceiro na realiza\u00e7\u00e3o do I Mutir\u00e3o de Combate ao C\u00e2ncer de Cabe\u00e7a e Pesco\u00e7o, realizado dentro da campanha Julho Verde. As a\u00e7\u00f5es de sa\u00fade acontecem na Pra\u00e7a Doutor Carlos, Centro de Montes Claros, nesta sexta-feira (27), a partir das 8h. Ser\u00e3o realizados atendimentos gratuitos (entre exames e orienta\u00e7\u00f5es), sem a [&hellip;]<\/p>\n","protected":false},"author":1,"featured_media":13429,"comment_status":"open","ping_status":"open","sticky":false,"template":"","format":"standard","meta":{"footnotes":""},"categories":[140,139],"tags":[],"class_list":["post-13428","post","type-post","status-publish","format-standard","has-post-thumbnail","hentry","category-noticias","category-noticias-filiados"],"yoast_head":"<!-- This site is optimized with the Yoast SEO plugin v26.9 - https:\/\/yoast.com\/product\/yoast-seo-wordpress\/ -->\n<title>Hospital Dilson Godinho \u00e9 parceiro na realiza\u00e7\u00e3o do I Mutir\u00e3o de Combate ao C\u00e2ncer de Cabe\u00e7a e Pesco\u00e7o - Federassantas<\/title>\n<meta name=\"robots\" content=\"index, follow, max-snippet:-1, max-image-preview:large, max-video-preview:-1\" \/>\n<link rel=\"canonical\" href=\"https:\/\/www.federassantas.org.br\/novosite\/hospital-dilson-godinho-e-parceiro-na-realizacao-do-i-mutirao-de-combate-ao-cancer-de-cabeca-e-pescoco\/\" \/>\n<meta property=\"og:locale\" content=\"pt_BR\" \/>\n<meta property=\"og:type\" content=\"article\" \/>\n<meta property=\"og:title\" content=\"Hospital Dilson Godinho \u00e9 parceiro na realiza\u00e7\u00e3o do I Mutir\u00e3o de Combate ao C\u00e2ncer de Cabe\u00e7a e Pesco\u00e7o - Federassantas\" \/>\n<meta property=\"og:description\" content=\"O Hospital Dilson Godinho \u00e9 parceiro na realiza\u00e7\u00e3o do I Mutir\u00e3o de Combate ao C\u00e2ncer de Cabe\u00e7a e Pesco\u00e7o, realizado dentro da campanha Julho Verde. As a\u00e7\u00f5es de sa\u00fade acontecem na Pra\u00e7a Doutor Carlos, Centro de Montes Claros, nesta sexta-feira (27), a partir das 8h. Ser\u00e3o realizados atendimentos gratuitos (entre exames e orienta\u00e7\u00f5es), sem a [&hellip;]\" \/>\n<meta property=\"og:url\" content=\"https:\/\/www.federassantas.org.br\/novosite\/hospital-dilson-godinho-e-parceiro-na-realizacao-do-i-mutirao-de-combate-ao-cancer-de-cabeca-e-pescoco\/\" \/>\n<meta property=\"og:site_name\" content=\"Federassantas\" \/>\n<meta property=\"article:published_time\" content=\"2018-07-25T19:01:09+00:00\" \/>\n<meta property=\"og:image\" content=\"https:\/\/www.federassantas.org.br\/novosite\/wp-content\/uploads\/2018\/07\/Mutirao-Julho-Verde.jpg\" \/>\n\t<meta property=\"og:image:width\" content=\"504\" \/>\n\t<meta property=\"og:image:height\" content=\"506\" \/>\n\t<meta property=\"og:image:type\" content=\"image\/jpeg\" \/>\n<meta name=\"author\" content=\"admin-federas\" \/>\n<meta name=\"twitter:card\" content=\"summary_large_image\" \/>\n<meta name=\"twitter:label1\" content=\"Escrito por\" \/>\n\t<meta name=\"twitter:data1\" content=\"admin-federas\" \/>\n\t<meta name=\"twitter:label2\" content=\"Est. tempo de leitura\" \/>\n\t<meta name=\"twitter:data2\" content=\"2 minutos\" \/>\n<script type=\"application\/ld+json\" class=\"yoast-schema-graph\">{\"@context\":\"https:\/\/schema.org\",\"@graph\":[{\"@type\":\"Article\",\"@id\":\"https:\/\/www.federassantas.org.br\/novosite\/hospital-dilson-godinho-e-parceiro-na-realizacao-do-i-mutirao-de-combate-ao-cancer-de-cabeca-e-pescoco\/#article\",\"isPartOf\":{\"@id\":\"https:\/\/www.federassantas.org.br\/novosite\/hospital-dilson-godinho-e-parceiro-na-realizacao-do-i-mutirao-de-combate-ao-cancer-de-cabeca-e-pescoco\/\"},\"author\":{\"name\":\"admin-federas\",\"@id\":\"https:\/\/www.federassantas.org.br\/novosite\/#\/schema\/person\/75fed98158349313fe56175f232f513c\"},\"headline\":\"Hospital Dilson Godinho \u00e9 parceiro na realiza\u00e7\u00e3o do I Mutir\u00e3o de Combate ao C\u00e2ncer de Cabe\u00e7a e Pesco\u00e7o\",\"datePublished\":\"2018-07-25T19:01:09+00:00\",\"mainEntityOfPage\":{\"@id\":\"https:\/\/www.federassantas.org.br\/novosite\/hospital-dilson-godinho-e-parceiro-na-realizacao-do-i-mutirao-de-combate-ao-cancer-de-cabeca-e-pescoco\/\"},\"wordCount\":456,\"commentCount\":0,\"publisher\":{\"@id\":\"https:\/\/www.federassantas.org.br\/novosite\/#organization\"},\"image\":{\"@id\":\"https:\/\/www.federassantas.org.br\/novosite\/hospital-dilson-godinho-e-parceiro-na-realizacao-do-i-mutirao-de-combate-ao-cancer-de-cabeca-e-pescoco\/#primaryimage\"},\"thumbnailUrl\":\"https:\/\/www.federassantas.org.br\/novosite\/wp-content\/uploads\/2018\/07\/Mutirao-Julho-Verde.jpg\",\"articleSection\":[\"Not\u00edcias\",\"Not\u00edcias filiados\"],\"inLanguage\":\"pt-BR\",\"potentialAction\":[{\"@type\":\"CommentAction\",\"name\":\"Comment\",\"target\":[\"https:\/\/www.federassantas.org.br\/novosite\/hospital-dilson-godinho-e-parceiro-na-realizacao-do-i-mutirao-de-combate-ao-cancer-de-cabeca-e-pescoco\/#respond\"]}]},{\"@type\":\"WebPage\",\"@id\":\"https:\/\/www.federassantas.org.br\/novosite\/hospital-dilson-godinho-e-parceiro-na-realizacao-do-i-mutirao-de-combate-ao-cancer-de-cabeca-e-pescoco\/\",\"url\":\"https:\/\/www.federassantas.org.br\/novosite\/hospital-dilson-godinho-e-parceiro-na-realizacao-do-i-mutirao-de-combate-ao-cancer-de-cabeca-e-pescoco\/\",\"name\":\"Hospital Dilson Godinho \u00e9 parceiro na realiza\u00e7\u00e3o do I Mutir\u00e3o de Combate ao C\u00e2ncer de Cabe\u00e7a e Pesco\u00e7o - Federassantas\",\"isPartOf\":{\"@id\":\"https:\/\/www.federassantas.org.br\/novosite\/#website\"},\"primaryImageOfPage\":{\"@id\":\"https:\/\/www.federassantas.org.br\/novosite\/hospital-dilson-godinho-e-parceiro-na-realizacao-do-i-mutirao-de-combate-ao-cancer-de-cabeca-e-pescoco\/#primaryimage\"},\"image\":{\"@id\":\"https:\/\/www.federassantas.org.br\/novosite\/hospital-dilson-godinho-e-parceiro-na-realizacao-do-i-mutirao-de-combate-ao-cancer-de-cabeca-e-pescoco\/#primaryimage\"},\"thumbnailUrl\":\"https:\/\/www.federassantas.org.br\/novosite\/wp-content\/uploads\/2018\/07\/Mutirao-Julho-Verde.jpg\",\"datePublished\":\"2018-07-25T19:01:09+00:00\",\"breadcrumb\":{\"@id\":\"https:\/\/www.federassantas.org.br\/novosite\/hospital-dilson-godinho-e-parceiro-na-realizacao-do-i-mutirao-de-combate-ao-cancer-de-cabeca-e-pescoco\/#breadcrumb\"},\"inLanguage\":\"pt-BR\",\"potentialAction\":[{\"@type\":\"ReadAction\",\"target\":[\"https:\/\/www.federassantas.org.br\/novosite\/hospital-dilson-godinho-e-parceiro-na-realizacao-do-i-mutirao-de-combate-ao-cancer-de-cabeca-e-pescoco\/\"]}]},{\"@type\":\"ImageObject\",\"inLanguage\":\"pt-BR\",\"@id\":\"https:\/\/www.federassantas.org.br\/novosite\/hospital-dilson-godinho-e-parceiro-na-realizacao-do-i-mutirao-de-combate-ao-cancer-de-cabeca-e-pescoco\/#primaryimage\",\"url\":\"https:\/\/www.federassantas.org.br\/novosite\/wp-content\/uploads\/2018\/07\/Mutirao-Julho-Verde.jpg\",\"contentUrl\":\"https:\/\/www.federassantas.org.br\/novosite\/wp-content\/uploads\/2018\/07\/Mutirao-Julho-Verde.jpg\",\"width\":504,\"height\":506},{\"@type\":\"BreadcrumbList\",\"@id\":\"https:\/\/www.federassantas.org.br\/novosite\/hospital-dilson-godinho-e-parceiro-na-realizacao-do-i-mutirao-de-combate-ao-cancer-de-cabeca-e-pescoco\/#breadcrumb\",\"itemListElement\":[{\"@type\":\"ListItem\",\"position\":1,\"name\":\"In\u00edcio\",\"item\":\"https:\/\/www.federassantas.org.br\/novosite\/\"},{\"@type\":\"ListItem\",\"position\":2,\"name\":\"Hospital Dilson Godinho \u00e9 parceiro na realiza\u00e7\u00e3o do I Mutir\u00e3o de Combate ao C\u00e2ncer de Cabe\u00e7a e Pesco\u00e7o\"}]},{\"@type\":\"WebSite\",\"@id\":\"https:\/\/www.federassantas.org.br\/novosite\/#website\",\"url\":\"https:\/\/www.federassantas.org.br\/novosite\/\",\"name\":\"Federassantas\",\"description\":\"Entidade de representa\u00e7\u00e3o e fortalecimento das Santas Casas, hospitais filantr\u00f3picos e entidades beneficentes de sa\u00fade de Minas Gerais, atuando na defesa institucional, qualifica\u00e7\u00e3o da gest\u00e3o e sustentabilidade do setor.\",\"publisher\":{\"@id\":\"https:\/\/www.federassantas.org.br\/novosite\/#organization\"},\"potentialAction\":[{\"@type\":\"SearchAction\",\"target\":{\"@type\":\"EntryPoint\",\"urlTemplate\":\"https:\/\/www.federassantas.org.br\/novosite\/?s={search_term_string}\"},\"query-input\":{\"@type\":\"PropertyValueSpecification\",\"valueRequired\":true,\"valueName\":\"search_term_string\"}}],\"inLanguage\":\"pt-BR\"},{\"@type\":\"Organization\",\"@id\":\"https:\/\/www.federassantas.org.br\/novosite\/#organization\",\"name\":\"Federassantas\",\"url\":\"https:\/\/www.federassantas.org.br\/novosite\/\",\"logo\":{\"@type\":\"ImageObject\",\"inLanguage\":\"pt-BR\",\"@id\":\"https:\/\/www.federassantas.org.br\/novosite\/#\/schema\/logo\/image\/\",\"url\":\"https:\/\/www.federassantas.org.br\/novosite\/wp-content\/uploads\/2021\/12\/logo.png\",\"contentUrl\":\"https:\/\/www.federassantas.org.br\/novosite\/wp-content\/uploads\/2021\/12\/logo.png\",\"width\":243,\"height\":59,\"caption\":\"Federassantas\"},\"image\":{\"@id\":\"https:\/\/www.federassantas.org.br\/novosite\/#\/schema\/logo\/image\/\"}},{\"@type\":\"Person\",\"@id\":\"https:\/\/www.federassantas.org.br\/novosite\/#\/schema\/person\/75fed98158349313fe56175f232f513c\",\"name\":\"admin-federas\",\"image\":{\"@type\":\"ImageObject\",\"inLanguage\":\"pt-BR\",\"@id\":\"https:\/\/www.federassantas.org.br\/novosite\/#\/schema\/person\/image\/\",\"url\":\"https:\/\/secure.gravatar.com\/avatar\/2a02d7dda59fe8dc6b7ffd3f652e2efede5ccf0dd89dfdc8137c5517f3de8407?s=96&d=mm&r=g\",\"contentUrl\":\"https:\/\/secure.gravatar.com\/avatar\/2a02d7dda59fe8dc6b7ffd3f652e2efede5ccf0dd89dfdc8137c5517f3de8407?s=96&d=mm&r=g\",\"caption\":\"admin-federas\"},\"sameAs\":[\"https:\/\/www.federassantas.org.br\/novosite\/\"],\"url\":\"https:\/\/www.federassantas.org.br\/novosite\/author\/admin-federas\/\"}]}<\/script>\n<!-- \/ Yoast SEO plugin. -->","yoast_head_json":{"title":"Hospital Dilson Godinho \u00e9 parceiro na realiza\u00e7\u00e3o do I Mutir\u00e3o de Combate ao C\u00e2ncer de Cabe\u00e7a e Pesco\u00e7o - Federassantas","robots":{"index":"index","follow":"follow","max-snippet":"max-snippet:-1","max-image-preview":"max-image-preview:large","max-video-preview":"max-video-preview:-1"},"canonical":"https:\/\/www.federassantas.org.br\/novosite\/hospital-dilson-godinho-e-parceiro-na-realizacao-do-i-mutirao-de-combate-ao-cancer-de-cabeca-e-pescoco\/","og_locale":"pt_BR","og_type":"article","og_title":"Hospital Dilson Godinho \u00e9 parceiro na realiza\u00e7\u00e3o do I Mutir\u00e3o de Combate ao C\u00e2ncer de Cabe\u00e7a e Pesco\u00e7o - Federassantas","og_description":"O Hospital Dilson Godinho \u00e9 parceiro na realiza\u00e7\u00e3o do I Mutir\u00e3o de Combate ao C\u00e2ncer de Cabe\u00e7a e Pesco\u00e7o, realizado dentro da campanha Julho Verde. As a\u00e7\u00f5es de sa\u00fade acontecem na Pra\u00e7a Doutor Carlos, Centro de Montes Claros, nesta sexta-feira (27), a partir das 8h. Ser\u00e3o realizados atendimentos gratuitos (entre exames e orienta\u00e7\u00f5es), sem a [&hellip;]","og_url":"https:\/\/www.federassantas.org.br\/novosite\/hospital-dilson-godinho-e-parceiro-na-realizacao-do-i-mutirao-de-combate-ao-cancer-de-cabeca-e-pescoco\/","og_site_name":"Federassantas","article_published_time":"2018-07-25T19:01:09+00:00","og_image":[{"width":504,"height":506,"url":"https:\/\/www.federassantas.org.br\/novosite\/wp-content\/uploads\/2018\/07\/Mutirao-Julho-Verde.jpg","type":"image\/jpeg"}],"author":"admin-federas","twitter_card":"summary_large_image","twitter_misc":{"Escrito por":"admin-federas","Est. tempo de leitura":"2 minutos"},"schema":{"@context":"https:\/\/schema.org","@graph":[{"@type":"Article","@id":"https:\/\/www.federassantas.org.br\/novosite\/hospital-dilson-godinho-e-parceiro-na-realizacao-do-i-mutirao-de-combate-ao-cancer-de-cabeca-e-pescoco\/#article","isPartOf":{"@id":"https:\/\/www.federassantas.org.br\/novosite\/hospital-dilson-godinho-e-parceiro-na-realizacao-do-i-mutirao-de-combate-ao-cancer-de-cabeca-e-pescoco\/"},"author":{"name":"admin-federas","@id":"https:\/\/www.federassantas.org.br\/novosite\/#\/schema\/person\/75fed98158349313fe56175f232f513c"},"headline":"Hospital Dilson Godinho \u00e9 parceiro na realiza\u00e7\u00e3o do I Mutir\u00e3o de Combate ao C\u00e2ncer de Cabe\u00e7a e Pesco\u00e7o","datePublished":"2018-07-25T19:01:09+00:00","mainEntityOfPage":{"@id":"https:\/\/www.federassantas.org.br\/novosite\/hospital-dilson-godinho-e-parceiro-na-realizacao-do-i-mutirao-de-combate-ao-cancer-de-cabeca-e-pescoco\/"},"wordCount":456,"commentCount":0,"publisher":{"@id":"https:\/\/www.federassantas.org.br\/novosite\/#organization"},"image":{"@id":"https:\/\/www.federassantas.org.br\/novosite\/hospital-dilson-godinho-e-parceiro-na-realizacao-do-i-mutirao-de-combate-ao-cancer-de-cabeca-e-pescoco\/#primaryimage"},"thumbnailUrl":"https:\/\/www.federassantas.org.br\/novosite\/wp-content\/uploads\/2018\/07\/Mutirao-Julho-Verde.jpg","articleSection":["Not\u00edcias","Not\u00edcias filiados"],"inLanguage":"pt-BR","potentialAction":[{"@type":"CommentAction","name":"Comment","target":["https:\/\/www.federassantas.org.br\/novosite\/hospital-dilson-godinho-e-parceiro-na-realizacao-do-i-mutirao-de-combate-ao-cancer-de-cabeca-e-pescoco\/#respond"]}]},{"@type":"WebPage","@id":"https:\/\/www.federassantas.org.br\/novosite\/hospital-dilson-godinho-e-parceiro-na-realizacao-do-i-mutirao-de-combate-ao-cancer-de-cabeca-e-pescoco\/","url":"https:\/\/www.federassantas.org.br\/novosite\/hospital-dilson-godinho-e-parceiro-na-realizacao-do-i-mutirao-de-combate-ao-cancer-de-cabeca-e-pescoco\/","name":"Hospital Dilson Godinho \u00e9 parceiro na realiza\u00e7\u00e3o do I Mutir\u00e3o de Combate ao C\u00e2ncer de Cabe\u00e7a e Pesco\u00e7o - Federassantas","isPartOf":{"@id":"https:\/\/www.federassantas.org.br\/novosite\/#website"},"primaryImageOfPage":{"@id":"https:\/\/www.federassantas.org.br\/novosite\/hospital-dilson-godinho-e-parceiro-na-realizacao-do-i-mutirao-de-combate-ao-cancer-de-cabeca-e-pescoco\/#primaryimage"},"image":{"@id":"https:\/\/www.federassantas.org.br\/novosite\/hospital-dilson-godinho-e-parceiro-na-realizacao-do-i-mutirao-de-combate-ao-cancer-de-cabeca-e-pescoco\/#primaryimage"},"thumbnailUrl":"https:\/\/www.federassantas.org.br\/novosite\/wp-content\/uploads\/2018\/07\/Mutirao-Julho-Verde.jpg","datePublished":"2018-07-25T19:01:09+00:00","breadcrumb":{"@id":"https:\/\/www.federassantas.org.br\/novosite\/hospital-dilson-godinho-e-parceiro-na-realizacao-do-i-mutirao-de-combate-ao-cancer-de-cabeca-e-pescoco\/#breadcrumb"},"inLanguage":"pt-BR","potentialAction":[{"@type":"ReadAction","target":["https:\/\/www.federassantas.org.br\/novosite\/hospital-dilson-godinho-e-parceiro-na-realizacao-do-i-mutirao-de-combate-ao-cancer-de-cabeca-e-pescoco\/"]}]},{"@type":"ImageObject","inLanguage":"pt-BR","@id":"https:\/\/www.federassantas.org.br\/novosite\/hospital-dilson-godinho-e-parceiro-na-realizacao-do-i-mutirao-de-combate-ao-cancer-de-cabeca-e-pescoco\/#primaryimage","url":"https:\/\/www.federassantas.org.br\/novosite\/wp-content\/uploads\/2018\/07\/Mutirao-Julho-Verde.jpg","contentUrl":"https:\/\/www.federassantas.org.br\/novosite\/wp-content\/uploads\/2018\/07\/Mutirao-Julho-Verde.jpg","width":504,"height":506},{"@type":"BreadcrumbList","@id":"https:\/\/www.federassantas.org.br\/novosite\/hospital-dilson-godinho-e-parceiro-na-realizacao-do-i-mutirao-de-combate-ao-cancer-de-cabeca-e-pescoco\/#breadcrumb","itemListElement":[{"@type":"ListItem","position":1,"name":"In\u00edcio","item":"https:\/\/www.federassantas.org.br\/novosite\/"},{"@type":"ListItem","position":2,"name":"Hospital Dilson Godinho \u00e9 parceiro na realiza\u00e7\u00e3o do I Mutir\u00e3o de Combate ao C\u00e2ncer de Cabe\u00e7a e Pesco\u00e7o"}]},{"@type":"WebSite","@id":"https:\/\/www.federassantas.org.br\/novosite\/#website","url":"https:\/\/www.federassantas.org.br\/novosite\/","name":"Federassantas","description":"Entidade de representa\u00e7\u00e3o e fortalecimento das Santas Casas, hospitais filantr\u00f3picos e entidades beneficentes de sa\u00fade de Minas Gerais, atuando na defesa institucional, qualifica\u00e7\u00e3o da gest\u00e3o e sustentabilidade do setor.","publisher":{"@id":"https:\/\/www.federassantas.org.br\/novosite\/#organization"},"potentialAction":[{"@type":"SearchAction","target":{"@type":"EntryPoint","urlTemplate":"https:\/\/www.federassantas.org.br\/novosite\/?s={search_term_string}"},"query-input":{"@type":"PropertyValueSpecification","valueRequired":true,"valueName":"search_term_string"}}],"inLanguage":"pt-BR"},{"@type":"Organization","@id":"https:\/\/www.federassantas.org.br\/novosite\/#organization","name":"Federassantas","url":"https:\/\/www.federassantas.org.br\/novosite\/","logo":{"@type":"ImageObject","inLanguage":"pt-BR","@id":"https:\/\/www.federassantas.org.br\/novosite\/#\/schema\/logo\/image\/","url":"https:\/\/www.federassantas.org.br\/novosite\/wp-content\/uploads\/2021\/12\/logo.png","contentUrl":"https:\/\/www.federassantas.org.br\/novosite\/wp-content\/uploads\/2021\/12\/logo.png","width":243,"height":59,"caption":"Federassantas"},"image":{"@id":"https:\/\/www.federassantas.org.br\/novosite\/#\/schema\/logo\/image\/"}},{"@type":"Person","@id":"https:\/\/www.federassantas.org.br\/novosite\/#\/schema\/person\/75fed98158349313fe56175f232f513c","name":"admin-federas","image":{"@type":"ImageObject","inLanguage":"pt-BR","@id":"https:\/\/www.federassantas.org.br\/novosite\/#\/schema\/person\/image\/","url":"https:\/\/secure.gravatar.com\/avatar\/2a02d7dda59fe8dc6b7ffd3f652e2efede5ccf0dd89dfdc8137c5517f3de8407?s=96&d=mm&r=g","contentUrl":"https:\/\/secure.gravatar.com\/avatar\/2a02d7dda59fe8dc6b7ffd3f652e2efede5ccf0dd89dfdc8137c5517f3de8407?s=96&d=mm&r=g","caption":"admin-federas"},"sameAs":["https:\/\/www.federassantas.org.br\/novosite\/"],"url":"https:\/\/www.federassantas.org.br\/novosite\/author\/admin-federas\/"}]}},"_links":{"self":[{"href":"https:\/\/www.federassantas.org.br\/novosite\/wp-json\/wp\/v2\/posts\/13428","targetHints":{"allow":["GET"]}}],"collection":[{"href":"https:\/\/www.federassantas.org.br\/novosite\/wp-json\/wp\/v2\/posts"}],"about":[{"href":"https:\/\/www.federassantas.org.br\/novosite\/wp-json\/wp\/v2\/types\/post"}],"author":[{"embeddable":true,"href":"https:\/\/www.federassantas.org.br\/novosite\/wp-json\/wp\/v2\/users\/1"}],"replies":[{"embeddable":true,"href":"https:\/\/www.federassantas.org.br\/novosite\/wp-json\/wp\/v2\/comments?post=13428"}],"version-history":[{"count":0,"href":"https:\/\/www.federassantas.org.br\/novosite\/wp-json\/wp\/v2\/posts\/13428\/revisions"}],"wp:featuredmedia":[{"embeddable":true,"href":"https:\/\/www.federassantas.org.br\/novosite\/wp-json\/wp\/v2\/media\/13429"}],"wp:attachment":[{"href":"https:\/\/www.federassantas.org.br\/novosite\/wp-json\/wp\/v2\/media?parent=13428"}],"wp:term":[{"taxonomy":"category","embeddable":true,"href":"https:\/\/www.federassantas.org.br\/novosite\/wp-json\/wp\/v2\/categories?post=13428"},{"taxonomy":"post_tag","embeddable":true,"href":"https:\/\/www.federassantas.org.br\/novosite\/wp-json\/wp\/v2\/tags?post=13428"}],"curies":[{"name":"wp","href":"https:\/\/api.w.org\/{rel}","templated":true}]}}