{"id":13453,"date":"2018-07-25T17:33:34","date_gmt":"2018-07-25T20:33:34","guid":{"rendered":"https:\/\/federasbackup.meltcomunicacao.com.br\/?p=13453"},"modified":"2018-07-25T17:33:34","modified_gmt":"2018-07-25T20:33:34","slug":"recomendacao-publica","status":"publish","type":"post","link":"https:\/\/www.federassantas.org.br\/novosite\/recomendacao-publica\/","title":{"rendered":"CARTA DE RECOMENDA\u00c7\u00c3O P\u00daBLICA"},"content":{"rendered":"<p style=\"text-align: justify;\">A Federassantas &#8211; Federa\u00e7\u00e3o das Santas Casas e Hospitais Filantr\u00f3picos &#8211; vem atrav\u00e9s da seguinte carta de recomenda\u00e7\u00e3o p\u00fablica, endere\u00e7ada aos hospitais filantr\u00f3picos e autoridades p\u00fablicas que tenham<br \/>\natua\u00e7\u00e3o direta ou indireta na&nbsp;sa\u00fade p\u00fablica, alertar sobre as consequ\u00eancias&nbsp;do grave cen\u00e1rio de n\u00e3o pagamento do&nbsp;Governo do Estado aos programas e servi\u00e7os prestados pelas institui\u00e7\u00f5es beneficentes.<\/p>\n<p style=\"text-align: justify;\">Destaca-se ainda os impactos e danos causados aos cidad\u00e3os usu\u00e1rios do SUS, em raz\u00e3o do desfinanciamento do setor sa\u00fade em Minas Gerais,&nbsp;que j\u00e1 ultrapassa a cifra de R$ 5 bilh\u00f5es.<\/p>\n<p>Dispon\u00edvel no anexo abaixo:<br \/>\n<a href=\"http:\/\/federasbackup.meltcomunicacao.com.br\/wp-content\/uploads\/2018\/07\/Federassantas-RECOMENDA\u00c7\u00c3O-P\u00daBLICA-CALAMIDADE-FINANCEIRA-MG-SA\u00daDE.pdf\">Federassantas &#8211; RECOMENDA\u00c7\u00c3O P\u00daBLICA &#8211; CALAMIDADE FINANCEIRA MG &#8211; SA\u00daDE<\/a><\/p>\n<p>&nbsp;<\/p>\n<p>&nbsp;<\/p>\n","protected":false},"excerpt":{"rendered":"<p>A Federassantas &#8211; Federa\u00e7\u00e3o das Santas Casas e Hospitais Filantr\u00f3picos &#8211; vem atrav\u00e9s da seguinte carta de recomenda\u00e7\u00e3o p\u00fablica, endere\u00e7ada aos hospitais filantr\u00f3picos e autoridades p\u00fablicas que tenham atua\u00e7\u00e3o direta ou indireta na&nbsp;sa\u00fade p\u00fablica, alertar sobre as consequ\u00eancias&nbsp;do grave cen\u00e1rio de n\u00e3o pagamento do&nbsp;Governo do Estado aos programas e servi\u00e7os prestados pelas institui\u00e7\u00f5es beneficentes. Destaca-se [&hellip;]<\/p>\n","protected":false},"author":1,"featured_media":12948,"comment_status":"open","ping_status":"open","sticky":false,"template":"","format":"standard","meta":{"footnotes":""},"categories":[140,141],"tags":[],"class_list":["post-13453","post","type-post","status-publish","format-standard","has-post-thumbnail","hentry","category-noticias","category-noticias-federassantas"],"yoast_head":"<!-- This site is optimized with the Yoast SEO plugin v26.9 - https:\/\/yoast.com\/product\/yoast-seo-wordpress\/ -->\n<title>CARTA DE RECOMENDA\u00c7\u00c3O P\u00daBLICA - Federassantas<\/title>\n<meta name=\"robots\" content=\"index, follow, max-snippet:-1, max-image-preview:large, max-video-preview:-1\" \/>\n<link rel=\"canonical\" href=\"https:\/\/www.federassantas.org.br\/novosite\/recomendacao-publica\/\" \/>\n<meta property=\"og:locale\" content=\"pt_BR\" \/>\n<meta property=\"og:type\" content=\"article\" \/>\n<meta property=\"og:title\" content=\"CARTA DE RECOMENDA\u00c7\u00c3O P\u00daBLICA - Federassantas\" \/>\n<meta property=\"og:description\" content=\"A Federassantas &#8211; Federa\u00e7\u00e3o das Santas Casas e Hospitais Filantr\u00f3picos &#8211; vem atrav\u00e9s da seguinte carta de recomenda\u00e7\u00e3o p\u00fablica, endere\u00e7ada aos hospitais filantr\u00f3picos e autoridades p\u00fablicas que tenham atua\u00e7\u00e3o direta ou indireta na&nbsp;sa\u00fade p\u00fablica, alertar sobre as consequ\u00eancias&nbsp;do grave cen\u00e1rio de n\u00e3o pagamento do&nbsp;Governo do Estado aos programas e servi\u00e7os prestados pelas institui\u00e7\u00f5es beneficentes. Destaca-se [&hellip;]\" \/>\n<meta property=\"og:url\" content=\"https:\/\/www.federassantas.org.br\/novosite\/recomendacao-publica\/\" \/>\n<meta property=\"og:site_name\" content=\"Federassantas\" \/>\n<meta property=\"article:published_time\" content=\"2018-07-25T20:33:34+00:00\" \/>\n<meta name=\"author\" content=\"admin-federas\" \/>\n<meta name=\"twitter:card\" content=\"summary_large_image\" \/>\n<meta name=\"twitter:label1\" content=\"Escrito por\" \/>\n\t<meta name=\"twitter:data1\" content=\"admin-federas\" \/>\n\t<meta name=\"twitter:label2\" content=\"Est. tempo de leitura\" \/>\n\t<meta name=\"twitter:data2\" content=\"1 minuto\" \/>\n<script type=\"application\/ld+json\" class=\"yoast-schema-graph\">{\"@context\":\"https:\/\/schema.org\",\"@graph\":[{\"@type\":\"Article\",\"@id\":\"https:\/\/www.federassantas.org.br\/novosite\/recomendacao-publica\/#article\",\"isPartOf\":{\"@id\":\"https:\/\/www.federassantas.org.br\/novosite\/recomendacao-publica\/\"},\"author\":{\"name\":\"admin-federas\",\"@id\":\"https:\/\/www.federassantas.org.br\/novosite\/#\/schema\/person\/75fed98158349313fe56175f232f513c\"},\"headline\":\"CARTA DE RECOMENDA\u00c7\u00c3O P\u00daBLICA\",\"datePublished\":\"2018-07-25T20:33:34+00:00\",\"mainEntityOfPage\":{\"@id\":\"https:\/\/www.federassantas.org.br\/novosite\/recomendacao-publica\/\"},\"wordCount\":138,\"commentCount\":0,\"publisher\":{\"@id\":\"https:\/\/www.federassantas.org.br\/novosite\/#organization\"},\"image\":{\"@id\":\"https:\/\/www.federassantas.org.br\/novosite\/recomendacao-publica\/#primaryimage\"},\"thumbnailUrl\":\"\",\"articleSection\":[\"Not\u00edcias\",\"Not\u00edcias Federassantas\"],\"inLanguage\":\"pt-BR\",\"potentialAction\":[{\"@type\":\"CommentAction\",\"name\":\"Comment\",\"target\":[\"https:\/\/www.federassantas.org.br\/novosite\/recomendacao-publica\/#respond\"]}]},{\"@type\":\"WebPage\",\"@id\":\"https:\/\/www.federassantas.org.br\/novosite\/recomendacao-publica\/\",\"url\":\"https:\/\/www.federassantas.org.br\/novosite\/recomendacao-publica\/\",\"name\":\"CARTA DE RECOMENDA\u00c7\u00c3O P\u00daBLICA - Federassantas\",\"isPartOf\":{\"@id\":\"https:\/\/www.federassantas.org.br\/novosite\/#website\"},\"primaryImageOfPage\":{\"@id\":\"https:\/\/www.federassantas.org.br\/novosite\/recomendacao-publica\/#primaryimage\"},\"image\":{\"@id\":\"https:\/\/www.federassantas.org.br\/novosite\/recomendacao-publica\/#primaryimage\"},\"thumbnailUrl\":\"\",\"datePublished\":\"2018-07-25T20:33:34+00:00\",\"breadcrumb\":{\"@id\":\"https:\/\/www.federassantas.org.br\/novosite\/recomendacao-publica\/#breadcrumb\"},\"inLanguage\":\"pt-BR\",\"potentialAction\":[{\"@type\":\"ReadAction\",\"target\":[\"https:\/\/www.federassantas.org.br\/novosite\/recomendacao-publica\/\"]}]},{\"@type\":\"ImageObject\",\"inLanguage\":\"pt-BR\",\"@id\":\"https:\/\/www.federassantas.org.br\/novosite\/recomendacao-publica\/#primaryimage\",\"url\":\"\",\"contentUrl\":\"\"},{\"@type\":\"BreadcrumbList\",\"@id\":\"https:\/\/www.federassantas.org.br\/novosite\/recomendacao-publica\/#breadcrumb\",\"itemListElement\":[{\"@type\":\"ListItem\",\"position\":1,\"name\":\"In\u00edcio\",\"item\":\"https:\/\/www.federassantas.org.br\/novosite\/\"},{\"@type\":\"ListItem\",\"position\":2,\"name\":\"CARTA DE RECOMENDA\u00c7\u00c3O P\u00daBLICA\"}]},{\"@type\":\"WebSite\",\"@id\":\"https:\/\/www.federassantas.org.br\/novosite\/#website\",\"url\":\"https:\/\/www.federassantas.org.br\/novosite\/\",\"name\":\"Federassantas\",\"description\":\"Entidade de representa\u00e7\u00e3o e fortalecimento das Santas Casas, hospitais filantr\u00f3picos e entidades beneficentes de sa\u00fade de Minas Gerais, atuando na defesa institucional, qualifica\u00e7\u00e3o da gest\u00e3o e sustentabilidade do setor.\",\"publisher\":{\"@id\":\"https:\/\/www.federassantas.org.br\/novosite\/#organization\"},\"potentialAction\":[{\"@type\":\"SearchAction\",\"target\":{\"@type\":\"EntryPoint\",\"urlTemplate\":\"https:\/\/www.federassantas.org.br\/novosite\/?s={search_term_string}\"},\"query-input\":{\"@type\":\"PropertyValueSpecification\",\"valueRequired\":true,\"valueName\":\"search_term_string\"}}],\"inLanguage\":\"pt-BR\"},{\"@type\":\"Organization\",\"@id\":\"https:\/\/www.federassantas.org.br\/novosite\/#organization\",\"name\":\"Federassantas\",\"url\":\"https:\/\/www.federassantas.org.br\/novosite\/\",\"logo\":{\"@type\":\"ImageObject\",\"inLanguage\":\"pt-BR\",\"@id\":\"https:\/\/www.federassantas.org.br\/novosite\/#\/schema\/logo\/image\/\",\"url\":\"https:\/\/www.federassantas.org.br\/novosite\/wp-content\/uploads\/2021\/12\/logo.png\",\"contentUrl\":\"https:\/\/www.federassantas.org.br\/novosite\/wp-content\/uploads\/2021\/12\/logo.png\",\"width\":243,\"height\":59,\"caption\":\"Federassantas\"},\"image\":{\"@id\":\"https:\/\/www.federassantas.org.br\/novosite\/#\/schema\/logo\/image\/\"}},{\"@type\":\"Person\",\"@id\":\"https:\/\/www.federassantas.org.br\/novosite\/#\/schema\/person\/75fed98158349313fe56175f232f513c\",\"name\":\"admin-federas\",\"image\":{\"@type\":\"ImageObject\",\"inLanguage\":\"pt-BR\",\"@id\":\"https:\/\/www.federassantas.org.br\/novosite\/#\/schema\/person\/image\/\",\"url\":\"https:\/\/secure.gravatar.com\/avatar\/2a02d7dda59fe8dc6b7ffd3f652e2efede5ccf0dd89dfdc8137c5517f3de8407?s=96&d=mm&r=g\",\"contentUrl\":\"https:\/\/secure.gravatar.com\/avatar\/2a02d7dda59fe8dc6b7ffd3f652e2efede5ccf0dd89dfdc8137c5517f3de8407?s=96&d=mm&r=g\",\"caption\":\"admin-federas\"},\"sameAs\":[\"https:\/\/www.federassantas.org.br\/novosite\/\"],\"url\":\"https:\/\/www.federassantas.org.br\/novosite\/author\/admin-federas\/\"}]}<\/script>\n<!-- \/ Yoast SEO plugin. -->","yoast_head_json":{"title":"CARTA DE RECOMENDA\u00c7\u00c3O P\u00daBLICA - Federassantas","robots":{"index":"index","follow":"follow","max-snippet":"max-snippet:-1","max-image-preview":"max-image-preview:large","max-video-preview":"max-video-preview:-1"},"canonical":"https:\/\/www.federassantas.org.br\/novosite\/recomendacao-publica\/","og_locale":"pt_BR","og_type":"article","og_title":"CARTA DE RECOMENDA\u00c7\u00c3O P\u00daBLICA - Federassantas","og_description":"A Federassantas &#8211; Federa\u00e7\u00e3o das Santas Casas e Hospitais Filantr\u00f3picos &#8211; vem atrav\u00e9s da seguinte carta de recomenda\u00e7\u00e3o p\u00fablica, endere\u00e7ada aos hospitais filantr\u00f3picos e autoridades p\u00fablicas que tenham atua\u00e7\u00e3o direta ou indireta na&nbsp;sa\u00fade p\u00fablica, alertar sobre as consequ\u00eancias&nbsp;do grave cen\u00e1rio de n\u00e3o pagamento do&nbsp;Governo do Estado aos programas e servi\u00e7os prestados pelas institui\u00e7\u00f5es beneficentes. Destaca-se [&hellip;]","og_url":"https:\/\/www.federassantas.org.br\/novosite\/recomendacao-publica\/","og_site_name":"Federassantas","article_published_time":"2018-07-25T20:33:34+00:00","author":"admin-federas","twitter_card":"summary_large_image","twitter_misc":{"Escrito por":"admin-federas","Est. tempo de leitura":"1 minuto"},"schema":{"@context":"https:\/\/schema.org","@graph":[{"@type":"Article","@id":"https:\/\/www.federassantas.org.br\/novosite\/recomendacao-publica\/#article","isPartOf":{"@id":"https:\/\/www.federassantas.org.br\/novosite\/recomendacao-publica\/"},"author":{"name":"admin-federas","@id":"https:\/\/www.federassantas.org.br\/novosite\/#\/schema\/person\/75fed98158349313fe56175f232f513c"},"headline":"CARTA DE RECOMENDA\u00c7\u00c3O P\u00daBLICA","datePublished":"2018-07-25T20:33:34+00:00","mainEntityOfPage":{"@id":"https:\/\/www.federassantas.org.br\/novosite\/recomendacao-publica\/"},"wordCount":138,"commentCount":0,"publisher":{"@id":"https:\/\/www.federassantas.org.br\/novosite\/#organization"},"image":{"@id":"https:\/\/www.federassantas.org.br\/novosite\/recomendacao-publica\/#primaryimage"},"thumbnailUrl":"","articleSection":["Not\u00edcias","Not\u00edcias Federassantas"],"inLanguage":"pt-BR","potentialAction":[{"@type":"CommentAction","name":"Comment","target":["https:\/\/www.federassantas.org.br\/novosite\/recomendacao-publica\/#respond"]}]},{"@type":"WebPage","@id":"https:\/\/www.federassantas.org.br\/novosite\/recomendacao-publica\/","url":"https:\/\/www.federassantas.org.br\/novosite\/recomendacao-publica\/","name":"CARTA DE RECOMENDA\u00c7\u00c3O P\u00daBLICA - Federassantas","isPartOf":{"@id":"https:\/\/www.federassantas.org.br\/novosite\/#website"},"primaryImageOfPage":{"@id":"https:\/\/www.federassantas.org.br\/novosite\/recomendacao-publica\/#primaryimage"},"image":{"@id":"https:\/\/www.federassantas.org.br\/novosite\/recomendacao-publica\/#primaryimage"},"thumbnailUrl":"","datePublished":"2018-07-25T20:33:34+00:00","breadcrumb":{"@id":"https:\/\/www.federassantas.org.br\/novosite\/recomendacao-publica\/#breadcrumb"},"inLanguage":"pt-BR","potentialAction":[{"@type":"ReadAction","target":["https:\/\/www.federassantas.org.br\/novosite\/recomendacao-publica\/"]}]},{"@type":"ImageObject","inLanguage":"pt-BR","@id":"https:\/\/www.federassantas.org.br\/novosite\/recomendacao-publica\/#primaryimage","url":"","contentUrl":""},{"@type":"BreadcrumbList","@id":"https:\/\/www.federassantas.org.br\/novosite\/recomendacao-publica\/#breadcrumb","itemListElement":[{"@type":"ListItem","position":1,"name":"In\u00edcio","item":"https:\/\/www.federassantas.org.br\/novosite\/"},{"@type":"ListItem","position":2,"name":"CARTA DE RECOMENDA\u00c7\u00c3O P\u00daBLICA"}]},{"@type":"WebSite","@id":"https:\/\/www.federassantas.org.br\/novosite\/#website","url":"https:\/\/www.federassantas.org.br\/novosite\/","name":"Federassantas","description":"Entidade de representa\u00e7\u00e3o e fortalecimento das Santas Casas, hospitais filantr\u00f3picos e entidades beneficentes de sa\u00fade de Minas Gerais, atuando na defesa institucional, qualifica\u00e7\u00e3o da gest\u00e3o e sustentabilidade do setor.","publisher":{"@id":"https:\/\/www.federassantas.org.br\/novosite\/#organization"},"potentialAction":[{"@type":"SearchAction","target":{"@type":"EntryPoint","urlTemplate":"https:\/\/www.federassantas.org.br\/novosite\/?s={search_term_string}"},"query-input":{"@type":"PropertyValueSpecification","valueRequired":true,"valueName":"search_term_string"}}],"inLanguage":"pt-BR"},{"@type":"Organization","@id":"https:\/\/www.federassantas.org.br\/novosite\/#organization","name":"Federassantas","url":"https:\/\/www.federassantas.org.br\/novosite\/","logo":{"@type":"ImageObject","inLanguage":"pt-BR","@id":"https:\/\/www.federassantas.org.br\/novosite\/#\/schema\/logo\/image\/","url":"https:\/\/www.federassantas.org.br\/novosite\/wp-content\/uploads\/2021\/12\/logo.png","contentUrl":"https:\/\/www.federassantas.org.br\/novosite\/wp-content\/uploads\/2021\/12\/logo.png","width":243,"height":59,"caption":"Federassantas"},"image":{"@id":"https:\/\/www.federassantas.org.br\/novosite\/#\/schema\/logo\/image\/"}},{"@type":"Person","@id":"https:\/\/www.federassantas.org.br\/novosite\/#\/schema\/person\/75fed98158349313fe56175f232f513c","name":"admin-federas","image":{"@type":"ImageObject","inLanguage":"pt-BR","@id":"https:\/\/www.federassantas.org.br\/novosite\/#\/schema\/person\/image\/","url":"https:\/\/secure.gravatar.com\/avatar\/2a02d7dda59fe8dc6b7ffd3f652e2efede5ccf0dd89dfdc8137c5517f3de8407?s=96&d=mm&r=g","contentUrl":"https:\/\/secure.gravatar.com\/avatar\/2a02d7dda59fe8dc6b7ffd3f652e2efede5ccf0dd89dfdc8137c5517f3de8407?s=96&d=mm&r=g","caption":"admin-federas"},"sameAs":["https:\/\/www.federassantas.org.br\/novosite\/"],"url":"https:\/\/www.federassantas.org.br\/novosite\/author\/admin-federas\/"}]}},"_links":{"self":[{"href":"https:\/\/www.federassantas.org.br\/novosite\/wp-json\/wp\/v2\/posts\/13453","targetHints":{"allow":["GET"]}}],"collection":[{"href":"https:\/\/www.federassantas.org.br\/novosite\/wp-json\/wp\/v2\/posts"}],"about":[{"href":"https:\/\/www.federassantas.org.br\/novosite\/wp-json\/wp\/v2\/types\/post"}],"author":[{"embeddable":true,"href":"https:\/\/www.federassantas.org.br\/novosite\/wp-json\/wp\/v2\/users\/1"}],"replies":[{"embeddable":true,"href":"https:\/\/www.federassantas.org.br\/novosite\/wp-json\/wp\/v2\/comments?post=13453"}],"version-history":[{"count":0,"href":"https:\/\/www.federassantas.org.br\/novosite\/wp-json\/wp\/v2\/posts\/13453\/revisions"}],"wp:attachment":[{"href":"https:\/\/www.federassantas.org.br\/novosite\/wp-json\/wp\/v2\/media?parent=13453"}],"wp:term":[{"taxonomy":"category","embeddable":true,"href":"https:\/\/www.federassantas.org.br\/novosite\/wp-json\/wp\/v2\/categories?post=13453"},{"taxonomy":"post_tag","embeddable":true,"href":"https:\/\/www.federassantas.org.br\/novosite\/wp-json\/wp\/v2\/tags?post=13453"}],"curies":[{"name":"wp","href":"https:\/\/api.w.org\/{rel}","templated":true}]}}