{"id":13463,"date":"2018-07-26T14:51:35","date_gmt":"2018-07-26T17:51:35","guid":{"rendered":"https:\/\/federasbackup.meltcomunicacao.com.br\/?p=13463"},"modified":"2018-07-26T14:51:35","modified_gmt":"2018-07-26T17:51:35","slug":"gestores-debatem-o-futuro-da-saude-no-pais","status":"publish","type":"post","link":"https:\/\/www.federassantas.org.br\/novosite\/gestores-debatem-o-futuro-da-saude-no-pais\/","title":{"rendered":"Gestores debatem o futuro da sa\u00fade no pa\u00eds"},"content":{"rendered":"<p style=\"text-align: justify;\">Cerca de quatro mil gestores da \u00e1rea da sa\u00fade se re\u00fanem entre os dias 25 e 27 de julho, em Bel\u00e9m (PA) para debater \u201c A sa\u00fade que queremos para o Brasil \u2013 o direito \u00e0 Sa\u00fade, organiza\u00e7\u00e3o do Sistema e o Financiamento da Pol\u00edtica de Sa\u00fade\u201d. \u00a0A ideia \u00e9 trocar experi\u00eancias e boas pr\u00e1ticas que tenham gerado impacto na gest\u00e3o e no fortalecimento do Sistema \u00danico de Sa\u00fade (SUS) e que podem ser replicadas. O XXXIV Congresso Nacional de Secretarias Municipais de Sa\u00fade e o 6\u00ba Congresso Norte e Nordeste de Secretarias Municipais de Sa\u00fade marcam a comemora\u00e7\u00e3o dos 30 anos do CONASEMS (Conselho Nacional de Secret\u00e1rios Municipais de Sa\u00fade). Durante a abertura do evento, na \u00faltima quarta-feira (25), o ministro da Sa\u00fade, Gilberto Occhi, destacou a import\u00e2ncia do papel do conselho no fortalecimento do SUS. Al\u00e9m disso, enumerou avan\u00e7amos conquistados nas \u00faltimas tr\u00eas d\u00e9cadas e o futuro da sa\u00fade, destacando que \u00e9 preciso o compromisso de todos para garantir atendimento acess\u00edvel, eficiente e humanizado e o bem-estar dos brasileiros.<\/p>\n<p style=\"text-align: justify;\">Saiba mais em:\u00a0<a href=\"http:\/\/portalms.saude.gov.br\/noticias\/agencia-saude\/43888-quatro-mil-gestores-se-reunem-para-debater-o-futuro-da-saude-no-pais\">http:\/\/portalms.saude.gov.br\/noticias\/agencia-saude\/43888-quatro-mil-gestores-se-reunem-para-debater-o-futuro-da-saude-no-pais<\/a><\/p>\n<p style=\"text-align: justify;\"><em>Fonte: Minist\u00e9rio da Sa\u00fade<\/em><\/p>\n","protected":false},"excerpt":{"rendered":"<p>Cerca de quatro mil gestores da \u00e1rea da sa\u00fade se re\u00fanem entre os dias 25 e 27 de julho, em Bel\u00e9m (PA) para debater \u201c A sa\u00fade que queremos para o Brasil \u2013 o direito \u00e0 Sa\u00fade, organiza\u00e7\u00e3o do Sistema e o Financiamento da Pol\u00edtica de Sa\u00fade\u201d. \u00a0A ideia \u00e9 trocar experi\u00eancias e boas pr\u00e1ticas [&hellip;]<\/p>\n","protected":false},"author":1,"featured_media":13464,"comment_status":"open","ping_status":"open","sticky":false,"template":"","format":"standard","meta":{"footnotes":""},"categories":[140],"tags":[],"class_list":["post-13463","post","type-post","status-publish","format-standard","has-post-thumbnail","hentry","category-noticias"],"yoast_head":"<!-- This site is optimized with the Yoast SEO plugin v26.9 - https:\/\/yoast.com\/product\/yoast-seo-wordpress\/ -->\n<title>Gestores debatem o futuro da sa\u00fade no pa\u00eds - Federassantas<\/title>\n<meta name=\"robots\" content=\"index, follow, max-snippet:-1, max-image-preview:large, max-video-preview:-1\" \/>\n<link rel=\"canonical\" href=\"https:\/\/www.federassantas.org.br\/novosite\/gestores-debatem-o-futuro-da-saude-no-pais\/\" \/>\n<meta property=\"og:locale\" content=\"pt_BR\" \/>\n<meta property=\"og:type\" content=\"article\" \/>\n<meta property=\"og:title\" content=\"Gestores debatem o futuro da sa\u00fade no pa\u00eds - Federassantas\" \/>\n<meta property=\"og:description\" content=\"Cerca de quatro mil gestores da \u00e1rea da sa\u00fade se re\u00fanem entre os dias 25 e 27 de julho, em Bel\u00e9m (PA) para debater \u201c A sa\u00fade que queremos para o Brasil \u2013 o direito \u00e0 Sa\u00fade, organiza\u00e7\u00e3o do Sistema e o Financiamento da Pol\u00edtica de Sa\u00fade\u201d. \u00a0A ideia \u00e9 trocar experi\u00eancias e boas pr\u00e1ticas [&hellip;]\" \/>\n<meta property=\"og:url\" content=\"https:\/\/www.federassantas.org.br\/novosite\/gestores-debatem-o-futuro-da-saude-no-pais\/\" \/>\n<meta property=\"og:site_name\" content=\"Federassantas\" \/>\n<meta property=\"article:published_time\" content=\"2018-07-26T17:51:35+00:00\" \/>\n<meta name=\"author\" content=\"admin-federas\" \/>\n<meta name=\"twitter:card\" content=\"summary_large_image\" \/>\n<meta name=\"twitter:label1\" content=\"Escrito por\" \/>\n\t<meta name=\"twitter:data1\" content=\"admin-federas\" \/>\n\t<meta name=\"twitter:label2\" content=\"Est. tempo de leitura\" \/>\n\t<meta name=\"twitter:data2\" content=\"1 minuto\" \/>\n<script type=\"application\/ld+json\" class=\"yoast-schema-graph\">{\"@context\":\"https:\/\/schema.org\",\"@graph\":[{\"@type\":\"Article\",\"@id\":\"https:\/\/www.federassantas.org.br\/novosite\/gestores-debatem-o-futuro-da-saude-no-pais\/#article\",\"isPartOf\":{\"@id\":\"https:\/\/www.federassantas.org.br\/novosite\/gestores-debatem-o-futuro-da-saude-no-pais\/\"},\"author\":{\"name\":\"admin-federas\",\"@id\":\"https:\/\/www.federassantas.org.br\/novosite\/#\/schema\/person\/75fed98158349313fe56175f232f513c\"},\"headline\":\"Gestores debatem o futuro da sa\u00fade no pa\u00eds\",\"datePublished\":\"2018-07-26T17:51:35+00:00\",\"mainEntityOfPage\":{\"@id\":\"https:\/\/www.federassantas.org.br\/novosite\/gestores-debatem-o-futuro-da-saude-no-pais\/\"},\"wordCount\":213,\"commentCount\":0,\"publisher\":{\"@id\":\"https:\/\/www.federassantas.org.br\/novosite\/#organization\"},\"image\":{\"@id\":\"https:\/\/www.federassantas.org.br\/novosite\/gestores-debatem-o-futuro-da-saude-no-pais\/#primaryimage\"},\"thumbnailUrl\":\"\",\"articleSection\":[\"Not\u00edcias\"],\"inLanguage\":\"pt-BR\",\"potentialAction\":[{\"@type\":\"CommentAction\",\"name\":\"Comment\",\"target\":[\"https:\/\/www.federassantas.org.br\/novosite\/gestores-debatem-o-futuro-da-saude-no-pais\/#respond\"]}]},{\"@type\":\"WebPage\",\"@id\":\"https:\/\/www.federassantas.org.br\/novosite\/gestores-debatem-o-futuro-da-saude-no-pais\/\",\"url\":\"https:\/\/www.federassantas.org.br\/novosite\/gestores-debatem-o-futuro-da-saude-no-pais\/\",\"name\":\"Gestores debatem o futuro da sa\u00fade no pa\u00eds - Federassantas\",\"isPartOf\":{\"@id\":\"https:\/\/www.federassantas.org.br\/novosite\/#website\"},\"primaryImageOfPage\":{\"@id\":\"https:\/\/www.federassantas.org.br\/novosite\/gestores-debatem-o-futuro-da-saude-no-pais\/#primaryimage\"},\"image\":{\"@id\":\"https:\/\/www.federassantas.org.br\/novosite\/gestores-debatem-o-futuro-da-saude-no-pais\/#primaryimage\"},\"thumbnailUrl\":\"\",\"datePublished\":\"2018-07-26T17:51:35+00:00\",\"breadcrumb\":{\"@id\":\"https:\/\/www.federassantas.org.br\/novosite\/gestores-debatem-o-futuro-da-saude-no-pais\/#breadcrumb\"},\"inLanguage\":\"pt-BR\",\"potentialAction\":[{\"@type\":\"ReadAction\",\"target\":[\"https:\/\/www.federassantas.org.br\/novosite\/gestores-debatem-o-futuro-da-saude-no-pais\/\"]}]},{\"@type\":\"ImageObject\",\"inLanguage\":\"pt-BR\",\"@id\":\"https:\/\/www.federassantas.org.br\/novosite\/gestores-debatem-o-futuro-da-saude-no-pais\/#primaryimage\",\"url\":\"\",\"contentUrl\":\"\"},{\"@type\":\"BreadcrumbList\",\"@id\":\"https:\/\/www.federassantas.org.br\/novosite\/gestores-debatem-o-futuro-da-saude-no-pais\/#breadcrumb\",\"itemListElement\":[{\"@type\":\"ListItem\",\"position\":1,\"name\":\"In\u00edcio\",\"item\":\"https:\/\/www.federassantas.org.br\/novosite\/\"},{\"@type\":\"ListItem\",\"position\":2,\"name\":\"Gestores debatem o futuro da sa\u00fade no pa\u00eds\"}]},{\"@type\":\"WebSite\",\"@id\":\"https:\/\/www.federassantas.org.br\/novosite\/#website\",\"url\":\"https:\/\/www.federassantas.org.br\/novosite\/\",\"name\":\"Federassantas\",\"description\":\"Entidade de representa\u00e7\u00e3o e fortalecimento das Santas Casas, hospitais filantr\u00f3picos e entidades beneficentes de sa\u00fade de Minas Gerais, atuando na defesa institucional, qualifica\u00e7\u00e3o da gest\u00e3o e sustentabilidade do setor.\",\"publisher\":{\"@id\":\"https:\/\/www.federassantas.org.br\/novosite\/#organization\"},\"potentialAction\":[{\"@type\":\"SearchAction\",\"target\":{\"@type\":\"EntryPoint\",\"urlTemplate\":\"https:\/\/www.federassantas.org.br\/novosite\/?s={search_term_string}\"},\"query-input\":{\"@type\":\"PropertyValueSpecification\",\"valueRequired\":true,\"valueName\":\"search_term_string\"}}],\"inLanguage\":\"pt-BR\"},{\"@type\":\"Organization\",\"@id\":\"https:\/\/www.federassantas.org.br\/novosite\/#organization\",\"name\":\"Federassantas\",\"url\":\"https:\/\/www.federassantas.org.br\/novosite\/\",\"logo\":{\"@type\":\"ImageObject\",\"inLanguage\":\"pt-BR\",\"@id\":\"https:\/\/www.federassantas.org.br\/novosite\/#\/schema\/logo\/image\/\",\"url\":\"https:\/\/www.federassantas.org.br\/novosite\/wp-content\/uploads\/2021\/12\/logo.png\",\"contentUrl\":\"https:\/\/www.federassantas.org.br\/novosite\/wp-content\/uploads\/2021\/12\/logo.png\",\"width\":243,\"height\":59,\"caption\":\"Federassantas\"},\"image\":{\"@id\":\"https:\/\/www.federassantas.org.br\/novosite\/#\/schema\/logo\/image\/\"}},{\"@type\":\"Person\",\"@id\":\"https:\/\/www.federassantas.org.br\/novosite\/#\/schema\/person\/75fed98158349313fe56175f232f513c\",\"name\":\"admin-federas\",\"image\":{\"@type\":\"ImageObject\",\"inLanguage\":\"pt-BR\",\"@id\":\"https:\/\/www.federassantas.org.br\/novosite\/#\/schema\/person\/image\/\",\"url\":\"https:\/\/secure.gravatar.com\/avatar\/2a02d7dda59fe8dc6b7ffd3f652e2efede5ccf0dd89dfdc8137c5517f3de8407?s=96&d=mm&r=g\",\"contentUrl\":\"https:\/\/secure.gravatar.com\/avatar\/2a02d7dda59fe8dc6b7ffd3f652e2efede5ccf0dd89dfdc8137c5517f3de8407?s=96&d=mm&r=g\",\"caption\":\"admin-federas\"},\"sameAs\":[\"https:\/\/www.federassantas.org.br\/novosite\/\"],\"url\":\"https:\/\/www.federassantas.org.br\/novosite\/author\/admin-federas\/\"}]}<\/script>\n<!-- \/ Yoast SEO plugin. -->","yoast_head_json":{"title":"Gestores debatem o futuro da sa\u00fade no pa\u00eds - Federassantas","robots":{"index":"index","follow":"follow","max-snippet":"max-snippet:-1","max-image-preview":"max-image-preview:large","max-video-preview":"max-video-preview:-1"},"canonical":"https:\/\/www.federassantas.org.br\/novosite\/gestores-debatem-o-futuro-da-saude-no-pais\/","og_locale":"pt_BR","og_type":"article","og_title":"Gestores debatem o futuro da sa\u00fade no pa\u00eds - Federassantas","og_description":"Cerca de quatro mil gestores da \u00e1rea da sa\u00fade se re\u00fanem entre os dias 25 e 27 de julho, em Bel\u00e9m (PA) para debater \u201c A sa\u00fade que queremos para o Brasil \u2013 o direito \u00e0 Sa\u00fade, organiza\u00e7\u00e3o do Sistema e o Financiamento da Pol\u00edtica de Sa\u00fade\u201d. \u00a0A ideia \u00e9 trocar experi\u00eancias e boas pr\u00e1ticas [&hellip;]","og_url":"https:\/\/www.federassantas.org.br\/novosite\/gestores-debatem-o-futuro-da-saude-no-pais\/","og_site_name":"Federassantas","article_published_time":"2018-07-26T17:51:35+00:00","author":"admin-federas","twitter_card":"summary_large_image","twitter_misc":{"Escrito por":"admin-federas","Est. tempo de leitura":"1 minuto"},"schema":{"@context":"https:\/\/schema.org","@graph":[{"@type":"Article","@id":"https:\/\/www.federassantas.org.br\/novosite\/gestores-debatem-o-futuro-da-saude-no-pais\/#article","isPartOf":{"@id":"https:\/\/www.federassantas.org.br\/novosite\/gestores-debatem-o-futuro-da-saude-no-pais\/"},"author":{"name":"admin-federas","@id":"https:\/\/www.federassantas.org.br\/novosite\/#\/schema\/person\/75fed98158349313fe56175f232f513c"},"headline":"Gestores debatem o futuro da sa\u00fade no pa\u00eds","datePublished":"2018-07-26T17:51:35+00:00","mainEntityOfPage":{"@id":"https:\/\/www.federassantas.org.br\/novosite\/gestores-debatem-o-futuro-da-saude-no-pais\/"},"wordCount":213,"commentCount":0,"publisher":{"@id":"https:\/\/www.federassantas.org.br\/novosite\/#organization"},"image":{"@id":"https:\/\/www.federassantas.org.br\/novosite\/gestores-debatem-o-futuro-da-saude-no-pais\/#primaryimage"},"thumbnailUrl":"","articleSection":["Not\u00edcias"],"inLanguage":"pt-BR","potentialAction":[{"@type":"CommentAction","name":"Comment","target":["https:\/\/www.federassantas.org.br\/novosite\/gestores-debatem-o-futuro-da-saude-no-pais\/#respond"]}]},{"@type":"WebPage","@id":"https:\/\/www.federassantas.org.br\/novosite\/gestores-debatem-o-futuro-da-saude-no-pais\/","url":"https:\/\/www.federassantas.org.br\/novosite\/gestores-debatem-o-futuro-da-saude-no-pais\/","name":"Gestores debatem o futuro da sa\u00fade no pa\u00eds - Federassantas","isPartOf":{"@id":"https:\/\/www.federassantas.org.br\/novosite\/#website"},"primaryImageOfPage":{"@id":"https:\/\/www.federassantas.org.br\/novosite\/gestores-debatem-o-futuro-da-saude-no-pais\/#primaryimage"},"image":{"@id":"https:\/\/www.federassantas.org.br\/novosite\/gestores-debatem-o-futuro-da-saude-no-pais\/#primaryimage"},"thumbnailUrl":"","datePublished":"2018-07-26T17:51:35+00:00","breadcrumb":{"@id":"https:\/\/www.federassantas.org.br\/novosite\/gestores-debatem-o-futuro-da-saude-no-pais\/#breadcrumb"},"inLanguage":"pt-BR","potentialAction":[{"@type":"ReadAction","target":["https:\/\/www.federassantas.org.br\/novosite\/gestores-debatem-o-futuro-da-saude-no-pais\/"]}]},{"@type":"ImageObject","inLanguage":"pt-BR","@id":"https:\/\/www.federassantas.org.br\/novosite\/gestores-debatem-o-futuro-da-saude-no-pais\/#primaryimage","url":"","contentUrl":""},{"@type":"BreadcrumbList","@id":"https:\/\/www.federassantas.org.br\/novosite\/gestores-debatem-o-futuro-da-saude-no-pais\/#breadcrumb","itemListElement":[{"@type":"ListItem","position":1,"name":"In\u00edcio","item":"https:\/\/www.federassantas.org.br\/novosite\/"},{"@type":"ListItem","position":2,"name":"Gestores debatem o futuro da sa\u00fade no pa\u00eds"}]},{"@type":"WebSite","@id":"https:\/\/www.federassantas.org.br\/novosite\/#website","url":"https:\/\/www.federassantas.org.br\/novosite\/","name":"Federassantas","description":"Entidade de representa\u00e7\u00e3o e fortalecimento das Santas Casas, hospitais filantr\u00f3picos e entidades beneficentes de sa\u00fade de Minas Gerais, atuando na defesa institucional, qualifica\u00e7\u00e3o da gest\u00e3o e sustentabilidade do setor.","publisher":{"@id":"https:\/\/www.federassantas.org.br\/novosite\/#organization"},"potentialAction":[{"@type":"SearchAction","target":{"@type":"EntryPoint","urlTemplate":"https:\/\/www.federassantas.org.br\/novosite\/?s={search_term_string}"},"query-input":{"@type":"PropertyValueSpecification","valueRequired":true,"valueName":"search_term_string"}}],"inLanguage":"pt-BR"},{"@type":"Organization","@id":"https:\/\/www.federassantas.org.br\/novosite\/#organization","name":"Federassantas","url":"https:\/\/www.federassantas.org.br\/novosite\/","logo":{"@type":"ImageObject","inLanguage":"pt-BR","@id":"https:\/\/www.federassantas.org.br\/novosite\/#\/schema\/logo\/image\/","url":"https:\/\/www.federassantas.org.br\/novosite\/wp-content\/uploads\/2021\/12\/logo.png","contentUrl":"https:\/\/www.federassantas.org.br\/novosite\/wp-content\/uploads\/2021\/12\/logo.png","width":243,"height":59,"caption":"Federassantas"},"image":{"@id":"https:\/\/www.federassantas.org.br\/novosite\/#\/schema\/logo\/image\/"}},{"@type":"Person","@id":"https:\/\/www.federassantas.org.br\/novosite\/#\/schema\/person\/75fed98158349313fe56175f232f513c","name":"admin-federas","image":{"@type":"ImageObject","inLanguage":"pt-BR","@id":"https:\/\/www.federassantas.org.br\/novosite\/#\/schema\/person\/image\/","url":"https:\/\/secure.gravatar.com\/avatar\/2a02d7dda59fe8dc6b7ffd3f652e2efede5ccf0dd89dfdc8137c5517f3de8407?s=96&d=mm&r=g","contentUrl":"https:\/\/secure.gravatar.com\/avatar\/2a02d7dda59fe8dc6b7ffd3f652e2efede5ccf0dd89dfdc8137c5517f3de8407?s=96&d=mm&r=g","caption":"admin-federas"},"sameAs":["https:\/\/www.federassantas.org.br\/novosite\/"],"url":"https:\/\/www.federassantas.org.br\/novosite\/author\/admin-federas\/"}]}},"_links":{"self":[{"href":"https:\/\/www.federassantas.org.br\/novosite\/wp-json\/wp\/v2\/posts\/13463","targetHints":{"allow":["GET"]}}],"collection":[{"href":"https:\/\/www.federassantas.org.br\/novosite\/wp-json\/wp\/v2\/posts"}],"about":[{"href":"https:\/\/www.federassantas.org.br\/novosite\/wp-json\/wp\/v2\/types\/post"}],"author":[{"embeddable":true,"href":"https:\/\/www.federassantas.org.br\/novosite\/wp-json\/wp\/v2\/users\/1"}],"replies":[{"embeddable":true,"href":"https:\/\/www.federassantas.org.br\/novosite\/wp-json\/wp\/v2\/comments?post=13463"}],"version-history":[{"count":0,"href":"https:\/\/www.federassantas.org.br\/novosite\/wp-json\/wp\/v2\/posts\/13463\/revisions"}],"wp:attachment":[{"href":"https:\/\/www.federassantas.org.br\/novosite\/wp-json\/wp\/v2\/media?parent=13463"}],"wp:term":[{"taxonomy":"category","embeddable":true,"href":"https:\/\/www.federassantas.org.br\/novosite\/wp-json\/wp\/v2\/categories?post=13463"},{"taxonomy":"post_tag","embeddable":true,"href":"https:\/\/www.federassantas.org.br\/novosite\/wp-json\/wp\/v2\/tags?post=13463"}],"curies":[{"name":"wp","href":"https:\/\/api.w.org\/{rel}","templated":true}]}}