{"id":13482,"date":"2018-07-27T17:32:05","date_gmt":"2018-07-27T20:32:05","guid":{"rendered":"https:\/\/federasbackup.meltcomunicacao.com.br\/?p=13482"},"modified":"2018-07-27T17:32:05","modified_gmt":"2018-07-27T20:32:05","slug":"associacao-mineira-de-reabilitacao-comemora-54-anos-de-existencia","status":"publish","type":"post","link":"https:\/\/www.federassantas.org.br\/novosite\/associacao-mineira-de-reabilitacao-comemora-54-anos-de-existencia\/","title":{"rendered":"Associa\u00e7\u00e3o Mineira de Reabilita\u00e7\u00e3o comemora 54 anos de exist\u00eancia"},"content":{"rendered":"<p style=\"text-align: justify;\">H\u00e1 54 anos, no dia 27 de julho de 1964, nascia a Associa\u00e7\u00e3o Mineira de Reabilita\u00e7\u00e3o (AMR), com a miss\u00e3o de reabilitar crian\u00e7as e adolescentes carentes portadores de defici\u00eancia f\u00edsica. Hoje a Associa\u00e7\u00e3o \u00e9 refer\u00eancia no atendimento multidisciplinar de reabilita\u00e7\u00e3o motora no estado de Minas Gerais, oferecendo atendimento a Belo Horizonte e mais 22 munic\u00edpios da Regi\u00e3o Metropolitana, al\u00e9m de prestar servi\u00e7os de assist\u00eancia \u00e0 sa\u00fade, que promovem a inclus\u00e3o social da crian\u00e7a portadora de defici\u00eancia f\u00edsica.<\/p>\n<p style=\"text-align: justify;\">Atualmente atende de forma gratuita, cerca de 500 meninos e meninas, com uma equipe multidisciplinar de profissionais especializados nas \u00e1reas de Fisioterapia, Terapia Ocupacional, Fonoaudiologia, Psicologia, Musicoterapia, Esporte-terapia, Odontologia, Servi\u00e7o Social, Neurologia, Ortopedia e Cirurgia Ortop\u00e9dica. Realiza tamb\u00e9m servi\u00e7os sociais, como entrega de fraldas e cestas b\u00e1sicas \u00e0s fam\u00edlias dos pacientes.<\/p>\n<p style=\"text-align: justify;\">Para a capta\u00e7\u00e3o de recursos, a AMR conta com cerca de 200 pessoas que comp\u00f5e o Corpo de Volunt\u00e1rios da Associa\u00e7\u00e3o Mineira de Reabilita\u00e7\u00e3o (CVAMR), s\u00e3o eles os respons\u00e1veis pela realiza\u00e7\u00e3o dos eventos e das campanhas que captam os recursos necess\u00e1rios para o tratamento das crian\u00e7as.<\/p>\n<p style=\"text-align: justify;\">Acesse o site <a href=\"http:\/\/www.amr.org.br\">www.amr.org.br<\/a> e saiba mais sobre o trabalho desenvolvido pela Associa\u00e7\u00e3o.<\/p>\n<p style=\"text-align: justify;\">Veja o v\u00eddeo, conhe\u00e7a um pouco mais da AMR e saiba como ajudar!<\/p>\n<p><iframe title=\"54 anos AMR\" width=\"800\" height=\"450\" src=\"https:\/\/www.youtube.com\/embed\/cIBpq9QtB7I?feature=oembed\" frameborder=\"0\" allow=\"accelerometer; autoplay; clipboard-write; encrypted-media; gyroscope; picture-in-picture\" allowfullscreen><\/iframe><\/p>\n","protected":false},"excerpt":{"rendered":"<p>H\u00e1 54 anos, no dia 27 de julho de 1964, nascia a Associa\u00e7\u00e3o Mineira de Reabilita\u00e7\u00e3o (AMR), com a miss\u00e3o de reabilitar crian\u00e7as e adolescentes carentes portadores de defici\u00eancia f\u00edsica. Hoje a Associa\u00e7\u00e3o \u00e9 refer\u00eancia no atendimento multidisciplinar de reabilita\u00e7\u00e3o motora no estado de Minas Gerais, oferecendo atendimento a Belo Horizonte e mais 22 munic\u00edpios [&hellip;]<\/p>\n","protected":false},"author":1,"featured_media":13484,"comment_status":"open","ping_status":"open","sticky":false,"template":"","format":"standard","meta":{"footnotes":""},"categories":[140,139],"tags":[],"class_list":["post-13482","post","type-post","status-publish","format-standard","has-post-thumbnail","hentry","category-noticias","category-noticias-filiados"],"yoast_head":"<!-- This site is optimized with the Yoast SEO plugin v26.9 - https:\/\/yoast.com\/product\/yoast-seo-wordpress\/ -->\n<title>Associa\u00e7\u00e3o Mineira de Reabilita\u00e7\u00e3o comemora 54 anos de exist\u00eancia - Federassantas<\/title>\n<meta name=\"robots\" content=\"index, follow, max-snippet:-1, max-image-preview:large, max-video-preview:-1\" \/>\n<link rel=\"canonical\" href=\"https:\/\/www.federassantas.org.br\/novosite\/associacao-mineira-de-reabilitacao-comemora-54-anos-de-existencia\/\" \/>\n<meta property=\"og:locale\" content=\"pt_BR\" \/>\n<meta property=\"og:type\" content=\"article\" \/>\n<meta property=\"og:title\" content=\"Associa\u00e7\u00e3o Mineira de Reabilita\u00e7\u00e3o comemora 54 anos de exist\u00eancia - Federassantas\" \/>\n<meta property=\"og:description\" content=\"H\u00e1 54 anos, no dia 27 de julho de 1964, nascia a Associa\u00e7\u00e3o Mineira de Reabilita\u00e7\u00e3o (AMR), com a miss\u00e3o de reabilitar crian\u00e7as e adolescentes carentes portadores de defici\u00eancia f\u00edsica. Hoje a Associa\u00e7\u00e3o \u00e9 refer\u00eancia no atendimento multidisciplinar de reabilita\u00e7\u00e3o motora no estado de Minas Gerais, oferecendo atendimento a Belo Horizonte e mais 22 munic\u00edpios [&hellip;]\" \/>\n<meta property=\"og:url\" content=\"https:\/\/www.federassantas.org.br\/novosite\/associacao-mineira-de-reabilitacao-comemora-54-anos-de-existencia\/\" \/>\n<meta property=\"og:site_name\" content=\"Federassantas\" \/>\n<meta property=\"article:published_time\" content=\"2018-07-27T20:32:05+00:00\" \/>\n<meta property=\"og:image\" content=\"https:\/\/www.federassantas.org.br\/novosite\/wp-content\/uploads\/2018\/07\/foto.png\" \/>\n\t<meta property=\"og:image:width\" content=\"612\" \/>\n\t<meta property=\"og:image:height\" content=\"306\" \/>\n\t<meta property=\"og:image:type\" content=\"image\/png\" \/>\n<meta name=\"author\" content=\"admin-federas\" \/>\n<meta name=\"twitter:card\" content=\"summary_large_image\" \/>\n<meta name=\"twitter:label1\" content=\"Escrito por\" \/>\n\t<meta name=\"twitter:data1\" content=\"admin-federas\" \/>\n\t<meta name=\"twitter:label2\" content=\"Est. tempo de leitura\" \/>\n\t<meta name=\"twitter:data2\" content=\"1 minuto\" \/>\n<script type=\"application\/ld+json\" class=\"yoast-schema-graph\">{\"@context\":\"https:\/\/schema.org\",\"@graph\":[{\"@type\":\"Article\",\"@id\":\"https:\/\/www.federassantas.org.br\/novosite\/associacao-mineira-de-reabilitacao-comemora-54-anos-de-existencia\/#article\",\"isPartOf\":{\"@id\":\"https:\/\/www.federassantas.org.br\/novosite\/associacao-mineira-de-reabilitacao-comemora-54-anos-de-existencia\/\"},\"author\":{\"name\":\"admin-federas\",\"@id\":\"https:\/\/www.federassantas.org.br\/novosite\/#\/schema\/person\/75fed98158349313fe56175f232f513c\"},\"headline\":\"Associa\u00e7\u00e3o Mineira de Reabilita\u00e7\u00e3o comemora 54 anos de exist\u00eancia\",\"datePublished\":\"2018-07-27T20:32:05+00:00\",\"mainEntityOfPage\":{\"@id\":\"https:\/\/www.federassantas.org.br\/novosite\/associacao-mineira-de-reabilitacao-comemora-54-anos-de-existencia\/\"},\"wordCount\":255,\"commentCount\":0,\"publisher\":{\"@id\":\"https:\/\/www.federassantas.org.br\/novosite\/#organization\"},\"image\":{\"@id\":\"https:\/\/www.federassantas.org.br\/novosite\/associacao-mineira-de-reabilitacao-comemora-54-anos-de-existencia\/#primaryimage\"},\"thumbnailUrl\":\"https:\/\/www.federassantas.org.br\/novosite\/wp-content\/uploads\/2018\/07\/foto.png\",\"articleSection\":[\"Not\u00edcias\",\"Not\u00edcias filiados\"],\"inLanguage\":\"pt-BR\",\"potentialAction\":[{\"@type\":\"CommentAction\",\"name\":\"Comment\",\"target\":[\"https:\/\/www.federassantas.org.br\/novosite\/associacao-mineira-de-reabilitacao-comemora-54-anos-de-existencia\/#respond\"]}]},{\"@type\":\"WebPage\",\"@id\":\"https:\/\/www.federassantas.org.br\/novosite\/associacao-mineira-de-reabilitacao-comemora-54-anos-de-existencia\/\",\"url\":\"https:\/\/www.federassantas.org.br\/novosite\/associacao-mineira-de-reabilitacao-comemora-54-anos-de-existencia\/\",\"name\":\"Associa\u00e7\u00e3o Mineira de Reabilita\u00e7\u00e3o comemora 54 anos de exist\u00eancia - Federassantas\",\"isPartOf\":{\"@id\":\"https:\/\/www.federassantas.org.br\/novosite\/#website\"},\"primaryImageOfPage\":{\"@id\":\"https:\/\/www.federassantas.org.br\/novosite\/associacao-mineira-de-reabilitacao-comemora-54-anos-de-existencia\/#primaryimage\"},\"image\":{\"@id\":\"https:\/\/www.federassantas.org.br\/novosite\/associacao-mineira-de-reabilitacao-comemora-54-anos-de-existencia\/#primaryimage\"},\"thumbnailUrl\":\"https:\/\/www.federassantas.org.br\/novosite\/wp-content\/uploads\/2018\/07\/foto.png\",\"datePublished\":\"2018-07-27T20:32:05+00:00\",\"breadcrumb\":{\"@id\":\"https:\/\/www.federassantas.org.br\/novosite\/associacao-mineira-de-reabilitacao-comemora-54-anos-de-existencia\/#breadcrumb\"},\"inLanguage\":\"pt-BR\",\"potentialAction\":[{\"@type\":\"ReadAction\",\"target\":[\"https:\/\/www.federassantas.org.br\/novosite\/associacao-mineira-de-reabilitacao-comemora-54-anos-de-existencia\/\"]}]},{\"@type\":\"ImageObject\",\"inLanguage\":\"pt-BR\",\"@id\":\"https:\/\/www.federassantas.org.br\/novosite\/associacao-mineira-de-reabilitacao-comemora-54-anos-de-existencia\/#primaryimage\",\"url\":\"https:\/\/www.federassantas.org.br\/novosite\/wp-content\/uploads\/2018\/07\/foto.png\",\"contentUrl\":\"https:\/\/www.federassantas.org.br\/novosite\/wp-content\/uploads\/2018\/07\/foto.png\",\"width\":612,\"height\":306},{\"@type\":\"BreadcrumbList\",\"@id\":\"https:\/\/www.federassantas.org.br\/novosite\/associacao-mineira-de-reabilitacao-comemora-54-anos-de-existencia\/#breadcrumb\",\"itemListElement\":[{\"@type\":\"ListItem\",\"position\":1,\"name\":\"In\u00edcio\",\"item\":\"https:\/\/www.federassantas.org.br\/novosite\/\"},{\"@type\":\"ListItem\",\"position\":2,\"name\":\"Associa\u00e7\u00e3o Mineira de Reabilita\u00e7\u00e3o comemora 54 anos de exist\u00eancia\"}]},{\"@type\":\"WebSite\",\"@id\":\"https:\/\/www.federassantas.org.br\/novosite\/#website\",\"url\":\"https:\/\/www.federassantas.org.br\/novosite\/\",\"name\":\"Federassantas\",\"description\":\"Entidade de representa\u00e7\u00e3o e fortalecimento das Santas Casas, hospitais filantr\u00f3picos e entidades beneficentes de sa\u00fade de Minas Gerais, atuando na defesa institucional, qualifica\u00e7\u00e3o da gest\u00e3o e sustentabilidade do setor.\",\"publisher\":{\"@id\":\"https:\/\/www.federassantas.org.br\/novosite\/#organization\"},\"potentialAction\":[{\"@type\":\"SearchAction\",\"target\":{\"@type\":\"EntryPoint\",\"urlTemplate\":\"https:\/\/www.federassantas.org.br\/novosite\/?s={search_term_string}\"},\"query-input\":{\"@type\":\"PropertyValueSpecification\",\"valueRequired\":true,\"valueName\":\"search_term_string\"}}],\"inLanguage\":\"pt-BR\"},{\"@type\":\"Organization\",\"@id\":\"https:\/\/www.federassantas.org.br\/novosite\/#organization\",\"name\":\"Federassantas\",\"url\":\"https:\/\/www.federassantas.org.br\/novosite\/\",\"logo\":{\"@type\":\"ImageObject\",\"inLanguage\":\"pt-BR\",\"@id\":\"https:\/\/www.federassantas.org.br\/novosite\/#\/schema\/logo\/image\/\",\"url\":\"https:\/\/www.federassantas.org.br\/novosite\/wp-content\/uploads\/2021\/12\/logo.png\",\"contentUrl\":\"https:\/\/www.federassantas.org.br\/novosite\/wp-content\/uploads\/2021\/12\/logo.png\",\"width\":243,\"height\":59,\"caption\":\"Federassantas\"},\"image\":{\"@id\":\"https:\/\/www.federassantas.org.br\/novosite\/#\/schema\/logo\/image\/\"}},{\"@type\":\"Person\",\"@id\":\"https:\/\/www.federassantas.org.br\/novosite\/#\/schema\/person\/75fed98158349313fe56175f232f513c\",\"name\":\"admin-federas\",\"image\":{\"@type\":\"ImageObject\",\"inLanguage\":\"pt-BR\",\"@id\":\"https:\/\/www.federassantas.org.br\/novosite\/#\/schema\/person\/image\/\",\"url\":\"https:\/\/secure.gravatar.com\/avatar\/2a02d7dda59fe8dc6b7ffd3f652e2efede5ccf0dd89dfdc8137c5517f3de8407?s=96&d=mm&r=g\",\"contentUrl\":\"https:\/\/secure.gravatar.com\/avatar\/2a02d7dda59fe8dc6b7ffd3f652e2efede5ccf0dd89dfdc8137c5517f3de8407?s=96&d=mm&r=g\",\"caption\":\"admin-federas\"},\"sameAs\":[\"https:\/\/www.federassantas.org.br\/novosite\/\"],\"url\":\"https:\/\/www.federassantas.org.br\/novosite\/author\/admin-federas\/\"}]}<\/script>\n<!-- \/ Yoast SEO plugin. -->","yoast_head_json":{"title":"Associa\u00e7\u00e3o Mineira de Reabilita\u00e7\u00e3o comemora 54 anos de exist\u00eancia - Federassantas","robots":{"index":"index","follow":"follow","max-snippet":"max-snippet:-1","max-image-preview":"max-image-preview:large","max-video-preview":"max-video-preview:-1"},"canonical":"https:\/\/www.federassantas.org.br\/novosite\/associacao-mineira-de-reabilitacao-comemora-54-anos-de-existencia\/","og_locale":"pt_BR","og_type":"article","og_title":"Associa\u00e7\u00e3o Mineira de Reabilita\u00e7\u00e3o comemora 54 anos de exist\u00eancia - Federassantas","og_description":"H\u00e1 54 anos, no dia 27 de julho de 1964, nascia a Associa\u00e7\u00e3o Mineira de Reabilita\u00e7\u00e3o (AMR), com a miss\u00e3o de reabilitar crian\u00e7as e adolescentes carentes portadores de defici\u00eancia f\u00edsica. Hoje a Associa\u00e7\u00e3o \u00e9 refer\u00eancia no atendimento multidisciplinar de reabilita\u00e7\u00e3o motora no estado de Minas Gerais, oferecendo atendimento a Belo Horizonte e mais 22 munic\u00edpios [&hellip;]","og_url":"https:\/\/www.federassantas.org.br\/novosite\/associacao-mineira-de-reabilitacao-comemora-54-anos-de-existencia\/","og_site_name":"Federassantas","article_published_time":"2018-07-27T20:32:05+00:00","og_image":[{"width":612,"height":306,"url":"https:\/\/www.federassantas.org.br\/novosite\/wp-content\/uploads\/2018\/07\/foto.png","type":"image\/png"}],"author":"admin-federas","twitter_card":"summary_large_image","twitter_misc":{"Escrito por":"admin-federas","Est. tempo de leitura":"1 minuto"},"schema":{"@context":"https:\/\/schema.org","@graph":[{"@type":"Article","@id":"https:\/\/www.federassantas.org.br\/novosite\/associacao-mineira-de-reabilitacao-comemora-54-anos-de-existencia\/#article","isPartOf":{"@id":"https:\/\/www.federassantas.org.br\/novosite\/associacao-mineira-de-reabilitacao-comemora-54-anos-de-existencia\/"},"author":{"name":"admin-federas","@id":"https:\/\/www.federassantas.org.br\/novosite\/#\/schema\/person\/75fed98158349313fe56175f232f513c"},"headline":"Associa\u00e7\u00e3o Mineira de Reabilita\u00e7\u00e3o comemora 54 anos de exist\u00eancia","datePublished":"2018-07-27T20:32:05+00:00","mainEntityOfPage":{"@id":"https:\/\/www.federassantas.org.br\/novosite\/associacao-mineira-de-reabilitacao-comemora-54-anos-de-existencia\/"},"wordCount":255,"commentCount":0,"publisher":{"@id":"https:\/\/www.federassantas.org.br\/novosite\/#organization"},"image":{"@id":"https:\/\/www.federassantas.org.br\/novosite\/associacao-mineira-de-reabilitacao-comemora-54-anos-de-existencia\/#primaryimage"},"thumbnailUrl":"https:\/\/www.federassantas.org.br\/novosite\/wp-content\/uploads\/2018\/07\/foto.png","articleSection":["Not\u00edcias","Not\u00edcias filiados"],"inLanguage":"pt-BR","potentialAction":[{"@type":"CommentAction","name":"Comment","target":["https:\/\/www.federassantas.org.br\/novosite\/associacao-mineira-de-reabilitacao-comemora-54-anos-de-existencia\/#respond"]}]},{"@type":"WebPage","@id":"https:\/\/www.federassantas.org.br\/novosite\/associacao-mineira-de-reabilitacao-comemora-54-anos-de-existencia\/","url":"https:\/\/www.federassantas.org.br\/novosite\/associacao-mineira-de-reabilitacao-comemora-54-anos-de-existencia\/","name":"Associa\u00e7\u00e3o Mineira de Reabilita\u00e7\u00e3o comemora 54 anos de exist\u00eancia - Federassantas","isPartOf":{"@id":"https:\/\/www.federassantas.org.br\/novosite\/#website"},"primaryImageOfPage":{"@id":"https:\/\/www.federassantas.org.br\/novosite\/associacao-mineira-de-reabilitacao-comemora-54-anos-de-existencia\/#primaryimage"},"image":{"@id":"https:\/\/www.federassantas.org.br\/novosite\/associacao-mineira-de-reabilitacao-comemora-54-anos-de-existencia\/#primaryimage"},"thumbnailUrl":"https:\/\/www.federassantas.org.br\/novosite\/wp-content\/uploads\/2018\/07\/foto.png","datePublished":"2018-07-27T20:32:05+00:00","breadcrumb":{"@id":"https:\/\/www.federassantas.org.br\/novosite\/associacao-mineira-de-reabilitacao-comemora-54-anos-de-existencia\/#breadcrumb"},"inLanguage":"pt-BR","potentialAction":[{"@type":"ReadAction","target":["https:\/\/www.federassantas.org.br\/novosite\/associacao-mineira-de-reabilitacao-comemora-54-anos-de-existencia\/"]}]},{"@type":"ImageObject","inLanguage":"pt-BR","@id":"https:\/\/www.federassantas.org.br\/novosite\/associacao-mineira-de-reabilitacao-comemora-54-anos-de-existencia\/#primaryimage","url":"https:\/\/www.federassantas.org.br\/novosite\/wp-content\/uploads\/2018\/07\/foto.png","contentUrl":"https:\/\/www.federassantas.org.br\/novosite\/wp-content\/uploads\/2018\/07\/foto.png","width":612,"height":306},{"@type":"BreadcrumbList","@id":"https:\/\/www.federassantas.org.br\/novosite\/associacao-mineira-de-reabilitacao-comemora-54-anos-de-existencia\/#breadcrumb","itemListElement":[{"@type":"ListItem","position":1,"name":"In\u00edcio","item":"https:\/\/www.federassantas.org.br\/novosite\/"},{"@type":"ListItem","position":2,"name":"Associa\u00e7\u00e3o Mineira de Reabilita\u00e7\u00e3o comemora 54 anos de exist\u00eancia"}]},{"@type":"WebSite","@id":"https:\/\/www.federassantas.org.br\/novosite\/#website","url":"https:\/\/www.federassantas.org.br\/novosite\/","name":"Federassantas","description":"Entidade de representa\u00e7\u00e3o e fortalecimento das Santas Casas, hospitais filantr\u00f3picos e entidades beneficentes de sa\u00fade de Minas Gerais, atuando na defesa institucional, qualifica\u00e7\u00e3o da gest\u00e3o e sustentabilidade do setor.","publisher":{"@id":"https:\/\/www.federassantas.org.br\/novosite\/#organization"},"potentialAction":[{"@type":"SearchAction","target":{"@type":"EntryPoint","urlTemplate":"https:\/\/www.federassantas.org.br\/novosite\/?s={search_term_string}"},"query-input":{"@type":"PropertyValueSpecification","valueRequired":true,"valueName":"search_term_string"}}],"inLanguage":"pt-BR"},{"@type":"Organization","@id":"https:\/\/www.federassantas.org.br\/novosite\/#organization","name":"Federassantas","url":"https:\/\/www.federassantas.org.br\/novosite\/","logo":{"@type":"ImageObject","inLanguage":"pt-BR","@id":"https:\/\/www.federassantas.org.br\/novosite\/#\/schema\/logo\/image\/","url":"https:\/\/www.federassantas.org.br\/novosite\/wp-content\/uploads\/2021\/12\/logo.png","contentUrl":"https:\/\/www.federassantas.org.br\/novosite\/wp-content\/uploads\/2021\/12\/logo.png","width":243,"height":59,"caption":"Federassantas"},"image":{"@id":"https:\/\/www.federassantas.org.br\/novosite\/#\/schema\/logo\/image\/"}},{"@type":"Person","@id":"https:\/\/www.federassantas.org.br\/novosite\/#\/schema\/person\/75fed98158349313fe56175f232f513c","name":"admin-federas","image":{"@type":"ImageObject","inLanguage":"pt-BR","@id":"https:\/\/www.federassantas.org.br\/novosite\/#\/schema\/person\/image\/","url":"https:\/\/secure.gravatar.com\/avatar\/2a02d7dda59fe8dc6b7ffd3f652e2efede5ccf0dd89dfdc8137c5517f3de8407?s=96&d=mm&r=g","contentUrl":"https:\/\/secure.gravatar.com\/avatar\/2a02d7dda59fe8dc6b7ffd3f652e2efede5ccf0dd89dfdc8137c5517f3de8407?s=96&d=mm&r=g","caption":"admin-federas"},"sameAs":["https:\/\/www.federassantas.org.br\/novosite\/"],"url":"https:\/\/www.federassantas.org.br\/novosite\/author\/admin-federas\/"}]}},"_links":{"self":[{"href":"https:\/\/www.federassantas.org.br\/novosite\/wp-json\/wp\/v2\/posts\/13482","targetHints":{"allow":["GET"]}}],"collection":[{"href":"https:\/\/www.federassantas.org.br\/novosite\/wp-json\/wp\/v2\/posts"}],"about":[{"href":"https:\/\/www.federassantas.org.br\/novosite\/wp-json\/wp\/v2\/types\/post"}],"author":[{"embeddable":true,"href":"https:\/\/www.federassantas.org.br\/novosite\/wp-json\/wp\/v2\/users\/1"}],"replies":[{"embeddable":true,"href":"https:\/\/www.federassantas.org.br\/novosite\/wp-json\/wp\/v2\/comments?post=13482"}],"version-history":[{"count":0,"href":"https:\/\/www.federassantas.org.br\/novosite\/wp-json\/wp\/v2\/posts\/13482\/revisions"}],"wp:featuredmedia":[{"embeddable":true,"href":"https:\/\/www.federassantas.org.br\/novosite\/wp-json\/wp\/v2\/media\/13484"}],"wp:attachment":[{"href":"https:\/\/www.federassantas.org.br\/novosite\/wp-json\/wp\/v2\/media?parent=13482"}],"wp:term":[{"taxonomy":"category","embeddable":true,"href":"https:\/\/www.federassantas.org.br\/novosite\/wp-json\/wp\/v2\/categories?post=13482"},{"taxonomy":"post_tag","embeddable":true,"href":"https:\/\/www.federassantas.org.br\/novosite\/wp-json\/wp\/v2\/tags?post=13482"}],"curies":[{"name":"wp","href":"https:\/\/api.w.org\/{rel}","templated":true}]}}