{"id":13492,"date":"2018-07-31T16:53:49","date_gmt":"2018-07-31T19:53:49","guid":{"rendered":"https:\/\/federasbackup.meltcomunicacao.com.br\/?p=13492"},"modified":"2018-07-31T16:53:49","modified_gmt":"2018-07-31T19:53:49","slug":"autoridades-debatem-a-judicializacao-na-saude","status":"publish","type":"post","link":"https:\/\/www.federassantas.org.br\/novosite\/autoridades-debatem-a-judicializacao-na-saude\/","title":{"rendered":"Autoridades debatem a judicializa\u00e7\u00e3o na sa\u00fade"},"content":{"rendered":"<p>O 6\u00ba Congresso Brasileiro M\u00e9dico e Jur\u00eddico de Sa\u00fade re\u00fane mais de mil profissionais da sa\u00fade e direito durante tr\u00eas dias para debaterem o cen\u00e1rio da judicializa\u00e7\u00e3o no Sistema \u00danico de Sa\u00fade (SUS). O evento que acontece na cidade de Vit\u00f3ria (ES), a partir desta segunda-feira (30), tem como objetivo levar para discuss\u00e3o o funcionamento da sa\u00fade p\u00fablica e privada no Brasil, al\u00e9m de fazer alerta ao direito \u00e0 sa\u00fade, \u00e9tica, responsabilidade e cidadania. O ministro da Sa\u00fade, Gilberto Occhi, que participa da abertura do congresso ressalta que o encontro fortalece o atendimento \u00e0s demandas judiciais e o melhor entendimento dos benef\u00edcios dos medicamentos ofertados para o tratamento das doen\u00e7as.<\/p>\n<p>&#8220;O que n\u00f3s estamos encontrando hoje no mundo \u00e9 uma amplia\u00e7\u00e3o das doen\u00e7as raras e\u00a0n\u00e3o \u00e9 diferente no Brasil. N\u00f3s estamos falando de uma novidade, na intensidade dessas doen\u00e7as, no risco que elas trazem para todos os cidad\u00e3os.\u00a0 E \u00e9 necess\u00e1rio que tenhamos velocidade na descoberta de medicamentos e na possibilidade do aproveitamento dos rem\u00e9dios que est\u00e3o sendo utilizados em outros pa\u00edses. No entanto, temos que ter cuidado, seguran\u00e7a e legaliza\u00e7\u00e3o em rela\u00e7\u00e3o a entrada desses produtos no Brasil. Esses medicamentos precisam passar por aprova\u00e7\u00e3o em \u00f3rg\u00e3os t\u00e9cnicos para garantir a seguran\u00e7a do paciente&#8221;, afirmou o ministro da Sa\u00fade, Gilberto Occhi.<\/p>\n<p>Durante o evento desembargadores, ju\u00edzes, promotores e profissionais da sa\u00fade v\u00e3o trocar experi\u00eancias envolvendo diversas tem\u00e1ticas que envolve o setor da sa\u00fade e do direito. Entre os principais temas est\u00e3o, judicializa\u00e7\u00e3o das pol\u00edticas de sa\u00fade; os desafios do financiamento e da efetividade do direito \u00e0 sa\u00fade; inova\u00e7\u00f5es tecnol\u00f3gicas na sa\u00fade; contratualiza\u00e7\u00e3o dos servi\u00e7os de sa\u00fade, crimes, desvios e fraudes na sa\u00fade e a aten\u00e7\u00e3o prim\u00e1ria.<\/p>\n<p>&nbsp;<\/p>\n<h5><strong>JUDICIALIZA\u00c7\u00c3O<\/strong><\/h5>\n<p>Em 2017, o Minist\u00e9rio da Sa\u00fade destinou R$ 1,02 bilh\u00e3o para aquisi\u00e7\u00e3o de medicamentos e tratamentos exigidos por demandas judiciais. No \u00faltimo ano, o Minist\u00e9rio da Sa\u00fade adquiriu aproximadamente 700 itens entre medicamentos e outros insumos para atendimento a demandas judiciais. Neste ano, at\u00e9 o m\u00eas de maio, o Minist\u00e9rio da Sa\u00fade j\u00e1 destinou R$ 290,9 milh\u00f5es para atender a\u00e7\u00f5es judiciais.<\/p>\n<p>Institu\u00eddo em outubro de 2017, o N\u00facleo de Judicializa\u00e7\u00e3o do Minist\u00e9rio da Sa\u00fade faz a an\u00e1lise t\u00e9cnica dos processos para garantir a efetividade do tratamento e dos medicamentos entregues aos pacientes, bem como verificar se o pedido poder\u00e1 ser suprido no SUS.<\/p>\n<p>Saiba mais em:\u00a0<a href=\"http:\/\/portalms.saude.gov.br\/noticias\/agencia-saude\/43910-judicializacao-da-saude-no-brasil-e-tema-de-debate-com-autoridade\">http:\/\/portalms.saude.gov.br\/noticias\/agencia-saude\/43910-judicializacao-da-saude-no-brasil-e-tema-de-debate-com-autoridade<\/a><\/p>\n<p><em>Fonte: Minist\u00e9rio da Sa\u00fade\u00a0<\/em><\/p>\n","protected":false},"excerpt":{"rendered":"<p>O 6\u00ba Congresso Brasileiro M\u00e9dico e Jur\u00eddico de Sa\u00fade re\u00fane mais de mil profissionais da sa\u00fade e direito durante tr\u00eas dias para debaterem o cen\u00e1rio da judicializa\u00e7\u00e3o no Sistema \u00danico de Sa\u00fade (SUS). O evento que acontece na cidade de Vit\u00f3ria (ES), a partir desta segunda-feira (30), tem como objetivo levar para discuss\u00e3o o funcionamento [&hellip;]<\/p>\n","protected":false},"author":1,"featured_media":13493,"comment_status":"open","ping_status":"open","sticky":false,"template":"","format":"standard","meta":{"footnotes":""},"categories":[140,143],"tags":[],"class_list":["post-13492","post","type-post","status-publish","format-standard","has-post-thumbnail","hentry","category-noticias","category-noticias-publicas"],"yoast_head":"<!-- This site is optimized with the Yoast SEO plugin v26.9 - https:\/\/yoast.com\/product\/yoast-seo-wordpress\/ -->\n<title>Autoridades debatem a judicializa\u00e7\u00e3o na sa\u00fade - Federassantas<\/title>\n<meta name=\"robots\" content=\"index, follow, max-snippet:-1, max-image-preview:large, max-video-preview:-1\" \/>\n<link rel=\"canonical\" href=\"https:\/\/www.federassantas.org.br\/novosite\/autoridades-debatem-a-judicializacao-na-saude\/\" \/>\n<meta property=\"og:locale\" content=\"pt_BR\" \/>\n<meta property=\"og:type\" content=\"article\" \/>\n<meta property=\"og:title\" content=\"Autoridades debatem a judicializa\u00e7\u00e3o na sa\u00fade - Federassantas\" \/>\n<meta property=\"og:description\" content=\"O 6\u00ba Congresso Brasileiro M\u00e9dico e Jur\u00eddico de Sa\u00fade re\u00fane mais de mil profissionais da sa\u00fade e direito durante tr\u00eas dias para debaterem o cen\u00e1rio da judicializa\u00e7\u00e3o no Sistema \u00danico de Sa\u00fade (SUS). O evento que acontece na cidade de Vit\u00f3ria (ES), a partir desta segunda-feira (30), tem como objetivo levar para discuss\u00e3o o funcionamento [&hellip;]\" \/>\n<meta property=\"og:url\" content=\"https:\/\/www.federassantas.org.br\/novosite\/autoridades-debatem-a-judicializacao-na-saude\/\" \/>\n<meta property=\"og:site_name\" content=\"Federassantas\" \/>\n<meta property=\"article:published_time\" content=\"2018-07-31T19:53:49+00:00\" \/>\n<meta name=\"author\" content=\"admin-federas\" \/>\n<meta name=\"twitter:card\" content=\"summary_large_image\" \/>\n<meta name=\"twitter:label1\" content=\"Escrito por\" \/>\n\t<meta name=\"twitter:data1\" content=\"admin-federas\" \/>\n\t<meta name=\"twitter:label2\" content=\"Est. tempo de leitura\" \/>\n\t<meta name=\"twitter:data2\" content=\"2 minutos\" \/>\n<script type=\"application\/ld+json\" class=\"yoast-schema-graph\">{\"@context\":\"https:\/\/schema.org\",\"@graph\":[{\"@type\":\"Article\",\"@id\":\"https:\/\/www.federassantas.org.br\/novosite\/autoridades-debatem-a-judicializacao-na-saude\/#article\",\"isPartOf\":{\"@id\":\"https:\/\/www.federassantas.org.br\/novosite\/autoridades-debatem-a-judicializacao-na-saude\/\"},\"author\":{\"name\":\"admin-federas\",\"@id\":\"https:\/\/www.federassantas.org.br\/novosite\/#\/schema\/person\/75fed98158349313fe56175f232f513c\"},\"headline\":\"Autoridades debatem a judicializa\u00e7\u00e3o na sa\u00fade\",\"datePublished\":\"2018-07-31T19:53:49+00:00\",\"mainEntityOfPage\":{\"@id\":\"https:\/\/www.federassantas.org.br\/novosite\/autoridades-debatem-a-judicializacao-na-saude\/\"},\"wordCount\":471,\"commentCount\":0,\"publisher\":{\"@id\":\"https:\/\/www.federassantas.org.br\/novosite\/#organization\"},\"image\":{\"@id\":\"https:\/\/www.federassantas.org.br\/novosite\/autoridades-debatem-a-judicializacao-na-saude\/#primaryimage\"},\"thumbnailUrl\":\"\",\"articleSection\":[\"Not\u00edcias\",\"Not\u00edcias P\u00fablicas\"],\"inLanguage\":\"pt-BR\",\"potentialAction\":[{\"@type\":\"CommentAction\",\"name\":\"Comment\",\"target\":[\"https:\/\/www.federassantas.org.br\/novosite\/autoridades-debatem-a-judicializacao-na-saude\/#respond\"]}]},{\"@type\":\"WebPage\",\"@id\":\"https:\/\/www.federassantas.org.br\/novosite\/autoridades-debatem-a-judicializacao-na-saude\/\",\"url\":\"https:\/\/www.federassantas.org.br\/novosite\/autoridades-debatem-a-judicializacao-na-saude\/\",\"name\":\"Autoridades debatem a judicializa\u00e7\u00e3o na sa\u00fade - Federassantas\",\"isPartOf\":{\"@id\":\"https:\/\/www.federassantas.org.br\/novosite\/#website\"},\"primaryImageOfPage\":{\"@id\":\"https:\/\/www.federassantas.org.br\/novosite\/autoridades-debatem-a-judicializacao-na-saude\/#primaryimage\"},\"image\":{\"@id\":\"https:\/\/www.federassantas.org.br\/novosite\/autoridades-debatem-a-judicializacao-na-saude\/#primaryimage\"},\"thumbnailUrl\":\"\",\"datePublished\":\"2018-07-31T19:53:49+00:00\",\"breadcrumb\":{\"@id\":\"https:\/\/www.federassantas.org.br\/novosite\/autoridades-debatem-a-judicializacao-na-saude\/#breadcrumb\"},\"inLanguage\":\"pt-BR\",\"potentialAction\":[{\"@type\":\"ReadAction\",\"target\":[\"https:\/\/www.federassantas.org.br\/novosite\/autoridades-debatem-a-judicializacao-na-saude\/\"]}]},{\"@type\":\"ImageObject\",\"inLanguage\":\"pt-BR\",\"@id\":\"https:\/\/www.federassantas.org.br\/novosite\/autoridades-debatem-a-judicializacao-na-saude\/#primaryimage\",\"url\":\"\",\"contentUrl\":\"\"},{\"@type\":\"BreadcrumbList\",\"@id\":\"https:\/\/www.federassantas.org.br\/novosite\/autoridades-debatem-a-judicializacao-na-saude\/#breadcrumb\",\"itemListElement\":[{\"@type\":\"ListItem\",\"position\":1,\"name\":\"In\u00edcio\",\"item\":\"https:\/\/www.federassantas.org.br\/novosite\/\"},{\"@type\":\"ListItem\",\"position\":2,\"name\":\"Autoridades debatem a judicializa\u00e7\u00e3o na sa\u00fade\"}]},{\"@type\":\"WebSite\",\"@id\":\"https:\/\/www.federassantas.org.br\/novosite\/#website\",\"url\":\"https:\/\/www.federassantas.org.br\/novosite\/\",\"name\":\"Federassantas\",\"description\":\"Entidade de representa\u00e7\u00e3o e fortalecimento das Santas Casas, hospitais filantr\u00f3picos e entidades beneficentes de sa\u00fade de Minas Gerais, atuando na defesa institucional, qualifica\u00e7\u00e3o da gest\u00e3o e sustentabilidade do setor.\",\"publisher\":{\"@id\":\"https:\/\/www.federassantas.org.br\/novosite\/#organization\"},\"potentialAction\":[{\"@type\":\"SearchAction\",\"target\":{\"@type\":\"EntryPoint\",\"urlTemplate\":\"https:\/\/www.federassantas.org.br\/novosite\/?s={search_term_string}\"},\"query-input\":{\"@type\":\"PropertyValueSpecification\",\"valueRequired\":true,\"valueName\":\"search_term_string\"}}],\"inLanguage\":\"pt-BR\"},{\"@type\":\"Organization\",\"@id\":\"https:\/\/www.federassantas.org.br\/novosite\/#organization\",\"name\":\"Federassantas\",\"url\":\"https:\/\/www.federassantas.org.br\/novosite\/\",\"logo\":{\"@type\":\"ImageObject\",\"inLanguage\":\"pt-BR\",\"@id\":\"https:\/\/www.federassantas.org.br\/novosite\/#\/schema\/logo\/image\/\",\"url\":\"https:\/\/www.federassantas.org.br\/novosite\/wp-content\/uploads\/2021\/12\/logo.png\",\"contentUrl\":\"https:\/\/www.federassantas.org.br\/novosite\/wp-content\/uploads\/2021\/12\/logo.png\",\"width\":243,\"height\":59,\"caption\":\"Federassantas\"},\"image\":{\"@id\":\"https:\/\/www.federassantas.org.br\/novosite\/#\/schema\/logo\/image\/\"}},{\"@type\":\"Person\",\"@id\":\"https:\/\/www.federassantas.org.br\/novosite\/#\/schema\/person\/75fed98158349313fe56175f232f513c\",\"name\":\"admin-federas\",\"image\":{\"@type\":\"ImageObject\",\"inLanguage\":\"pt-BR\",\"@id\":\"https:\/\/www.federassantas.org.br\/novosite\/#\/schema\/person\/image\/\",\"url\":\"https:\/\/secure.gravatar.com\/avatar\/2a02d7dda59fe8dc6b7ffd3f652e2efede5ccf0dd89dfdc8137c5517f3de8407?s=96&d=mm&r=g\",\"contentUrl\":\"https:\/\/secure.gravatar.com\/avatar\/2a02d7dda59fe8dc6b7ffd3f652e2efede5ccf0dd89dfdc8137c5517f3de8407?s=96&d=mm&r=g\",\"caption\":\"admin-federas\"},\"sameAs\":[\"https:\/\/www.federassantas.org.br\/novosite\/\"],\"url\":\"https:\/\/www.federassantas.org.br\/novosite\/author\/admin-federas\/\"}]}<\/script>\n<!-- \/ Yoast SEO plugin. -->","yoast_head_json":{"title":"Autoridades debatem a judicializa\u00e7\u00e3o na sa\u00fade - Federassantas","robots":{"index":"index","follow":"follow","max-snippet":"max-snippet:-1","max-image-preview":"max-image-preview:large","max-video-preview":"max-video-preview:-1"},"canonical":"https:\/\/www.federassantas.org.br\/novosite\/autoridades-debatem-a-judicializacao-na-saude\/","og_locale":"pt_BR","og_type":"article","og_title":"Autoridades debatem a judicializa\u00e7\u00e3o na sa\u00fade - Federassantas","og_description":"O 6\u00ba Congresso Brasileiro M\u00e9dico e Jur\u00eddico de Sa\u00fade re\u00fane mais de mil profissionais da sa\u00fade e direito durante tr\u00eas dias para debaterem o cen\u00e1rio da judicializa\u00e7\u00e3o no Sistema \u00danico de Sa\u00fade (SUS). O evento que acontece na cidade de Vit\u00f3ria (ES), a partir desta segunda-feira (30), tem como objetivo levar para discuss\u00e3o o funcionamento [&hellip;]","og_url":"https:\/\/www.federassantas.org.br\/novosite\/autoridades-debatem-a-judicializacao-na-saude\/","og_site_name":"Federassantas","article_published_time":"2018-07-31T19:53:49+00:00","author":"admin-federas","twitter_card":"summary_large_image","twitter_misc":{"Escrito por":"admin-federas","Est. tempo de leitura":"2 minutos"},"schema":{"@context":"https:\/\/schema.org","@graph":[{"@type":"Article","@id":"https:\/\/www.federassantas.org.br\/novosite\/autoridades-debatem-a-judicializacao-na-saude\/#article","isPartOf":{"@id":"https:\/\/www.federassantas.org.br\/novosite\/autoridades-debatem-a-judicializacao-na-saude\/"},"author":{"name":"admin-federas","@id":"https:\/\/www.federassantas.org.br\/novosite\/#\/schema\/person\/75fed98158349313fe56175f232f513c"},"headline":"Autoridades debatem a judicializa\u00e7\u00e3o na sa\u00fade","datePublished":"2018-07-31T19:53:49+00:00","mainEntityOfPage":{"@id":"https:\/\/www.federassantas.org.br\/novosite\/autoridades-debatem-a-judicializacao-na-saude\/"},"wordCount":471,"commentCount":0,"publisher":{"@id":"https:\/\/www.federassantas.org.br\/novosite\/#organization"},"image":{"@id":"https:\/\/www.federassantas.org.br\/novosite\/autoridades-debatem-a-judicializacao-na-saude\/#primaryimage"},"thumbnailUrl":"","articleSection":["Not\u00edcias","Not\u00edcias P\u00fablicas"],"inLanguage":"pt-BR","potentialAction":[{"@type":"CommentAction","name":"Comment","target":["https:\/\/www.federassantas.org.br\/novosite\/autoridades-debatem-a-judicializacao-na-saude\/#respond"]}]},{"@type":"WebPage","@id":"https:\/\/www.federassantas.org.br\/novosite\/autoridades-debatem-a-judicializacao-na-saude\/","url":"https:\/\/www.federassantas.org.br\/novosite\/autoridades-debatem-a-judicializacao-na-saude\/","name":"Autoridades debatem a judicializa\u00e7\u00e3o na sa\u00fade - Federassantas","isPartOf":{"@id":"https:\/\/www.federassantas.org.br\/novosite\/#website"},"primaryImageOfPage":{"@id":"https:\/\/www.federassantas.org.br\/novosite\/autoridades-debatem-a-judicializacao-na-saude\/#primaryimage"},"image":{"@id":"https:\/\/www.federassantas.org.br\/novosite\/autoridades-debatem-a-judicializacao-na-saude\/#primaryimage"},"thumbnailUrl":"","datePublished":"2018-07-31T19:53:49+00:00","breadcrumb":{"@id":"https:\/\/www.federassantas.org.br\/novosite\/autoridades-debatem-a-judicializacao-na-saude\/#breadcrumb"},"inLanguage":"pt-BR","potentialAction":[{"@type":"ReadAction","target":["https:\/\/www.federassantas.org.br\/novosite\/autoridades-debatem-a-judicializacao-na-saude\/"]}]},{"@type":"ImageObject","inLanguage":"pt-BR","@id":"https:\/\/www.federassantas.org.br\/novosite\/autoridades-debatem-a-judicializacao-na-saude\/#primaryimage","url":"","contentUrl":""},{"@type":"BreadcrumbList","@id":"https:\/\/www.federassantas.org.br\/novosite\/autoridades-debatem-a-judicializacao-na-saude\/#breadcrumb","itemListElement":[{"@type":"ListItem","position":1,"name":"In\u00edcio","item":"https:\/\/www.federassantas.org.br\/novosite\/"},{"@type":"ListItem","position":2,"name":"Autoridades debatem a judicializa\u00e7\u00e3o na sa\u00fade"}]},{"@type":"WebSite","@id":"https:\/\/www.federassantas.org.br\/novosite\/#website","url":"https:\/\/www.federassantas.org.br\/novosite\/","name":"Federassantas","description":"Entidade de representa\u00e7\u00e3o e fortalecimento das Santas Casas, hospitais filantr\u00f3picos e entidades beneficentes de sa\u00fade de Minas Gerais, atuando na defesa institucional, qualifica\u00e7\u00e3o da gest\u00e3o e sustentabilidade do setor.","publisher":{"@id":"https:\/\/www.federassantas.org.br\/novosite\/#organization"},"potentialAction":[{"@type":"SearchAction","target":{"@type":"EntryPoint","urlTemplate":"https:\/\/www.federassantas.org.br\/novosite\/?s={search_term_string}"},"query-input":{"@type":"PropertyValueSpecification","valueRequired":true,"valueName":"search_term_string"}}],"inLanguage":"pt-BR"},{"@type":"Organization","@id":"https:\/\/www.federassantas.org.br\/novosite\/#organization","name":"Federassantas","url":"https:\/\/www.federassantas.org.br\/novosite\/","logo":{"@type":"ImageObject","inLanguage":"pt-BR","@id":"https:\/\/www.federassantas.org.br\/novosite\/#\/schema\/logo\/image\/","url":"https:\/\/www.federassantas.org.br\/novosite\/wp-content\/uploads\/2021\/12\/logo.png","contentUrl":"https:\/\/www.federassantas.org.br\/novosite\/wp-content\/uploads\/2021\/12\/logo.png","width":243,"height":59,"caption":"Federassantas"},"image":{"@id":"https:\/\/www.federassantas.org.br\/novosite\/#\/schema\/logo\/image\/"}},{"@type":"Person","@id":"https:\/\/www.federassantas.org.br\/novosite\/#\/schema\/person\/75fed98158349313fe56175f232f513c","name":"admin-federas","image":{"@type":"ImageObject","inLanguage":"pt-BR","@id":"https:\/\/www.federassantas.org.br\/novosite\/#\/schema\/person\/image\/","url":"https:\/\/secure.gravatar.com\/avatar\/2a02d7dda59fe8dc6b7ffd3f652e2efede5ccf0dd89dfdc8137c5517f3de8407?s=96&d=mm&r=g","contentUrl":"https:\/\/secure.gravatar.com\/avatar\/2a02d7dda59fe8dc6b7ffd3f652e2efede5ccf0dd89dfdc8137c5517f3de8407?s=96&d=mm&r=g","caption":"admin-federas"},"sameAs":["https:\/\/www.federassantas.org.br\/novosite\/"],"url":"https:\/\/www.federassantas.org.br\/novosite\/author\/admin-federas\/"}]}},"_links":{"self":[{"href":"https:\/\/www.federassantas.org.br\/novosite\/wp-json\/wp\/v2\/posts\/13492","targetHints":{"allow":["GET"]}}],"collection":[{"href":"https:\/\/www.federassantas.org.br\/novosite\/wp-json\/wp\/v2\/posts"}],"about":[{"href":"https:\/\/www.federassantas.org.br\/novosite\/wp-json\/wp\/v2\/types\/post"}],"author":[{"embeddable":true,"href":"https:\/\/www.federassantas.org.br\/novosite\/wp-json\/wp\/v2\/users\/1"}],"replies":[{"embeddable":true,"href":"https:\/\/www.federassantas.org.br\/novosite\/wp-json\/wp\/v2\/comments?post=13492"}],"version-history":[{"count":0,"href":"https:\/\/www.federassantas.org.br\/novosite\/wp-json\/wp\/v2\/posts\/13492\/revisions"}],"wp:attachment":[{"href":"https:\/\/www.federassantas.org.br\/novosite\/wp-json\/wp\/v2\/media?parent=13492"}],"wp:term":[{"taxonomy":"category","embeddable":true,"href":"https:\/\/www.federassantas.org.br\/novosite\/wp-json\/wp\/v2\/categories?post=13492"},{"taxonomy":"post_tag","embeddable":true,"href":"https:\/\/www.federassantas.org.br\/novosite\/wp-json\/wp\/v2\/tags?post=13492"}],"curies":[{"name":"wp","href":"https:\/\/api.w.org\/{rel}","templated":true}]}}