{"id":13521,"date":"2018-08-01T14:33:22","date_gmt":"2018-08-01T17:33:22","guid":{"rendered":"https:\/\/federasbackup.meltcomunicacao.com.br\/?p=13521"},"modified":"2018-08-01T14:33:22","modified_gmt":"2018-08-01T17:33:22","slug":"ministerio-da-saude-lanca-campanha-de-amamentacao","status":"publish","type":"post","link":"https:\/\/www.federassantas.org.br\/novosite\/ministerio-da-saude-lanca-campanha-de-amamentacao\/","title":{"rendered":"Minist\u00e9rio da Sa\u00fade lan\u00e7a Campanha de Amamenta\u00e7\u00e3o"},"content":{"rendered":"<p style=\"text-align: justify;\"><em>A campanha visa incentivar a amamenta\u00e7\u00e3o materna exclusiva at\u00e9 os seis meses de vida, contribuindo para o desenvolvimento e prote\u00e7\u00e3o da crian\u00e7a<\/em><\/p>\n<p style=\"text-align: justify;\">Com o slogan\u00a0<em>Amamenta\u00e7\u00e3o \u00e9 a Base da Vida<\/em>, a nova campanha de aleitamento, lan\u00e7ada nesta sexta-feira (27), em alus\u00e3o \u00e0 Semana Mundial da Amamenta\u00e7\u00e3o (1\u00b0 a 7 de agosto), refor\u00e7a a import\u00e2ncia do leite materno para o desenvolvimento das crian\u00e7as at\u00e9 dois anos e exclusivo at\u00e9 os seis meses de vida, orienta\u00e7\u00e3o preconizada pela Organiza\u00e7\u00e3o Mundial da Sa\u00fade (OMS). Al\u00e9m de reduzir em 13% a mortalidade por causas evit\u00e1veis em crian\u00e7as menores de cinco anos, a amamenta\u00e7\u00e3o materna tamb\u00e9m reduz casos de diarreia, infec\u00e7\u00f5es respirat\u00f3rias, hipertens\u00e3o, colesterol alto, diabetes e obesidade.<\/p>\n<p><a href=\"https:\/\/www.youtube.com\/watch?v=fyFTUHTl2Js\">https:\/\/www.youtube.com\/watch?v=fyFTUHTl2Js<\/a><\/p>\n<p style=\"text-align: justify;\">Para o ministro da Sa\u00fade, Gilberto Occhi, \u00e9 preciso incentivar a amamenta\u00e7\u00e3o assim como a doa\u00e7\u00e3o de leite tamb\u00e9m. \u201cQuanto mais tempo as crian\u00e7as s\u00e3o amamentadas, mais elas adquirem resist\u00eancia \u00e0s doen\u00e7as. A mulher que amamenta tem benef\u00edcios para sua sa\u00fade. Pe\u00e7o que as m\u00e3es al\u00e9m de amamentar, que tamb\u00e9m doe leite, que \u00e9 fundamental para crian\u00e7as que necessitam de leite materno. Estamos trabalhando para ampliar o n\u00famero de salas de amamenta\u00e7\u00e3o nas empresas e dentro dos nossos servi\u00e7os de sa\u00fade\u201d, destacou o ministro.<\/p>\n<p style=\"text-align: justify;\">Entre as principais dificuldades para a amamenta\u00e7\u00e3o exclusiva, atualmente, est\u00e3o o posicionamento incorreto, inseguran\u00e7a quanto \u00e0 quantidade de leite produzido, introdu\u00e7\u00e3o de chupetas e mamadeiras, falta de apoio da fam\u00edlia\u00a0e retorno ao trabalho. Por este motivo, a campanha \u00e9 um importante instrumento para sensibilizar a sociedade quanto aos benef\u00edcios do leite materno no desenvolvimento saud\u00e1vel da crian\u00e7a. Segundo OMS e UNICEF, cerca de seis milh\u00f5es de crian\u00e7as s\u00e3o salvas a cada ano com o aumento de taxas da amamenta\u00e7\u00e3o exclusiva at\u00e9 o sexto m\u00eas de vida.<\/p>\n<p style=\"text-align: justify;\">A atriz Sheron Menezzes e o seu marido Saulo Bernard s\u00e3o os padrinhos da campanha, que refor\u00e7a a import\u00e2ncia do leite materno para o desenvolvimento e a prote\u00e7\u00e3o da crian\u00e7a at\u00e9 os dois primeiros anos de vida ou mais. \u201cAmamenta\u00e7\u00e3o \u00e9 um assunto que precisa ser levado muito a s\u00e9rio. Eu amamentei at\u00e9 o sexto m\u00eas de forma exclusiva e pretendo continuar at\u00e9 os dois anos. A mulher n\u00e3o precisa ter vergonha de amamentar, pois al\u00e9m de ser importante para a forma\u00e7\u00e3o do beb\u00ea \u00e9 um ato de amor\u201d, refor\u00e7ou Sheron Menezzes.<\/p>\n<p style=\"text-align: justify;\">O Brasil tem o tema do aleitamento materno como uma agenda priorit\u00e1ria, investe em a\u00e7\u00f5es de sa\u00fade p\u00fablica para garantir uma melhor assist\u00eancia \u00e0s m\u00e3es e beb\u00eas, inclusive na regulamenta\u00e7\u00e3o de leis que promovem e protegem o aleitamento materno contra o marketing abusivo de produtos que interferem na amamenta\u00e7\u00e3o. Uma das principais iniciativas do Minist\u00e9rio da Sa\u00fade \u00e9 incentivar empresas, p\u00fablicas e privadas, a criarem salas de apoio \u00e0 amamenta\u00e7\u00e3o. Atualmente, o pa\u00eds possui 216 salas certificadas pelo Minist\u00e9rio da Sa\u00fade em todo o pa\u00eds, em institui\u00e7\u00f5es p\u00fablicas e privadas, com capacidade de beneficiar cerca de 140 mil mulheres.<\/p>\n<p style=\"text-align: justify;\">A a\u00e7\u00e3o surgiu em 2010, com o objetivo de apoiar a mulher que retorna da licen\u00e7a-maternidade e deseja continuar amamentando o filho. As Salas de Apoio \u00e0 Amamenta\u00e7\u00e3o s\u00e3o locais simples e de baixo custo para as empresas, onde a mulher pode retirar o leite durante a jornada de trabalho e armazen\u00e1-lo corretamente para que ao final do expediente possa lev\u00e1-lo para casa e oferece-lo ao beb\u00ea.<\/p>\n<p style=\"text-align: justify;\">O representante da Organiza\u00e7\u00e3o Pan-Americana da Sa\u00fade (OPAS\/OMS) no Brasil, Joaqu\u00edn Molina, ressaltou a import\u00e2ncia dos pa\u00edses envolvidos na Semana Mundial de Amamenta\u00e7\u00e3o incentivarem o aleitamento materno. \u201cO leite materno \u00e9 um recurso natural capaz de preservar e melhorar a sa\u00fade, combater a pobreza e as desigualdades, melhorar a produtividade no trabalho, empoderar as mulheres e proteger a biodiversidade. Funciona como a primeira vacina de um beb\u00ea e d\u00e1 a ele todo o alimento que precisa. A OPAS reafirma o seu apoio ao Brasil no enfrentamento das barreiras que dificultam o livre acesso \u00e0s medidas de prote\u00e7\u00e3o e garantia ao aleitamento materno adequado\u201d.<\/p>\n<h5 style=\"text-align: justify;\">LICEN\u00c7A-PATERNIDADE<\/h5>\n<p style=\"text-align: justify;\">Em 2017, o Minist\u00e9rio da Sa\u00fade lan\u00e7ou documento para orientar pais e empresas sobre o benef\u00edcio da licen\u00e7a-paternidade estendida. Pelo novo Marco Legal da Primeira Inf\u00e2ncia (Lei n\u00ba 13.257\/2016), os pais podem prorrogar de cinco para 20 dias o per\u00edodo de licen\u00e7a.\u00a0 \u00a0A partir do documento elaborado pelo Minist\u00e9rio da Sa\u00fade, para que as empresas, dentro do Programa Empresa Cidad\u00e3, concedam o benef\u00edcio. Os pais podem entregar os seguintes comprovantes: declara\u00e7\u00e3o do profissional de sa\u00fade informando a participa\u00e7\u00e3o do pai no pr\u00e9-natal, em atividades educativas durante a gesta\u00e7\u00e3o ou visita \u00e0 maternidade.<\/p>\n<h5 style=\"text-align: justify;\">HOSPITAL AMIGO DA CRIAN\u00c7A<\/h5>\n<p style=\"text-align: justify;\">A iniciativa tem como objetivo diminuir a mortalidade infantil por meio do est\u00edmulo \u00e0 pr\u00e1tica da amamenta\u00e7\u00e3o, al\u00e9m de mobilizar e capacitar profissionais de sa\u00fade na aten\u00e7\u00e3o ao aleitamento materno, buscando evitar o desmame precoce. Atualmente, o pa\u00eds possui 324 hospitais Amigos da Crian\u00e7a.<\/p>\n<p style=\"text-align: justify;\">No Brasil, 67,7% das crian\u00e7as mamam na primeira hora de vida e a dura\u00e7\u00e3o m\u00e9dia<br \/>\ndo aleitamento exclusivo \u00e9 de 54 dias. Aproximadamente 41% das crian\u00e7as menores de seis meses tiveram alimenta\u00e7\u00e3o exclusivamente por leito materno no pa\u00eds.<\/p>\n<p style=\"text-align: justify;\"><em>Fonte:\u00a0<a href=\"http:\/\/portalms.saude.gov.br\/noticias\/agencia-saude\/43891-ministerio-da-saude-lanca-nova-campanha-de-amamentacao\">Ag\u00eancia Sa\u00fade<\/a><\/em><\/p>\n","protected":false},"excerpt":{"rendered":"<p>A campanha visa incentivar a amamenta\u00e7\u00e3o materna exclusiva at\u00e9 os seis meses de vida, contribuindo para o desenvolvimento e prote\u00e7\u00e3o da crian\u00e7a Com o slogan\u00a0Amamenta\u00e7\u00e3o \u00e9 a Base da Vida, a nova campanha de aleitamento, lan\u00e7ada nesta sexta-feira (27), em alus\u00e3o \u00e0 Semana Mundial da Amamenta\u00e7\u00e3o (1\u00b0 a 7 de agosto), refor\u00e7a a import\u00e2ncia do [&hellip;]<\/p>\n","protected":false},"author":1,"featured_media":13522,"comment_status":"open","ping_status":"open","sticky":false,"template":"","format":"standard","meta":{"footnotes":""},"categories":[140],"tags":[],"class_list":["post-13521","post","type-post","status-publish","format-standard","has-post-thumbnail","hentry","category-noticias"],"yoast_head":"<!-- This site is optimized with the Yoast SEO plugin v26.9 - https:\/\/yoast.com\/product\/yoast-seo-wordpress\/ -->\n<title>Minist\u00e9rio da Sa\u00fade lan\u00e7a Campanha de Amamenta\u00e7\u00e3o - Federassantas<\/title>\n<meta name=\"robots\" content=\"index, follow, max-snippet:-1, max-image-preview:large, max-video-preview:-1\" \/>\n<link rel=\"canonical\" href=\"https:\/\/www.federassantas.org.br\/novosite\/ministerio-da-saude-lanca-campanha-de-amamentacao\/\" \/>\n<meta property=\"og:locale\" content=\"pt_BR\" \/>\n<meta property=\"og:type\" content=\"article\" \/>\n<meta property=\"og:title\" content=\"Minist\u00e9rio da Sa\u00fade lan\u00e7a Campanha de Amamenta\u00e7\u00e3o - Federassantas\" \/>\n<meta property=\"og:description\" content=\"A campanha visa incentivar a amamenta\u00e7\u00e3o materna exclusiva at\u00e9 os seis meses de vida, contribuindo para o desenvolvimento e prote\u00e7\u00e3o da crian\u00e7a Com o slogan\u00a0Amamenta\u00e7\u00e3o \u00e9 a Base da Vida, a nova campanha de aleitamento, lan\u00e7ada nesta sexta-feira (27), em alus\u00e3o \u00e0 Semana Mundial da Amamenta\u00e7\u00e3o (1\u00b0 a 7 de agosto), refor\u00e7a a import\u00e2ncia do [&hellip;]\" \/>\n<meta property=\"og:url\" content=\"https:\/\/www.federassantas.org.br\/novosite\/ministerio-da-saude-lanca-campanha-de-amamentacao\/\" \/>\n<meta property=\"og:site_name\" content=\"Federassantas\" \/>\n<meta property=\"article:published_time\" content=\"2018-08-01T17:33:22+00:00\" \/>\n<meta name=\"author\" content=\"admin-federas\" \/>\n<meta name=\"twitter:card\" content=\"summary_large_image\" \/>\n<meta name=\"twitter:label1\" content=\"Escrito por\" \/>\n\t<meta name=\"twitter:data1\" content=\"admin-federas\" \/>\n\t<meta name=\"twitter:label2\" content=\"Est. tempo de leitura\" \/>\n\t<meta name=\"twitter:data2\" content=\"5 minutos\" \/>\n<script type=\"application\/ld+json\" class=\"yoast-schema-graph\">{\"@context\":\"https:\/\/schema.org\",\"@graph\":[{\"@type\":\"Article\",\"@id\":\"https:\/\/www.federassantas.org.br\/novosite\/ministerio-da-saude-lanca-campanha-de-amamentacao\/#article\",\"isPartOf\":{\"@id\":\"https:\/\/www.federassantas.org.br\/novosite\/ministerio-da-saude-lanca-campanha-de-amamentacao\/\"},\"author\":{\"name\":\"admin-federas\",\"@id\":\"https:\/\/www.federassantas.org.br\/novosite\/#\/schema\/person\/75fed98158349313fe56175f232f513c\"},\"headline\":\"Minist\u00e9rio da Sa\u00fade lan\u00e7a Campanha de Amamenta\u00e7\u00e3o\",\"datePublished\":\"2018-08-01T17:33:22+00:00\",\"mainEntityOfPage\":{\"@id\":\"https:\/\/www.federassantas.org.br\/novosite\/ministerio-da-saude-lanca-campanha-de-amamentacao\/\"},\"wordCount\":953,\"commentCount\":0,\"publisher\":{\"@id\":\"https:\/\/www.federassantas.org.br\/novosite\/#organization\"},\"image\":{\"@id\":\"https:\/\/www.federassantas.org.br\/novosite\/ministerio-da-saude-lanca-campanha-de-amamentacao\/#primaryimage\"},\"thumbnailUrl\":\"\",\"articleSection\":[\"Not\u00edcias\"],\"inLanguage\":\"pt-BR\",\"potentialAction\":[{\"@type\":\"CommentAction\",\"name\":\"Comment\",\"target\":[\"https:\/\/www.federassantas.org.br\/novosite\/ministerio-da-saude-lanca-campanha-de-amamentacao\/#respond\"]}]},{\"@type\":\"WebPage\",\"@id\":\"https:\/\/www.federassantas.org.br\/novosite\/ministerio-da-saude-lanca-campanha-de-amamentacao\/\",\"url\":\"https:\/\/www.federassantas.org.br\/novosite\/ministerio-da-saude-lanca-campanha-de-amamentacao\/\",\"name\":\"Minist\u00e9rio da Sa\u00fade lan\u00e7a Campanha de Amamenta\u00e7\u00e3o - Federassantas\",\"isPartOf\":{\"@id\":\"https:\/\/www.federassantas.org.br\/novosite\/#website\"},\"primaryImageOfPage\":{\"@id\":\"https:\/\/www.federassantas.org.br\/novosite\/ministerio-da-saude-lanca-campanha-de-amamentacao\/#primaryimage\"},\"image\":{\"@id\":\"https:\/\/www.federassantas.org.br\/novosite\/ministerio-da-saude-lanca-campanha-de-amamentacao\/#primaryimage\"},\"thumbnailUrl\":\"\",\"datePublished\":\"2018-08-01T17:33:22+00:00\",\"breadcrumb\":{\"@id\":\"https:\/\/www.federassantas.org.br\/novosite\/ministerio-da-saude-lanca-campanha-de-amamentacao\/#breadcrumb\"},\"inLanguage\":\"pt-BR\",\"potentialAction\":[{\"@type\":\"ReadAction\",\"target\":[\"https:\/\/www.federassantas.org.br\/novosite\/ministerio-da-saude-lanca-campanha-de-amamentacao\/\"]}]},{\"@type\":\"ImageObject\",\"inLanguage\":\"pt-BR\",\"@id\":\"https:\/\/www.federassantas.org.br\/novosite\/ministerio-da-saude-lanca-campanha-de-amamentacao\/#primaryimage\",\"url\":\"\",\"contentUrl\":\"\"},{\"@type\":\"BreadcrumbList\",\"@id\":\"https:\/\/www.federassantas.org.br\/novosite\/ministerio-da-saude-lanca-campanha-de-amamentacao\/#breadcrumb\",\"itemListElement\":[{\"@type\":\"ListItem\",\"position\":1,\"name\":\"In\u00edcio\",\"item\":\"https:\/\/www.federassantas.org.br\/novosite\/\"},{\"@type\":\"ListItem\",\"position\":2,\"name\":\"Minist\u00e9rio da Sa\u00fade lan\u00e7a Campanha de Amamenta\u00e7\u00e3o\"}]},{\"@type\":\"WebSite\",\"@id\":\"https:\/\/www.federassantas.org.br\/novosite\/#website\",\"url\":\"https:\/\/www.federassantas.org.br\/novosite\/\",\"name\":\"Federassantas\",\"description\":\"Entidade de representa\u00e7\u00e3o e fortalecimento das Santas Casas, hospitais filantr\u00f3picos e entidades beneficentes de sa\u00fade de Minas Gerais, atuando na defesa institucional, qualifica\u00e7\u00e3o da gest\u00e3o e sustentabilidade do setor.\",\"publisher\":{\"@id\":\"https:\/\/www.federassantas.org.br\/novosite\/#organization\"},\"potentialAction\":[{\"@type\":\"SearchAction\",\"target\":{\"@type\":\"EntryPoint\",\"urlTemplate\":\"https:\/\/www.federassantas.org.br\/novosite\/?s={search_term_string}\"},\"query-input\":{\"@type\":\"PropertyValueSpecification\",\"valueRequired\":true,\"valueName\":\"search_term_string\"}}],\"inLanguage\":\"pt-BR\"},{\"@type\":\"Organization\",\"@id\":\"https:\/\/www.federassantas.org.br\/novosite\/#organization\",\"name\":\"Federassantas\",\"url\":\"https:\/\/www.federassantas.org.br\/novosite\/\",\"logo\":{\"@type\":\"ImageObject\",\"inLanguage\":\"pt-BR\",\"@id\":\"https:\/\/www.federassantas.org.br\/novosite\/#\/schema\/logo\/image\/\",\"url\":\"https:\/\/www.federassantas.org.br\/novosite\/wp-content\/uploads\/2021\/12\/logo.png\",\"contentUrl\":\"https:\/\/www.federassantas.org.br\/novosite\/wp-content\/uploads\/2021\/12\/logo.png\",\"width\":243,\"height\":59,\"caption\":\"Federassantas\"},\"image\":{\"@id\":\"https:\/\/www.federassantas.org.br\/novosite\/#\/schema\/logo\/image\/\"}},{\"@type\":\"Person\",\"@id\":\"https:\/\/www.federassantas.org.br\/novosite\/#\/schema\/person\/75fed98158349313fe56175f232f513c\",\"name\":\"admin-federas\",\"image\":{\"@type\":\"ImageObject\",\"inLanguage\":\"pt-BR\",\"@id\":\"https:\/\/www.federassantas.org.br\/novosite\/#\/schema\/person\/image\/\",\"url\":\"https:\/\/secure.gravatar.com\/avatar\/2a02d7dda59fe8dc6b7ffd3f652e2efede5ccf0dd89dfdc8137c5517f3de8407?s=96&d=mm&r=g\",\"contentUrl\":\"https:\/\/secure.gravatar.com\/avatar\/2a02d7dda59fe8dc6b7ffd3f652e2efede5ccf0dd89dfdc8137c5517f3de8407?s=96&d=mm&r=g\",\"caption\":\"admin-federas\"},\"sameAs\":[\"https:\/\/www.federassantas.org.br\/novosite\/\"],\"url\":\"https:\/\/www.federassantas.org.br\/novosite\/author\/admin-federas\/\"}]}<\/script>\n<!-- \/ Yoast SEO plugin. -->","yoast_head_json":{"title":"Minist\u00e9rio da Sa\u00fade lan\u00e7a Campanha de Amamenta\u00e7\u00e3o - Federassantas","robots":{"index":"index","follow":"follow","max-snippet":"max-snippet:-1","max-image-preview":"max-image-preview:large","max-video-preview":"max-video-preview:-1"},"canonical":"https:\/\/www.federassantas.org.br\/novosite\/ministerio-da-saude-lanca-campanha-de-amamentacao\/","og_locale":"pt_BR","og_type":"article","og_title":"Minist\u00e9rio da Sa\u00fade lan\u00e7a Campanha de Amamenta\u00e7\u00e3o - Federassantas","og_description":"A campanha visa incentivar a amamenta\u00e7\u00e3o materna exclusiva at\u00e9 os seis meses de vida, contribuindo para o desenvolvimento e prote\u00e7\u00e3o da crian\u00e7a Com o slogan\u00a0Amamenta\u00e7\u00e3o \u00e9 a Base da Vida, a nova campanha de aleitamento, lan\u00e7ada nesta sexta-feira (27), em alus\u00e3o \u00e0 Semana Mundial da Amamenta\u00e7\u00e3o (1\u00b0 a 7 de agosto), refor\u00e7a a import\u00e2ncia do [&hellip;]","og_url":"https:\/\/www.federassantas.org.br\/novosite\/ministerio-da-saude-lanca-campanha-de-amamentacao\/","og_site_name":"Federassantas","article_published_time":"2018-08-01T17:33:22+00:00","author":"admin-federas","twitter_card":"summary_large_image","twitter_misc":{"Escrito por":"admin-federas","Est. tempo de leitura":"5 minutos"},"schema":{"@context":"https:\/\/schema.org","@graph":[{"@type":"Article","@id":"https:\/\/www.federassantas.org.br\/novosite\/ministerio-da-saude-lanca-campanha-de-amamentacao\/#article","isPartOf":{"@id":"https:\/\/www.federassantas.org.br\/novosite\/ministerio-da-saude-lanca-campanha-de-amamentacao\/"},"author":{"name":"admin-federas","@id":"https:\/\/www.federassantas.org.br\/novosite\/#\/schema\/person\/75fed98158349313fe56175f232f513c"},"headline":"Minist\u00e9rio da Sa\u00fade lan\u00e7a Campanha de Amamenta\u00e7\u00e3o","datePublished":"2018-08-01T17:33:22+00:00","mainEntityOfPage":{"@id":"https:\/\/www.federassantas.org.br\/novosite\/ministerio-da-saude-lanca-campanha-de-amamentacao\/"},"wordCount":953,"commentCount":0,"publisher":{"@id":"https:\/\/www.federassantas.org.br\/novosite\/#organization"},"image":{"@id":"https:\/\/www.federassantas.org.br\/novosite\/ministerio-da-saude-lanca-campanha-de-amamentacao\/#primaryimage"},"thumbnailUrl":"","articleSection":["Not\u00edcias"],"inLanguage":"pt-BR","potentialAction":[{"@type":"CommentAction","name":"Comment","target":["https:\/\/www.federassantas.org.br\/novosite\/ministerio-da-saude-lanca-campanha-de-amamentacao\/#respond"]}]},{"@type":"WebPage","@id":"https:\/\/www.federassantas.org.br\/novosite\/ministerio-da-saude-lanca-campanha-de-amamentacao\/","url":"https:\/\/www.federassantas.org.br\/novosite\/ministerio-da-saude-lanca-campanha-de-amamentacao\/","name":"Minist\u00e9rio da Sa\u00fade lan\u00e7a Campanha de Amamenta\u00e7\u00e3o - Federassantas","isPartOf":{"@id":"https:\/\/www.federassantas.org.br\/novosite\/#website"},"primaryImageOfPage":{"@id":"https:\/\/www.federassantas.org.br\/novosite\/ministerio-da-saude-lanca-campanha-de-amamentacao\/#primaryimage"},"image":{"@id":"https:\/\/www.federassantas.org.br\/novosite\/ministerio-da-saude-lanca-campanha-de-amamentacao\/#primaryimage"},"thumbnailUrl":"","datePublished":"2018-08-01T17:33:22+00:00","breadcrumb":{"@id":"https:\/\/www.federassantas.org.br\/novosite\/ministerio-da-saude-lanca-campanha-de-amamentacao\/#breadcrumb"},"inLanguage":"pt-BR","potentialAction":[{"@type":"ReadAction","target":["https:\/\/www.federassantas.org.br\/novosite\/ministerio-da-saude-lanca-campanha-de-amamentacao\/"]}]},{"@type":"ImageObject","inLanguage":"pt-BR","@id":"https:\/\/www.federassantas.org.br\/novosite\/ministerio-da-saude-lanca-campanha-de-amamentacao\/#primaryimage","url":"","contentUrl":""},{"@type":"BreadcrumbList","@id":"https:\/\/www.federassantas.org.br\/novosite\/ministerio-da-saude-lanca-campanha-de-amamentacao\/#breadcrumb","itemListElement":[{"@type":"ListItem","position":1,"name":"In\u00edcio","item":"https:\/\/www.federassantas.org.br\/novosite\/"},{"@type":"ListItem","position":2,"name":"Minist\u00e9rio da Sa\u00fade lan\u00e7a Campanha de Amamenta\u00e7\u00e3o"}]},{"@type":"WebSite","@id":"https:\/\/www.federassantas.org.br\/novosite\/#website","url":"https:\/\/www.federassantas.org.br\/novosite\/","name":"Federassantas","description":"Entidade de representa\u00e7\u00e3o e fortalecimento das Santas Casas, hospitais filantr\u00f3picos e entidades beneficentes de sa\u00fade de Minas Gerais, atuando na defesa institucional, qualifica\u00e7\u00e3o da gest\u00e3o e sustentabilidade do setor.","publisher":{"@id":"https:\/\/www.federassantas.org.br\/novosite\/#organization"},"potentialAction":[{"@type":"SearchAction","target":{"@type":"EntryPoint","urlTemplate":"https:\/\/www.federassantas.org.br\/novosite\/?s={search_term_string}"},"query-input":{"@type":"PropertyValueSpecification","valueRequired":true,"valueName":"search_term_string"}}],"inLanguage":"pt-BR"},{"@type":"Organization","@id":"https:\/\/www.federassantas.org.br\/novosite\/#organization","name":"Federassantas","url":"https:\/\/www.federassantas.org.br\/novosite\/","logo":{"@type":"ImageObject","inLanguage":"pt-BR","@id":"https:\/\/www.federassantas.org.br\/novosite\/#\/schema\/logo\/image\/","url":"https:\/\/www.federassantas.org.br\/novosite\/wp-content\/uploads\/2021\/12\/logo.png","contentUrl":"https:\/\/www.federassantas.org.br\/novosite\/wp-content\/uploads\/2021\/12\/logo.png","width":243,"height":59,"caption":"Federassantas"},"image":{"@id":"https:\/\/www.federassantas.org.br\/novosite\/#\/schema\/logo\/image\/"}},{"@type":"Person","@id":"https:\/\/www.federassantas.org.br\/novosite\/#\/schema\/person\/75fed98158349313fe56175f232f513c","name":"admin-federas","image":{"@type":"ImageObject","inLanguage":"pt-BR","@id":"https:\/\/www.federassantas.org.br\/novosite\/#\/schema\/person\/image\/","url":"https:\/\/secure.gravatar.com\/avatar\/2a02d7dda59fe8dc6b7ffd3f652e2efede5ccf0dd89dfdc8137c5517f3de8407?s=96&d=mm&r=g","contentUrl":"https:\/\/secure.gravatar.com\/avatar\/2a02d7dda59fe8dc6b7ffd3f652e2efede5ccf0dd89dfdc8137c5517f3de8407?s=96&d=mm&r=g","caption":"admin-federas"},"sameAs":["https:\/\/www.federassantas.org.br\/novosite\/"],"url":"https:\/\/www.federassantas.org.br\/novosite\/author\/admin-federas\/"}]}},"_links":{"self":[{"href":"https:\/\/www.federassantas.org.br\/novosite\/wp-json\/wp\/v2\/posts\/13521","targetHints":{"allow":["GET"]}}],"collection":[{"href":"https:\/\/www.federassantas.org.br\/novosite\/wp-json\/wp\/v2\/posts"}],"about":[{"href":"https:\/\/www.federassantas.org.br\/novosite\/wp-json\/wp\/v2\/types\/post"}],"author":[{"embeddable":true,"href":"https:\/\/www.federassantas.org.br\/novosite\/wp-json\/wp\/v2\/users\/1"}],"replies":[{"embeddable":true,"href":"https:\/\/www.federassantas.org.br\/novosite\/wp-json\/wp\/v2\/comments?post=13521"}],"version-history":[{"count":0,"href":"https:\/\/www.federassantas.org.br\/novosite\/wp-json\/wp\/v2\/posts\/13521\/revisions"}],"wp:attachment":[{"href":"https:\/\/www.federassantas.org.br\/novosite\/wp-json\/wp\/v2\/media?parent=13521"}],"wp:term":[{"taxonomy":"category","embeddable":true,"href":"https:\/\/www.federassantas.org.br\/novosite\/wp-json\/wp\/v2\/categories?post=13521"},{"taxonomy":"post_tag","embeddable":true,"href":"https:\/\/www.federassantas.org.br\/novosite\/wp-json\/wp\/v2\/tags?post=13521"}],"curies":[{"name":"wp","href":"https:\/\/api.w.org\/{rel}","templated":true}]}}