{"id":13553,"date":"2018-08-06T18:31:47","date_gmt":"2018-08-06T21:31:47","guid":{"rendered":"https:\/\/federasbackup.meltcomunicacao.com.br\/?p=13553"},"modified":"2018-08-06T18:31:47","modified_gmt":"2018-08-06T21:31:47","slug":"comeca-campanha-de-vacinacao-contra-poliomielite-e-sarampo","status":"publish","type":"post","link":"https:\/\/www.federassantas.org.br\/novosite\/comeca-campanha-de-vacinacao-contra-poliomielite-e-sarampo\/","title":{"rendered":"Come\u00e7a campanha de vacina\u00e7\u00e3o contra poliomielite e sarampo"},"content":{"rendered":"<p style=\"text-align: justify;\">A partir desta segunda-feira (06), todas as crian\u00e7as de um ano a menores de cinco devem se vacinar contra a p\u00f3lio e sarampo, independente da situa\u00e7\u00e3o vacinal. A nova Campanha Nacional de Vacina\u00e7\u00e3o Contra a poliomielite e sarampo vai at\u00e9 o dia 31\/08. O dia D de mobiliza\u00e7\u00e3o nacional ser\u00e1 no pr\u00f3ximo s\u00e1bado, 18 de agosto, quando os mais de 36 mil postos estar\u00e3o abertos. A meta do Minist\u00e9rio da Sa\u00fade \u00e9 vacinar, pelo menos, 95% das 11,2 milh\u00f5es de crian\u00e7as dessa faixa et\u00e1ria e diminuir a possibilidade de retorno da p\u00f3lio e reemerg\u00eancia do sarampo, doen\u00e7as j\u00e1 eliminadas no Brasil. A madrinha da campanha deste ano \u00e9 a Xuxa, eterna rainha dos baixinhos.<\/p>\n<p style=\"text-align: justify;\">\u201c\u00c0s vezes enfrentamos uma situa\u00e7\u00e3o como essa de baixa cobertura vacinal que nos traz um alerta, porque temos uma falsa impress\u00e3o de que a doen\u00e7a foi eliminada do pa\u00eds. Mas \u00e9 a cobertura vacinal elevada que faz a doen\u00e7a desaparecer. E \u00e9 por isso que devemos continuar vacinando nossos filhos, para manter essas doen\u00e7as longe do Brasil\u201d, ressaltou o ministro da Sa\u00fade Gilberto Occhi no lan\u00e7amento da campanha.<\/p>\n<p style=\"text-align: justify;\">Neste ano, a campanha de vacina\u00e7\u00e3o ser\u00e1 feita de forma indiscriminada para manter coberturas homog\u00eaneas de vacina\u00e7\u00e3o. Para a poliomielite, as crian\u00e7as que n\u00e3o tomaram nenhuma dose durante a vida, receber\u00e3o a VIP. J\u00e1 os menores de cinco anos que j\u00e1 tiverem tomado uma ou mais doses da vacina, receber\u00e3o a VOP, a gotinha. Em rela\u00e7\u00e3o ao sarampo, todas as crian\u00e7as receber\u00e3o uma dose da vacina Tr\u00edplice viral, independente da situa\u00e7\u00e3o vacinal, desde que n\u00e3o tenham sido vacinadas nos \u00faltimos trinta dias.<\/p>\n<p style=\"text-align: justify;\">\u201cVacinando desta forma criarmos uma barreira sanit\u00e1ria, uma imunidade de grupo. Rapidamente teremos a oportunidade de garantir que, mesmo que os v\u00edrus da p\u00f3lio e sarampo entrem no pa\u00eds, n\u00e3o encontrem uma fonte de infec\u00e7\u00e3o\u201d, explica a coordenadora do Programa Nacional de Imuniza\u00e7\u00f5es do Minist\u00e9rio da Sa\u00fade, Carla Domingues. Ela tamb\u00e9m ressalta que \u00e9 uma oportunidade de corrigir falhas vacinas. \u201c As crian\u00e7as, por terem o sistema imunol\u00f3gico mais fr\u00e1gil, podem n\u00e3o responder imunologicamente \u00e0 vacina\u201d, esclarece a coordenadora.<\/p>\n<p style=\"text-align: justify;\">Nos estados que registraram surtos de sarampo, a vacina\u00e7\u00e3o foi antecipada como medida de bloqueio para interromper a circula\u00e7\u00e3o do v\u00edrus. Em Roraima, a campanha iniciou em mar\u00e7o e envolveu pessoas de 6 meses a 49 anos. J\u00e1 em Manaus (AM), aconteceu em abril e o p\u00fablico vacinado foi de 6 meses a 29 anos de idade. E, em Rond\u00f4nia, a vacina\u00e7\u00e3o est\u00e1 em andamento para crian\u00e7as de 6 meses a menores de cinco anos. Durante a mobiliza\u00e7\u00e3o nacional, esses estados devem convocar novamente as crian\u00e7as, na mesma faixa et\u00e1ria, de um a menores de cinco anos. O Minist\u00e9rio da Sa\u00fade oferta todas as vacinas recomendadas pela Organiza\u00e7\u00e3o Mundial da Sa\u00fade (OMS) que est\u00e3o disponibilizadas no SUS. Ao todo, s\u00e3o 19 para combater mais de 20 doen\u00e7as, em todas as faixas et\u00e1rias. Por ano, s\u00e3o cerca de 300 milh\u00f5es de doses de imunobiol\u00f3gicos distribu\u00eddos em todo o pa\u00eds.<\/p>\n<h4 style=\"text-align: justify;\">CAMPANHA PUBLICIT\u00c1RIA<\/h4>\n<p style=\"text-align: justify;\">Para mobilizar a popula\u00e7\u00e3o, o Minist\u00e9rio da Sa\u00fade conta, neste ano, com o apoio da Xuxa, a eterna rainha dos baixinhos. N\u00e3o \u00e9 a primeira vez que ela \u00e9 madrinha de uma campanha de vacina\u00e7\u00e3o do Minist\u00e9rio da Sa\u00fade. Nos anos 1980, Xuxa tamb\u00e9m estrelou uma campanha de vacina\u00e7\u00e3o que bateu recordes e foi reconhecida at\u00e9 pela Organiza\u00e7\u00e3o Mundial da Sa\u00fade (OMS). As pe\u00e7as para TV, r\u00e1dio, impressos e redes sociais, ser\u00e3o exibidas de 1\u00ba a 31 de agosto. O filme, gravado em 3D, faz uma viagem ao passado, nas d\u00e9cadas de 80\/90, quando nasceu o Z\u00e9 Gotinha e tamb\u00e9m quando o Brasil assumiu o compromisso de eliminar o sarampo e a poliomielite. Xuxa e o Z\u00e9 Gotinha contar\u00e3o com o apoio da Galinha Pintadinha e dan\u00e7arinos do game Just Dance.<\/p>\n<h4 style=\"text-align: justify;\">QUEDA NA VACINA<\/h4>\n<p style=\"text-align: justify;\">Desde que observou redu\u00e7\u00e3o nas coberturas vacinais do pa\u00eds, o Minist\u00e9rio da Sa\u00fade tem alertado sobre o risco da volta de doen\u00e7as que j\u00e1 n\u00e3o circulavam no Brasil, como \u00e9 o caso do sarampo. Entre as principais causas, pode-se apontar o pr\u00f3prio sucesso do Programa Nacional de Imuniza\u00e7\u00f5es, que conseguiu altas coberturas vacinais durante os seus 44 anos de exist\u00eancia. Outros fatores s\u00e3o: desconhecimento individual de doen\u00e7as j\u00e1 eliminadas; hor\u00e1rios de funcionamento das unidades de sa\u00fade incompat\u00edveis com as novas rotinas da popula\u00e7\u00e3o; circula\u00e7\u00e3o de not\u00edcias falsas na internet e Whats App causando d\u00favidas sobre a seguran\u00e7a e efic\u00e1cia das vacinas; bem como a inadequada alimenta\u00e7\u00e3o dos sistemas de informa\u00e7\u00e3o.<\/p>\n<p style=\"text-align: justify;\">Para os estados que est\u00e3o abaixo da meta de vacina\u00e7\u00e3o, o Minist\u00e9rio da Sa\u00fade tem orientado os gestores locais que organizem suas redes, inclusive com a possibilidade de readequa\u00e7\u00e3o de hor\u00e1rios mais compat\u00edveis. Outra orienta\u00e7\u00e3o \u00e9 refor\u00e7ar as parcerias com creches e escolas, ambientes que potencializam a mobiliza\u00e7\u00e3o sobre a vacina por envolver professores e a fam\u00edlia. A Pasta ainda alerta para a import\u00e2ncia de manter os sistemas de informa\u00e7\u00e3o devidamente atualizados.<\/p>\n<p style=\"text-align: justify;\">Saiba mais em:\u00a0<a href=\"http:\/\/portalms.saude.gov.br\/noticias\/agencia-saude\/43976-segunda-e-dia-de-vacina-contra-polio-e-sarampo\">http:\/\/portalms.saude.gov.br\/noticias\/agencia-saude\/43976-segunda-e-dia-de-vacina-contra-polio-e-sarampo<\/a><\/p>\n<p style=\"text-align: justify;\">Fonte:\u00a0<a href=\"http:\/\/portalms.saude.gov.br\/noticias\/agencia-saude\/43976-segunda-e-dia-de-vacina-contra-polio-e-sarampo\">Ag\u00eancia Sa\u00fade<\/a><\/p>\n","protected":false},"excerpt":{"rendered":"<p>A partir desta segunda-feira (06), todas as crian\u00e7as de um ano a menores de cinco devem se vacinar contra a p\u00f3lio e sarampo, independente da situa\u00e7\u00e3o vacinal. A nova Campanha Nacional de Vacina\u00e7\u00e3o Contra a poliomielite e sarampo vai at\u00e9 o dia 31\/08. O dia D de mobiliza\u00e7\u00e3o nacional ser\u00e1 no pr\u00f3ximo s\u00e1bado, 18 de [&hellip;]<\/p>\n","protected":false},"author":1,"featured_media":13554,"comment_status":"open","ping_status":"open","sticky":false,"template":"","format":"standard","meta":{"footnotes":""},"categories":[140],"tags":[],"class_list":["post-13553","post","type-post","status-publish","format-standard","has-post-thumbnail","hentry","category-noticias"],"yoast_head":"<!-- This site is optimized with the Yoast SEO plugin v26.9 - https:\/\/yoast.com\/product\/yoast-seo-wordpress\/ -->\n<title>Come\u00e7a campanha de vacina\u00e7\u00e3o contra poliomielite e sarampo - Federassantas<\/title>\n<meta name=\"robots\" content=\"index, follow, max-snippet:-1, max-image-preview:large, max-video-preview:-1\" \/>\n<link rel=\"canonical\" href=\"https:\/\/www.federassantas.org.br\/novosite\/comeca-campanha-de-vacinacao-contra-poliomielite-e-sarampo\/\" \/>\n<meta property=\"og:locale\" content=\"pt_BR\" \/>\n<meta property=\"og:type\" content=\"article\" \/>\n<meta property=\"og:title\" content=\"Come\u00e7a campanha de vacina\u00e7\u00e3o contra poliomielite e sarampo - Federassantas\" \/>\n<meta property=\"og:description\" content=\"A partir desta segunda-feira (06), todas as crian\u00e7as de um ano a menores de cinco devem se vacinar contra a p\u00f3lio e sarampo, independente da situa\u00e7\u00e3o vacinal. A nova Campanha Nacional de Vacina\u00e7\u00e3o Contra a poliomielite e sarampo vai at\u00e9 o dia 31\/08. O dia D de mobiliza\u00e7\u00e3o nacional ser\u00e1 no pr\u00f3ximo s\u00e1bado, 18 de [&hellip;]\" \/>\n<meta property=\"og:url\" content=\"https:\/\/www.federassantas.org.br\/novosite\/comeca-campanha-de-vacinacao-contra-poliomielite-e-sarampo\/\" \/>\n<meta property=\"og:site_name\" content=\"Federassantas\" \/>\n<meta property=\"article:published_time\" content=\"2018-08-06T21:31:47+00:00\" \/>\n<meta name=\"author\" content=\"admin-federas\" \/>\n<meta name=\"twitter:card\" content=\"summary_large_image\" \/>\n<meta name=\"twitter:label1\" content=\"Escrito por\" \/>\n\t<meta name=\"twitter:data1\" content=\"admin-federas\" \/>\n\t<meta name=\"twitter:label2\" content=\"Est. tempo de leitura\" \/>\n\t<meta name=\"twitter:data2\" content=\"5 minutos\" \/>\n<script type=\"application\/ld+json\" class=\"yoast-schema-graph\">{\"@context\":\"https:\/\/schema.org\",\"@graph\":[{\"@type\":\"Article\",\"@id\":\"https:\/\/www.federassantas.org.br\/novosite\/comeca-campanha-de-vacinacao-contra-poliomielite-e-sarampo\/#article\",\"isPartOf\":{\"@id\":\"https:\/\/www.federassantas.org.br\/novosite\/comeca-campanha-de-vacinacao-contra-poliomielite-e-sarampo\/\"},\"author\":{\"name\":\"admin-federas\",\"@id\":\"https:\/\/www.federassantas.org.br\/novosite\/#\/schema\/person\/75fed98158349313fe56175f232f513c\"},\"headline\":\"Come\u00e7a campanha de vacina\u00e7\u00e3o contra poliomielite e sarampo\",\"datePublished\":\"2018-08-06T21:31:47+00:00\",\"mainEntityOfPage\":{\"@id\":\"https:\/\/www.federassantas.org.br\/novosite\/comeca-campanha-de-vacinacao-contra-poliomielite-e-sarampo\/\"},\"wordCount\":934,\"commentCount\":0,\"publisher\":{\"@id\":\"https:\/\/www.federassantas.org.br\/novosite\/#organization\"},\"image\":{\"@id\":\"https:\/\/www.federassantas.org.br\/novosite\/comeca-campanha-de-vacinacao-contra-poliomielite-e-sarampo\/#primaryimage\"},\"thumbnailUrl\":\"\",\"articleSection\":[\"Not\u00edcias\"],\"inLanguage\":\"pt-BR\",\"potentialAction\":[{\"@type\":\"CommentAction\",\"name\":\"Comment\",\"target\":[\"https:\/\/www.federassantas.org.br\/novosite\/comeca-campanha-de-vacinacao-contra-poliomielite-e-sarampo\/#respond\"]}]},{\"@type\":\"WebPage\",\"@id\":\"https:\/\/www.federassantas.org.br\/novosite\/comeca-campanha-de-vacinacao-contra-poliomielite-e-sarampo\/\",\"url\":\"https:\/\/www.federassantas.org.br\/novosite\/comeca-campanha-de-vacinacao-contra-poliomielite-e-sarampo\/\",\"name\":\"Come\u00e7a campanha de vacina\u00e7\u00e3o contra poliomielite e sarampo - Federassantas\",\"isPartOf\":{\"@id\":\"https:\/\/www.federassantas.org.br\/novosite\/#website\"},\"primaryImageOfPage\":{\"@id\":\"https:\/\/www.federassantas.org.br\/novosite\/comeca-campanha-de-vacinacao-contra-poliomielite-e-sarampo\/#primaryimage\"},\"image\":{\"@id\":\"https:\/\/www.federassantas.org.br\/novosite\/comeca-campanha-de-vacinacao-contra-poliomielite-e-sarampo\/#primaryimage\"},\"thumbnailUrl\":\"\",\"datePublished\":\"2018-08-06T21:31:47+00:00\",\"breadcrumb\":{\"@id\":\"https:\/\/www.federassantas.org.br\/novosite\/comeca-campanha-de-vacinacao-contra-poliomielite-e-sarampo\/#breadcrumb\"},\"inLanguage\":\"pt-BR\",\"potentialAction\":[{\"@type\":\"ReadAction\",\"target\":[\"https:\/\/www.federassantas.org.br\/novosite\/comeca-campanha-de-vacinacao-contra-poliomielite-e-sarampo\/\"]}]},{\"@type\":\"ImageObject\",\"inLanguage\":\"pt-BR\",\"@id\":\"https:\/\/www.federassantas.org.br\/novosite\/comeca-campanha-de-vacinacao-contra-poliomielite-e-sarampo\/#primaryimage\",\"url\":\"\",\"contentUrl\":\"\"},{\"@type\":\"BreadcrumbList\",\"@id\":\"https:\/\/www.federassantas.org.br\/novosite\/comeca-campanha-de-vacinacao-contra-poliomielite-e-sarampo\/#breadcrumb\",\"itemListElement\":[{\"@type\":\"ListItem\",\"position\":1,\"name\":\"In\u00edcio\",\"item\":\"https:\/\/www.federassantas.org.br\/novosite\/\"},{\"@type\":\"ListItem\",\"position\":2,\"name\":\"Come\u00e7a campanha de vacina\u00e7\u00e3o contra poliomielite e sarampo\"}]},{\"@type\":\"WebSite\",\"@id\":\"https:\/\/www.federassantas.org.br\/novosite\/#website\",\"url\":\"https:\/\/www.federassantas.org.br\/novosite\/\",\"name\":\"Federassantas\",\"description\":\"Entidade de representa\u00e7\u00e3o e fortalecimento das Santas Casas, hospitais filantr\u00f3picos e entidades beneficentes de sa\u00fade de Minas Gerais, atuando na defesa institucional, qualifica\u00e7\u00e3o da gest\u00e3o e sustentabilidade do setor.\",\"publisher\":{\"@id\":\"https:\/\/www.federassantas.org.br\/novosite\/#organization\"},\"potentialAction\":[{\"@type\":\"SearchAction\",\"target\":{\"@type\":\"EntryPoint\",\"urlTemplate\":\"https:\/\/www.federassantas.org.br\/novosite\/?s={search_term_string}\"},\"query-input\":{\"@type\":\"PropertyValueSpecification\",\"valueRequired\":true,\"valueName\":\"search_term_string\"}}],\"inLanguage\":\"pt-BR\"},{\"@type\":\"Organization\",\"@id\":\"https:\/\/www.federassantas.org.br\/novosite\/#organization\",\"name\":\"Federassantas\",\"url\":\"https:\/\/www.federassantas.org.br\/novosite\/\",\"logo\":{\"@type\":\"ImageObject\",\"inLanguage\":\"pt-BR\",\"@id\":\"https:\/\/www.federassantas.org.br\/novosite\/#\/schema\/logo\/image\/\",\"url\":\"https:\/\/www.federassantas.org.br\/novosite\/wp-content\/uploads\/2021\/12\/logo.png\",\"contentUrl\":\"https:\/\/www.federassantas.org.br\/novosite\/wp-content\/uploads\/2021\/12\/logo.png\",\"width\":243,\"height\":59,\"caption\":\"Federassantas\"},\"image\":{\"@id\":\"https:\/\/www.federassantas.org.br\/novosite\/#\/schema\/logo\/image\/\"}},{\"@type\":\"Person\",\"@id\":\"https:\/\/www.federassantas.org.br\/novosite\/#\/schema\/person\/75fed98158349313fe56175f232f513c\",\"name\":\"admin-federas\",\"image\":{\"@type\":\"ImageObject\",\"inLanguage\":\"pt-BR\",\"@id\":\"https:\/\/www.federassantas.org.br\/novosite\/#\/schema\/person\/image\/\",\"url\":\"https:\/\/secure.gravatar.com\/avatar\/2a02d7dda59fe8dc6b7ffd3f652e2efede5ccf0dd89dfdc8137c5517f3de8407?s=96&d=mm&r=g\",\"contentUrl\":\"https:\/\/secure.gravatar.com\/avatar\/2a02d7dda59fe8dc6b7ffd3f652e2efede5ccf0dd89dfdc8137c5517f3de8407?s=96&d=mm&r=g\",\"caption\":\"admin-federas\"},\"sameAs\":[\"https:\/\/www.federassantas.org.br\/novosite\/\"],\"url\":\"https:\/\/www.federassantas.org.br\/novosite\/author\/admin-federas\/\"}]}<\/script>\n<!-- \/ Yoast SEO plugin. -->","yoast_head_json":{"title":"Come\u00e7a campanha de vacina\u00e7\u00e3o contra poliomielite e sarampo - Federassantas","robots":{"index":"index","follow":"follow","max-snippet":"max-snippet:-1","max-image-preview":"max-image-preview:large","max-video-preview":"max-video-preview:-1"},"canonical":"https:\/\/www.federassantas.org.br\/novosite\/comeca-campanha-de-vacinacao-contra-poliomielite-e-sarampo\/","og_locale":"pt_BR","og_type":"article","og_title":"Come\u00e7a campanha de vacina\u00e7\u00e3o contra poliomielite e sarampo - Federassantas","og_description":"A partir desta segunda-feira (06), todas as crian\u00e7as de um ano a menores de cinco devem se vacinar contra a p\u00f3lio e sarampo, independente da situa\u00e7\u00e3o vacinal. A nova Campanha Nacional de Vacina\u00e7\u00e3o Contra a poliomielite e sarampo vai at\u00e9 o dia 31\/08. O dia D de mobiliza\u00e7\u00e3o nacional ser\u00e1 no pr\u00f3ximo s\u00e1bado, 18 de [&hellip;]","og_url":"https:\/\/www.federassantas.org.br\/novosite\/comeca-campanha-de-vacinacao-contra-poliomielite-e-sarampo\/","og_site_name":"Federassantas","article_published_time":"2018-08-06T21:31:47+00:00","author":"admin-federas","twitter_card":"summary_large_image","twitter_misc":{"Escrito por":"admin-federas","Est. tempo de leitura":"5 minutos"},"schema":{"@context":"https:\/\/schema.org","@graph":[{"@type":"Article","@id":"https:\/\/www.federassantas.org.br\/novosite\/comeca-campanha-de-vacinacao-contra-poliomielite-e-sarampo\/#article","isPartOf":{"@id":"https:\/\/www.federassantas.org.br\/novosite\/comeca-campanha-de-vacinacao-contra-poliomielite-e-sarampo\/"},"author":{"name":"admin-federas","@id":"https:\/\/www.federassantas.org.br\/novosite\/#\/schema\/person\/75fed98158349313fe56175f232f513c"},"headline":"Come\u00e7a campanha de vacina\u00e7\u00e3o contra poliomielite e sarampo","datePublished":"2018-08-06T21:31:47+00:00","mainEntityOfPage":{"@id":"https:\/\/www.federassantas.org.br\/novosite\/comeca-campanha-de-vacinacao-contra-poliomielite-e-sarampo\/"},"wordCount":934,"commentCount":0,"publisher":{"@id":"https:\/\/www.federassantas.org.br\/novosite\/#organization"},"image":{"@id":"https:\/\/www.federassantas.org.br\/novosite\/comeca-campanha-de-vacinacao-contra-poliomielite-e-sarampo\/#primaryimage"},"thumbnailUrl":"","articleSection":["Not\u00edcias"],"inLanguage":"pt-BR","potentialAction":[{"@type":"CommentAction","name":"Comment","target":["https:\/\/www.federassantas.org.br\/novosite\/comeca-campanha-de-vacinacao-contra-poliomielite-e-sarampo\/#respond"]}]},{"@type":"WebPage","@id":"https:\/\/www.federassantas.org.br\/novosite\/comeca-campanha-de-vacinacao-contra-poliomielite-e-sarampo\/","url":"https:\/\/www.federassantas.org.br\/novosite\/comeca-campanha-de-vacinacao-contra-poliomielite-e-sarampo\/","name":"Come\u00e7a campanha de vacina\u00e7\u00e3o contra poliomielite e sarampo - Federassantas","isPartOf":{"@id":"https:\/\/www.federassantas.org.br\/novosite\/#website"},"primaryImageOfPage":{"@id":"https:\/\/www.federassantas.org.br\/novosite\/comeca-campanha-de-vacinacao-contra-poliomielite-e-sarampo\/#primaryimage"},"image":{"@id":"https:\/\/www.federassantas.org.br\/novosite\/comeca-campanha-de-vacinacao-contra-poliomielite-e-sarampo\/#primaryimage"},"thumbnailUrl":"","datePublished":"2018-08-06T21:31:47+00:00","breadcrumb":{"@id":"https:\/\/www.federassantas.org.br\/novosite\/comeca-campanha-de-vacinacao-contra-poliomielite-e-sarampo\/#breadcrumb"},"inLanguage":"pt-BR","potentialAction":[{"@type":"ReadAction","target":["https:\/\/www.federassantas.org.br\/novosite\/comeca-campanha-de-vacinacao-contra-poliomielite-e-sarampo\/"]}]},{"@type":"ImageObject","inLanguage":"pt-BR","@id":"https:\/\/www.federassantas.org.br\/novosite\/comeca-campanha-de-vacinacao-contra-poliomielite-e-sarampo\/#primaryimage","url":"","contentUrl":""},{"@type":"BreadcrumbList","@id":"https:\/\/www.federassantas.org.br\/novosite\/comeca-campanha-de-vacinacao-contra-poliomielite-e-sarampo\/#breadcrumb","itemListElement":[{"@type":"ListItem","position":1,"name":"In\u00edcio","item":"https:\/\/www.federassantas.org.br\/novosite\/"},{"@type":"ListItem","position":2,"name":"Come\u00e7a campanha de vacina\u00e7\u00e3o contra poliomielite e sarampo"}]},{"@type":"WebSite","@id":"https:\/\/www.federassantas.org.br\/novosite\/#website","url":"https:\/\/www.federassantas.org.br\/novosite\/","name":"Federassantas","description":"Entidade de representa\u00e7\u00e3o e fortalecimento das Santas Casas, hospitais filantr\u00f3picos e entidades beneficentes de sa\u00fade de Minas Gerais, atuando na defesa institucional, qualifica\u00e7\u00e3o da gest\u00e3o e sustentabilidade do setor.","publisher":{"@id":"https:\/\/www.federassantas.org.br\/novosite\/#organization"},"potentialAction":[{"@type":"SearchAction","target":{"@type":"EntryPoint","urlTemplate":"https:\/\/www.federassantas.org.br\/novosite\/?s={search_term_string}"},"query-input":{"@type":"PropertyValueSpecification","valueRequired":true,"valueName":"search_term_string"}}],"inLanguage":"pt-BR"},{"@type":"Organization","@id":"https:\/\/www.federassantas.org.br\/novosite\/#organization","name":"Federassantas","url":"https:\/\/www.federassantas.org.br\/novosite\/","logo":{"@type":"ImageObject","inLanguage":"pt-BR","@id":"https:\/\/www.federassantas.org.br\/novosite\/#\/schema\/logo\/image\/","url":"https:\/\/www.federassantas.org.br\/novosite\/wp-content\/uploads\/2021\/12\/logo.png","contentUrl":"https:\/\/www.federassantas.org.br\/novosite\/wp-content\/uploads\/2021\/12\/logo.png","width":243,"height":59,"caption":"Federassantas"},"image":{"@id":"https:\/\/www.federassantas.org.br\/novosite\/#\/schema\/logo\/image\/"}},{"@type":"Person","@id":"https:\/\/www.federassantas.org.br\/novosite\/#\/schema\/person\/75fed98158349313fe56175f232f513c","name":"admin-federas","image":{"@type":"ImageObject","inLanguage":"pt-BR","@id":"https:\/\/www.federassantas.org.br\/novosite\/#\/schema\/person\/image\/","url":"https:\/\/secure.gravatar.com\/avatar\/2a02d7dda59fe8dc6b7ffd3f652e2efede5ccf0dd89dfdc8137c5517f3de8407?s=96&d=mm&r=g","contentUrl":"https:\/\/secure.gravatar.com\/avatar\/2a02d7dda59fe8dc6b7ffd3f652e2efede5ccf0dd89dfdc8137c5517f3de8407?s=96&d=mm&r=g","caption":"admin-federas"},"sameAs":["https:\/\/www.federassantas.org.br\/novosite\/"],"url":"https:\/\/www.federassantas.org.br\/novosite\/author\/admin-federas\/"}]}},"_links":{"self":[{"href":"https:\/\/www.federassantas.org.br\/novosite\/wp-json\/wp\/v2\/posts\/13553","targetHints":{"allow":["GET"]}}],"collection":[{"href":"https:\/\/www.federassantas.org.br\/novosite\/wp-json\/wp\/v2\/posts"}],"about":[{"href":"https:\/\/www.federassantas.org.br\/novosite\/wp-json\/wp\/v2\/types\/post"}],"author":[{"embeddable":true,"href":"https:\/\/www.federassantas.org.br\/novosite\/wp-json\/wp\/v2\/users\/1"}],"replies":[{"embeddable":true,"href":"https:\/\/www.federassantas.org.br\/novosite\/wp-json\/wp\/v2\/comments?post=13553"}],"version-history":[{"count":0,"href":"https:\/\/www.federassantas.org.br\/novosite\/wp-json\/wp\/v2\/posts\/13553\/revisions"}],"wp:attachment":[{"href":"https:\/\/www.federassantas.org.br\/novosite\/wp-json\/wp\/v2\/media?parent=13553"}],"wp:term":[{"taxonomy":"category","embeddable":true,"href":"https:\/\/www.federassantas.org.br\/novosite\/wp-json\/wp\/v2\/categories?post=13553"},{"taxonomy":"post_tag","embeddable":true,"href":"https:\/\/www.federassantas.org.br\/novosite\/wp-json\/wp\/v2\/tags?post=13553"}],"curies":[{"name":"wp","href":"https:\/\/api.w.org\/{rel}","templated":true}]}}