{"id":13562,"date":"2018-08-07T15:42:21","date_gmt":"2018-08-07T18:42:21","guid":{"rendered":"https:\/\/federasbackup.meltcomunicacao.com.br\/?p=13562"},"modified":"2018-08-07T15:42:21","modified_gmt":"2018-08-07T18:42:21","slug":"hospital-filantropico-tem-prejuizo-apos-chuva-de-granizo","status":"publish","type":"post","link":"https:\/\/www.federassantas.org.br\/novosite\/hospital-filantropico-tem-prejuizo-apos-chuva-de-granizo\/","title":{"rendered":"Hospital Filantr\u00f3pico tem preju\u00edzo ap\u00f3s chuva de granizo"},"content":{"rendered":"<p style=\"text-align: justify;\">Trinta cirurgias que seriam realizadas nesta ter\u00e7a-feira (7) no Hospital S\u00e3o Francisco, na Regi\u00e3o Nordeste de Belo Horizonte, foram canceladas depois que o bloco cir\u00fargico foi alagado durante o temporal desta segunda-feira (6). At\u00e9 o come\u00e7o desta tarde, os procedimentos n\u00e3o tinham sido remarcados.<\/p>\n<div class=\"mc-column content-text active-extra-styles \" data-block-type=\"unstyled\" data-block-weight=\"30\" data-block-id=\"8\">\n<p class=\"content-text__container \" style=\"text-align: justify;\" data-track-category=\"Link no Texto\" data-track-links=\"\">A \u00e1gua tamb\u00e9m afetou a farm\u00e1cia e medicamentos foram perdidos.\u00a0O elevador do hospital ficou alagado e n\u00e3o est\u00e1 funcionando, e deve levar duas semanas para voltar a operar. A \u00e1gua que estava na laje desceu pelo fosso e atingiu a \u00e1rea dos motores.<\/p>\n<div class=\"mc-column content-text active-extra-styles\" style=\"text-align: justify;\" data-block-type=\"raw\" data-block-weight=\"1\" data-block-id=\"11\">\n<div class=\"content-intertitle\">\n<h5>Doa\u00e7\u00e3o<\/h5>\n<\/div>\n<\/div>\n<div class=\"mc-column content-text active-extra-styles \" style=\"text-align: justify;\" data-block-type=\"unstyled\" data-block-weight=\"43\" data-block-id=\"12\">\n<p class=\"content-text__container \" data-track-category=\"Link no Texto\" data-track-links=\"\">A Funda\u00e7\u00e3o, filantr\u00f3pica que atende 100% pacientes do SUS, est\u00e1 recebendo doa\u00e7\u00f5es para tentar minimizar os estragos causados pelo temporal. Doa\u00e7\u00f5es podem ser feitas para a Funda\u00e7\u00e3o Hospitalar S\u00e3o Francisco de Assis, CNPJ: 13.025.354\/0001-32, Banco do Brasil, ag\u00eancia: 1614-4 e conta corrente: 13808-8.<\/p>\n<p data-track-category=\"Link no Texto\" data-track-links=\"\">Leia na \u00edntegra:\u00a0<a href=\"https:\/\/g1.globo.com\/mg\/minas-gerais\/noticia\/2018\/08\/07\/cirurgias-sao-canceladas-em-hospital-de-bh-apos-bloco-cirurgico-ser-alagado.ghtml\">https:\/\/g1.globo.com\/mg\/minas-gerais\/noticia\/2018\/08\/07\/cirurgias-sao-canceladas-em-hospital-de-bh-apos-bloco-cirurgico-ser-alagado.ghtml<\/a><\/p>\n<p data-track-category=\"Link no Texto\" data-track-links=\"\">Fonte: <a href=\"https:\/\/g1.globo.com\/mg\/minas-gerais\/noticia\/2018\/08\/07\/cirurgias-sao-canceladas-em-hospital-de-bh-apos-bloco-cirurgico-ser-alagado.ghtml\">G1<\/a><\/p>\n<\/div>\n<p style=\"text-align: justify;\" data-track-category=\"Link no Texto\" data-track-links=\"\">\n<\/div>\n","protected":false},"excerpt":{"rendered":"<p>Trinta cirurgias que seriam realizadas nesta ter\u00e7a-feira (7) no Hospital S\u00e3o Francisco, na Regi\u00e3o Nordeste de Belo Horizonte, foram canceladas depois que o bloco cir\u00fargico foi alagado durante o temporal desta segunda-feira (6). At\u00e9 o come\u00e7o desta tarde, os procedimentos n\u00e3o tinham sido remarcados. A \u00e1gua tamb\u00e9m afetou a farm\u00e1cia e medicamentos foram perdidos.\u00a0O elevador [&hellip;]<\/p>\n","protected":false},"author":1,"featured_media":13563,"comment_status":"open","ping_status":"open","sticky":false,"template":"","format":"standard","meta":{"footnotes":""},"categories":[140],"tags":[],"class_list":["post-13562","post","type-post","status-publish","format-standard","has-post-thumbnail","hentry","category-noticias"],"yoast_head":"<!-- This site is optimized with the Yoast SEO plugin v26.9 - https:\/\/yoast.com\/product\/yoast-seo-wordpress\/ -->\n<title>Hospital Filantr\u00f3pico tem preju\u00edzo ap\u00f3s chuva de granizo - Federassantas<\/title>\n<meta name=\"robots\" content=\"index, follow, max-snippet:-1, max-image-preview:large, max-video-preview:-1\" \/>\n<link rel=\"canonical\" href=\"https:\/\/www.federassantas.org.br\/novosite\/hospital-filantropico-tem-prejuizo-apos-chuva-de-granizo\/\" \/>\n<meta property=\"og:locale\" content=\"pt_BR\" \/>\n<meta property=\"og:type\" content=\"article\" \/>\n<meta property=\"og:title\" content=\"Hospital Filantr\u00f3pico tem preju\u00edzo ap\u00f3s chuva de granizo - Federassantas\" \/>\n<meta property=\"og:description\" content=\"Trinta cirurgias que seriam realizadas nesta ter\u00e7a-feira (7) no Hospital S\u00e3o Francisco, na Regi\u00e3o Nordeste de Belo Horizonte, foram canceladas depois que o bloco cir\u00fargico foi alagado durante o temporal desta segunda-feira (6). At\u00e9 o come\u00e7o desta tarde, os procedimentos n\u00e3o tinham sido remarcados. A \u00e1gua tamb\u00e9m afetou a farm\u00e1cia e medicamentos foram perdidos.\u00a0O elevador [&hellip;]\" \/>\n<meta property=\"og:url\" content=\"https:\/\/www.federassantas.org.br\/novosite\/hospital-filantropico-tem-prejuizo-apos-chuva-de-granizo\/\" \/>\n<meta property=\"og:site_name\" content=\"Federassantas\" \/>\n<meta property=\"article:published_time\" content=\"2018-08-07T18:42:21+00:00\" \/>\n<meta name=\"author\" content=\"admin-federas\" \/>\n<meta name=\"twitter:card\" content=\"summary_large_image\" \/>\n<meta name=\"twitter:label1\" content=\"Escrito por\" \/>\n\t<meta name=\"twitter:data1\" content=\"admin-federas\" \/>\n\t<meta name=\"twitter:label2\" content=\"Est. tempo de leitura\" \/>\n\t<meta name=\"twitter:data2\" content=\"1 minuto\" \/>\n<script type=\"application\/ld+json\" class=\"yoast-schema-graph\">{\"@context\":\"https:\/\/schema.org\",\"@graph\":[{\"@type\":\"Article\",\"@id\":\"https:\/\/www.federassantas.org.br\/novosite\/hospital-filantropico-tem-prejuizo-apos-chuva-de-granizo\/#article\",\"isPartOf\":{\"@id\":\"https:\/\/www.federassantas.org.br\/novosite\/hospital-filantropico-tem-prejuizo-apos-chuva-de-granizo\/\"},\"author\":{\"name\":\"admin-federas\",\"@id\":\"https:\/\/www.federassantas.org.br\/novosite\/#\/schema\/person\/75fed98158349313fe56175f232f513c\"},\"headline\":\"Hospital Filantr\u00f3pico tem preju\u00edzo ap\u00f3s chuva de granizo\",\"datePublished\":\"2018-08-07T18:42:21+00:00\",\"mainEntityOfPage\":{\"@id\":\"https:\/\/www.federassantas.org.br\/novosite\/hospital-filantropico-tem-prejuizo-apos-chuva-de-granizo\/\"},\"wordCount\":171,\"commentCount\":0,\"publisher\":{\"@id\":\"https:\/\/www.federassantas.org.br\/novosite\/#organization\"},\"image\":{\"@id\":\"https:\/\/www.federassantas.org.br\/novosite\/hospital-filantropico-tem-prejuizo-apos-chuva-de-granizo\/#primaryimage\"},\"thumbnailUrl\":\"\",\"articleSection\":[\"Not\u00edcias\"],\"inLanguage\":\"pt-BR\",\"potentialAction\":[{\"@type\":\"CommentAction\",\"name\":\"Comment\",\"target\":[\"https:\/\/www.federassantas.org.br\/novosite\/hospital-filantropico-tem-prejuizo-apos-chuva-de-granizo\/#respond\"]}]},{\"@type\":\"WebPage\",\"@id\":\"https:\/\/www.federassantas.org.br\/novosite\/hospital-filantropico-tem-prejuizo-apos-chuva-de-granizo\/\",\"url\":\"https:\/\/www.federassantas.org.br\/novosite\/hospital-filantropico-tem-prejuizo-apos-chuva-de-granizo\/\",\"name\":\"Hospital Filantr\u00f3pico tem preju\u00edzo ap\u00f3s chuva de granizo - Federassantas\",\"isPartOf\":{\"@id\":\"https:\/\/www.federassantas.org.br\/novosite\/#website\"},\"primaryImageOfPage\":{\"@id\":\"https:\/\/www.federassantas.org.br\/novosite\/hospital-filantropico-tem-prejuizo-apos-chuva-de-granizo\/#primaryimage\"},\"image\":{\"@id\":\"https:\/\/www.federassantas.org.br\/novosite\/hospital-filantropico-tem-prejuizo-apos-chuva-de-granizo\/#primaryimage\"},\"thumbnailUrl\":\"\",\"datePublished\":\"2018-08-07T18:42:21+00:00\",\"breadcrumb\":{\"@id\":\"https:\/\/www.federassantas.org.br\/novosite\/hospital-filantropico-tem-prejuizo-apos-chuva-de-granizo\/#breadcrumb\"},\"inLanguage\":\"pt-BR\",\"potentialAction\":[{\"@type\":\"ReadAction\",\"target\":[\"https:\/\/www.federassantas.org.br\/novosite\/hospital-filantropico-tem-prejuizo-apos-chuva-de-granizo\/\"]}]},{\"@type\":\"ImageObject\",\"inLanguage\":\"pt-BR\",\"@id\":\"https:\/\/www.federassantas.org.br\/novosite\/hospital-filantropico-tem-prejuizo-apos-chuva-de-granizo\/#primaryimage\",\"url\":\"\",\"contentUrl\":\"\"},{\"@type\":\"BreadcrumbList\",\"@id\":\"https:\/\/www.federassantas.org.br\/novosite\/hospital-filantropico-tem-prejuizo-apos-chuva-de-granizo\/#breadcrumb\",\"itemListElement\":[{\"@type\":\"ListItem\",\"position\":1,\"name\":\"In\u00edcio\",\"item\":\"https:\/\/www.federassantas.org.br\/novosite\/\"},{\"@type\":\"ListItem\",\"position\":2,\"name\":\"Hospital Filantr\u00f3pico tem preju\u00edzo ap\u00f3s chuva de granizo\"}]},{\"@type\":\"WebSite\",\"@id\":\"https:\/\/www.federassantas.org.br\/novosite\/#website\",\"url\":\"https:\/\/www.federassantas.org.br\/novosite\/\",\"name\":\"Federassantas\",\"description\":\"Entidade de representa\u00e7\u00e3o e fortalecimento das Santas Casas, hospitais filantr\u00f3picos e entidades beneficentes de sa\u00fade de Minas Gerais, atuando na defesa institucional, qualifica\u00e7\u00e3o da gest\u00e3o e sustentabilidade do setor.\",\"publisher\":{\"@id\":\"https:\/\/www.federassantas.org.br\/novosite\/#organization\"},\"potentialAction\":[{\"@type\":\"SearchAction\",\"target\":{\"@type\":\"EntryPoint\",\"urlTemplate\":\"https:\/\/www.federassantas.org.br\/novosite\/?s={search_term_string}\"},\"query-input\":{\"@type\":\"PropertyValueSpecification\",\"valueRequired\":true,\"valueName\":\"search_term_string\"}}],\"inLanguage\":\"pt-BR\"},{\"@type\":\"Organization\",\"@id\":\"https:\/\/www.federassantas.org.br\/novosite\/#organization\",\"name\":\"Federassantas\",\"url\":\"https:\/\/www.federassantas.org.br\/novosite\/\",\"logo\":{\"@type\":\"ImageObject\",\"inLanguage\":\"pt-BR\",\"@id\":\"https:\/\/www.federassantas.org.br\/novosite\/#\/schema\/logo\/image\/\",\"url\":\"https:\/\/www.federassantas.org.br\/novosite\/wp-content\/uploads\/2021\/12\/logo.png\",\"contentUrl\":\"https:\/\/www.federassantas.org.br\/novosite\/wp-content\/uploads\/2021\/12\/logo.png\",\"width\":243,\"height\":59,\"caption\":\"Federassantas\"},\"image\":{\"@id\":\"https:\/\/www.federassantas.org.br\/novosite\/#\/schema\/logo\/image\/\"}},{\"@type\":\"Person\",\"@id\":\"https:\/\/www.federassantas.org.br\/novosite\/#\/schema\/person\/75fed98158349313fe56175f232f513c\",\"name\":\"admin-federas\",\"image\":{\"@type\":\"ImageObject\",\"inLanguage\":\"pt-BR\",\"@id\":\"https:\/\/www.federassantas.org.br\/novosite\/#\/schema\/person\/image\/\",\"url\":\"https:\/\/secure.gravatar.com\/avatar\/2a02d7dda59fe8dc6b7ffd3f652e2efede5ccf0dd89dfdc8137c5517f3de8407?s=96&d=mm&r=g\",\"contentUrl\":\"https:\/\/secure.gravatar.com\/avatar\/2a02d7dda59fe8dc6b7ffd3f652e2efede5ccf0dd89dfdc8137c5517f3de8407?s=96&d=mm&r=g\",\"caption\":\"admin-federas\"},\"sameAs\":[\"https:\/\/www.federassantas.org.br\/novosite\/\"],\"url\":\"https:\/\/www.federassantas.org.br\/novosite\/author\/admin-federas\/\"}]}<\/script>\n<!-- \/ Yoast SEO plugin. -->","yoast_head_json":{"title":"Hospital Filantr\u00f3pico tem preju\u00edzo ap\u00f3s chuva de granizo - Federassantas","robots":{"index":"index","follow":"follow","max-snippet":"max-snippet:-1","max-image-preview":"max-image-preview:large","max-video-preview":"max-video-preview:-1"},"canonical":"https:\/\/www.federassantas.org.br\/novosite\/hospital-filantropico-tem-prejuizo-apos-chuva-de-granizo\/","og_locale":"pt_BR","og_type":"article","og_title":"Hospital Filantr\u00f3pico tem preju\u00edzo ap\u00f3s chuva de granizo - Federassantas","og_description":"Trinta cirurgias que seriam realizadas nesta ter\u00e7a-feira (7) no Hospital S\u00e3o Francisco, na Regi\u00e3o Nordeste de Belo Horizonte, foram canceladas depois que o bloco cir\u00fargico foi alagado durante o temporal desta segunda-feira (6). At\u00e9 o come\u00e7o desta tarde, os procedimentos n\u00e3o tinham sido remarcados. A \u00e1gua tamb\u00e9m afetou a farm\u00e1cia e medicamentos foram perdidos.\u00a0O elevador [&hellip;]","og_url":"https:\/\/www.federassantas.org.br\/novosite\/hospital-filantropico-tem-prejuizo-apos-chuva-de-granizo\/","og_site_name":"Federassantas","article_published_time":"2018-08-07T18:42:21+00:00","author":"admin-federas","twitter_card":"summary_large_image","twitter_misc":{"Escrito por":"admin-federas","Est. tempo de leitura":"1 minuto"},"schema":{"@context":"https:\/\/schema.org","@graph":[{"@type":"Article","@id":"https:\/\/www.federassantas.org.br\/novosite\/hospital-filantropico-tem-prejuizo-apos-chuva-de-granizo\/#article","isPartOf":{"@id":"https:\/\/www.federassantas.org.br\/novosite\/hospital-filantropico-tem-prejuizo-apos-chuva-de-granizo\/"},"author":{"name":"admin-federas","@id":"https:\/\/www.federassantas.org.br\/novosite\/#\/schema\/person\/75fed98158349313fe56175f232f513c"},"headline":"Hospital Filantr\u00f3pico tem preju\u00edzo ap\u00f3s chuva de granizo","datePublished":"2018-08-07T18:42:21+00:00","mainEntityOfPage":{"@id":"https:\/\/www.federassantas.org.br\/novosite\/hospital-filantropico-tem-prejuizo-apos-chuva-de-granizo\/"},"wordCount":171,"commentCount":0,"publisher":{"@id":"https:\/\/www.federassantas.org.br\/novosite\/#organization"},"image":{"@id":"https:\/\/www.federassantas.org.br\/novosite\/hospital-filantropico-tem-prejuizo-apos-chuva-de-granizo\/#primaryimage"},"thumbnailUrl":"","articleSection":["Not\u00edcias"],"inLanguage":"pt-BR","potentialAction":[{"@type":"CommentAction","name":"Comment","target":["https:\/\/www.federassantas.org.br\/novosite\/hospital-filantropico-tem-prejuizo-apos-chuva-de-granizo\/#respond"]}]},{"@type":"WebPage","@id":"https:\/\/www.federassantas.org.br\/novosite\/hospital-filantropico-tem-prejuizo-apos-chuva-de-granizo\/","url":"https:\/\/www.federassantas.org.br\/novosite\/hospital-filantropico-tem-prejuizo-apos-chuva-de-granizo\/","name":"Hospital Filantr\u00f3pico tem preju\u00edzo ap\u00f3s chuva de granizo - Federassantas","isPartOf":{"@id":"https:\/\/www.federassantas.org.br\/novosite\/#website"},"primaryImageOfPage":{"@id":"https:\/\/www.federassantas.org.br\/novosite\/hospital-filantropico-tem-prejuizo-apos-chuva-de-granizo\/#primaryimage"},"image":{"@id":"https:\/\/www.federassantas.org.br\/novosite\/hospital-filantropico-tem-prejuizo-apos-chuva-de-granizo\/#primaryimage"},"thumbnailUrl":"","datePublished":"2018-08-07T18:42:21+00:00","breadcrumb":{"@id":"https:\/\/www.federassantas.org.br\/novosite\/hospital-filantropico-tem-prejuizo-apos-chuva-de-granizo\/#breadcrumb"},"inLanguage":"pt-BR","potentialAction":[{"@type":"ReadAction","target":["https:\/\/www.federassantas.org.br\/novosite\/hospital-filantropico-tem-prejuizo-apos-chuva-de-granizo\/"]}]},{"@type":"ImageObject","inLanguage":"pt-BR","@id":"https:\/\/www.federassantas.org.br\/novosite\/hospital-filantropico-tem-prejuizo-apos-chuva-de-granizo\/#primaryimage","url":"","contentUrl":""},{"@type":"BreadcrumbList","@id":"https:\/\/www.federassantas.org.br\/novosite\/hospital-filantropico-tem-prejuizo-apos-chuva-de-granizo\/#breadcrumb","itemListElement":[{"@type":"ListItem","position":1,"name":"In\u00edcio","item":"https:\/\/www.federassantas.org.br\/novosite\/"},{"@type":"ListItem","position":2,"name":"Hospital Filantr\u00f3pico tem preju\u00edzo ap\u00f3s chuva de granizo"}]},{"@type":"WebSite","@id":"https:\/\/www.federassantas.org.br\/novosite\/#website","url":"https:\/\/www.federassantas.org.br\/novosite\/","name":"Federassantas","description":"Entidade de representa\u00e7\u00e3o e fortalecimento das Santas Casas, hospitais filantr\u00f3picos e entidades beneficentes de sa\u00fade de Minas Gerais, atuando na defesa institucional, qualifica\u00e7\u00e3o da gest\u00e3o e sustentabilidade do setor.","publisher":{"@id":"https:\/\/www.federassantas.org.br\/novosite\/#organization"},"potentialAction":[{"@type":"SearchAction","target":{"@type":"EntryPoint","urlTemplate":"https:\/\/www.federassantas.org.br\/novosite\/?s={search_term_string}"},"query-input":{"@type":"PropertyValueSpecification","valueRequired":true,"valueName":"search_term_string"}}],"inLanguage":"pt-BR"},{"@type":"Organization","@id":"https:\/\/www.federassantas.org.br\/novosite\/#organization","name":"Federassantas","url":"https:\/\/www.federassantas.org.br\/novosite\/","logo":{"@type":"ImageObject","inLanguage":"pt-BR","@id":"https:\/\/www.federassantas.org.br\/novosite\/#\/schema\/logo\/image\/","url":"https:\/\/www.federassantas.org.br\/novosite\/wp-content\/uploads\/2021\/12\/logo.png","contentUrl":"https:\/\/www.federassantas.org.br\/novosite\/wp-content\/uploads\/2021\/12\/logo.png","width":243,"height":59,"caption":"Federassantas"},"image":{"@id":"https:\/\/www.federassantas.org.br\/novosite\/#\/schema\/logo\/image\/"}},{"@type":"Person","@id":"https:\/\/www.federassantas.org.br\/novosite\/#\/schema\/person\/75fed98158349313fe56175f232f513c","name":"admin-federas","image":{"@type":"ImageObject","inLanguage":"pt-BR","@id":"https:\/\/www.federassantas.org.br\/novosite\/#\/schema\/person\/image\/","url":"https:\/\/secure.gravatar.com\/avatar\/2a02d7dda59fe8dc6b7ffd3f652e2efede5ccf0dd89dfdc8137c5517f3de8407?s=96&d=mm&r=g","contentUrl":"https:\/\/secure.gravatar.com\/avatar\/2a02d7dda59fe8dc6b7ffd3f652e2efede5ccf0dd89dfdc8137c5517f3de8407?s=96&d=mm&r=g","caption":"admin-federas"},"sameAs":["https:\/\/www.federassantas.org.br\/novosite\/"],"url":"https:\/\/www.federassantas.org.br\/novosite\/author\/admin-federas\/"}]}},"_links":{"self":[{"href":"https:\/\/www.federassantas.org.br\/novosite\/wp-json\/wp\/v2\/posts\/13562","targetHints":{"allow":["GET"]}}],"collection":[{"href":"https:\/\/www.federassantas.org.br\/novosite\/wp-json\/wp\/v2\/posts"}],"about":[{"href":"https:\/\/www.federassantas.org.br\/novosite\/wp-json\/wp\/v2\/types\/post"}],"author":[{"embeddable":true,"href":"https:\/\/www.federassantas.org.br\/novosite\/wp-json\/wp\/v2\/users\/1"}],"replies":[{"embeddable":true,"href":"https:\/\/www.federassantas.org.br\/novosite\/wp-json\/wp\/v2\/comments?post=13562"}],"version-history":[{"count":0,"href":"https:\/\/www.federassantas.org.br\/novosite\/wp-json\/wp\/v2\/posts\/13562\/revisions"}],"wp:attachment":[{"href":"https:\/\/www.federassantas.org.br\/novosite\/wp-json\/wp\/v2\/media?parent=13562"}],"wp:term":[{"taxonomy":"category","embeddable":true,"href":"https:\/\/www.federassantas.org.br\/novosite\/wp-json\/wp\/v2\/categories?post=13562"},{"taxonomy":"post_tag","embeddable":true,"href":"https:\/\/www.federassantas.org.br\/novosite\/wp-json\/wp\/v2\/tags?post=13562"}],"curies":[{"name":"wp","href":"https:\/\/api.w.org\/{rel}","templated":true}]}}