{"id":13568,"date":"2018-08-07T17:26:53","date_gmt":"2018-08-07T20:26:53","guid":{"rendered":"https:\/\/federasbackup.meltcomunicacao.com.br\/?p=13568"},"modified":"2018-08-07T17:26:53","modified_gmt":"2018-08-07T20:26:53","slug":"semana-do-aleitamento-materno-e-realizada-na-santa-casa-de-montes-claros","status":"publish","type":"post","link":"https:\/\/www.federassantas.org.br\/novosite\/semana-do-aleitamento-materno-e-realizada-na-santa-casa-de-montes-claros\/","title":{"rendered":"Semana do aleitamento materno \u00e9 realizada na Santa Casa de Montes Claros"},"content":{"rendered":"<div style=\"text-align: justify;\">Durante a Semana Mundial do Aleitamento Materno, a Santa Casa de Montes Claros promove diversas atividades com o objetivo de orientar e conscientizar a popula\u00e7\u00e3o sobre a import\u00e2ncia de alimentar os filhos com o leite materno pelo menos at\u00e9 os seis meses de vida. Com o tema \u201cAmamenta\u00e7\u00e3o \u00e9 a base da vida\u201d, o hospital promove entre os dias 1\u00ba e 10 de agosto v\u00e1rias a\u00e7\u00f5es de conscientiza\u00e7\u00e3o e mobiliza\u00e7\u00e3o.<\/div>\n<div style=\"text-align: justify;\"><\/div>\n<div style=\"text-align: justify;\">A gerente da maternidade e posto de coleta de leite da Santa Casa, Karla Beatriz Ferreira, explica que as\u00a0 atividades programadas incluem a\u00e7\u00f5es de capta\u00e7\u00e3o de doadoras de leite humano, blitz nos setores hospitalares com perguntas relativas ao tema, distribui\u00e7\u00e3o de brindes e materiais informativos sobre o assunto. &#8220;No lan\u00e7amento da semana, preparamos um caf\u00e9 especial para as m\u00e3es da maternidade. Na oportunidade, falamos sobre a necessidade e import\u00e2ncia da amamenta\u00e7\u00e3o para o crescimento forte e desenvolvimento saud\u00e1vel das crian\u00e7as, visto que o aleitamento materno \u00e9 reconhecido pelo Minist\u00e9rio da Sa\u00fade como o primeiro direito ap\u00f3s o nascimento&#8221;, explica.<\/div>\n<div style=\"text-align: justify;\">\n<p>O Minist\u00e9rio da Sa\u00fade recomenda a amamenta\u00e7\u00e3o at\u00e9 os dois anos de idade ou mais, e que nos primeiros 6 meses, o beb\u00ea receba somente leite materno, sem necessidade de sucos, ch\u00e1s, \u00e1gua e outros alimentos. Depois dos 6 meses, a amamenta\u00e7\u00e3o deve ser complementada com outros alimentos saud\u00e1veis e de h\u00e1bitos da fam\u00edlia. Amamentar \u00e9 muito mais do que nutrir a crian\u00e7a. \u00c9 um processo que envolve intera\u00e7\u00e3o profunda entre m\u00e3e e filho, com repercuss\u00f5es no estado nutricional da crian\u00e7a, em sua habilidade de se defender de infec\u00e7\u00f5es, em sua fisiologia e no seu desenvolvimento cognitivo e emocional.<\/p>\n<p>Al\u00e9m das a\u00e7\u00f5es no hospital, a Santa Casa de Montes Claros participa pela terceira vez do &#8220;Mama\u00e7o&#8221;, realizado em Montes Claros pelo grupo &#8220;M\u00e3es Amigas de Moc&#8221; h\u00e1 quatro anos. O foco principal do evento \u00e9 conscientizar a popula\u00e7\u00e3o em rela\u00e7\u00e3o a import\u00e2ncia do aleitamento materno para m\u00e3e e filho e desmistificar o aleitamento materno na\u00a0 comunidade. A a\u00e7\u00e3o ser\u00e1 realizada no pr\u00f3ximo s\u00e1bado, a partir das 9h na Pra\u00e7a Dr. Carlos.<\/p>\n<h5>DIA D<\/h5>\n<\/div>\n<div style=\"text-align: justify;\">Para o encerramento, na sexta-feira, 10 de agosto, o hospital realiza uma a\u00e7\u00e3o in\u00e9dita na regi\u00e3o, o DIA D &#8211; Doa\u00e7\u00e3o de Leite Materno da Santa Casa. De acordo com a supervisora da Maternidade, Mariah Veloso, a Santa Casa de Montes Claros conta com o Posto de Coleta de Leite h\u00e1 17 anos. Atualmente 18 m\u00e3es doadoras abastecem o estoque para alimentar os rec\u00e9m-nascidos internados no CTI neonatal e ber\u00e7\u00e1rio, pediatria e maternidade. Ela explica que a quantidade de doadoras n\u00e3o \u00e9 suficiente para a a demanda. &#8220;Quanto mais m\u00e3es tivermos, melhor! Por isso estamos preparando o 1\u00ba DIA D. Nossa expectativa \u00e9 que o n\u00famero de doadoras aumente de forma significativa&#8221;, refor\u00e7a.<\/div>\n<div style=\"text-align: justify;\"><\/div>\n<div style=\"text-align: justify;\">Para participar do DIA D, as m\u00e3es podem agendar um hor\u00e1rio entre 10 e 16h, atrav\u00e9s do 32292108. Caso n\u00e3o seja poss\u00edvel realizar o agendamento, as m\u00e3es podem comparecer no pr\u00e9-natal da Santa Casa (Edif\u00edcio Raul Jos\u00e9 Pereira, rua Irm\u00e3 Beata, 457 &#8211; esquina do Pronto Socorro), entre os hor\u00e1rios citados.<\/div>\n<div><\/div>\n<div>\n<h5>APOIO<\/h5>\n<div>A Santa Casa de Montes Claros agradece o apoio dos parceiros Bendito Bolo da Ju, Cl\u00ednica da Mulher, Drogaria Minas Brasil, Lanchonete Santa Casa, Nutri Bem e Olhar de M\u00e3e<\/div>\n<\/div>\n<div style=\"text-align: justify;\"><\/div>\n<div>Fonte: <a href=\"http:\/\/www.santacasamontesclaros.com.br\/\">Assessoria de Comunica\u00e7\u00e3o Santa Casa de Montes Claros<\/a><\/div>\n","protected":false},"excerpt":{"rendered":"<p>Durante a Semana Mundial do Aleitamento Materno, a Santa Casa de Montes Claros promove diversas atividades com o objetivo de orientar e conscientizar a popula\u00e7\u00e3o sobre a import\u00e2ncia de alimentar os filhos com o leite materno pelo menos at\u00e9 os seis meses de vida. Com o tema \u201cAmamenta\u00e7\u00e3o \u00e9 a base da vida\u201d, o hospital [&hellip;]<\/p>\n","protected":false},"author":1,"featured_media":13569,"comment_status":"open","ping_status":"open","sticky":false,"template":"","format":"standard","meta":{"footnotes":""},"categories":[140,139],"tags":[],"class_list":["post-13568","post","type-post","status-publish","format-standard","has-post-thumbnail","hentry","category-noticias","category-noticias-filiados"],"yoast_head":"<!-- This site is optimized with the Yoast SEO plugin v26.9 - https:\/\/yoast.com\/product\/yoast-seo-wordpress\/ -->\n<title>Semana do aleitamento materno \u00e9 realizada na Santa Casa de Montes Claros - Federassantas<\/title>\n<meta name=\"robots\" content=\"index, follow, max-snippet:-1, max-image-preview:large, max-video-preview:-1\" \/>\n<link rel=\"canonical\" href=\"https:\/\/www.federassantas.org.br\/novosite\/semana-do-aleitamento-materno-e-realizada-na-santa-casa-de-montes-claros\/\" \/>\n<meta property=\"og:locale\" content=\"pt_BR\" \/>\n<meta property=\"og:type\" content=\"article\" \/>\n<meta property=\"og:title\" content=\"Semana do aleitamento materno \u00e9 realizada na Santa Casa de Montes Claros - Federassantas\" \/>\n<meta property=\"og:description\" content=\"Durante a Semana Mundial do Aleitamento Materno, a Santa Casa de Montes Claros promove diversas atividades com o objetivo de orientar e conscientizar a popula\u00e7\u00e3o sobre a import\u00e2ncia de alimentar os filhos com o leite materno pelo menos at\u00e9 os seis meses de vida. Com o tema \u201cAmamenta\u00e7\u00e3o \u00e9 a base da vida\u201d, o hospital [&hellip;]\" \/>\n<meta property=\"og:url\" content=\"https:\/\/www.federassantas.org.br\/novosite\/semana-do-aleitamento-materno-e-realizada-na-santa-casa-de-montes-claros\/\" \/>\n<meta property=\"og:site_name\" content=\"Federassantas\" \/>\n<meta property=\"article:published_time\" content=\"2018-08-07T20:26:53+00:00\" \/>\n<meta property=\"og:image\" content=\"https:\/\/www.federassantas.org.br\/novosite\/wp-content\/uploads\/2018\/08\/fttt.png\" \/>\n\t<meta property=\"og:image:width\" content=\"740\" \/>\n\t<meta property=\"og:image:height\" content=\"492\" \/>\n\t<meta property=\"og:image:type\" content=\"image\/png\" \/>\n<meta name=\"author\" content=\"admin-federas\" \/>\n<meta name=\"twitter:card\" content=\"summary_large_image\" \/>\n<meta name=\"twitter:label1\" content=\"Escrito por\" \/>\n\t<meta name=\"twitter:data1\" content=\"admin-federas\" \/>\n\t<meta name=\"twitter:label2\" content=\"Est. tempo de leitura\" \/>\n\t<meta name=\"twitter:data2\" content=\"3 minutos\" \/>\n<script type=\"application\/ld+json\" class=\"yoast-schema-graph\">{\"@context\":\"https:\/\/schema.org\",\"@graph\":[{\"@type\":\"Article\",\"@id\":\"https:\/\/www.federassantas.org.br\/novosite\/semana-do-aleitamento-materno-e-realizada-na-santa-casa-de-montes-claros\/#article\",\"isPartOf\":{\"@id\":\"https:\/\/www.federassantas.org.br\/novosite\/semana-do-aleitamento-materno-e-realizada-na-santa-casa-de-montes-claros\/\"},\"author\":{\"name\":\"admin-federas\",\"@id\":\"https:\/\/www.federassantas.org.br\/novosite\/#\/schema\/person\/75fed98158349313fe56175f232f513c\"},\"headline\":\"Semana do aleitamento materno \u00e9 realizada na Santa Casa de Montes Claros\",\"datePublished\":\"2018-08-07T20:26:53+00:00\",\"mainEntityOfPage\":{\"@id\":\"https:\/\/www.federassantas.org.br\/novosite\/semana-do-aleitamento-materno-e-realizada-na-santa-casa-de-montes-claros\/\"},\"wordCount\":607,\"commentCount\":0,\"publisher\":{\"@id\":\"https:\/\/www.federassantas.org.br\/novosite\/#organization\"},\"image\":{\"@id\":\"https:\/\/www.federassantas.org.br\/novosite\/semana-do-aleitamento-materno-e-realizada-na-santa-casa-de-montes-claros\/#primaryimage\"},\"thumbnailUrl\":\"https:\/\/www.federassantas.org.br\/novosite\/wp-content\/uploads\/2018\/08\/fttt.png\",\"articleSection\":[\"Not\u00edcias\",\"Not\u00edcias filiados\"],\"inLanguage\":\"pt-BR\",\"potentialAction\":[{\"@type\":\"CommentAction\",\"name\":\"Comment\",\"target\":[\"https:\/\/www.federassantas.org.br\/novosite\/semana-do-aleitamento-materno-e-realizada-na-santa-casa-de-montes-claros\/#respond\"]}]},{\"@type\":\"WebPage\",\"@id\":\"https:\/\/www.federassantas.org.br\/novosite\/semana-do-aleitamento-materno-e-realizada-na-santa-casa-de-montes-claros\/\",\"url\":\"https:\/\/www.federassantas.org.br\/novosite\/semana-do-aleitamento-materno-e-realizada-na-santa-casa-de-montes-claros\/\",\"name\":\"Semana do aleitamento materno \u00e9 realizada na Santa Casa de Montes Claros - Federassantas\",\"isPartOf\":{\"@id\":\"https:\/\/www.federassantas.org.br\/novosite\/#website\"},\"primaryImageOfPage\":{\"@id\":\"https:\/\/www.federassantas.org.br\/novosite\/semana-do-aleitamento-materno-e-realizada-na-santa-casa-de-montes-claros\/#primaryimage\"},\"image\":{\"@id\":\"https:\/\/www.federassantas.org.br\/novosite\/semana-do-aleitamento-materno-e-realizada-na-santa-casa-de-montes-claros\/#primaryimage\"},\"thumbnailUrl\":\"https:\/\/www.federassantas.org.br\/novosite\/wp-content\/uploads\/2018\/08\/fttt.png\",\"datePublished\":\"2018-08-07T20:26:53+00:00\",\"breadcrumb\":{\"@id\":\"https:\/\/www.federassantas.org.br\/novosite\/semana-do-aleitamento-materno-e-realizada-na-santa-casa-de-montes-claros\/#breadcrumb\"},\"inLanguage\":\"pt-BR\",\"potentialAction\":[{\"@type\":\"ReadAction\",\"target\":[\"https:\/\/www.federassantas.org.br\/novosite\/semana-do-aleitamento-materno-e-realizada-na-santa-casa-de-montes-claros\/\"]}]},{\"@type\":\"ImageObject\",\"inLanguage\":\"pt-BR\",\"@id\":\"https:\/\/www.federassantas.org.br\/novosite\/semana-do-aleitamento-materno-e-realizada-na-santa-casa-de-montes-claros\/#primaryimage\",\"url\":\"https:\/\/www.federassantas.org.br\/novosite\/wp-content\/uploads\/2018\/08\/fttt.png\",\"contentUrl\":\"https:\/\/www.federassantas.org.br\/novosite\/wp-content\/uploads\/2018\/08\/fttt.png\",\"width\":740,\"height\":492},{\"@type\":\"BreadcrumbList\",\"@id\":\"https:\/\/www.federassantas.org.br\/novosite\/semana-do-aleitamento-materno-e-realizada-na-santa-casa-de-montes-claros\/#breadcrumb\",\"itemListElement\":[{\"@type\":\"ListItem\",\"position\":1,\"name\":\"In\u00edcio\",\"item\":\"https:\/\/www.federassantas.org.br\/novosite\/\"},{\"@type\":\"ListItem\",\"position\":2,\"name\":\"Semana do aleitamento materno \u00e9 realizada na Santa Casa de Montes Claros\"}]},{\"@type\":\"WebSite\",\"@id\":\"https:\/\/www.federassantas.org.br\/novosite\/#website\",\"url\":\"https:\/\/www.federassantas.org.br\/novosite\/\",\"name\":\"Federassantas\",\"description\":\"Entidade de representa\u00e7\u00e3o e fortalecimento das Santas Casas, hospitais filantr\u00f3picos e entidades beneficentes de sa\u00fade de Minas Gerais, atuando na defesa institucional, qualifica\u00e7\u00e3o da gest\u00e3o e sustentabilidade do setor.\",\"publisher\":{\"@id\":\"https:\/\/www.federassantas.org.br\/novosite\/#organization\"},\"potentialAction\":[{\"@type\":\"SearchAction\",\"target\":{\"@type\":\"EntryPoint\",\"urlTemplate\":\"https:\/\/www.federassantas.org.br\/novosite\/?s={search_term_string}\"},\"query-input\":{\"@type\":\"PropertyValueSpecification\",\"valueRequired\":true,\"valueName\":\"search_term_string\"}}],\"inLanguage\":\"pt-BR\"},{\"@type\":\"Organization\",\"@id\":\"https:\/\/www.federassantas.org.br\/novosite\/#organization\",\"name\":\"Federassantas\",\"url\":\"https:\/\/www.federassantas.org.br\/novosite\/\",\"logo\":{\"@type\":\"ImageObject\",\"inLanguage\":\"pt-BR\",\"@id\":\"https:\/\/www.federassantas.org.br\/novosite\/#\/schema\/logo\/image\/\",\"url\":\"https:\/\/www.federassantas.org.br\/novosite\/wp-content\/uploads\/2021\/12\/logo.png\",\"contentUrl\":\"https:\/\/www.federassantas.org.br\/novosite\/wp-content\/uploads\/2021\/12\/logo.png\",\"width\":243,\"height\":59,\"caption\":\"Federassantas\"},\"image\":{\"@id\":\"https:\/\/www.federassantas.org.br\/novosite\/#\/schema\/logo\/image\/\"}},{\"@type\":\"Person\",\"@id\":\"https:\/\/www.federassantas.org.br\/novosite\/#\/schema\/person\/75fed98158349313fe56175f232f513c\",\"name\":\"admin-federas\",\"image\":{\"@type\":\"ImageObject\",\"inLanguage\":\"pt-BR\",\"@id\":\"https:\/\/www.federassantas.org.br\/novosite\/#\/schema\/person\/image\/\",\"url\":\"https:\/\/secure.gravatar.com\/avatar\/2a02d7dda59fe8dc6b7ffd3f652e2efede5ccf0dd89dfdc8137c5517f3de8407?s=96&d=mm&r=g\",\"contentUrl\":\"https:\/\/secure.gravatar.com\/avatar\/2a02d7dda59fe8dc6b7ffd3f652e2efede5ccf0dd89dfdc8137c5517f3de8407?s=96&d=mm&r=g\",\"caption\":\"admin-federas\"},\"sameAs\":[\"https:\/\/www.federassantas.org.br\/novosite\/\"],\"url\":\"https:\/\/www.federassantas.org.br\/novosite\/author\/admin-federas\/\"}]}<\/script>\n<!-- \/ Yoast SEO plugin. -->","yoast_head_json":{"title":"Semana do aleitamento materno \u00e9 realizada na Santa Casa de Montes Claros - Federassantas","robots":{"index":"index","follow":"follow","max-snippet":"max-snippet:-1","max-image-preview":"max-image-preview:large","max-video-preview":"max-video-preview:-1"},"canonical":"https:\/\/www.federassantas.org.br\/novosite\/semana-do-aleitamento-materno-e-realizada-na-santa-casa-de-montes-claros\/","og_locale":"pt_BR","og_type":"article","og_title":"Semana do aleitamento materno \u00e9 realizada na Santa Casa de Montes Claros - Federassantas","og_description":"Durante a Semana Mundial do Aleitamento Materno, a Santa Casa de Montes Claros promove diversas atividades com o objetivo de orientar e conscientizar a popula\u00e7\u00e3o sobre a import\u00e2ncia de alimentar os filhos com o leite materno pelo menos at\u00e9 os seis meses de vida. Com o tema \u201cAmamenta\u00e7\u00e3o \u00e9 a base da vida\u201d, o hospital [&hellip;]","og_url":"https:\/\/www.federassantas.org.br\/novosite\/semana-do-aleitamento-materno-e-realizada-na-santa-casa-de-montes-claros\/","og_site_name":"Federassantas","article_published_time":"2018-08-07T20:26:53+00:00","og_image":[{"width":740,"height":492,"url":"https:\/\/www.federassantas.org.br\/novosite\/wp-content\/uploads\/2018\/08\/fttt.png","type":"image\/png"}],"author":"admin-federas","twitter_card":"summary_large_image","twitter_misc":{"Escrito por":"admin-federas","Est. tempo de leitura":"3 minutos"},"schema":{"@context":"https:\/\/schema.org","@graph":[{"@type":"Article","@id":"https:\/\/www.federassantas.org.br\/novosite\/semana-do-aleitamento-materno-e-realizada-na-santa-casa-de-montes-claros\/#article","isPartOf":{"@id":"https:\/\/www.federassantas.org.br\/novosite\/semana-do-aleitamento-materno-e-realizada-na-santa-casa-de-montes-claros\/"},"author":{"name":"admin-federas","@id":"https:\/\/www.federassantas.org.br\/novosite\/#\/schema\/person\/75fed98158349313fe56175f232f513c"},"headline":"Semana do aleitamento materno \u00e9 realizada na Santa Casa de Montes Claros","datePublished":"2018-08-07T20:26:53+00:00","mainEntityOfPage":{"@id":"https:\/\/www.federassantas.org.br\/novosite\/semana-do-aleitamento-materno-e-realizada-na-santa-casa-de-montes-claros\/"},"wordCount":607,"commentCount":0,"publisher":{"@id":"https:\/\/www.federassantas.org.br\/novosite\/#organization"},"image":{"@id":"https:\/\/www.federassantas.org.br\/novosite\/semana-do-aleitamento-materno-e-realizada-na-santa-casa-de-montes-claros\/#primaryimage"},"thumbnailUrl":"https:\/\/www.federassantas.org.br\/novosite\/wp-content\/uploads\/2018\/08\/fttt.png","articleSection":["Not\u00edcias","Not\u00edcias filiados"],"inLanguage":"pt-BR","potentialAction":[{"@type":"CommentAction","name":"Comment","target":["https:\/\/www.federassantas.org.br\/novosite\/semana-do-aleitamento-materno-e-realizada-na-santa-casa-de-montes-claros\/#respond"]}]},{"@type":"WebPage","@id":"https:\/\/www.federassantas.org.br\/novosite\/semana-do-aleitamento-materno-e-realizada-na-santa-casa-de-montes-claros\/","url":"https:\/\/www.federassantas.org.br\/novosite\/semana-do-aleitamento-materno-e-realizada-na-santa-casa-de-montes-claros\/","name":"Semana do aleitamento materno \u00e9 realizada na Santa Casa de Montes Claros - Federassantas","isPartOf":{"@id":"https:\/\/www.federassantas.org.br\/novosite\/#website"},"primaryImageOfPage":{"@id":"https:\/\/www.federassantas.org.br\/novosite\/semana-do-aleitamento-materno-e-realizada-na-santa-casa-de-montes-claros\/#primaryimage"},"image":{"@id":"https:\/\/www.federassantas.org.br\/novosite\/semana-do-aleitamento-materno-e-realizada-na-santa-casa-de-montes-claros\/#primaryimage"},"thumbnailUrl":"https:\/\/www.federassantas.org.br\/novosite\/wp-content\/uploads\/2018\/08\/fttt.png","datePublished":"2018-08-07T20:26:53+00:00","breadcrumb":{"@id":"https:\/\/www.federassantas.org.br\/novosite\/semana-do-aleitamento-materno-e-realizada-na-santa-casa-de-montes-claros\/#breadcrumb"},"inLanguage":"pt-BR","potentialAction":[{"@type":"ReadAction","target":["https:\/\/www.federassantas.org.br\/novosite\/semana-do-aleitamento-materno-e-realizada-na-santa-casa-de-montes-claros\/"]}]},{"@type":"ImageObject","inLanguage":"pt-BR","@id":"https:\/\/www.federassantas.org.br\/novosite\/semana-do-aleitamento-materno-e-realizada-na-santa-casa-de-montes-claros\/#primaryimage","url":"https:\/\/www.federassantas.org.br\/novosite\/wp-content\/uploads\/2018\/08\/fttt.png","contentUrl":"https:\/\/www.federassantas.org.br\/novosite\/wp-content\/uploads\/2018\/08\/fttt.png","width":740,"height":492},{"@type":"BreadcrumbList","@id":"https:\/\/www.federassantas.org.br\/novosite\/semana-do-aleitamento-materno-e-realizada-na-santa-casa-de-montes-claros\/#breadcrumb","itemListElement":[{"@type":"ListItem","position":1,"name":"In\u00edcio","item":"https:\/\/www.federassantas.org.br\/novosite\/"},{"@type":"ListItem","position":2,"name":"Semana do aleitamento materno \u00e9 realizada na Santa Casa de Montes Claros"}]},{"@type":"WebSite","@id":"https:\/\/www.federassantas.org.br\/novosite\/#website","url":"https:\/\/www.federassantas.org.br\/novosite\/","name":"Federassantas","description":"Entidade de representa\u00e7\u00e3o e fortalecimento das Santas Casas, hospitais filantr\u00f3picos e entidades beneficentes de sa\u00fade de Minas Gerais, atuando na defesa institucional, qualifica\u00e7\u00e3o da gest\u00e3o e sustentabilidade do setor.","publisher":{"@id":"https:\/\/www.federassantas.org.br\/novosite\/#organization"},"potentialAction":[{"@type":"SearchAction","target":{"@type":"EntryPoint","urlTemplate":"https:\/\/www.federassantas.org.br\/novosite\/?s={search_term_string}"},"query-input":{"@type":"PropertyValueSpecification","valueRequired":true,"valueName":"search_term_string"}}],"inLanguage":"pt-BR"},{"@type":"Organization","@id":"https:\/\/www.federassantas.org.br\/novosite\/#organization","name":"Federassantas","url":"https:\/\/www.federassantas.org.br\/novosite\/","logo":{"@type":"ImageObject","inLanguage":"pt-BR","@id":"https:\/\/www.federassantas.org.br\/novosite\/#\/schema\/logo\/image\/","url":"https:\/\/www.federassantas.org.br\/novosite\/wp-content\/uploads\/2021\/12\/logo.png","contentUrl":"https:\/\/www.federassantas.org.br\/novosite\/wp-content\/uploads\/2021\/12\/logo.png","width":243,"height":59,"caption":"Federassantas"},"image":{"@id":"https:\/\/www.federassantas.org.br\/novosite\/#\/schema\/logo\/image\/"}},{"@type":"Person","@id":"https:\/\/www.federassantas.org.br\/novosite\/#\/schema\/person\/75fed98158349313fe56175f232f513c","name":"admin-federas","image":{"@type":"ImageObject","inLanguage":"pt-BR","@id":"https:\/\/www.federassantas.org.br\/novosite\/#\/schema\/person\/image\/","url":"https:\/\/secure.gravatar.com\/avatar\/2a02d7dda59fe8dc6b7ffd3f652e2efede5ccf0dd89dfdc8137c5517f3de8407?s=96&d=mm&r=g","contentUrl":"https:\/\/secure.gravatar.com\/avatar\/2a02d7dda59fe8dc6b7ffd3f652e2efede5ccf0dd89dfdc8137c5517f3de8407?s=96&d=mm&r=g","caption":"admin-federas"},"sameAs":["https:\/\/www.federassantas.org.br\/novosite\/"],"url":"https:\/\/www.federassantas.org.br\/novosite\/author\/admin-federas\/"}]}},"_links":{"self":[{"href":"https:\/\/www.federassantas.org.br\/novosite\/wp-json\/wp\/v2\/posts\/13568","targetHints":{"allow":["GET"]}}],"collection":[{"href":"https:\/\/www.federassantas.org.br\/novosite\/wp-json\/wp\/v2\/posts"}],"about":[{"href":"https:\/\/www.federassantas.org.br\/novosite\/wp-json\/wp\/v2\/types\/post"}],"author":[{"embeddable":true,"href":"https:\/\/www.federassantas.org.br\/novosite\/wp-json\/wp\/v2\/users\/1"}],"replies":[{"embeddable":true,"href":"https:\/\/www.federassantas.org.br\/novosite\/wp-json\/wp\/v2\/comments?post=13568"}],"version-history":[{"count":0,"href":"https:\/\/www.federassantas.org.br\/novosite\/wp-json\/wp\/v2\/posts\/13568\/revisions"}],"wp:featuredmedia":[{"embeddable":true,"href":"https:\/\/www.federassantas.org.br\/novosite\/wp-json\/wp\/v2\/media\/13569"}],"wp:attachment":[{"href":"https:\/\/www.federassantas.org.br\/novosite\/wp-json\/wp\/v2\/media?parent=13568"}],"wp:term":[{"taxonomy":"category","embeddable":true,"href":"https:\/\/www.federassantas.org.br\/novosite\/wp-json\/wp\/v2\/categories?post=13568"},{"taxonomy":"post_tag","embeddable":true,"href":"https:\/\/www.federassantas.org.br\/novosite\/wp-json\/wp\/v2\/tags?post=13568"}],"curies":[{"name":"wp","href":"https:\/\/api.w.org\/{rel}","templated":true}]}}