{"id":13600,"date":"2018-08-10T14:19:54","date_gmt":"2018-08-10T17:19:54","guid":{"rendered":"https:\/\/federasbackup.meltcomunicacao.com.br\/?p=13600"},"modified":"2018-08-10T14:19:54","modified_gmt":"2018-08-10T17:19:54","slug":"federassantas-adere-a-mobilizacao-da-amm-e-cobra-divida-de-r-5-bilhoes-do-estado-com-os-hospitais","status":"publish","type":"post","link":"https:\/\/www.federassantas.org.br\/novosite\/federassantas-adere-a-mobilizacao-da-amm-e-cobra-divida-de-r-5-bilhoes-do-estado-com-os-hospitais\/","title":{"rendered":"Federassantas adere \u00e0 mobiliza\u00e7\u00e3o da AMM e cobra d\u00edvida de R$ 5 bilh\u00f5es do Estado com os hospitais"},"content":{"rendered":"<p style=\"text-align: justify;\">A \u00e1rea da Sa\u00fade pede socorro e, se n\u00e3o forem desenvolvidas a\u00e7\u00f5es efetivas, a situa\u00e7\u00e3o se tornar\u00e1 insustent\u00e1vel causando fechamento de alas nas unidades de sa\u00fade. O caos causado na \u00e1rea devido aos constantes atrasos e, principalmente \u00e0 d\u00edvida do Estado com a Sa\u00fade, levaram a gest\u00e3o da Federa\u00e7\u00e3o das Santas Casas e Hospitais Filantr\u00f3picos de Minas Gerais (Federassantas) a tomar uma s\u00e9rie de medidas, entre elas, a ades\u00e3o ao movimento \u201cBasta: Chega de confisco\u201d, promovido pela Associa\u00e7\u00e3o Mineira de Munic\u00edpios (AMM) como representantes das prefeituras do Estado.<\/p>\n<p style=\"text-align: justify;\">Durante reuni\u00e3o na sede da AMM, nesta quinta-feira, 9 de agosto, o presidente da AMM, 1\u00ba vice-presidente da CNM e prefeito de Moema, Julvan Lacerda, salienta que a \u00e1rea da Sa\u00fade enfrenta o mesmo problema dos munic\u00edpios mineiros: o confisco dos recursos que passam pelo Governo do Estado e n\u00e3o chegam aos caixas das prefeituras. \u201cA Federassantas resolveu aderir \u00e0 nossa movimenta\u00e7\u00e3o e espero que possamos lograr isso no nosso intento. As santas casas, os hospitais filantr\u00f3picos, tamb\u00e9m prestam servi\u00e7os diretos para o cidad\u00e3o, assim como n\u00f3s, prefeituras. E, na ponta da linha, o cidad\u00e3o \u00e9 quem sofre. O objetivo \u00e9 comum e por isso estamos dando as m\u00e3os, para somar for\u00e7as e podermos vencer essa luta\u201d, concluiu o presidente da AMM.<\/p>\n<p style=\"text-align: justify;\">A presidente da Federassantas, K\u00e1tia Rocha, explica que a diretoria da entidade moveu uma a\u00e7\u00e3o civil p\u00fablica, em novembro do ano passado, contra o Estado e a Uni\u00e3o, para exigir o pagamento dos Restos a Pagar, que n\u00e3o foram cumpridos pelo Estado, no valor de quase R$ 5 bilh\u00f5es em d\u00e9bitos. A gestora salienta que os Restos a Pagar significam obriga\u00e7\u00f5es contra\u00eddas e servi\u00e7os executados, tanto pelos munic\u00edpios quanto pelos hospitais filantr\u00f3picos.<\/p>\n<p style=\"text-align: justify;\">\u201cSentimo-nos no dever de apoiar esse movimento, porque \u00e9 em prol da seguran\u00e7a jur\u00eddica, da assist\u00eancia ao nosso cidad\u00e3o. No caso da Federassantas, temos acompanhado o desfinanciamento da sa\u00fade p\u00fablica em Minas Gerais. \u00c9 inadmiss\u00edvel essa situa\u00e7\u00e3o que estamos passando em Minas Gerais, o que est\u00e1 em risco \u00e9 a vida das pessoas\u201d, refor\u00e7a K\u00e1tia.<\/p>\n<p>Saiba mais em:\u00a0<a href=\"http:\/\/portalamm.org.br\/federassantas-adere-a-mobilizacao-da-amm-e-cobra-divida-de-r-5-bilhoes-do-estado-com-os-hospitais\/\">http:\/\/portalamm.org.br\/federassantas-adere-a-mobilizacao-da-amm-e-cobra-divida-de-r-5-bilhoes-do-estado-com-os-hospitais\/<\/a><\/p>\n<p><em>Fonte:\u00a0<a href=\"http:\/\/portalamm.org.br\/\">Associa\u00e7\u00e3o Mineira de Munic\u00edpios<\/a><\/em><\/p>\n","protected":false},"excerpt":{"rendered":"<p>A \u00e1rea da Sa\u00fade pede socorro e, se n\u00e3o forem desenvolvidas a\u00e7\u00f5es efetivas, a situa\u00e7\u00e3o se tornar\u00e1 insustent\u00e1vel causando fechamento de alas nas unidades de sa\u00fade. O caos causado na \u00e1rea devido aos constantes atrasos e, principalmente \u00e0 d\u00edvida do Estado com a Sa\u00fade, levaram a gest\u00e3o da Federa\u00e7\u00e3o das Santas Casas e Hospitais Filantr\u00f3picos [&hellip;]<\/p>\n","protected":false},"author":1,"featured_media":13601,"comment_status":"open","ping_status":"open","sticky":false,"template":"","format":"standard","meta":{"footnotes":""},"categories":[140,141],"tags":[],"class_list":["post-13600","post","type-post","status-publish","format-standard","has-post-thumbnail","hentry","category-noticias","category-noticias-federassantas"],"yoast_head":"<!-- This site is optimized with the Yoast SEO plugin v26.9 - https:\/\/yoast.com\/product\/yoast-seo-wordpress\/ -->\n<title>Federassantas adere \u00e0 mobiliza\u00e7\u00e3o da AMM e cobra d\u00edvida de R$ 5 bilh\u00f5es do Estado com os hospitais - Federassantas<\/title>\n<meta name=\"robots\" content=\"index, follow, max-snippet:-1, max-image-preview:large, max-video-preview:-1\" \/>\n<link rel=\"canonical\" href=\"https:\/\/www.federassantas.org.br\/novosite\/federassantas-adere-a-mobilizacao-da-amm-e-cobra-divida-de-r-5-bilhoes-do-estado-com-os-hospitais\/\" \/>\n<meta property=\"og:locale\" content=\"pt_BR\" \/>\n<meta property=\"og:type\" content=\"article\" \/>\n<meta property=\"og:title\" content=\"Federassantas adere \u00e0 mobiliza\u00e7\u00e3o da AMM e cobra d\u00edvida de R$ 5 bilh\u00f5es do Estado com os hospitais - Federassantas\" \/>\n<meta property=\"og:description\" content=\"A \u00e1rea da Sa\u00fade pede socorro e, se n\u00e3o forem desenvolvidas a\u00e7\u00f5es efetivas, a situa\u00e7\u00e3o se tornar\u00e1 insustent\u00e1vel causando fechamento de alas nas unidades de sa\u00fade. O caos causado na \u00e1rea devido aos constantes atrasos e, principalmente \u00e0 d\u00edvida do Estado com a Sa\u00fade, levaram a gest\u00e3o da Federa\u00e7\u00e3o das Santas Casas e Hospitais Filantr\u00f3picos [&hellip;]\" \/>\n<meta property=\"og:url\" content=\"https:\/\/www.federassantas.org.br\/novosite\/federassantas-adere-a-mobilizacao-da-amm-e-cobra-divida-de-r-5-bilhoes-do-estado-com-os-hospitais\/\" \/>\n<meta property=\"og:site_name\" content=\"Federassantas\" \/>\n<meta property=\"article:published_time\" content=\"2018-08-10T17:19:54+00:00\" \/>\n<meta name=\"author\" content=\"admin-federas\" \/>\n<meta name=\"twitter:card\" content=\"summary_large_image\" \/>\n<meta name=\"twitter:label1\" content=\"Escrito por\" \/>\n\t<meta name=\"twitter:data1\" content=\"admin-federas\" \/>\n\t<meta name=\"twitter:label2\" content=\"Est. tempo de leitura\" \/>\n\t<meta name=\"twitter:data2\" content=\"2 minutos\" \/>\n<script type=\"application\/ld+json\" class=\"yoast-schema-graph\">{\"@context\":\"https:\/\/schema.org\",\"@graph\":[{\"@type\":\"Article\",\"@id\":\"https:\/\/www.federassantas.org.br\/novosite\/federassantas-adere-a-mobilizacao-da-amm-e-cobra-divida-de-r-5-bilhoes-do-estado-com-os-hospitais\/#article\",\"isPartOf\":{\"@id\":\"https:\/\/www.federassantas.org.br\/novosite\/federassantas-adere-a-mobilizacao-da-amm-e-cobra-divida-de-r-5-bilhoes-do-estado-com-os-hospitais\/\"},\"author\":{\"name\":\"admin-federas\",\"@id\":\"https:\/\/www.federassantas.org.br\/novosite\/#\/schema\/person\/75fed98158349313fe56175f232f513c\"},\"headline\":\"Federassantas adere \u00e0 mobiliza\u00e7\u00e3o da AMM e cobra d\u00edvida de R$ 5 bilh\u00f5es do Estado com os hospitais\",\"datePublished\":\"2018-08-10T17:19:54+00:00\",\"mainEntityOfPage\":{\"@id\":\"https:\/\/www.federassantas.org.br\/novosite\/federassantas-adere-a-mobilizacao-da-amm-e-cobra-divida-de-r-5-bilhoes-do-estado-com-os-hospitais\/\"},\"wordCount\":412,\"commentCount\":0,\"publisher\":{\"@id\":\"https:\/\/www.federassantas.org.br\/novosite\/#organization\"},\"image\":{\"@id\":\"https:\/\/www.federassantas.org.br\/novosite\/federassantas-adere-a-mobilizacao-da-amm-e-cobra-divida-de-r-5-bilhoes-do-estado-com-os-hospitais\/#primaryimage\"},\"thumbnailUrl\":\"\",\"articleSection\":[\"Not\u00edcias\",\"Not\u00edcias Federassantas\"],\"inLanguage\":\"pt-BR\",\"potentialAction\":[{\"@type\":\"CommentAction\",\"name\":\"Comment\",\"target\":[\"https:\/\/www.federassantas.org.br\/novosite\/federassantas-adere-a-mobilizacao-da-amm-e-cobra-divida-de-r-5-bilhoes-do-estado-com-os-hospitais\/#respond\"]}]},{\"@type\":\"WebPage\",\"@id\":\"https:\/\/www.federassantas.org.br\/novosite\/federassantas-adere-a-mobilizacao-da-amm-e-cobra-divida-de-r-5-bilhoes-do-estado-com-os-hospitais\/\",\"url\":\"https:\/\/www.federassantas.org.br\/novosite\/federassantas-adere-a-mobilizacao-da-amm-e-cobra-divida-de-r-5-bilhoes-do-estado-com-os-hospitais\/\",\"name\":\"Federassantas adere \u00e0 mobiliza\u00e7\u00e3o da AMM e cobra d\u00edvida de R$ 5 bilh\u00f5es do Estado com os hospitais - Federassantas\",\"isPartOf\":{\"@id\":\"https:\/\/www.federassantas.org.br\/novosite\/#website\"},\"primaryImageOfPage\":{\"@id\":\"https:\/\/www.federassantas.org.br\/novosite\/federassantas-adere-a-mobilizacao-da-amm-e-cobra-divida-de-r-5-bilhoes-do-estado-com-os-hospitais\/#primaryimage\"},\"image\":{\"@id\":\"https:\/\/www.federassantas.org.br\/novosite\/federassantas-adere-a-mobilizacao-da-amm-e-cobra-divida-de-r-5-bilhoes-do-estado-com-os-hospitais\/#primaryimage\"},\"thumbnailUrl\":\"\",\"datePublished\":\"2018-08-10T17:19:54+00:00\",\"breadcrumb\":{\"@id\":\"https:\/\/www.federassantas.org.br\/novosite\/federassantas-adere-a-mobilizacao-da-amm-e-cobra-divida-de-r-5-bilhoes-do-estado-com-os-hospitais\/#breadcrumb\"},\"inLanguage\":\"pt-BR\",\"potentialAction\":[{\"@type\":\"ReadAction\",\"target\":[\"https:\/\/www.federassantas.org.br\/novosite\/federassantas-adere-a-mobilizacao-da-amm-e-cobra-divida-de-r-5-bilhoes-do-estado-com-os-hospitais\/\"]}]},{\"@type\":\"ImageObject\",\"inLanguage\":\"pt-BR\",\"@id\":\"https:\/\/www.federassantas.org.br\/novosite\/federassantas-adere-a-mobilizacao-da-amm-e-cobra-divida-de-r-5-bilhoes-do-estado-com-os-hospitais\/#primaryimage\",\"url\":\"\",\"contentUrl\":\"\"},{\"@type\":\"BreadcrumbList\",\"@id\":\"https:\/\/www.federassantas.org.br\/novosite\/federassantas-adere-a-mobilizacao-da-amm-e-cobra-divida-de-r-5-bilhoes-do-estado-com-os-hospitais\/#breadcrumb\",\"itemListElement\":[{\"@type\":\"ListItem\",\"position\":1,\"name\":\"In\u00edcio\",\"item\":\"https:\/\/www.federassantas.org.br\/novosite\/\"},{\"@type\":\"ListItem\",\"position\":2,\"name\":\"Federassantas adere \u00e0 mobiliza\u00e7\u00e3o da AMM e cobra d\u00edvida de R$ 5 bilh\u00f5es do Estado com os hospitais\"}]},{\"@type\":\"WebSite\",\"@id\":\"https:\/\/www.federassantas.org.br\/novosite\/#website\",\"url\":\"https:\/\/www.federassantas.org.br\/novosite\/\",\"name\":\"Federassantas\",\"description\":\"Entidade de representa\u00e7\u00e3o e fortalecimento das Santas Casas, hospitais filantr\u00f3picos e entidades beneficentes de sa\u00fade de Minas Gerais, atuando na defesa institucional, qualifica\u00e7\u00e3o da gest\u00e3o e sustentabilidade do setor.\",\"publisher\":{\"@id\":\"https:\/\/www.federassantas.org.br\/novosite\/#organization\"},\"potentialAction\":[{\"@type\":\"SearchAction\",\"target\":{\"@type\":\"EntryPoint\",\"urlTemplate\":\"https:\/\/www.federassantas.org.br\/novosite\/?s={search_term_string}\"},\"query-input\":{\"@type\":\"PropertyValueSpecification\",\"valueRequired\":true,\"valueName\":\"search_term_string\"}}],\"inLanguage\":\"pt-BR\"},{\"@type\":\"Organization\",\"@id\":\"https:\/\/www.federassantas.org.br\/novosite\/#organization\",\"name\":\"Federassantas\",\"url\":\"https:\/\/www.federassantas.org.br\/novosite\/\",\"logo\":{\"@type\":\"ImageObject\",\"inLanguage\":\"pt-BR\",\"@id\":\"https:\/\/www.federassantas.org.br\/novosite\/#\/schema\/logo\/image\/\",\"url\":\"https:\/\/www.federassantas.org.br\/novosite\/wp-content\/uploads\/2021\/12\/logo.png\",\"contentUrl\":\"https:\/\/www.federassantas.org.br\/novosite\/wp-content\/uploads\/2021\/12\/logo.png\",\"width\":243,\"height\":59,\"caption\":\"Federassantas\"},\"image\":{\"@id\":\"https:\/\/www.federassantas.org.br\/novosite\/#\/schema\/logo\/image\/\"}},{\"@type\":\"Person\",\"@id\":\"https:\/\/www.federassantas.org.br\/novosite\/#\/schema\/person\/75fed98158349313fe56175f232f513c\",\"name\":\"admin-federas\",\"image\":{\"@type\":\"ImageObject\",\"inLanguage\":\"pt-BR\",\"@id\":\"https:\/\/www.federassantas.org.br\/novosite\/#\/schema\/person\/image\/\",\"url\":\"https:\/\/secure.gravatar.com\/avatar\/2a02d7dda59fe8dc6b7ffd3f652e2efede5ccf0dd89dfdc8137c5517f3de8407?s=96&d=mm&r=g\",\"contentUrl\":\"https:\/\/secure.gravatar.com\/avatar\/2a02d7dda59fe8dc6b7ffd3f652e2efede5ccf0dd89dfdc8137c5517f3de8407?s=96&d=mm&r=g\",\"caption\":\"admin-federas\"},\"sameAs\":[\"https:\/\/www.federassantas.org.br\/novosite\/\"],\"url\":\"https:\/\/www.federassantas.org.br\/novosite\/author\/admin-federas\/\"}]}<\/script>\n<!-- \/ Yoast SEO plugin. -->","yoast_head_json":{"title":"Federassantas adere \u00e0 mobiliza\u00e7\u00e3o da AMM e cobra d\u00edvida de R$ 5 bilh\u00f5es do Estado com os hospitais - Federassantas","robots":{"index":"index","follow":"follow","max-snippet":"max-snippet:-1","max-image-preview":"max-image-preview:large","max-video-preview":"max-video-preview:-1"},"canonical":"https:\/\/www.federassantas.org.br\/novosite\/federassantas-adere-a-mobilizacao-da-amm-e-cobra-divida-de-r-5-bilhoes-do-estado-com-os-hospitais\/","og_locale":"pt_BR","og_type":"article","og_title":"Federassantas adere \u00e0 mobiliza\u00e7\u00e3o da AMM e cobra d\u00edvida de R$ 5 bilh\u00f5es do Estado com os hospitais - Federassantas","og_description":"A \u00e1rea da Sa\u00fade pede socorro e, se n\u00e3o forem desenvolvidas a\u00e7\u00f5es efetivas, a situa\u00e7\u00e3o se tornar\u00e1 insustent\u00e1vel causando fechamento de alas nas unidades de sa\u00fade. O caos causado na \u00e1rea devido aos constantes atrasos e, principalmente \u00e0 d\u00edvida do Estado com a Sa\u00fade, levaram a gest\u00e3o da Federa\u00e7\u00e3o das Santas Casas e Hospitais Filantr\u00f3picos [&hellip;]","og_url":"https:\/\/www.federassantas.org.br\/novosite\/federassantas-adere-a-mobilizacao-da-amm-e-cobra-divida-de-r-5-bilhoes-do-estado-com-os-hospitais\/","og_site_name":"Federassantas","article_published_time":"2018-08-10T17:19:54+00:00","author":"admin-federas","twitter_card":"summary_large_image","twitter_misc":{"Escrito por":"admin-federas","Est. tempo de leitura":"2 minutos"},"schema":{"@context":"https:\/\/schema.org","@graph":[{"@type":"Article","@id":"https:\/\/www.federassantas.org.br\/novosite\/federassantas-adere-a-mobilizacao-da-amm-e-cobra-divida-de-r-5-bilhoes-do-estado-com-os-hospitais\/#article","isPartOf":{"@id":"https:\/\/www.federassantas.org.br\/novosite\/federassantas-adere-a-mobilizacao-da-amm-e-cobra-divida-de-r-5-bilhoes-do-estado-com-os-hospitais\/"},"author":{"name":"admin-federas","@id":"https:\/\/www.federassantas.org.br\/novosite\/#\/schema\/person\/75fed98158349313fe56175f232f513c"},"headline":"Federassantas adere \u00e0 mobiliza\u00e7\u00e3o da AMM e cobra d\u00edvida de R$ 5 bilh\u00f5es do Estado com os hospitais","datePublished":"2018-08-10T17:19:54+00:00","mainEntityOfPage":{"@id":"https:\/\/www.federassantas.org.br\/novosite\/federassantas-adere-a-mobilizacao-da-amm-e-cobra-divida-de-r-5-bilhoes-do-estado-com-os-hospitais\/"},"wordCount":412,"commentCount":0,"publisher":{"@id":"https:\/\/www.federassantas.org.br\/novosite\/#organization"},"image":{"@id":"https:\/\/www.federassantas.org.br\/novosite\/federassantas-adere-a-mobilizacao-da-amm-e-cobra-divida-de-r-5-bilhoes-do-estado-com-os-hospitais\/#primaryimage"},"thumbnailUrl":"","articleSection":["Not\u00edcias","Not\u00edcias Federassantas"],"inLanguage":"pt-BR","potentialAction":[{"@type":"CommentAction","name":"Comment","target":["https:\/\/www.federassantas.org.br\/novosite\/federassantas-adere-a-mobilizacao-da-amm-e-cobra-divida-de-r-5-bilhoes-do-estado-com-os-hospitais\/#respond"]}]},{"@type":"WebPage","@id":"https:\/\/www.federassantas.org.br\/novosite\/federassantas-adere-a-mobilizacao-da-amm-e-cobra-divida-de-r-5-bilhoes-do-estado-com-os-hospitais\/","url":"https:\/\/www.federassantas.org.br\/novosite\/federassantas-adere-a-mobilizacao-da-amm-e-cobra-divida-de-r-5-bilhoes-do-estado-com-os-hospitais\/","name":"Federassantas adere \u00e0 mobiliza\u00e7\u00e3o da AMM e cobra d\u00edvida de R$ 5 bilh\u00f5es do Estado com os hospitais - Federassantas","isPartOf":{"@id":"https:\/\/www.federassantas.org.br\/novosite\/#website"},"primaryImageOfPage":{"@id":"https:\/\/www.federassantas.org.br\/novosite\/federassantas-adere-a-mobilizacao-da-amm-e-cobra-divida-de-r-5-bilhoes-do-estado-com-os-hospitais\/#primaryimage"},"image":{"@id":"https:\/\/www.federassantas.org.br\/novosite\/federassantas-adere-a-mobilizacao-da-amm-e-cobra-divida-de-r-5-bilhoes-do-estado-com-os-hospitais\/#primaryimage"},"thumbnailUrl":"","datePublished":"2018-08-10T17:19:54+00:00","breadcrumb":{"@id":"https:\/\/www.federassantas.org.br\/novosite\/federassantas-adere-a-mobilizacao-da-amm-e-cobra-divida-de-r-5-bilhoes-do-estado-com-os-hospitais\/#breadcrumb"},"inLanguage":"pt-BR","potentialAction":[{"@type":"ReadAction","target":["https:\/\/www.federassantas.org.br\/novosite\/federassantas-adere-a-mobilizacao-da-amm-e-cobra-divida-de-r-5-bilhoes-do-estado-com-os-hospitais\/"]}]},{"@type":"ImageObject","inLanguage":"pt-BR","@id":"https:\/\/www.federassantas.org.br\/novosite\/federassantas-adere-a-mobilizacao-da-amm-e-cobra-divida-de-r-5-bilhoes-do-estado-com-os-hospitais\/#primaryimage","url":"","contentUrl":""},{"@type":"BreadcrumbList","@id":"https:\/\/www.federassantas.org.br\/novosite\/federassantas-adere-a-mobilizacao-da-amm-e-cobra-divida-de-r-5-bilhoes-do-estado-com-os-hospitais\/#breadcrumb","itemListElement":[{"@type":"ListItem","position":1,"name":"In\u00edcio","item":"https:\/\/www.federassantas.org.br\/novosite\/"},{"@type":"ListItem","position":2,"name":"Federassantas adere \u00e0 mobiliza\u00e7\u00e3o da AMM e cobra d\u00edvida de R$ 5 bilh\u00f5es do Estado com os hospitais"}]},{"@type":"WebSite","@id":"https:\/\/www.federassantas.org.br\/novosite\/#website","url":"https:\/\/www.federassantas.org.br\/novosite\/","name":"Federassantas","description":"Entidade de representa\u00e7\u00e3o e fortalecimento das Santas Casas, hospitais filantr\u00f3picos e entidades beneficentes de sa\u00fade de Minas Gerais, atuando na defesa institucional, qualifica\u00e7\u00e3o da gest\u00e3o e sustentabilidade do setor.","publisher":{"@id":"https:\/\/www.federassantas.org.br\/novosite\/#organization"},"potentialAction":[{"@type":"SearchAction","target":{"@type":"EntryPoint","urlTemplate":"https:\/\/www.federassantas.org.br\/novosite\/?s={search_term_string}"},"query-input":{"@type":"PropertyValueSpecification","valueRequired":true,"valueName":"search_term_string"}}],"inLanguage":"pt-BR"},{"@type":"Organization","@id":"https:\/\/www.federassantas.org.br\/novosite\/#organization","name":"Federassantas","url":"https:\/\/www.federassantas.org.br\/novosite\/","logo":{"@type":"ImageObject","inLanguage":"pt-BR","@id":"https:\/\/www.federassantas.org.br\/novosite\/#\/schema\/logo\/image\/","url":"https:\/\/www.federassantas.org.br\/novosite\/wp-content\/uploads\/2021\/12\/logo.png","contentUrl":"https:\/\/www.federassantas.org.br\/novosite\/wp-content\/uploads\/2021\/12\/logo.png","width":243,"height":59,"caption":"Federassantas"},"image":{"@id":"https:\/\/www.federassantas.org.br\/novosite\/#\/schema\/logo\/image\/"}},{"@type":"Person","@id":"https:\/\/www.federassantas.org.br\/novosite\/#\/schema\/person\/75fed98158349313fe56175f232f513c","name":"admin-federas","image":{"@type":"ImageObject","inLanguage":"pt-BR","@id":"https:\/\/www.federassantas.org.br\/novosite\/#\/schema\/person\/image\/","url":"https:\/\/secure.gravatar.com\/avatar\/2a02d7dda59fe8dc6b7ffd3f652e2efede5ccf0dd89dfdc8137c5517f3de8407?s=96&d=mm&r=g","contentUrl":"https:\/\/secure.gravatar.com\/avatar\/2a02d7dda59fe8dc6b7ffd3f652e2efede5ccf0dd89dfdc8137c5517f3de8407?s=96&d=mm&r=g","caption":"admin-federas"},"sameAs":["https:\/\/www.federassantas.org.br\/novosite\/"],"url":"https:\/\/www.federassantas.org.br\/novosite\/author\/admin-federas\/"}]}},"_links":{"self":[{"href":"https:\/\/www.federassantas.org.br\/novosite\/wp-json\/wp\/v2\/posts\/13600","targetHints":{"allow":["GET"]}}],"collection":[{"href":"https:\/\/www.federassantas.org.br\/novosite\/wp-json\/wp\/v2\/posts"}],"about":[{"href":"https:\/\/www.federassantas.org.br\/novosite\/wp-json\/wp\/v2\/types\/post"}],"author":[{"embeddable":true,"href":"https:\/\/www.federassantas.org.br\/novosite\/wp-json\/wp\/v2\/users\/1"}],"replies":[{"embeddable":true,"href":"https:\/\/www.federassantas.org.br\/novosite\/wp-json\/wp\/v2\/comments?post=13600"}],"version-history":[{"count":0,"href":"https:\/\/www.federassantas.org.br\/novosite\/wp-json\/wp\/v2\/posts\/13600\/revisions"}],"wp:attachment":[{"href":"https:\/\/www.federassantas.org.br\/novosite\/wp-json\/wp\/v2\/media?parent=13600"}],"wp:term":[{"taxonomy":"category","embeddable":true,"href":"https:\/\/www.federassantas.org.br\/novosite\/wp-json\/wp\/v2\/categories?post=13600"},{"taxonomy":"post_tag","embeddable":true,"href":"https:\/\/www.federassantas.org.br\/novosite\/wp-json\/wp\/v2\/tags?post=13600"}],"curies":[{"name":"wp","href":"https:\/\/api.w.org\/{rel}","templated":true}]}}