{"id":13604,"date":"2018-08-10T18:09:50","date_gmt":"2018-08-10T21:09:50","guid":{"rendered":"https:\/\/federasbackup.meltcomunicacao.com.br\/?p=13604"},"modified":"2018-08-10T18:09:50","modified_gmt":"2018-08-10T21:09:50","slug":"secretarios-formalizam-compromisso-de-remessa-de-recursos-regulares-para-a-saude","status":"publish","type":"post","link":"https:\/\/www.federassantas.org.br\/novosite\/secretarios-formalizam-compromisso-de-remessa-de-recursos-regulares-para-a-saude\/","title":{"rendered":"Secret\u00e1rios formalizam compromisso de remessa de recursos regulares para a sa\u00fade"},"content":{"rendered":"<p style=\"text-align: justify;\">Foi realizada hoje mais uma reuni\u00e3o da C\u00e2mara de Preven\u00e7\u00e3o e Resolu\u00e7\u00e3o de Conflitos do Minist\u00e9rio P\u00fablico, com a participa\u00e7\u00e3o de representantes da Federassantas, COSEMS\/MG; Promotores de Justi\u00e7a e CAO-Sa\u00fade; o Procurador Geral de Justi\u00e7a Adjunto; e os Secret\u00e1rios de Estado da Sa\u00fade e de Planejamento. A reuni\u00e3o teve como finalidade formalizar o que foi proposto e discutido nas \u00faltimas duas reuni\u00f5es da C\u00e2mara, realizadas nos dias 11 e 19 de julho.<\/p>\n<p style=\"text-align: justify;\">Durante a reuni\u00e3o, o Secret\u00e1rio de Sa\u00fade, Nalton Sebasti\u00e3o da Cruz, reiterou a necessidade de recebimento de recursos na ordem de R$ 400 milh\u00f5es mensais para as despesas correntes da sa\u00fade. No entanto foi refor\u00e7ado pelo Secret\u00e1rio de Planejamento, Helv\u00e9cio Magalh\u00e3es, que diante da situa\u00e7\u00e3o financeira do Estado, seria poss\u00edvel pactuar o repasse de R$ 100 milh\u00f5es mensais para a pasta. Ainda conforme acordado na reuni\u00e3o, caber\u00e1 \u00e0 Secretaria de Sa\u00fade determinar quais ser\u00e3o as prioridades e ordem de pagamento.<\/p>\n<p>De acordo com Nalton Cruz, os recursos ser\u00e3o destinados prioritariamente para: Rede Resposta; Pro-Urge; Pro-Hosp; Rede Cegonha; extrapolamento de Terapia Renal Substitutiva e de oncologia; al\u00e9m de recursos para manuten\u00e7\u00e3o das UPAs; SAMU; assist\u00eancia farmac\u00eautica; CEAE; CENTRARE; e CEAPS.<\/p>\n<p style=\"text-align: justify;\">Tamb\u00e9m ficou acordado que a pasta dever\u00e1 apresentar em outras reuni\u00f5es da C\u00e2mara, uma planilha mensal com o detalhamento de valores, n\u00famero de parcelas e outras informa\u00e7\u00f5es, a fim de orientar todos os respons\u00e1veis da gest\u00e3o de servi\u00e7os de sa\u00fade e assegurar um planejamento de curto prazo \u00e0 estes.<\/p>\n<p style=\"text-align: justify;\">Outra tema abordado durante a reuni\u00e3o pelo Secret\u00e1rio de Planejamento, foi que, a princ\u00edpio, 70% dos recursos oriundos da securitiza\u00e7\u00e3o ser\u00e3o destinadas aos munic\u00edpios, especificamente para a sa\u00fade conforme texto da lei.<\/p>\n<p style=\"text-align: justify;\">Nos pr\u00f3ximos dias as atas das tr\u00eas reuni\u00f5es ser\u00e3o disponibilizadas pelo Minist\u00e9rio P\u00fablico e ser\u00e3o encaminhadas aos filiados da Federassantas.<\/p>\n<p><img fetchpriority=\"high\" decoding=\"async\" class=\"alignnone  wp-image-13605\" src=\"http:\/\/federasbackup.meltcomunicacao.com.br\/wp-content\/uploads\/2018\/08\/20180810_103856.jpg\" alt=\"\" width=\"596\" height=\"447\" \/><\/p>\n<p>Por: Raquel Gontijo &#8211; Assessoria de Comunica\u00e7\u00e3o da Federassantas<\/p>\n","protected":false},"excerpt":{"rendered":"<p>Foi realizada hoje mais uma reuni\u00e3o da C\u00e2mara de Preven\u00e7\u00e3o e Resolu\u00e7\u00e3o de Conflitos do Minist\u00e9rio P\u00fablico, com a participa\u00e7\u00e3o de representantes da Federassantas, COSEMS\/MG; Promotores de Justi\u00e7a e CAO-Sa\u00fade; o Procurador Geral de Justi\u00e7a Adjunto; e os Secret\u00e1rios de Estado da Sa\u00fade e de Planejamento. A reuni\u00e3o teve como finalidade formalizar o que foi [&hellip;]<\/p>\n","protected":false},"author":1,"featured_media":13606,"comment_status":"open","ping_status":"open","sticky":false,"template":"","format":"standard","meta":{"footnotes":""},"categories":[140,143],"tags":[],"class_list":["post-13604","post","type-post","status-publish","format-standard","has-post-thumbnail","hentry","category-noticias","category-noticias-publicas"],"yoast_head":"<!-- This site is optimized with the Yoast SEO plugin v26.9 - https:\/\/yoast.com\/product\/yoast-seo-wordpress\/ -->\n<title>Secret\u00e1rios formalizam compromisso de remessa de recursos regulares para a sa\u00fade - Federassantas<\/title>\n<meta name=\"robots\" content=\"index, follow, max-snippet:-1, max-image-preview:large, max-video-preview:-1\" \/>\n<link rel=\"canonical\" href=\"https:\/\/www.federassantas.org.br\/novosite\/secretarios-formalizam-compromisso-de-remessa-de-recursos-regulares-para-a-saude\/\" \/>\n<meta property=\"og:locale\" content=\"pt_BR\" \/>\n<meta property=\"og:type\" content=\"article\" \/>\n<meta property=\"og:title\" content=\"Secret\u00e1rios formalizam compromisso de remessa de recursos regulares para a sa\u00fade - Federassantas\" \/>\n<meta property=\"og:description\" content=\"Foi realizada hoje mais uma reuni\u00e3o da C\u00e2mara de Preven\u00e7\u00e3o e Resolu\u00e7\u00e3o de Conflitos do Minist\u00e9rio P\u00fablico, com a participa\u00e7\u00e3o de representantes da Federassantas, COSEMS\/MG; Promotores de Justi\u00e7a e CAO-Sa\u00fade; o Procurador Geral de Justi\u00e7a Adjunto; e os Secret\u00e1rios de Estado da Sa\u00fade e de Planejamento. A reuni\u00e3o teve como finalidade formalizar o que foi [&hellip;]\" \/>\n<meta property=\"og:url\" content=\"https:\/\/www.federassantas.org.br\/novosite\/secretarios-formalizam-compromisso-de-remessa-de-recursos-regulares-para-a-saude\/\" \/>\n<meta property=\"og:site_name\" content=\"Federassantas\" \/>\n<meta property=\"article:published_time\" content=\"2018-08-10T21:09:50+00:00\" \/>\n<meta name=\"author\" content=\"admin-federas\" \/>\n<meta name=\"twitter:card\" content=\"summary_large_image\" \/>\n<meta name=\"twitter:label1\" content=\"Escrito por\" \/>\n\t<meta name=\"twitter:data1\" content=\"admin-federas\" \/>\n\t<meta name=\"twitter:label2\" content=\"Est. tempo de leitura\" \/>\n\t<meta name=\"twitter:data2\" content=\"2 minutos\" \/>\n<script type=\"application\/ld+json\" class=\"yoast-schema-graph\">{\"@context\":\"https:\/\/schema.org\",\"@graph\":[{\"@type\":\"Article\",\"@id\":\"https:\/\/www.federassantas.org.br\/novosite\/secretarios-formalizam-compromisso-de-remessa-de-recursos-regulares-para-a-saude\/#article\",\"isPartOf\":{\"@id\":\"https:\/\/www.federassantas.org.br\/novosite\/secretarios-formalizam-compromisso-de-remessa-de-recursos-regulares-para-a-saude\/\"},\"author\":{\"name\":\"admin-federas\",\"@id\":\"https:\/\/www.federassantas.org.br\/novosite\/#\/schema\/person\/75fed98158349313fe56175f232f513c\"},\"headline\":\"Secret\u00e1rios formalizam compromisso de remessa de recursos regulares para a sa\u00fade\",\"datePublished\":\"2018-08-10T21:09:50+00:00\",\"mainEntityOfPage\":{\"@id\":\"https:\/\/www.federassantas.org.br\/novosite\/secretarios-formalizam-compromisso-de-remessa-de-recursos-regulares-para-a-saude\/\"},\"wordCount\":368,\"commentCount\":0,\"publisher\":{\"@id\":\"https:\/\/www.federassantas.org.br\/novosite\/#organization\"},\"image\":{\"@id\":\"https:\/\/www.federassantas.org.br\/novosite\/secretarios-formalizam-compromisso-de-remessa-de-recursos-regulares-para-a-saude\/#primaryimage\"},\"thumbnailUrl\":\"\",\"articleSection\":[\"Not\u00edcias\",\"Not\u00edcias P\u00fablicas\"],\"inLanguage\":\"pt-BR\",\"potentialAction\":[{\"@type\":\"CommentAction\",\"name\":\"Comment\",\"target\":[\"https:\/\/www.federassantas.org.br\/novosite\/secretarios-formalizam-compromisso-de-remessa-de-recursos-regulares-para-a-saude\/#respond\"]}]},{\"@type\":\"WebPage\",\"@id\":\"https:\/\/www.federassantas.org.br\/novosite\/secretarios-formalizam-compromisso-de-remessa-de-recursos-regulares-para-a-saude\/\",\"url\":\"https:\/\/www.federassantas.org.br\/novosite\/secretarios-formalizam-compromisso-de-remessa-de-recursos-regulares-para-a-saude\/\",\"name\":\"Secret\u00e1rios formalizam compromisso de remessa de recursos regulares para a sa\u00fade - Federassantas\",\"isPartOf\":{\"@id\":\"https:\/\/www.federassantas.org.br\/novosite\/#website\"},\"primaryImageOfPage\":{\"@id\":\"https:\/\/www.federassantas.org.br\/novosite\/secretarios-formalizam-compromisso-de-remessa-de-recursos-regulares-para-a-saude\/#primaryimage\"},\"image\":{\"@id\":\"https:\/\/www.federassantas.org.br\/novosite\/secretarios-formalizam-compromisso-de-remessa-de-recursos-regulares-para-a-saude\/#primaryimage\"},\"thumbnailUrl\":\"\",\"datePublished\":\"2018-08-10T21:09:50+00:00\",\"breadcrumb\":{\"@id\":\"https:\/\/www.federassantas.org.br\/novosite\/secretarios-formalizam-compromisso-de-remessa-de-recursos-regulares-para-a-saude\/#breadcrumb\"},\"inLanguage\":\"pt-BR\",\"potentialAction\":[{\"@type\":\"ReadAction\",\"target\":[\"https:\/\/www.federassantas.org.br\/novosite\/secretarios-formalizam-compromisso-de-remessa-de-recursos-regulares-para-a-saude\/\"]}]},{\"@type\":\"ImageObject\",\"inLanguage\":\"pt-BR\",\"@id\":\"https:\/\/www.federassantas.org.br\/novosite\/secretarios-formalizam-compromisso-de-remessa-de-recursos-regulares-para-a-saude\/#primaryimage\",\"url\":\"\",\"contentUrl\":\"\"},{\"@type\":\"BreadcrumbList\",\"@id\":\"https:\/\/www.federassantas.org.br\/novosite\/secretarios-formalizam-compromisso-de-remessa-de-recursos-regulares-para-a-saude\/#breadcrumb\",\"itemListElement\":[{\"@type\":\"ListItem\",\"position\":1,\"name\":\"In\u00edcio\",\"item\":\"https:\/\/www.federassantas.org.br\/novosite\/\"},{\"@type\":\"ListItem\",\"position\":2,\"name\":\"Secret\u00e1rios formalizam compromisso de remessa de recursos regulares para a sa\u00fade\"}]},{\"@type\":\"WebSite\",\"@id\":\"https:\/\/www.federassantas.org.br\/novosite\/#website\",\"url\":\"https:\/\/www.federassantas.org.br\/novosite\/\",\"name\":\"Federassantas\",\"description\":\"Entidade de representa\u00e7\u00e3o e fortalecimento das Santas Casas, hospitais filantr\u00f3picos e entidades beneficentes de sa\u00fade de Minas Gerais, atuando na defesa institucional, qualifica\u00e7\u00e3o da gest\u00e3o e sustentabilidade do setor.\",\"publisher\":{\"@id\":\"https:\/\/www.federassantas.org.br\/novosite\/#organization\"},\"potentialAction\":[{\"@type\":\"SearchAction\",\"target\":{\"@type\":\"EntryPoint\",\"urlTemplate\":\"https:\/\/www.federassantas.org.br\/novosite\/?s={search_term_string}\"},\"query-input\":{\"@type\":\"PropertyValueSpecification\",\"valueRequired\":true,\"valueName\":\"search_term_string\"}}],\"inLanguage\":\"pt-BR\"},{\"@type\":\"Organization\",\"@id\":\"https:\/\/www.federassantas.org.br\/novosite\/#organization\",\"name\":\"Federassantas\",\"url\":\"https:\/\/www.federassantas.org.br\/novosite\/\",\"logo\":{\"@type\":\"ImageObject\",\"inLanguage\":\"pt-BR\",\"@id\":\"https:\/\/www.federassantas.org.br\/novosite\/#\/schema\/logo\/image\/\",\"url\":\"https:\/\/www.federassantas.org.br\/novosite\/wp-content\/uploads\/2021\/12\/logo.png\",\"contentUrl\":\"https:\/\/www.federassantas.org.br\/novosite\/wp-content\/uploads\/2021\/12\/logo.png\",\"width\":243,\"height\":59,\"caption\":\"Federassantas\"},\"image\":{\"@id\":\"https:\/\/www.federassantas.org.br\/novosite\/#\/schema\/logo\/image\/\"}},{\"@type\":\"Person\",\"@id\":\"https:\/\/www.federassantas.org.br\/novosite\/#\/schema\/person\/75fed98158349313fe56175f232f513c\",\"name\":\"admin-federas\",\"image\":{\"@type\":\"ImageObject\",\"inLanguage\":\"pt-BR\",\"@id\":\"https:\/\/www.federassantas.org.br\/novosite\/#\/schema\/person\/image\/\",\"url\":\"https:\/\/secure.gravatar.com\/avatar\/2a02d7dda59fe8dc6b7ffd3f652e2efede5ccf0dd89dfdc8137c5517f3de8407?s=96&d=mm&r=g\",\"contentUrl\":\"https:\/\/secure.gravatar.com\/avatar\/2a02d7dda59fe8dc6b7ffd3f652e2efede5ccf0dd89dfdc8137c5517f3de8407?s=96&d=mm&r=g\",\"caption\":\"admin-federas\"},\"sameAs\":[\"https:\/\/www.federassantas.org.br\/novosite\/\"],\"url\":\"https:\/\/www.federassantas.org.br\/novosite\/author\/admin-federas\/\"}]}<\/script>\n<!-- \/ Yoast SEO plugin. -->","yoast_head_json":{"title":"Secret\u00e1rios formalizam compromisso de remessa de recursos regulares para a sa\u00fade - Federassantas","robots":{"index":"index","follow":"follow","max-snippet":"max-snippet:-1","max-image-preview":"max-image-preview:large","max-video-preview":"max-video-preview:-1"},"canonical":"https:\/\/www.federassantas.org.br\/novosite\/secretarios-formalizam-compromisso-de-remessa-de-recursos-regulares-para-a-saude\/","og_locale":"pt_BR","og_type":"article","og_title":"Secret\u00e1rios formalizam compromisso de remessa de recursos regulares para a sa\u00fade - Federassantas","og_description":"Foi realizada hoje mais uma reuni\u00e3o da C\u00e2mara de Preven\u00e7\u00e3o e Resolu\u00e7\u00e3o de Conflitos do Minist\u00e9rio P\u00fablico, com a participa\u00e7\u00e3o de representantes da Federassantas, COSEMS\/MG; Promotores de Justi\u00e7a e CAO-Sa\u00fade; o Procurador Geral de Justi\u00e7a Adjunto; e os Secret\u00e1rios de Estado da Sa\u00fade e de Planejamento. A reuni\u00e3o teve como finalidade formalizar o que foi [&hellip;]","og_url":"https:\/\/www.federassantas.org.br\/novosite\/secretarios-formalizam-compromisso-de-remessa-de-recursos-regulares-para-a-saude\/","og_site_name":"Federassantas","article_published_time":"2018-08-10T21:09:50+00:00","author":"admin-federas","twitter_card":"summary_large_image","twitter_misc":{"Escrito por":"admin-federas","Est. tempo de leitura":"2 minutos"},"schema":{"@context":"https:\/\/schema.org","@graph":[{"@type":"Article","@id":"https:\/\/www.federassantas.org.br\/novosite\/secretarios-formalizam-compromisso-de-remessa-de-recursos-regulares-para-a-saude\/#article","isPartOf":{"@id":"https:\/\/www.federassantas.org.br\/novosite\/secretarios-formalizam-compromisso-de-remessa-de-recursos-regulares-para-a-saude\/"},"author":{"name":"admin-federas","@id":"https:\/\/www.federassantas.org.br\/novosite\/#\/schema\/person\/75fed98158349313fe56175f232f513c"},"headline":"Secret\u00e1rios formalizam compromisso de remessa de recursos regulares para a sa\u00fade","datePublished":"2018-08-10T21:09:50+00:00","mainEntityOfPage":{"@id":"https:\/\/www.federassantas.org.br\/novosite\/secretarios-formalizam-compromisso-de-remessa-de-recursos-regulares-para-a-saude\/"},"wordCount":368,"commentCount":0,"publisher":{"@id":"https:\/\/www.federassantas.org.br\/novosite\/#organization"},"image":{"@id":"https:\/\/www.federassantas.org.br\/novosite\/secretarios-formalizam-compromisso-de-remessa-de-recursos-regulares-para-a-saude\/#primaryimage"},"thumbnailUrl":"","articleSection":["Not\u00edcias","Not\u00edcias P\u00fablicas"],"inLanguage":"pt-BR","potentialAction":[{"@type":"CommentAction","name":"Comment","target":["https:\/\/www.federassantas.org.br\/novosite\/secretarios-formalizam-compromisso-de-remessa-de-recursos-regulares-para-a-saude\/#respond"]}]},{"@type":"WebPage","@id":"https:\/\/www.federassantas.org.br\/novosite\/secretarios-formalizam-compromisso-de-remessa-de-recursos-regulares-para-a-saude\/","url":"https:\/\/www.federassantas.org.br\/novosite\/secretarios-formalizam-compromisso-de-remessa-de-recursos-regulares-para-a-saude\/","name":"Secret\u00e1rios formalizam compromisso de remessa de recursos regulares para a sa\u00fade - Federassantas","isPartOf":{"@id":"https:\/\/www.federassantas.org.br\/novosite\/#website"},"primaryImageOfPage":{"@id":"https:\/\/www.federassantas.org.br\/novosite\/secretarios-formalizam-compromisso-de-remessa-de-recursos-regulares-para-a-saude\/#primaryimage"},"image":{"@id":"https:\/\/www.federassantas.org.br\/novosite\/secretarios-formalizam-compromisso-de-remessa-de-recursos-regulares-para-a-saude\/#primaryimage"},"thumbnailUrl":"","datePublished":"2018-08-10T21:09:50+00:00","breadcrumb":{"@id":"https:\/\/www.federassantas.org.br\/novosite\/secretarios-formalizam-compromisso-de-remessa-de-recursos-regulares-para-a-saude\/#breadcrumb"},"inLanguage":"pt-BR","potentialAction":[{"@type":"ReadAction","target":["https:\/\/www.federassantas.org.br\/novosite\/secretarios-formalizam-compromisso-de-remessa-de-recursos-regulares-para-a-saude\/"]}]},{"@type":"ImageObject","inLanguage":"pt-BR","@id":"https:\/\/www.federassantas.org.br\/novosite\/secretarios-formalizam-compromisso-de-remessa-de-recursos-regulares-para-a-saude\/#primaryimage","url":"","contentUrl":""},{"@type":"BreadcrumbList","@id":"https:\/\/www.federassantas.org.br\/novosite\/secretarios-formalizam-compromisso-de-remessa-de-recursos-regulares-para-a-saude\/#breadcrumb","itemListElement":[{"@type":"ListItem","position":1,"name":"In\u00edcio","item":"https:\/\/www.federassantas.org.br\/novosite\/"},{"@type":"ListItem","position":2,"name":"Secret\u00e1rios formalizam compromisso de remessa de recursos regulares para a sa\u00fade"}]},{"@type":"WebSite","@id":"https:\/\/www.federassantas.org.br\/novosite\/#website","url":"https:\/\/www.federassantas.org.br\/novosite\/","name":"Federassantas","description":"Entidade de representa\u00e7\u00e3o e fortalecimento das Santas Casas, hospitais filantr\u00f3picos e entidades beneficentes de sa\u00fade de Minas Gerais, atuando na defesa institucional, qualifica\u00e7\u00e3o da gest\u00e3o e sustentabilidade do setor.","publisher":{"@id":"https:\/\/www.federassantas.org.br\/novosite\/#organization"},"potentialAction":[{"@type":"SearchAction","target":{"@type":"EntryPoint","urlTemplate":"https:\/\/www.federassantas.org.br\/novosite\/?s={search_term_string}"},"query-input":{"@type":"PropertyValueSpecification","valueRequired":true,"valueName":"search_term_string"}}],"inLanguage":"pt-BR"},{"@type":"Organization","@id":"https:\/\/www.federassantas.org.br\/novosite\/#organization","name":"Federassantas","url":"https:\/\/www.federassantas.org.br\/novosite\/","logo":{"@type":"ImageObject","inLanguage":"pt-BR","@id":"https:\/\/www.federassantas.org.br\/novosite\/#\/schema\/logo\/image\/","url":"https:\/\/www.federassantas.org.br\/novosite\/wp-content\/uploads\/2021\/12\/logo.png","contentUrl":"https:\/\/www.federassantas.org.br\/novosite\/wp-content\/uploads\/2021\/12\/logo.png","width":243,"height":59,"caption":"Federassantas"},"image":{"@id":"https:\/\/www.federassantas.org.br\/novosite\/#\/schema\/logo\/image\/"}},{"@type":"Person","@id":"https:\/\/www.federassantas.org.br\/novosite\/#\/schema\/person\/75fed98158349313fe56175f232f513c","name":"admin-federas","image":{"@type":"ImageObject","inLanguage":"pt-BR","@id":"https:\/\/www.federassantas.org.br\/novosite\/#\/schema\/person\/image\/","url":"https:\/\/secure.gravatar.com\/avatar\/2a02d7dda59fe8dc6b7ffd3f652e2efede5ccf0dd89dfdc8137c5517f3de8407?s=96&d=mm&r=g","contentUrl":"https:\/\/secure.gravatar.com\/avatar\/2a02d7dda59fe8dc6b7ffd3f652e2efede5ccf0dd89dfdc8137c5517f3de8407?s=96&d=mm&r=g","caption":"admin-federas"},"sameAs":["https:\/\/www.federassantas.org.br\/novosite\/"],"url":"https:\/\/www.federassantas.org.br\/novosite\/author\/admin-federas\/"}]}},"_links":{"self":[{"href":"https:\/\/www.federassantas.org.br\/novosite\/wp-json\/wp\/v2\/posts\/13604","targetHints":{"allow":["GET"]}}],"collection":[{"href":"https:\/\/www.federassantas.org.br\/novosite\/wp-json\/wp\/v2\/posts"}],"about":[{"href":"https:\/\/www.federassantas.org.br\/novosite\/wp-json\/wp\/v2\/types\/post"}],"author":[{"embeddable":true,"href":"https:\/\/www.federassantas.org.br\/novosite\/wp-json\/wp\/v2\/users\/1"}],"replies":[{"embeddable":true,"href":"https:\/\/www.federassantas.org.br\/novosite\/wp-json\/wp\/v2\/comments?post=13604"}],"version-history":[{"count":0,"href":"https:\/\/www.federassantas.org.br\/novosite\/wp-json\/wp\/v2\/posts\/13604\/revisions"}],"wp:attachment":[{"href":"https:\/\/www.federassantas.org.br\/novosite\/wp-json\/wp\/v2\/media?parent=13604"}],"wp:term":[{"taxonomy":"category","embeddable":true,"href":"https:\/\/www.federassantas.org.br\/novosite\/wp-json\/wp\/v2\/categories?post=13604"},{"taxonomy":"post_tag","embeddable":true,"href":"https:\/\/www.federassantas.org.br\/novosite\/wp-json\/wp\/v2\/tags?post=13604"}],"curies":[{"name":"wp","href":"https:\/\/api.w.org\/{rel}","templated":true}]}}