{"id":13632,"date":"2018-08-16T13:59:44","date_gmt":"2018-08-16T16:59:44","guid":{"rendered":"https:\/\/federasbackup.meltcomunicacao.com.br\/?p=13632"},"modified":"2018-08-16T13:59:44","modified_gmt":"2018-08-16T16:59:44","slug":"temer-assina-medida-provisoria-que-abre-linha-de-credito-com-recursos-do-fgts-para-santas-casas-e-hospitais-filantropicos","status":"publish","type":"post","link":"https:\/\/www.federassantas.org.br\/novosite\/temer-assina-medida-provisoria-que-abre-linha-de-credito-com-recursos-do-fgts-para-santas-casas-e-hospitais-filantropicos\/","title":{"rendered":"Temer assina medida provis\u00f3ria que abre linha de cr\u00e9dito com recursos do FGTS para filantr\u00f3picos"},"content":{"rendered":"<div class=\"mc-column content-text active-extra-styles active-capital-letter\" data-block-type=\"unstyled\" data-block-weight=\"21\" data-block-id=\"2\">\n<p class=\"content-head__subtitle\"><em>Medida precisa ser aprovada pelo Congresso Nacional em 120 dias para n\u00e3o perder a validade<\/em><\/p>\n<p class=\"content-text__container theme-color-primary-first-letter\" style=\"text-align: justify;\" data-track-category=\"Link no Texto\" data-track-links=\"\">O presidente Michel Temer assinou nesta quinta-feira (16) medida provis\u00f3ria que abre linha de cr\u00e9dito para Santas Casas e hospitais filantr\u00f3picos.<\/p>\n<\/div>\n<div class=\"wall\" style=\"text-align: justify;\">\n<div class=\"mc-column content-text active-extra-styles \" data-block-type=\"unstyled\" data-block-weight=\"31\" data-block-id=\"3\">\n<p class=\"content-text__container \" data-track-category=\"Link no Texto\" data-track-links=\"\">Conforme o Minist\u00e9rio da Sa\u00fade, o governo vai destinar recursos do Fundo de Garantia do Tempo de Servi\u00e7o (FGTS) para financiar entidades que complementam servi\u00e7os do Sistema \u00danico de Sa\u00fade (SUS).<\/p>\n<\/div>\n<\/div>\n<p style=\"text-align: justify;\">Segundo o ministro da Sa\u00fade, Gilberto Occhi, as Santas Casas e os hospitais filantr\u00f3picos poder\u00e3o acessar recursos do FGTS para financiamentos, sem car\u00eancia e com prazo m\u00e1ximo de 10 anos, com taxa de juros em torno de 8,66% ao ano.<\/p>\n<p style=\"text-align: justify;\">Occhi afirmou que a proposta \u00e9 destinar 5% do or\u00e7amento do FGTS, o que daria cerca de R$ 4 bilh\u00f5es, segundo proje\u00e7\u00e3o baseada e<span class=\"text_exposed_show\">m n\u00fameros para 2018.<\/span><\/p>\n<div class=\"text_exposed_show\">\n<p style=\"text-align: justify;\">Confira reportagem completa em:\u00a0<a href=\"https:\/\/g1.globo.com\/politica\/noticia\/2018\/08\/16\/temer-assina-medida-provisoria-que-abre-linha-de-credito-para-santas-casas-e-hospitais-filantropicos.ghtml\">https:\/\/g1.globo.com\/politica\/noticia\/2018\/08\/16\/temer-assina-medida-provisoria-que-abre-linha-de-credito-para-santas-casas-e-hospitais-filantropicos.ghtml<\/a><\/p>\n<\/div>\n","protected":false},"excerpt":{"rendered":"<p>Medida precisa ser aprovada pelo Congresso Nacional em 120 dias para n\u00e3o perder a validade O presidente Michel Temer assinou nesta quinta-feira (16) medida provis\u00f3ria que abre linha de cr\u00e9dito para Santas Casas e hospitais filantr\u00f3picos. Conforme o Minist\u00e9rio da Sa\u00fade, o governo vai destinar recursos do Fundo de Garantia do Tempo de Servi\u00e7o (FGTS) [&hellip;]<\/p>\n","protected":false},"author":1,"featured_media":13633,"comment_status":"open","ping_status":"open","sticky":false,"template":"","format":"standard","meta":{"footnotes":""},"categories":[140,143],"tags":[],"class_list":["post-13632","post","type-post","status-publish","format-standard","has-post-thumbnail","hentry","category-noticias","category-noticias-publicas"],"yoast_head":"<!-- This site is optimized with the Yoast SEO plugin v26.9 - https:\/\/yoast.com\/product\/yoast-seo-wordpress\/ -->\n<title>Temer assina medida provis\u00f3ria que abre linha de cr\u00e9dito com recursos do FGTS para filantr\u00f3picos - Federassantas<\/title>\n<meta name=\"robots\" content=\"index, follow, max-snippet:-1, max-image-preview:large, max-video-preview:-1\" \/>\n<link rel=\"canonical\" href=\"https:\/\/www.federassantas.org.br\/novosite\/temer-assina-medida-provisoria-que-abre-linha-de-credito-com-recursos-do-fgts-para-santas-casas-e-hospitais-filantropicos\/\" \/>\n<meta property=\"og:locale\" content=\"pt_BR\" \/>\n<meta property=\"og:type\" content=\"article\" \/>\n<meta property=\"og:title\" content=\"Temer assina medida provis\u00f3ria que abre linha de cr\u00e9dito com recursos do FGTS para filantr\u00f3picos - Federassantas\" \/>\n<meta property=\"og:description\" content=\"Medida precisa ser aprovada pelo Congresso Nacional em 120 dias para n\u00e3o perder a validade O presidente Michel Temer assinou nesta quinta-feira (16) medida provis\u00f3ria que abre linha de cr\u00e9dito para Santas Casas e hospitais filantr\u00f3picos. Conforme o Minist\u00e9rio da Sa\u00fade, o governo vai destinar recursos do Fundo de Garantia do Tempo de Servi\u00e7o (FGTS) [&hellip;]\" \/>\n<meta property=\"og:url\" content=\"https:\/\/www.federassantas.org.br\/novosite\/temer-assina-medida-provisoria-que-abre-linha-de-credito-com-recursos-do-fgts-para-santas-casas-e-hospitais-filantropicos\/\" \/>\n<meta property=\"og:site_name\" content=\"Federassantas\" \/>\n<meta property=\"article:published_time\" content=\"2018-08-16T16:59:44+00:00\" \/>\n<meta name=\"author\" content=\"admin-federas\" \/>\n<meta name=\"twitter:card\" content=\"summary_large_image\" \/>\n<meta name=\"twitter:label1\" content=\"Escrito por\" \/>\n\t<meta name=\"twitter:data1\" content=\"admin-federas\" \/>\n\t<meta name=\"twitter:label2\" content=\"Est. tempo de leitura\" \/>\n\t<meta name=\"twitter:data2\" content=\"1 minuto\" \/>\n<script type=\"application\/ld+json\" class=\"yoast-schema-graph\">{\"@context\":\"https:\/\/schema.org\",\"@graph\":[{\"@type\":\"Article\",\"@id\":\"https:\/\/www.federassantas.org.br\/novosite\/temer-assina-medida-provisoria-que-abre-linha-de-credito-com-recursos-do-fgts-para-santas-casas-e-hospitais-filantropicos\/#article\",\"isPartOf\":{\"@id\":\"https:\/\/www.federassantas.org.br\/novosite\/temer-assina-medida-provisoria-que-abre-linha-de-credito-com-recursos-do-fgts-para-santas-casas-e-hospitais-filantropicos\/\"},\"author\":{\"name\":\"admin-federas\",\"@id\":\"https:\/\/www.federassantas.org.br\/novosite\/#\/schema\/person\/75fed98158349313fe56175f232f513c\"},\"headline\":\"Temer assina medida provis\u00f3ria que abre linha de cr\u00e9dito com recursos do FGTS para filantr\u00f3picos\",\"datePublished\":\"2018-08-16T16:59:44+00:00\",\"mainEntityOfPage\":{\"@id\":\"https:\/\/www.federassantas.org.br\/novosite\/temer-assina-medida-provisoria-que-abre-linha-de-credito-com-recursos-do-fgts-para-santas-casas-e-hospitais-filantropicos\/\"},\"wordCount\":174,\"commentCount\":0,\"publisher\":{\"@id\":\"https:\/\/www.federassantas.org.br\/novosite\/#organization\"},\"image\":{\"@id\":\"https:\/\/www.federassantas.org.br\/novosite\/temer-assina-medida-provisoria-que-abre-linha-de-credito-com-recursos-do-fgts-para-santas-casas-e-hospitais-filantropicos\/#primaryimage\"},\"thumbnailUrl\":\"\",\"articleSection\":[\"Not\u00edcias\",\"Not\u00edcias P\u00fablicas\"],\"inLanguage\":\"pt-BR\",\"potentialAction\":[{\"@type\":\"CommentAction\",\"name\":\"Comment\",\"target\":[\"https:\/\/www.federassantas.org.br\/novosite\/temer-assina-medida-provisoria-que-abre-linha-de-credito-com-recursos-do-fgts-para-santas-casas-e-hospitais-filantropicos\/#respond\"]}]},{\"@type\":\"WebPage\",\"@id\":\"https:\/\/www.federassantas.org.br\/novosite\/temer-assina-medida-provisoria-que-abre-linha-de-credito-com-recursos-do-fgts-para-santas-casas-e-hospitais-filantropicos\/\",\"url\":\"https:\/\/www.federassantas.org.br\/novosite\/temer-assina-medida-provisoria-que-abre-linha-de-credito-com-recursos-do-fgts-para-santas-casas-e-hospitais-filantropicos\/\",\"name\":\"Temer assina medida provis\u00f3ria que abre linha de cr\u00e9dito com recursos do FGTS para filantr\u00f3picos - Federassantas\",\"isPartOf\":{\"@id\":\"https:\/\/www.federassantas.org.br\/novosite\/#website\"},\"primaryImageOfPage\":{\"@id\":\"https:\/\/www.federassantas.org.br\/novosite\/temer-assina-medida-provisoria-que-abre-linha-de-credito-com-recursos-do-fgts-para-santas-casas-e-hospitais-filantropicos\/#primaryimage\"},\"image\":{\"@id\":\"https:\/\/www.federassantas.org.br\/novosite\/temer-assina-medida-provisoria-que-abre-linha-de-credito-com-recursos-do-fgts-para-santas-casas-e-hospitais-filantropicos\/#primaryimage\"},\"thumbnailUrl\":\"\",\"datePublished\":\"2018-08-16T16:59:44+00:00\",\"breadcrumb\":{\"@id\":\"https:\/\/www.federassantas.org.br\/novosite\/temer-assina-medida-provisoria-que-abre-linha-de-credito-com-recursos-do-fgts-para-santas-casas-e-hospitais-filantropicos\/#breadcrumb\"},\"inLanguage\":\"pt-BR\",\"potentialAction\":[{\"@type\":\"ReadAction\",\"target\":[\"https:\/\/www.federassantas.org.br\/novosite\/temer-assina-medida-provisoria-que-abre-linha-de-credito-com-recursos-do-fgts-para-santas-casas-e-hospitais-filantropicos\/\"]}]},{\"@type\":\"ImageObject\",\"inLanguage\":\"pt-BR\",\"@id\":\"https:\/\/www.federassantas.org.br\/novosite\/temer-assina-medida-provisoria-que-abre-linha-de-credito-com-recursos-do-fgts-para-santas-casas-e-hospitais-filantropicos\/#primaryimage\",\"url\":\"\",\"contentUrl\":\"\"},{\"@type\":\"BreadcrumbList\",\"@id\":\"https:\/\/www.federassantas.org.br\/novosite\/temer-assina-medida-provisoria-que-abre-linha-de-credito-com-recursos-do-fgts-para-santas-casas-e-hospitais-filantropicos\/#breadcrumb\",\"itemListElement\":[{\"@type\":\"ListItem\",\"position\":1,\"name\":\"In\u00edcio\",\"item\":\"https:\/\/www.federassantas.org.br\/novosite\/\"},{\"@type\":\"ListItem\",\"position\":2,\"name\":\"Temer assina medida provis\u00f3ria que abre linha de cr\u00e9dito com recursos do FGTS para filantr\u00f3picos\"}]},{\"@type\":\"WebSite\",\"@id\":\"https:\/\/www.federassantas.org.br\/novosite\/#website\",\"url\":\"https:\/\/www.federassantas.org.br\/novosite\/\",\"name\":\"Federassantas\",\"description\":\"Entidade de representa\u00e7\u00e3o e fortalecimento das Santas Casas, hospitais filantr\u00f3picos e entidades beneficentes de sa\u00fade de Minas Gerais, atuando na defesa institucional, qualifica\u00e7\u00e3o da gest\u00e3o e sustentabilidade do setor.\",\"publisher\":{\"@id\":\"https:\/\/www.federassantas.org.br\/novosite\/#organization\"},\"potentialAction\":[{\"@type\":\"SearchAction\",\"target\":{\"@type\":\"EntryPoint\",\"urlTemplate\":\"https:\/\/www.federassantas.org.br\/novosite\/?s={search_term_string}\"},\"query-input\":{\"@type\":\"PropertyValueSpecification\",\"valueRequired\":true,\"valueName\":\"search_term_string\"}}],\"inLanguage\":\"pt-BR\"},{\"@type\":\"Organization\",\"@id\":\"https:\/\/www.federassantas.org.br\/novosite\/#organization\",\"name\":\"Federassantas\",\"url\":\"https:\/\/www.federassantas.org.br\/novosite\/\",\"logo\":{\"@type\":\"ImageObject\",\"inLanguage\":\"pt-BR\",\"@id\":\"https:\/\/www.federassantas.org.br\/novosite\/#\/schema\/logo\/image\/\",\"url\":\"https:\/\/www.federassantas.org.br\/novosite\/wp-content\/uploads\/2021\/12\/logo.png\",\"contentUrl\":\"https:\/\/www.federassantas.org.br\/novosite\/wp-content\/uploads\/2021\/12\/logo.png\",\"width\":243,\"height\":59,\"caption\":\"Federassantas\"},\"image\":{\"@id\":\"https:\/\/www.federassantas.org.br\/novosite\/#\/schema\/logo\/image\/\"}},{\"@type\":\"Person\",\"@id\":\"https:\/\/www.federassantas.org.br\/novosite\/#\/schema\/person\/75fed98158349313fe56175f232f513c\",\"name\":\"admin-federas\",\"image\":{\"@type\":\"ImageObject\",\"inLanguage\":\"pt-BR\",\"@id\":\"https:\/\/www.federassantas.org.br\/novosite\/#\/schema\/person\/image\/\",\"url\":\"https:\/\/secure.gravatar.com\/avatar\/2a02d7dda59fe8dc6b7ffd3f652e2efede5ccf0dd89dfdc8137c5517f3de8407?s=96&d=mm&r=g\",\"contentUrl\":\"https:\/\/secure.gravatar.com\/avatar\/2a02d7dda59fe8dc6b7ffd3f652e2efede5ccf0dd89dfdc8137c5517f3de8407?s=96&d=mm&r=g\",\"caption\":\"admin-federas\"},\"sameAs\":[\"https:\/\/www.federassantas.org.br\/novosite\/\"],\"url\":\"https:\/\/www.federassantas.org.br\/novosite\/author\/admin-federas\/\"}]}<\/script>\n<!-- \/ Yoast SEO plugin. -->","yoast_head_json":{"title":"Temer assina medida provis\u00f3ria que abre linha de cr\u00e9dito com recursos do FGTS para filantr\u00f3picos - Federassantas","robots":{"index":"index","follow":"follow","max-snippet":"max-snippet:-1","max-image-preview":"max-image-preview:large","max-video-preview":"max-video-preview:-1"},"canonical":"https:\/\/www.federassantas.org.br\/novosite\/temer-assina-medida-provisoria-que-abre-linha-de-credito-com-recursos-do-fgts-para-santas-casas-e-hospitais-filantropicos\/","og_locale":"pt_BR","og_type":"article","og_title":"Temer assina medida provis\u00f3ria que abre linha de cr\u00e9dito com recursos do FGTS para filantr\u00f3picos - Federassantas","og_description":"Medida precisa ser aprovada pelo Congresso Nacional em 120 dias para n\u00e3o perder a validade O presidente Michel Temer assinou nesta quinta-feira (16) medida provis\u00f3ria que abre linha de cr\u00e9dito para Santas Casas e hospitais filantr\u00f3picos. Conforme o Minist\u00e9rio da Sa\u00fade, o governo vai destinar recursos do Fundo de Garantia do Tempo de Servi\u00e7o (FGTS) [&hellip;]","og_url":"https:\/\/www.federassantas.org.br\/novosite\/temer-assina-medida-provisoria-que-abre-linha-de-credito-com-recursos-do-fgts-para-santas-casas-e-hospitais-filantropicos\/","og_site_name":"Federassantas","article_published_time":"2018-08-16T16:59:44+00:00","author":"admin-federas","twitter_card":"summary_large_image","twitter_misc":{"Escrito por":"admin-federas","Est. tempo de leitura":"1 minuto"},"schema":{"@context":"https:\/\/schema.org","@graph":[{"@type":"Article","@id":"https:\/\/www.federassantas.org.br\/novosite\/temer-assina-medida-provisoria-que-abre-linha-de-credito-com-recursos-do-fgts-para-santas-casas-e-hospitais-filantropicos\/#article","isPartOf":{"@id":"https:\/\/www.federassantas.org.br\/novosite\/temer-assina-medida-provisoria-que-abre-linha-de-credito-com-recursos-do-fgts-para-santas-casas-e-hospitais-filantropicos\/"},"author":{"name":"admin-federas","@id":"https:\/\/www.federassantas.org.br\/novosite\/#\/schema\/person\/75fed98158349313fe56175f232f513c"},"headline":"Temer assina medida provis\u00f3ria que abre linha de cr\u00e9dito com recursos do FGTS para filantr\u00f3picos","datePublished":"2018-08-16T16:59:44+00:00","mainEntityOfPage":{"@id":"https:\/\/www.federassantas.org.br\/novosite\/temer-assina-medida-provisoria-que-abre-linha-de-credito-com-recursos-do-fgts-para-santas-casas-e-hospitais-filantropicos\/"},"wordCount":174,"commentCount":0,"publisher":{"@id":"https:\/\/www.federassantas.org.br\/novosite\/#organization"},"image":{"@id":"https:\/\/www.federassantas.org.br\/novosite\/temer-assina-medida-provisoria-que-abre-linha-de-credito-com-recursos-do-fgts-para-santas-casas-e-hospitais-filantropicos\/#primaryimage"},"thumbnailUrl":"","articleSection":["Not\u00edcias","Not\u00edcias P\u00fablicas"],"inLanguage":"pt-BR","potentialAction":[{"@type":"CommentAction","name":"Comment","target":["https:\/\/www.federassantas.org.br\/novosite\/temer-assina-medida-provisoria-que-abre-linha-de-credito-com-recursos-do-fgts-para-santas-casas-e-hospitais-filantropicos\/#respond"]}]},{"@type":"WebPage","@id":"https:\/\/www.federassantas.org.br\/novosite\/temer-assina-medida-provisoria-que-abre-linha-de-credito-com-recursos-do-fgts-para-santas-casas-e-hospitais-filantropicos\/","url":"https:\/\/www.federassantas.org.br\/novosite\/temer-assina-medida-provisoria-que-abre-linha-de-credito-com-recursos-do-fgts-para-santas-casas-e-hospitais-filantropicos\/","name":"Temer assina medida provis\u00f3ria que abre linha de cr\u00e9dito com recursos do FGTS para filantr\u00f3picos - Federassantas","isPartOf":{"@id":"https:\/\/www.federassantas.org.br\/novosite\/#website"},"primaryImageOfPage":{"@id":"https:\/\/www.federassantas.org.br\/novosite\/temer-assina-medida-provisoria-que-abre-linha-de-credito-com-recursos-do-fgts-para-santas-casas-e-hospitais-filantropicos\/#primaryimage"},"image":{"@id":"https:\/\/www.federassantas.org.br\/novosite\/temer-assina-medida-provisoria-que-abre-linha-de-credito-com-recursos-do-fgts-para-santas-casas-e-hospitais-filantropicos\/#primaryimage"},"thumbnailUrl":"","datePublished":"2018-08-16T16:59:44+00:00","breadcrumb":{"@id":"https:\/\/www.federassantas.org.br\/novosite\/temer-assina-medida-provisoria-que-abre-linha-de-credito-com-recursos-do-fgts-para-santas-casas-e-hospitais-filantropicos\/#breadcrumb"},"inLanguage":"pt-BR","potentialAction":[{"@type":"ReadAction","target":["https:\/\/www.federassantas.org.br\/novosite\/temer-assina-medida-provisoria-que-abre-linha-de-credito-com-recursos-do-fgts-para-santas-casas-e-hospitais-filantropicos\/"]}]},{"@type":"ImageObject","inLanguage":"pt-BR","@id":"https:\/\/www.federassantas.org.br\/novosite\/temer-assina-medida-provisoria-que-abre-linha-de-credito-com-recursos-do-fgts-para-santas-casas-e-hospitais-filantropicos\/#primaryimage","url":"","contentUrl":""},{"@type":"BreadcrumbList","@id":"https:\/\/www.federassantas.org.br\/novosite\/temer-assina-medida-provisoria-que-abre-linha-de-credito-com-recursos-do-fgts-para-santas-casas-e-hospitais-filantropicos\/#breadcrumb","itemListElement":[{"@type":"ListItem","position":1,"name":"In\u00edcio","item":"https:\/\/www.federassantas.org.br\/novosite\/"},{"@type":"ListItem","position":2,"name":"Temer assina medida provis\u00f3ria que abre linha de cr\u00e9dito com recursos do FGTS para filantr\u00f3picos"}]},{"@type":"WebSite","@id":"https:\/\/www.federassantas.org.br\/novosite\/#website","url":"https:\/\/www.federassantas.org.br\/novosite\/","name":"Federassantas","description":"Entidade de representa\u00e7\u00e3o e fortalecimento das Santas Casas, hospitais filantr\u00f3picos e entidades beneficentes de sa\u00fade de Minas Gerais, atuando na defesa institucional, qualifica\u00e7\u00e3o da gest\u00e3o e sustentabilidade do setor.","publisher":{"@id":"https:\/\/www.federassantas.org.br\/novosite\/#organization"},"potentialAction":[{"@type":"SearchAction","target":{"@type":"EntryPoint","urlTemplate":"https:\/\/www.federassantas.org.br\/novosite\/?s={search_term_string}"},"query-input":{"@type":"PropertyValueSpecification","valueRequired":true,"valueName":"search_term_string"}}],"inLanguage":"pt-BR"},{"@type":"Organization","@id":"https:\/\/www.federassantas.org.br\/novosite\/#organization","name":"Federassantas","url":"https:\/\/www.federassantas.org.br\/novosite\/","logo":{"@type":"ImageObject","inLanguage":"pt-BR","@id":"https:\/\/www.federassantas.org.br\/novosite\/#\/schema\/logo\/image\/","url":"https:\/\/www.federassantas.org.br\/novosite\/wp-content\/uploads\/2021\/12\/logo.png","contentUrl":"https:\/\/www.federassantas.org.br\/novosite\/wp-content\/uploads\/2021\/12\/logo.png","width":243,"height":59,"caption":"Federassantas"},"image":{"@id":"https:\/\/www.federassantas.org.br\/novosite\/#\/schema\/logo\/image\/"}},{"@type":"Person","@id":"https:\/\/www.federassantas.org.br\/novosite\/#\/schema\/person\/75fed98158349313fe56175f232f513c","name":"admin-federas","image":{"@type":"ImageObject","inLanguage":"pt-BR","@id":"https:\/\/www.federassantas.org.br\/novosite\/#\/schema\/person\/image\/","url":"https:\/\/secure.gravatar.com\/avatar\/2a02d7dda59fe8dc6b7ffd3f652e2efede5ccf0dd89dfdc8137c5517f3de8407?s=96&d=mm&r=g","contentUrl":"https:\/\/secure.gravatar.com\/avatar\/2a02d7dda59fe8dc6b7ffd3f652e2efede5ccf0dd89dfdc8137c5517f3de8407?s=96&d=mm&r=g","caption":"admin-federas"},"sameAs":["https:\/\/www.federassantas.org.br\/novosite\/"],"url":"https:\/\/www.federassantas.org.br\/novosite\/author\/admin-federas\/"}]}},"_links":{"self":[{"href":"https:\/\/www.federassantas.org.br\/novosite\/wp-json\/wp\/v2\/posts\/13632","targetHints":{"allow":["GET"]}}],"collection":[{"href":"https:\/\/www.federassantas.org.br\/novosite\/wp-json\/wp\/v2\/posts"}],"about":[{"href":"https:\/\/www.federassantas.org.br\/novosite\/wp-json\/wp\/v2\/types\/post"}],"author":[{"embeddable":true,"href":"https:\/\/www.federassantas.org.br\/novosite\/wp-json\/wp\/v2\/users\/1"}],"replies":[{"embeddable":true,"href":"https:\/\/www.federassantas.org.br\/novosite\/wp-json\/wp\/v2\/comments?post=13632"}],"version-history":[{"count":0,"href":"https:\/\/www.federassantas.org.br\/novosite\/wp-json\/wp\/v2\/posts\/13632\/revisions"}],"wp:attachment":[{"href":"https:\/\/www.federassantas.org.br\/novosite\/wp-json\/wp\/v2\/media?parent=13632"}],"wp:term":[{"taxonomy":"category","embeddable":true,"href":"https:\/\/www.federassantas.org.br\/novosite\/wp-json\/wp\/v2\/categories?post=13632"},{"taxonomy":"post_tag","embeddable":true,"href":"https:\/\/www.federassantas.org.br\/novosite\/wp-json\/wp\/v2\/tags?post=13632"}],"curies":[{"name":"wp","href":"https:\/\/api.w.org\/{rel}","templated":true}]}}