{"id":13665,"date":"2018-08-17T14:23:08","date_gmt":"2018-08-17T17:23:08","guid":{"rendered":"https:\/\/federasbackup.meltcomunicacao.com.br\/?p=13665"},"modified":"2018-08-17T14:23:08","modified_gmt":"2018-08-17T17:23:08","slug":"epidemia-de-analgesico-causa-recorde-de-mortes-por-overdose","status":"publish","type":"post","link":"https:\/\/www.federassantas.org.br\/novosite\/epidemia-de-analgesico-causa-recorde-de-mortes-por-overdose\/","title":{"rendered":"Epidemia de analg\u00e9sicos causa recorde de mortes por overdose"},"content":{"rendered":"<p class=\"article-subtitle\" style=\"text-align: justify;\"><em>Novas estimativas de \u00f3rg\u00e3o estatal de sa\u00fade p\u00fablica mostraram que as mortes por overdose aumentaram em 2017 quase 7%, para um recorde de 71.568.<\/em><\/p>\n<p style=\"text-align: justify;\">As mortes por overdose de\u00a0drogas nos Estados Unidos aumentaram para quase 72.000 no ano passado, em um momento em que os mais viciados recorrem ao potente opioide sint\u00e9tico fentanil pelas dificuldades para acessar os cada vez mais controlados analg\u00e9sicos de receita.<\/p>\n<p style=\"text-align: justify;\">Leia na \u00edntegra em:\u00a0<a href=\"https:\/\/exame.abril.com.br\/mundo\/mortes-por-overdose-de-drogas-nos-eua-batem-recorde\/\">https:\/\/exame.abril.com.br\/mundo\/mortes-por-overdose-de-drogas-nos-eua-batem-recorde\/<\/a><\/p>\n<p style=\"text-align: justify;\"><em>Fonte: <a href=\"https:\/\/exame.abril.com.br\/\">Exame<\/a><\/em><\/p>\n","protected":false},"excerpt":{"rendered":"<p>Novas estimativas de \u00f3rg\u00e3o estatal de sa\u00fade p\u00fablica mostraram que as mortes por overdose aumentaram em 2017 quase 7%, para um recorde de 71.568. As mortes por overdose de\u00a0drogas nos Estados Unidos aumentaram para quase 72.000 no ano passado, em um momento em que os mais viciados recorrem ao potente opioide sint\u00e9tico fentanil pelas dificuldades [&hellip;]<\/p>\n","protected":false},"author":1,"featured_media":13666,"comment_status":"open","ping_status":"open","sticky":false,"template":"","format":"standard","meta":{"footnotes":""},"categories":[140],"tags":[],"class_list":["post-13665","post","type-post","status-publish","format-standard","has-post-thumbnail","hentry","category-noticias"],"yoast_head":"<!-- This site is optimized with the Yoast SEO plugin v26.9 - https:\/\/yoast.com\/product\/yoast-seo-wordpress\/ -->\n<title>Epidemia de analg\u00e9sicos causa recorde de mortes por overdose - Federassantas<\/title>\n<meta name=\"robots\" content=\"index, follow, max-snippet:-1, max-image-preview:large, max-video-preview:-1\" \/>\n<link rel=\"canonical\" href=\"https:\/\/www.federassantas.org.br\/novosite\/epidemia-de-analgesico-causa-recorde-de-mortes-por-overdose\/\" \/>\n<meta property=\"og:locale\" content=\"pt_BR\" \/>\n<meta property=\"og:type\" content=\"article\" \/>\n<meta property=\"og:title\" content=\"Epidemia de analg\u00e9sicos causa recorde de mortes por overdose - Federassantas\" \/>\n<meta property=\"og:description\" content=\"Novas estimativas de \u00f3rg\u00e3o estatal de sa\u00fade p\u00fablica mostraram que as mortes por overdose aumentaram em 2017 quase 7%, para um recorde de 71.568. As mortes por overdose de\u00a0drogas nos Estados Unidos aumentaram para quase 72.000 no ano passado, em um momento em que os mais viciados recorrem ao potente opioide sint\u00e9tico fentanil pelas dificuldades [&hellip;]\" \/>\n<meta property=\"og:url\" content=\"https:\/\/www.federassantas.org.br\/novosite\/epidemia-de-analgesico-causa-recorde-de-mortes-por-overdose\/\" \/>\n<meta property=\"og:site_name\" content=\"Federassantas\" \/>\n<meta property=\"article:published_time\" content=\"2018-08-17T17:23:08+00:00\" \/>\n<meta name=\"author\" content=\"admin-federas\" \/>\n<meta name=\"twitter:card\" content=\"summary_large_image\" \/>\n<meta name=\"twitter:label1\" content=\"Escrito por\" \/>\n\t<meta name=\"twitter:data1\" content=\"admin-federas\" \/>\n<script type=\"application\/ld+json\" class=\"yoast-schema-graph\">{\"@context\":\"https:\/\/schema.org\",\"@graph\":[{\"@type\":\"Article\",\"@id\":\"https:\/\/www.federassantas.org.br\/novosite\/epidemia-de-analgesico-causa-recorde-de-mortes-por-overdose\/#article\",\"isPartOf\":{\"@id\":\"https:\/\/www.federassantas.org.br\/novosite\/epidemia-de-analgesico-causa-recorde-de-mortes-por-overdose\/\"},\"author\":{\"name\":\"admin-federas\",\"@id\":\"https:\/\/www.federassantas.org.br\/novosite\/#\/schema\/person\/75fed98158349313fe56175f232f513c\"},\"headline\":\"Epidemia de analg\u00e9sicos causa recorde de mortes por overdose\",\"datePublished\":\"2018-08-17T17:23:08+00:00\",\"mainEntityOfPage\":{\"@id\":\"https:\/\/www.federassantas.org.br\/novosite\/epidemia-de-analgesico-causa-recorde-de-mortes-por-overdose\/\"},\"wordCount\":90,\"commentCount\":0,\"publisher\":{\"@id\":\"https:\/\/www.federassantas.org.br\/novosite\/#organization\"},\"image\":{\"@id\":\"https:\/\/www.federassantas.org.br\/novosite\/epidemia-de-analgesico-causa-recorde-de-mortes-por-overdose\/#primaryimage\"},\"thumbnailUrl\":\"\",\"articleSection\":[\"Not\u00edcias\"],\"inLanguage\":\"pt-BR\",\"potentialAction\":[{\"@type\":\"CommentAction\",\"name\":\"Comment\",\"target\":[\"https:\/\/www.federassantas.org.br\/novosite\/epidemia-de-analgesico-causa-recorde-de-mortes-por-overdose\/#respond\"]}]},{\"@type\":\"WebPage\",\"@id\":\"https:\/\/www.federassantas.org.br\/novosite\/epidemia-de-analgesico-causa-recorde-de-mortes-por-overdose\/\",\"url\":\"https:\/\/www.federassantas.org.br\/novosite\/epidemia-de-analgesico-causa-recorde-de-mortes-por-overdose\/\",\"name\":\"Epidemia de analg\u00e9sicos causa recorde de mortes por overdose - Federassantas\",\"isPartOf\":{\"@id\":\"https:\/\/www.federassantas.org.br\/novosite\/#website\"},\"primaryImageOfPage\":{\"@id\":\"https:\/\/www.federassantas.org.br\/novosite\/epidemia-de-analgesico-causa-recorde-de-mortes-por-overdose\/#primaryimage\"},\"image\":{\"@id\":\"https:\/\/www.federassantas.org.br\/novosite\/epidemia-de-analgesico-causa-recorde-de-mortes-por-overdose\/#primaryimage\"},\"thumbnailUrl\":\"\",\"datePublished\":\"2018-08-17T17:23:08+00:00\",\"breadcrumb\":{\"@id\":\"https:\/\/www.federassantas.org.br\/novosite\/epidemia-de-analgesico-causa-recorde-de-mortes-por-overdose\/#breadcrumb\"},\"inLanguage\":\"pt-BR\",\"potentialAction\":[{\"@type\":\"ReadAction\",\"target\":[\"https:\/\/www.federassantas.org.br\/novosite\/epidemia-de-analgesico-causa-recorde-de-mortes-por-overdose\/\"]}]},{\"@type\":\"ImageObject\",\"inLanguage\":\"pt-BR\",\"@id\":\"https:\/\/www.federassantas.org.br\/novosite\/epidemia-de-analgesico-causa-recorde-de-mortes-por-overdose\/#primaryimage\",\"url\":\"\",\"contentUrl\":\"\"},{\"@type\":\"BreadcrumbList\",\"@id\":\"https:\/\/www.federassantas.org.br\/novosite\/epidemia-de-analgesico-causa-recorde-de-mortes-por-overdose\/#breadcrumb\",\"itemListElement\":[{\"@type\":\"ListItem\",\"position\":1,\"name\":\"In\u00edcio\",\"item\":\"https:\/\/www.federassantas.org.br\/novosite\/\"},{\"@type\":\"ListItem\",\"position\":2,\"name\":\"Epidemia de analg\u00e9sicos causa recorde de mortes por overdose\"}]},{\"@type\":\"WebSite\",\"@id\":\"https:\/\/www.federassantas.org.br\/novosite\/#website\",\"url\":\"https:\/\/www.federassantas.org.br\/novosite\/\",\"name\":\"Federassantas\",\"description\":\"Entidade de representa\u00e7\u00e3o e fortalecimento das Santas Casas, hospitais filantr\u00f3picos e entidades beneficentes de sa\u00fade de Minas Gerais, atuando na defesa institucional, qualifica\u00e7\u00e3o da gest\u00e3o e sustentabilidade do setor.\",\"publisher\":{\"@id\":\"https:\/\/www.federassantas.org.br\/novosite\/#organization\"},\"potentialAction\":[{\"@type\":\"SearchAction\",\"target\":{\"@type\":\"EntryPoint\",\"urlTemplate\":\"https:\/\/www.federassantas.org.br\/novosite\/?s={search_term_string}\"},\"query-input\":{\"@type\":\"PropertyValueSpecification\",\"valueRequired\":true,\"valueName\":\"search_term_string\"}}],\"inLanguage\":\"pt-BR\"},{\"@type\":\"Organization\",\"@id\":\"https:\/\/www.federassantas.org.br\/novosite\/#organization\",\"name\":\"Federassantas\",\"url\":\"https:\/\/www.federassantas.org.br\/novosite\/\",\"logo\":{\"@type\":\"ImageObject\",\"inLanguage\":\"pt-BR\",\"@id\":\"https:\/\/www.federassantas.org.br\/novosite\/#\/schema\/logo\/image\/\",\"url\":\"https:\/\/www.federassantas.org.br\/novosite\/wp-content\/uploads\/2021\/12\/logo.png\",\"contentUrl\":\"https:\/\/www.federassantas.org.br\/novosite\/wp-content\/uploads\/2021\/12\/logo.png\",\"width\":243,\"height\":59,\"caption\":\"Federassantas\"},\"image\":{\"@id\":\"https:\/\/www.federassantas.org.br\/novosite\/#\/schema\/logo\/image\/\"}},{\"@type\":\"Person\",\"@id\":\"https:\/\/www.federassantas.org.br\/novosite\/#\/schema\/person\/75fed98158349313fe56175f232f513c\",\"name\":\"admin-federas\",\"image\":{\"@type\":\"ImageObject\",\"inLanguage\":\"pt-BR\",\"@id\":\"https:\/\/www.federassantas.org.br\/novosite\/#\/schema\/person\/image\/\",\"url\":\"https:\/\/secure.gravatar.com\/avatar\/2a02d7dda59fe8dc6b7ffd3f652e2efede5ccf0dd89dfdc8137c5517f3de8407?s=96&d=mm&r=g\",\"contentUrl\":\"https:\/\/secure.gravatar.com\/avatar\/2a02d7dda59fe8dc6b7ffd3f652e2efede5ccf0dd89dfdc8137c5517f3de8407?s=96&d=mm&r=g\",\"caption\":\"admin-federas\"},\"sameAs\":[\"https:\/\/www.federassantas.org.br\/novosite\/\"],\"url\":\"https:\/\/www.federassantas.org.br\/novosite\/author\/admin-federas\/\"}]}<\/script>\n<!-- \/ Yoast SEO plugin. -->","yoast_head_json":{"title":"Epidemia de analg\u00e9sicos causa recorde de mortes por overdose - Federassantas","robots":{"index":"index","follow":"follow","max-snippet":"max-snippet:-1","max-image-preview":"max-image-preview:large","max-video-preview":"max-video-preview:-1"},"canonical":"https:\/\/www.federassantas.org.br\/novosite\/epidemia-de-analgesico-causa-recorde-de-mortes-por-overdose\/","og_locale":"pt_BR","og_type":"article","og_title":"Epidemia de analg\u00e9sicos causa recorde de mortes por overdose - Federassantas","og_description":"Novas estimativas de \u00f3rg\u00e3o estatal de sa\u00fade p\u00fablica mostraram que as mortes por overdose aumentaram em 2017 quase 7%, para um recorde de 71.568. As mortes por overdose de\u00a0drogas nos Estados Unidos aumentaram para quase 72.000 no ano passado, em um momento em que os mais viciados recorrem ao potente opioide sint\u00e9tico fentanil pelas dificuldades [&hellip;]","og_url":"https:\/\/www.federassantas.org.br\/novosite\/epidemia-de-analgesico-causa-recorde-de-mortes-por-overdose\/","og_site_name":"Federassantas","article_published_time":"2018-08-17T17:23:08+00:00","author":"admin-federas","twitter_card":"summary_large_image","twitter_misc":{"Escrito por":"admin-federas"},"schema":{"@context":"https:\/\/schema.org","@graph":[{"@type":"Article","@id":"https:\/\/www.federassantas.org.br\/novosite\/epidemia-de-analgesico-causa-recorde-de-mortes-por-overdose\/#article","isPartOf":{"@id":"https:\/\/www.federassantas.org.br\/novosite\/epidemia-de-analgesico-causa-recorde-de-mortes-por-overdose\/"},"author":{"name":"admin-federas","@id":"https:\/\/www.federassantas.org.br\/novosite\/#\/schema\/person\/75fed98158349313fe56175f232f513c"},"headline":"Epidemia de analg\u00e9sicos causa recorde de mortes por overdose","datePublished":"2018-08-17T17:23:08+00:00","mainEntityOfPage":{"@id":"https:\/\/www.federassantas.org.br\/novosite\/epidemia-de-analgesico-causa-recorde-de-mortes-por-overdose\/"},"wordCount":90,"commentCount":0,"publisher":{"@id":"https:\/\/www.federassantas.org.br\/novosite\/#organization"},"image":{"@id":"https:\/\/www.federassantas.org.br\/novosite\/epidemia-de-analgesico-causa-recorde-de-mortes-por-overdose\/#primaryimage"},"thumbnailUrl":"","articleSection":["Not\u00edcias"],"inLanguage":"pt-BR","potentialAction":[{"@type":"CommentAction","name":"Comment","target":["https:\/\/www.federassantas.org.br\/novosite\/epidemia-de-analgesico-causa-recorde-de-mortes-por-overdose\/#respond"]}]},{"@type":"WebPage","@id":"https:\/\/www.federassantas.org.br\/novosite\/epidemia-de-analgesico-causa-recorde-de-mortes-por-overdose\/","url":"https:\/\/www.federassantas.org.br\/novosite\/epidemia-de-analgesico-causa-recorde-de-mortes-por-overdose\/","name":"Epidemia de analg\u00e9sicos causa recorde de mortes por overdose - Federassantas","isPartOf":{"@id":"https:\/\/www.federassantas.org.br\/novosite\/#website"},"primaryImageOfPage":{"@id":"https:\/\/www.federassantas.org.br\/novosite\/epidemia-de-analgesico-causa-recorde-de-mortes-por-overdose\/#primaryimage"},"image":{"@id":"https:\/\/www.federassantas.org.br\/novosite\/epidemia-de-analgesico-causa-recorde-de-mortes-por-overdose\/#primaryimage"},"thumbnailUrl":"","datePublished":"2018-08-17T17:23:08+00:00","breadcrumb":{"@id":"https:\/\/www.federassantas.org.br\/novosite\/epidemia-de-analgesico-causa-recorde-de-mortes-por-overdose\/#breadcrumb"},"inLanguage":"pt-BR","potentialAction":[{"@type":"ReadAction","target":["https:\/\/www.federassantas.org.br\/novosite\/epidemia-de-analgesico-causa-recorde-de-mortes-por-overdose\/"]}]},{"@type":"ImageObject","inLanguage":"pt-BR","@id":"https:\/\/www.federassantas.org.br\/novosite\/epidemia-de-analgesico-causa-recorde-de-mortes-por-overdose\/#primaryimage","url":"","contentUrl":""},{"@type":"BreadcrumbList","@id":"https:\/\/www.federassantas.org.br\/novosite\/epidemia-de-analgesico-causa-recorde-de-mortes-por-overdose\/#breadcrumb","itemListElement":[{"@type":"ListItem","position":1,"name":"In\u00edcio","item":"https:\/\/www.federassantas.org.br\/novosite\/"},{"@type":"ListItem","position":2,"name":"Epidemia de analg\u00e9sicos causa recorde de mortes por overdose"}]},{"@type":"WebSite","@id":"https:\/\/www.federassantas.org.br\/novosite\/#website","url":"https:\/\/www.federassantas.org.br\/novosite\/","name":"Federassantas","description":"Entidade de representa\u00e7\u00e3o e fortalecimento das Santas Casas, hospitais filantr\u00f3picos e entidades beneficentes de sa\u00fade de Minas Gerais, atuando na defesa institucional, qualifica\u00e7\u00e3o da gest\u00e3o e sustentabilidade do setor.","publisher":{"@id":"https:\/\/www.federassantas.org.br\/novosite\/#organization"},"potentialAction":[{"@type":"SearchAction","target":{"@type":"EntryPoint","urlTemplate":"https:\/\/www.federassantas.org.br\/novosite\/?s={search_term_string}"},"query-input":{"@type":"PropertyValueSpecification","valueRequired":true,"valueName":"search_term_string"}}],"inLanguage":"pt-BR"},{"@type":"Organization","@id":"https:\/\/www.federassantas.org.br\/novosite\/#organization","name":"Federassantas","url":"https:\/\/www.federassantas.org.br\/novosite\/","logo":{"@type":"ImageObject","inLanguage":"pt-BR","@id":"https:\/\/www.federassantas.org.br\/novosite\/#\/schema\/logo\/image\/","url":"https:\/\/www.federassantas.org.br\/novosite\/wp-content\/uploads\/2021\/12\/logo.png","contentUrl":"https:\/\/www.federassantas.org.br\/novosite\/wp-content\/uploads\/2021\/12\/logo.png","width":243,"height":59,"caption":"Federassantas"},"image":{"@id":"https:\/\/www.federassantas.org.br\/novosite\/#\/schema\/logo\/image\/"}},{"@type":"Person","@id":"https:\/\/www.federassantas.org.br\/novosite\/#\/schema\/person\/75fed98158349313fe56175f232f513c","name":"admin-federas","image":{"@type":"ImageObject","inLanguage":"pt-BR","@id":"https:\/\/www.federassantas.org.br\/novosite\/#\/schema\/person\/image\/","url":"https:\/\/secure.gravatar.com\/avatar\/2a02d7dda59fe8dc6b7ffd3f652e2efede5ccf0dd89dfdc8137c5517f3de8407?s=96&d=mm&r=g","contentUrl":"https:\/\/secure.gravatar.com\/avatar\/2a02d7dda59fe8dc6b7ffd3f652e2efede5ccf0dd89dfdc8137c5517f3de8407?s=96&d=mm&r=g","caption":"admin-federas"},"sameAs":["https:\/\/www.federassantas.org.br\/novosite\/"],"url":"https:\/\/www.federassantas.org.br\/novosite\/author\/admin-federas\/"}]}},"_links":{"self":[{"href":"https:\/\/www.federassantas.org.br\/novosite\/wp-json\/wp\/v2\/posts\/13665","targetHints":{"allow":["GET"]}}],"collection":[{"href":"https:\/\/www.federassantas.org.br\/novosite\/wp-json\/wp\/v2\/posts"}],"about":[{"href":"https:\/\/www.federassantas.org.br\/novosite\/wp-json\/wp\/v2\/types\/post"}],"author":[{"embeddable":true,"href":"https:\/\/www.federassantas.org.br\/novosite\/wp-json\/wp\/v2\/users\/1"}],"replies":[{"embeddable":true,"href":"https:\/\/www.federassantas.org.br\/novosite\/wp-json\/wp\/v2\/comments?post=13665"}],"version-history":[{"count":0,"href":"https:\/\/www.federassantas.org.br\/novosite\/wp-json\/wp\/v2\/posts\/13665\/revisions"}],"wp:attachment":[{"href":"https:\/\/www.federassantas.org.br\/novosite\/wp-json\/wp\/v2\/media?parent=13665"}],"wp:term":[{"taxonomy":"category","embeddable":true,"href":"https:\/\/www.federassantas.org.br\/novosite\/wp-json\/wp\/v2\/categories?post=13665"},{"taxonomy":"post_tag","embeddable":true,"href":"https:\/\/www.federassantas.org.br\/novosite\/wp-json\/wp\/v2\/tags?post=13665"}],"curies":[{"name":"wp","href":"https:\/\/api.w.org\/{rel}","templated":true}]}}