{"id":13679,"date":"2018-08-17T12:00:38","date_gmt":"2018-08-17T15:00:38","guid":{"rendered":"https:\/\/federasbackup.meltcomunicacao.com.br\/?p=13679"},"modified":"2018-08-17T12:00:38","modified_gmt":"2018-08-17T15:00:38","slug":"federassantas-adere-a-movimento-de-mobilizacao-da-amm","status":"publish","type":"post","link":"https:\/\/www.federassantas.org.br\/novosite\/federassantas-adere-a-movimento-de-mobilizacao-da-amm\/","title":{"rendered":"Federassantas adere \u00e0 movimento de mobiliza\u00e7\u00e3o da AMM"},"content":{"rendered":"<p style=\"text-align: justify;\"><em>D\u00edvida total do Governo do Estado com os munic\u00edpios j\u00e1 chega a R$ 8,1 bilh\u00f5es<\/em><\/p>\n<p style=\"text-align: justify;\">A Associa\u00e7\u00e3o Mineira de Munic\u00edpios programou para o pr\u00f3ximo dia 21\/08 (ter\u00e7a-feira), uma mobiliza\u00e7\u00e3o geral de prefeitos, servidores p\u00fablicos municipais e professores, contra o atraso dos repasses do Governo Estadual aos munic\u00edpios.<\/p>\n<p style=\"text-align: justify;\">De acordo com a Associa\u00e7\u00e3o, os munic\u00edpios est\u00e3o arcando com recursos pr\u00f3prios, despesas como educa\u00e7\u00e3o, sa\u00fade e assist\u00eancia social. Segundo a entidade, n\u00e3o obstante os atrasos de repasses, o constante confisco do ICMS do Fundeb pelo Governo de Minas, sem qualquer previs\u00e3o de pagamento, agravou a situa\u00e7\u00e3o e as prefeituras j\u00e1 n\u00e3o est\u00e3o conseguindo mais arcar com essas despesas. Para o presidente da AMM, Julvan Lacerda, a situa\u00e7\u00e3o est\u00e1 insustent\u00e1vel.<\/p>\n<p style=\"text-align: justify;\">A Federassantas vem, ao longo dos \u00faltimos anos, se empenhando na busca de solu\u00e7\u00f5es para a situa\u00e7\u00e3o do desfinaciamento da sa\u00fade publica em Minas Gerais. Segundo a presidente da Federa\u00e7\u00e3o, K\u00e1tia Rocha, sabe-se que, para que as a\u00e7\u00f5es e servi\u00e7os p\u00fablicos de sa\u00fade no \u00e2mbito SUS sejam efetivos, \u00e9 necess\u00e1ria uma forte rede de aten\u00e7\u00e3o funcionando em prol do cidad\u00e3o, passando desde a aten\u00e7\u00e3o b\u00e1sica e secund\u00e1ria, at\u00e9 chegar \u00e0 terci\u00e1ria. Se nada for feito, os constantes atrasos de repasses estaduais podem causar um colapso nos munic\u00edpios, em especial no setor sa\u00fade.<\/p>\n<p style=\"text-align: justify;\">Diante disto, a Federassantas junta-se ao movimento, em apoio ao direito do cidad\u00e3o. Segundo a presidente K\u00e1tia, um grande retrocesso social j\u00e1 aconteceu em fun\u00e7\u00e3o do desfinanciamento do setor: \u201cN\u00e3o se trata de nenhum tipo de apoio pol\u00edtico-partid\u00e1rio, e sim uma apoio \u00e0 causa, que representa a sa\u00fade publica em Minas Gerais\u201d, afirmou.<\/p>\n<p style=\"text-align: justify;\"><strong><br \/>\nMOBILIZA\u00c7\u00c3O NOS MUNIC\u00cdPIOS<\/strong><\/p>\n<p style=\"text-align: justify;\">A mobiliza\u00e7\u00e3o da AMM tem como objetivo alertar a popula\u00e7\u00e3o e o pr\u00f3prio Governo para o impacto dos atrasos dos repasses estaduais aos munic\u00edpios. In\u00fameras manifesta\u00e7\u00f5es j\u00e1 ocorreram no interior de Minas, na tentativa de evitar a paralisa\u00e7\u00e3o dos servi\u00e7os b\u00e1sicos oferecidos \u00e0 popula\u00e7\u00e3o.<\/p>\n<p style=\"text-align: justify;\">No dia 21\/08, servidores municipais realizar\u00e3o, nos 853 munic\u00edpios mineiros, caminhadas, carreatas, paralisa\u00e7\u00e3o de servi\u00e7os e coloca\u00e7\u00e3o de faixas de protestos em pr\u00e9dios p\u00fablicos.<\/p>\n<p style=\"text-align: justify;\">Em Belo Horizonte, os prefeitos se concentrar\u00e3o na Cidade Administrativa, \u00e0s 13 horas, e seguir\u00e3o em carreata at\u00e9 o Pal\u00e1cio da Liberdade.<\/p>\n","protected":false},"excerpt":{"rendered":"<p>D\u00edvida total do Governo do Estado com os munic\u00edpios j\u00e1 chega a R$ 8,1 bilh\u00f5es A Associa\u00e7\u00e3o Mineira de Munic\u00edpios programou para o pr\u00f3ximo dia 21\/08 (ter\u00e7a-feira), uma mobiliza\u00e7\u00e3o geral de prefeitos, servidores p\u00fablicos municipais e professores, contra o atraso dos repasses do Governo Estadual aos munic\u00edpios. De acordo com a Associa\u00e7\u00e3o, os munic\u00edpios est\u00e3o [&hellip;]<\/p>\n","protected":false},"author":1,"featured_media":13691,"comment_status":"open","ping_status":"open","sticky":false,"template":"","format":"standard","meta":{"footnotes":""},"categories":[140,141],"tags":[],"class_list":["post-13679","post","type-post","status-publish","format-standard","has-post-thumbnail","hentry","category-noticias","category-noticias-federassantas"],"yoast_head":"<!-- This site is optimized with the Yoast SEO plugin v26.9 - https:\/\/yoast.com\/product\/yoast-seo-wordpress\/ -->\n<title>Federassantas adere \u00e0 movimento de mobiliza\u00e7\u00e3o da AMM - Federassantas<\/title>\n<meta name=\"robots\" content=\"index, follow, max-snippet:-1, max-image-preview:large, max-video-preview:-1\" \/>\n<link rel=\"canonical\" href=\"https:\/\/www.federassantas.org.br\/novosite\/federassantas-adere-a-movimento-de-mobilizacao-da-amm\/\" \/>\n<meta property=\"og:locale\" content=\"pt_BR\" \/>\n<meta property=\"og:type\" content=\"article\" \/>\n<meta property=\"og:title\" content=\"Federassantas adere \u00e0 movimento de mobiliza\u00e7\u00e3o da AMM - Federassantas\" \/>\n<meta property=\"og:description\" content=\"D\u00edvida total do Governo do Estado com os munic\u00edpios j\u00e1 chega a R$ 8,1 bilh\u00f5es A Associa\u00e7\u00e3o Mineira de Munic\u00edpios programou para o pr\u00f3ximo dia 21\/08 (ter\u00e7a-feira), uma mobiliza\u00e7\u00e3o geral de prefeitos, servidores p\u00fablicos municipais e professores, contra o atraso dos repasses do Governo Estadual aos munic\u00edpios. De acordo com a Associa\u00e7\u00e3o, os munic\u00edpios est\u00e3o [&hellip;]\" \/>\n<meta property=\"og:url\" content=\"https:\/\/www.federassantas.org.br\/novosite\/federassantas-adere-a-movimento-de-mobilizacao-da-amm\/\" \/>\n<meta property=\"og:site_name\" content=\"Federassantas\" \/>\n<meta property=\"article:published_time\" content=\"2018-08-17T15:00:38+00:00\" \/>\n<meta name=\"author\" content=\"admin-federas\" \/>\n<meta name=\"twitter:card\" content=\"summary_large_image\" \/>\n<meta name=\"twitter:label1\" content=\"Escrito por\" \/>\n\t<meta name=\"twitter:data1\" content=\"admin-federas\" \/>\n\t<meta name=\"twitter:label2\" content=\"Est. tempo de leitura\" \/>\n\t<meta name=\"twitter:data2\" content=\"2 minutos\" \/>\n<script type=\"application\/ld+json\" class=\"yoast-schema-graph\">{\"@context\":\"https:\/\/schema.org\",\"@graph\":[{\"@type\":\"Article\",\"@id\":\"https:\/\/www.federassantas.org.br\/novosite\/federassantas-adere-a-movimento-de-mobilizacao-da-amm\/#article\",\"isPartOf\":{\"@id\":\"https:\/\/www.federassantas.org.br\/novosite\/federassantas-adere-a-movimento-de-mobilizacao-da-amm\/\"},\"author\":{\"name\":\"admin-federas\",\"@id\":\"https:\/\/www.federassantas.org.br\/novosite\/#\/schema\/person\/75fed98158349313fe56175f232f513c\"},\"headline\":\"Federassantas adere \u00e0 movimento de mobiliza\u00e7\u00e3o da AMM\",\"datePublished\":\"2018-08-17T15:00:38+00:00\",\"mainEntityOfPage\":{\"@id\":\"https:\/\/www.federassantas.org.br\/novosite\/federassantas-adere-a-movimento-de-mobilizacao-da-amm\/\"},\"wordCount\":425,\"commentCount\":0,\"publisher\":{\"@id\":\"https:\/\/www.federassantas.org.br\/novosite\/#organization\"},\"image\":{\"@id\":\"https:\/\/www.federassantas.org.br\/novosite\/federassantas-adere-a-movimento-de-mobilizacao-da-amm\/#primaryimage\"},\"thumbnailUrl\":\"\",\"articleSection\":[\"Not\u00edcias\",\"Not\u00edcias Federassantas\"],\"inLanguage\":\"pt-BR\",\"potentialAction\":[{\"@type\":\"CommentAction\",\"name\":\"Comment\",\"target\":[\"https:\/\/www.federassantas.org.br\/novosite\/federassantas-adere-a-movimento-de-mobilizacao-da-amm\/#respond\"]}]},{\"@type\":\"WebPage\",\"@id\":\"https:\/\/www.federassantas.org.br\/novosite\/federassantas-adere-a-movimento-de-mobilizacao-da-amm\/\",\"url\":\"https:\/\/www.federassantas.org.br\/novosite\/federassantas-adere-a-movimento-de-mobilizacao-da-amm\/\",\"name\":\"Federassantas adere \u00e0 movimento de mobiliza\u00e7\u00e3o da AMM - Federassantas\",\"isPartOf\":{\"@id\":\"https:\/\/www.federassantas.org.br\/novosite\/#website\"},\"primaryImageOfPage\":{\"@id\":\"https:\/\/www.federassantas.org.br\/novosite\/federassantas-adere-a-movimento-de-mobilizacao-da-amm\/#primaryimage\"},\"image\":{\"@id\":\"https:\/\/www.federassantas.org.br\/novosite\/federassantas-adere-a-movimento-de-mobilizacao-da-amm\/#primaryimage\"},\"thumbnailUrl\":\"\",\"datePublished\":\"2018-08-17T15:00:38+00:00\",\"breadcrumb\":{\"@id\":\"https:\/\/www.federassantas.org.br\/novosite\/federassantas-adere-a-movimento-de-mobilizacao-da-amm\/#breadcrumb\"},\"inLanguage\":\"pt-BR\",\"potentialAction\":[{\"@type\":\"ReadAction\",\"target\":[\"https:\/\/www.federassantas.org.br\/novosite\/federassantas-adere-a-movimento-de-mobilizacao-da-amm\/\"]}]},{\"@type\":\"ImageObject\",\"inLanguage\":\"pt-BR\",\"@id\":\"https:\/\/www.federassantas.org.br\/novosite\/federassantas-adere-a-movimento-de-mobilizacao-da-amm\/#primaryimage\",\"url\":\"\",\"contentUrl\":\"\"},{\"@type\":\"BreadcrumbList\",\"@id\":\"https:\/\/www.federassantas.org.br\/novosite\/federassantas-adere-a-movimento-de-mobilizacao-da-amm\/#breadcrumb\",\"itemListElement\":[{\"@type\":\"ListItem\",\"position\":1,\"name\":\"In\u00edcio\",\"item\":\"https:\/\/www.federassantas.org.br\/novosite\/\"},{\"@type\":\"ListItem\",\"position\":2,\"name\":\"Federassantas adere \u00e0 movimento de mobiliza\u00e7\u00e3o da AMM\"}]},{\"@type\":\"WebSite\",\"@id\":\"https:\/\/www.federassantas.org.br\/novosite\/#website\",\"url\":\"https:\/\/www.federassantas.org.br\/novosite\/\",\"name\":\"Federassantas\",\"description\":\"Entidade de representa\u00e7\u00e3o e fortalecimento das Santas Casas, hospitais filantr\u00f3picos e entidades beneficentes de sa\u00fade de Minas Gerais, atuando na defesa institucional, qualifica\u00e7\u00e3o da gest\u00e3o e sustentabilidade do setor.\",\"publisher\":{\"@id\":\"https:\/\/www.federassantas.org.br\/novosite\/#organization\"},\"potentialAction\":[{\"@type\":\"SearchAction\",\"target\":{\"@type\":\"EntryPoint\",\"urlTemplate\":\"https:\/\/www.federassantas.org.br\/novosite\/?s={search_term_string}\"},\"query-input\":{\"@type\":\"PropertyValueSpecification\",\"valueRequired\":true,\"valueName\":\"search_term_string\"}}],\"inLanguage\":\"pt-BR\"},{\"@type\":\"Organization\",\"@id\":\"https:\/\/www.federassantas.org.br\/novosite\/#organization\",\"name\":\"Federassantas\",\"url\":\"https:\/\/www.federassantas.org.br\/novosite\/\",\"logo\":{\"@type\":\"ImageObject\",\"inLanguage\":\"pt-BR\",\"@id\":\"https:\/\/www.federassantas.org.br\/novosite\/#\/schema\/logo\/image\/\",\"url\":\"https:\/\/www.federassantas.org.br\/novosite\/wp-content\/uploads\/2021\/12\/logo.png\",\"contentUrl\":\"https:\/\/www.federassantas.org.br\/novosite\/wp-content\/uploads\/2021\/12\/logo.png\",\"width\":243,\"height\":59,\"caption\":\"Federassantas\"},\"image\":{\"@id\":\"https:\/\/www.federassantas.org.br\/novosite\/#\/schema\/logo\/image\/\"}},{\"@type\":\"Person\",\"@id\":\"https:\/\/www.federassantas.org.br\/novosite\/#\/schema\/person\/75fed98158349313fe56175f232f513c\",\"name\":\"admin-federas\",\"image\":{\"@type\":\"ImageObject\",\"inLanguage\":\"pt-BR\",\"@id\":\"https:\/\/www.federassantas.org.br\/novosite\/#\/schema\/person\/image\/\",\"url\":\"https:\/\/secure.gravatar.com\/avatar\/2a02d7dda59fe8dc6b7ffd3f652e2efede5ccf0dd89dfdc8137c5517f3de8407?s=96&d=mm&r=g\",\"contentUrl\":\"https:\/\/secure.gravatar.com\/avatar\/2a02d7dda59fe8dc6b7ffd3f652e2efede5ccf0dd89dfdc8137c5517f3de8407?s=96&d=mm&r=g\",\"caption\":\"admin-federas\"},\"sameAs\":[\"https:\/\/www.federassantas.org.br\/novosite\/\"],\"url\":\"https:\/\/www.federassantas.org.br\/novosite\/author\/admin-federas\/\"}]}<\/script>\n<!-- \/ Yoast SEO plugin. -->","yoast_head_json":{"title":"Federassantas adere \u00e0 movimento de mobiliza\u00e7\u00e3o da AMM - Federassantas","robots":{"index":"index","follow":"follow","max-snippet":"max-snippet:-1","max-image-preview":"max-image-preview:large","max-video-preview":"max-video-preview:-1"},"canonical":"https:\/\/www.federassantas.org.br\/novosite\/federassantas-adere-a-movimento-de-mobilizacao-da-amm\/","og_locale":"pt_BR","og_type":"article","og_title":"Federassantas adere \u00e0 movimento de mobiliza\u00e7\u00e3o da AMM - Federassantas","og_description":"D\u00edvida total do Governo do Estado com os munic\u00edpios j\u00e1 chega a R$ 8,1 bilh\u00f5es A Associa\u00e7\u00e3o Mineira de Munic\u00edpios programou para o pr\u00f3ximo dia 21\/08 (ter\u00e7a-feira), uma mobiliza\u00e7\u00e3o geral de prefeitos, servidores p\u00fablicos municipais e professores, contra o atraso dos repasses do Governo Estadual aos munic\u00edpios. De acordo com a Associa\u00e7\u00e3o, os munic\u00edpios est\u00e3o [&hellip;]","og_url":"https:\/\/www.federassantas.org.br\/novosite\/federassantas-adere-a-movimento-de-mobilizacao-da-amm\/","og_site_name":"Federassantas","article_published_time":"2018-08-17T15:00:38+00:00","author":"admin-federas","twitter_card":"summary_large_image","twitter_misc":{"Escrito por":"admin-federas","Est. tempo de leitura":"2 minutos"},"schema":{"@context":"https:\/\/schema.org","@graph":[{"@type":"Article","@id":"https:\/\/www.federassantas.org.br\/novosite\/federassantas-adere-a-movimento-de-mobilizacao-da-amm\/#article","isPartOf":{"@id":"https:\/\/www.federassantas.org.br\/novosite\/federassantas-adere-a-movimento-de-mobilizacao-da-amm\/"},"author":{"name":"admin-federas","@id":"https:\/\/www.federassantas.org.br\/novosite\/#\/schema\/person\/75fed98158349313fe56175f232f513c"},"headline":"Federassantas adere \u00e0 movimento de mobiliza\u00e7\u00e3o da AMM","datePublished":"2018-08-17T15:00:38+00:00","mainEntityOfPage":{"@id":"https:\/\/www.federassantas.org.br\/novosite\/federassantas-adere-a-movimento-de-mobilizacao-da-amm\/"},"wordCount":425,"commentCount":0,"publisher":{"@id":"https:\/\/www.federassantas.org.br\/novosite\/#organization"},"image":{"@id":"https:\/\/www.federassantas.org.br\/novosite\/federassantas-adere-a-movimento-de-mobilizacao-da-amm\/#primaryimage"},"thumbnailUrl":"","articleSection":["Not\u00edcias","Not\u00edcias Federassantas"],"inLanguage":"pt-BR","potentialAction":[{"@type":"CommentAction","name":"Comment","target":["https:\/\/www.federassantas.org.br\/novosite\/federassantas-adere-a-movimento-de-mobilizacao-da-amm\/#respond"]}]},{"@type":"WebPage","@id":"https:\/\/www.federassantas.org.br\/novosite\/federassantas-adere-a-movimento-de-mobilizacao-da-amm\/","url":"https:\/\/www.federassantas.org.br\/novosite\/federassantas-adere-a-movimento-de-mobilizacao-da-amm\/","name":"Federassantas adere \u00e0 movimento de mobiliza\u00e7\u00e3o da AMM - Federassantas","isPartOf":{"@id":"https:\/\/www.federassantas.org.br\/novosite\/#website"},"primaryImageOfPage":{"@id":"https:\/\/www.federassantas.org.br\/novosite\/federassantas-adere-a-movimento-de-mobilizacao-da-amm\/#primaryimage"},"image":{"@id":"https:\/\/www.federassantas.org.br\/novosite\/federassantas-adere-a-movimento-de-mobilizacao-da-amm\/#primaryimage"},"thumbnailUrl":"","datePublished":"2018-08-17T15:00:38+00:00","breadcrumb":{"@id":"https:\/\/www.federassantas.org.br\/novosite\/federassantas-adere-a-movimento-de-mobilizacao-da-amm\/#breadcrumb"},"inLanguage":"pt-BR","potentialAction":[{"@type":"ReadAction","target":["https:\/\/www.federassantas.org.br\/novosite\/federassantas-adere-a-movimento-de-mobilizacao-da-amm\/"]}]},{"@type":"ImageObject","inLanguage":"pt-BR","@id":"https:\/\/www.federassantas.org.br\/novosite\/federassantas-adere-a-movimento-de-mobilizacao-da-amm\/#primaryimage","url":"","contentUrl":""},{"@type":"BreadcrumbList","@id":"https:\/\/www.federassantas.org.br\/novosite\/federassantas-adere-a-movimento-de-mobilizacao-da-amm\/#breadcrumb","itemListElement":[{"@type":"ListItem","position":1,"name":"In\u00edcio","item":"https:\/\/www.federassantas.org.br\/novosite\/"},{"@type":"ListItem","position":2,"name":"Federassantas adere \u00e0 movimento de mobiliza\u00e7\u00e3o da AMM"}]},{"@type":"WebSite","@id":"https:\/\/www.federassantas.org.br\/novosite\/#website","url":"https:\/\/www.federassantas.org.br\/novosite\/","name":"Federassantas","description":"Entidade de representa\u00e7\u00e3o e fortalecimento das Santas Casas, hospitais filantr\u00f3picos e entidades beneficentes de sa\u00fade de Minas Gerais, atuando na defesa institucional, qualifica\u00e7\u00e3o da gest\u00e3o e sustentabilidade do setor.","publisher":{"@id":"https:\/\/www.federassantas.org.br\/novosite\/#organization"},"potentialAction":[{"@type":"SearchAction","target":{"@type":"EntryPoint","urlTemplate":"https:\/\/www.federassantas.org.br\/novosite\/?s={search_term_string}"},"query-input":{"@type":"PropertyValueSpecification","valueRequired":true,"valueName":"search_term_string"}}],"inLanguage":"pt-BR"},{"@type":"Organization","@id":"https:\/\/www.federassantas.org.br\/novosite\/#organization","name":"Federassantas","url":"https:\/\/www.federassantas.org.br\/novosite\/","logo":{"@type":"ImageObject","inLanguage":"pt-BR","@id":"https:\/\/www.federassantas.org.br\/novosite\/#\/schema\/logo\/image\/","url":"https:\/\/www.federassantas.org.br\/novosite\/wp-content\/uploads\/2021\/12\/logo.png","contentUrl":"https:\/\/www.federassantas.org.br\/novosite\/wp-content\/uploads\/2021\/12\/logo.png","width":243,"height":59,"caption":"Federassantas"},"image":{"@id":"https:\/\/www.federassantas.org.br\/novosite\/#\/schema\/logo\/image\/"}},{"@type":"Person","@id":"https:\/\/www.federassantas.org.br\/novosite\/#\/schema\/person\/75fed98158349313fe56175f232f513c","name":"admin-federas","image":{"@type":"ImageObject","inLanguage":"pt-BR","@id":"https:\/\/www.federassantas.org.br\/novosite\/#\/schema\/person\/image\/","url":"https:\/\/secure.gravatar.com\/avatar\/2a02d7dda59fe8dc6b7ffd3f652e2efede5ccf0dd89dfdc8137c5517f3de8407?s=96&d=mm&r=g","contentUrl":"https:\/\/secure.gravatar.com\/avatar\/2a02d7dda59fe8dc6b7ffd3f652e2efede5ccf0dd89dfdc8137c5517f3de8407?s=96&d=mm&r=g","caption":"admin-federas"},"sameAs":["https:\/\/www.federassantas.org.br\/novosite\/"],"url":"https:\/\/www.federassantas.org.br\/novosite\/author\/admin-federas\/"}]}},"_links":{"self":[{"href":"https:\/\/www.federassantas.org.br\/novosite\/wp-json\/wp\/v2\/posts\/13679","targetHints":{"allow":["GET"]}}],"collection":[{"href":"https:\/\/www.federassantas.org.br\/novosite\/wp-json\/wp\/v2\/posts"}],"about":[{"href":"https:\/\/www.federassantas.org.br\/novosite\/wp-json\/wp\/v2\/types\/post"}],"author":[{"embeddable":true,"href":"https:\/\/www.federassantas.org.br\/novosite\/wp-json\/wp\/v2\/users\/1"}],"replies":[{"embeddable":true,"href":"https:\/\/www.federassantas.org.br\/novosite\/wp-json\/wp\/v2\/comments?post=13679"}],"version-history":[{"count":0,"href":"https:\/\/www.federassantas.org.br\/novosite\/wp-json\/wp\/v2\/posts\/13679\/revisions"}],"wp:attachment":[{"href":"https:\/\/www.federassantas.org.br\/novosite\/wp-json\/wp\/v2\/media?parent=13679"}],"wp:term":[{"taxonomy":"category","embeddable":true,"href":"https:\/\/www.federassantas.org.br\/novosite\/wp-json\/wp\/v2\/categories?post=13679"},{"taxonomy":"post_tag","embeddable":true,"href":"https:\/\/www.federassantas.org.br\/novosite\/wp-json\/wp\/v2\/tags?post=13679"}],"curies":[{"name":"wp","href":"https:\/\/api.w.org\/{rel}","templated":true}]}}