{"id":13692,"date":"2018-08-20T18:01:36","date_gmt":"2018-08-20T21:01:36","guid":{"rendered":"https:\/\/federasbackup.meltcomunicacao.com.br\/?p=13692"},"modified":"2018-08-20T18:01:36","modified_gmt":"2018-08-20T21:01:36","slug":"apos-dia-d-contra-polio-e-sarampo-51-das-criancas-estao-vacinadas","status":"publish","type":"post","link":"https:\/\/www.federassantas.org.br\/novosite\/apos-dia-d-contra-polio-e-sarampo-51-das-criancas-estao-vacinadas\/","title":{"rendered":"Ap\u00f3s dia D contra p\u00f3lio e sarampo, 51% das crian\u00e7as est\u00e3o vacinadas"},"content":{"rendered":"<p style=\"text-align: justify;\"><em>A meta \u00e9 que at\u00e9 31 de agosto, pelo menos 95% das 11,2 milh\u00f5es de crian\u00e7as de um a menores de cinco estejam vacinadas contra a poliomielite e o sarampo<\/em><\/p>\n<p style=\"text-align: justify;\">A Campanha Nacional Contra a\u00a0Poliomielite\u00a0e\u00a0Sarampo\u00a0atingiu a metade do p\u00fablico-alvo com a vacina\u00e7\u00e3o de 51% das crian\u00e7as de um ano a menores de cinco em todo o pa\u00eds. No total, mais de 11,4 milh\u00f5es de doses das vacinas contra a p\u00f3lio e sarampo (cerca de 5,7 milh\u00f5es de cada) foram aplicadas at\u00e9 esta segunda-feira (20). A meta do Minist\u00e9rio da Sa\u00fade \u00e9 vacinar pelo menos 95% das 11,2 milh\u00f5es de crian\u00e7as independente da situa\u00e7\u00e3o vacinal delas e criar uma barreira sanit\u00e1ria de prote\u00e7\u00e3o da popula\u00e7\u00e3o brasileira.<\/p>\n<p style=\"text-align: justify;\">Com a mobiliza\u00e7\u00e3o de toda a popula\u00e7\u00e3o e parceiros do Minist\u00e9rio da Sa\u00fade na \u00faltima semana, finalizando com o dia D, o pa\u00eds avan\u00e7ou significativamente para atingir o mais pr\u00f3ximo da meta de vacinar, at\u00e9 31 de agosto, 95% da popula\u00e7\u00e3o alvo. Deve ser observado que os dados ainda est\u00e3o sendo enviados para o Minist\u00e9rio da Sa\u00fade pelos estados e munic\u00edpios.\u00a0O esfor\u00e7o do pa\u00eds \u00e9 impedir que doen\u00e7as j\u00e1 eliminadas e erradicadas n\u00e3o retornem ao Brasil.<\/p>\n<p style=\"text-align: justify;\">\u201cEsse \u00e9 um movimento de todos, um trabalho de todos para proteger as nossas crian\u00e7as. Pais e respons\u00e1veis devem levar as crian\u00e7as que ainda n\u00e3o foram vacinadas, independente da situa\u00e7\u00e3o vacinal anterior, j\u00e1 que neste ano a campanha \u00e9 indiscriminada.\u00a0O esfor\u00e7o do pa\u00eds \u00e9 impedir que\u00a0 doen\u00e7as j\u00e1 eliminadas n\u00e3o retornem o Brasil&#8221;, enfatiza o ministro da Sa\u00fade, Gilberto Occhi.<\/p>\n<p style=\"text-align: justify;\">Para a poliomielite, as crian\u00e7as que ainda n\u00e3o tomaram nenhuma dose da vacina ser\u00e3o vacinadas com a Vacina Inativada Poliomielite (VIP). As crian\u00e7as que j\u00e1 tiverem tomado uma ou mais doses receber\u00e3o a gotinha (Vacina Oral Poliomielite &#8211; VOP). Em rela\u00e7\u00e3o ao sarampo, todas as crian\u00e7as devem receber uma dose da vacina tr\u00edplice viral, independente da situa\u00e7\u00e3o vacinal. A exce\u00e7\u00e3o \u00e9 para as que tenham sido vacinadas nos \u00faltimos trinta dias, que n\u00e3o necessitam de uma nova dose.<\/p>\n<p style=\"text-align: justify;\">Entre os estados com melhor cobertura vacinal neste momento, est\u00e3o: Rond\u00f4nia, com 85,03% para a p\u00f3lio e 83,45% para o sarampo, seguido por Amap\u00e1 com 76,15% p\u00f3lio e 75,96% sarampo. Entre as coberturas mais baixam, destacam-se: Rio de Janeiro, com 29,49% do p\u00fablico-alvo vacinado para p\u00f3lio e 31,33% para sarampo e Par\u00e1, que tem 33,60% p\u00f3lio e 33,59% sarampo.<\/p>\n<p style=\"text-align: justify;\">O Minist\u00e9rio da Sa\u00fade oferta todas as vacinas recomendadas pela Organiza\u00e7\u00e3o Mundial da Sa\u00fade (OMS). Ao todo, s\u00e3o 19 para combater mais de 20 doen\u00e7as, em todas as faixas et\u00e1rias. Por ano, s\u00e3o cerca de 300 milh\u00f5es de doses de imunobiol\u00f3gicos distribu\u00eddos em todo o pa\u00eds.<\/p>\n<h4 style=\"text-align: justify;\"><strong>CASOS DE SARAMPO\u00a0<\/strong><\/h4>\n<p style=\"text-align: justify;\">Atualmente, o pa\u00eds enfrenta dois surtos de sarampo, em Roraima e Amazonas.\u00a0At\u00e9 o dia 14 de agosto, foram confirmados 910 casos de sarampo no Amazonas e 5.630 permanecem em investiga\u00e7\u00e3o. J\u00e1 em Roraima, foram 296 casos confirmados e 101 continuam em investiga\u00e7\u00e3o.<\/p>\n<p style=\"text-align: justify;\">Os surtos est\u00e3o relacionados \u00e0 importa\u00e7\u00e3o, j\u00e1 que o gen\u00f3tipo do v\u00edrus (D8) que est\u00e1 circulando no pa\u00eds \u00e9 o mesmo que circula na Venezuela, pa\u00eds que enfrenta um surto da doen\u00e7a desde 2017. \u00a0Casos isolados, relacionados \u00e0 importa\u00e7\u00e3o, foram identificados em S\u00e3o Paulo (1), Rio de Janeiro (14); Rio Grande do Sul (13); Rond\u00f4nia (1) e Par\u00e1 (2). As medidas de bloqueio de vacina\u00e7\u00e3o, mesmo em casos suspeitos, est\u00e3o sendo realizadas em todos os estados. At\u00e9 o momento, foram confirmados seis \u00f3bitos\u00a0por sarampo, quatro em Roraima (tr\u00eas em estrangeiros e um em brasileiro) e dois no Amazonas (brasileiros).<\/p>\n<p style=\"text-align: justify;\">Saiba mais em:\u00a0<a href=\"http:\/\/portalms.saude.gov.br\/noticias\/agencia-saude\/44082-apos-dia-d-contra-polio-e-sarampo-51-das-criancas-estao-vacinadas\">http:\/\/portalms.saude.gov.br\/noticias\/agencia-saude\/44082-apos-dia-d-contra-polio-e-sarampo-51-das-criancas-estao-vacinadas<\/a><\/p>\n<p style=\"text-align: justify;\"><em>Fonte: <a href=\"http:\/\/portalms.saude.gov.br\/noticias\/agencia-saude\/44082-apos-dia-d-contra-polio-e-sarampo-51-das-criancas-estao-vacinadas\">Ag\u00eancia Sa\u00fade<\/a><\/em><\/p>\n","protected":false},"excerpt":{"rendered":"<p>A meta \u00e9 que at\u00e9 31 de agosto, pelo menos 95% das 11,2 milh\u00f5es de crian\u00e7as de um a menores de cinco estejam vacinadas contra a poliomielite e o sarampo A Campanha Nacional Contra a\u00a0Poliomielite\u00a0e\u00a0Sarampo\u00a0atingiu a metade do p\u00fablico-alvo com a vacina\u00e7\u00e3o de 51% das crian\u00e7as de um ano a menores de cinco em todo [&hellip;]<\/p>\n","protected":false},"author":1,"featured_media":13693,"comment_status":"open","ping_status":"open","sticky":false,"template":"","format":"standard","meta":{"footnotes":""},"categories":[140],"tags":[],"class_list":["post-13692","post","type-post","status-publish","format-standard","has-post-thumbnail","hentry","category-noticias"],"yoast_head":"<!-- This site is optimized with the Yoast SEO plugin v26.9 - https:\/\/yoast.com\/product\/yoast-seo-wordpress\/ -->\n<title>Ap\u00f3s dia D contra p\u00f3lio e sarampo, 51% das crian\u00e7as est\u00e3o vacinadas - Federassantas<\/title>\n<meta name=\"robots\" content=\"index, follow, max-snippet:-1, max-image-preview:large, max-video-preview:-1\" \/>\n<link rel=\"canonical\" href=\"https:\/\/www.federassantas.org.br\/novosite\/apos-dia-d-contra-polio-e-sarampo-51-das-criancas-estao-vacinadas\/\" \/>\n<meta property=\"og:locale\" content=\"pt_BR\" \/>\n<meta property=\"og:type\" content=\"article\" \/>\n<meta property=\"og:title\" content=\"Ap\u00f3s dia D contra p\u00f3lio e sarampo, 51% das crian\u00e7as est\u00e3o vacinadas - Federassantas\" \/>\n<meta property=\"og:description\" content=\"A meta \u00e9 que at\u00e9 31 de agosto, pelo menos 95% das 11,2 milh\u00f5es de crian\u00e7as de um a menores de cinco estejam vacinadas contra a poliomielite e o sarampo A Campanha Nacional Contra a\u00a0Poliomielite\u00a0e\u00a0Sarampo\u00a0atingiu a metade do p\u00fablico-alvo com a vacina\u00e7\u00e3o de 51% das crian\u00e7as de um ano a menores de cinco em todo [&hellip;]\" \/>\n<meta property=\"og:url\" content=\"https:\/\/www.federassantas.org.br\/novosite\/apos-dia-d-contra-polio-e-sarampo-51-das-criancas-estao-vacinadas\/\" \/>\n<meta property=\"og:site_name\" content=\"Federassantas\" \/>\n<meta property=\"article:published_time\" content=\"2018-08-20T21:01:36+00:00\" \/>\n<meta name=\"author\" content=\"admin-federas\" \/>\n<meta name=\"twitter:card\" content=\"summary_large_image\" \/>\n<meta name=\"twitter:label1\" content=\"Escrito por\" \/>\n\t<meta name=\"twitter:data1\" content=\"admin-federas\" \/>\n\t<meta name=\"twitter:label2\" content=\"Est. tempo de leitura\" \/>\n\t<meta name=\"twitter:data2\" content=\"3 minutos\" \/>\n<script type=\"application\/ld+json\" class=\"yoast-schema-graph\">{\"@context\":\"https:\/\/schema.org\",\"@graph\":[{\"@type\":\"Article\",\"@id\":\"https:\/\/www.federassantas.org.br\/novosite\/apos-dia-d-contra-polio-e-sarampo-51-das-criancas-estao-vacinadas\/#article\",\"isPartOf\":{\"@id\":\"https:\/\/www.federassantas.org.br\/novosite\/apos-dia-d-contra-polio-e-sarampo-51-das-criancas-estao-vacinadas\/\"},\"author\":{\"name\":\"admin-federas\",\"@id\":\"https:\/\/www.federassantas.org.br\/novosite\/#\/schema\/person\/75fed98158349313fe56175f232f513c\"},\"headline\":\"Ap\u00f3s dia D contra p\u00f3lio e sarampo, 51% das crian\u00e7as est\u00e3o vacinadas\",\"datePublished\":\"2018-08-20T21:01:36+00:00\",\"mainEntityOfPage\":{\"@id\":\"https:\/\/www.federassantas.org.br\/novosite\/apos-dia-d-contra-polio-e-sarampo-51-das-criancas-estao-vacinadas\/\"},\"wordCount\":664,\"commentCount\":0,\"publisher\":{\"@id\":\"https:\/\/www.federassantas.org.br\/novosite\/#organization\"},\"image\":{\"@id\":\"https:\/\/www.federassantas.org.br\/novosite\/apos-dia-d-contra-polio-e-sarampo-51-das-criancas-estao-vacinadas\/#primaryimage\"},\"thumbnailUrl\":\"\",\"articleSection\":[\"Not\u00edcias\"],\"inLanguage\":\"pt-BR\",\"potentialAction\":[{\"@type\":\"CommentAction\",\"name\":\"Comment\",\"target\":[\"https:\/\/www.federassantas.org.br\/novosite\/apos-dia-d-contra-polio-e-sarampo-51-das-criancas-estao-vacinadas\/#respond\"]}]},{\"@type\":\"WebPage\",\"@id\":\"https:\/\/www.federassantas.org.br\/novosite\/apos-dia-d-contra-polio-e-sarampo-51-das-criancas-estao-vacinadas\/\",\"url\":\"https:\/\/www.federassantas.org.br\/novosite\/apos-dia-d-contra-polio-e-sarampo-51-das-criancas-estao-vacinadas\/\",\"name\":\"Ap\u00f3s dia D contra p\u00f3lio e sarampo, 51% das crian\u00e7as est\u00e3o vacinadas - Federassantas\",\"isPartOf\":{\"@id\":\"https:\/\/www.federassantas.org.br\/novosite\/#website\"},\"primaryImageOfPage\":{\"@id\":\"https:\/\/www.federassantas.org.br\/novosite\/apos-dia-d-contra-polio-e-sarampo-51-das-criancas-estao-vacinadas\/#primaryimage\"},\"image\":{\"@id\":\"https:\/\/www.federassantas.org.br\/novosite\/apos-dia-d-contra-polio-e-sarampo-51-das-criancas-estao-vacinadas\/#primaryimage\"},\"thumbnailUrl\":\"\",\"datePublished\":\"2018-08-20T21:01:36+00:00\",\"breadcrumb\":{\"@id\":\"https:\/\/www.federassantas.org.br\/novosite\/apos-dia-d-contra-polio-e-sarampo-51-das-criancas-estao-vacinadas\/#breadcrumb\"},\"inLanguage\":\"pt-BR\",\"potentialAction\":[{\"@type\":\"ReadAction\",\"target\":[\"https:\/\/www.federassantas.org.br\/novosite\/apos-dia-d-contra-polio-e-sarampo-51-das-criancas-estao-vacinadas\/\"]}]},{\"@type\":\"ImageObject\",\"inLanguage\":\"pt-BR\",\"@id\":\"https:\/\/www.federassantas.org.br\/novosite\/apos-dia-d-contra-polio-e-sarampo-51-das-criancas-estao-vacinadas\/#primaryimage\",\"url\":\"\",\"contentUrl\":\"\"},{\"@type\":\"BreadcrumbList\",\"@id\":\"https:\/\/www.federassantas.org.br\/novosite\/apos-dia-d-contra-polio-e-sarampo-51-das-criancas-estao-vacinadas\/#breadcrumb\",\"itemListElement\":[{\"@type\":\"ListItem\",\"position\":1,\"name\":\"In\u00edcio\",\"item\":\"https:\/\/www.federassantas.org.br\/novosite\/\"},{\"@type\":\"ListItem\",\"position\":2,\"name\":\"Ap\u00f3s dia D contra p\u00f3lio e sarampo, 51% das crian\u00e7as est\u00e3o vacinadas\"}]},{\"@type\":\"WebSite\",\"@id\":\"https:\/\/www.federassantas.org.br\/novosite\/#website\",\"url\":\"https:\/\/www.federassantas.org.br\/novosite\/\",\"name\":\"Federassantas\",\"description\":\"Entidade de representa\u00e7\u00e3o e fortalecimento das Santas Casas, hospitais filantr\u00f3picos e entidades beneficentes de sa\u00fade de Minas Gerais, atuando na defesa institucional, qualifica\u00e7\u00e3o da gest\u00e3o e sustentabilidade do setor.\",\"publisher\":{\"@id\":\"https:\/\/www.federassantas.org.br\/novosite\/#organization\"},\"potentialAction\":[{\"@type\":\"SearchAction\",\"target\":{\"@type\":\"EntryPoint\",\"urlTemplate\":\"https:\/\/www.federassantas.org.br\/novosite\/?s={search_term_string}\"},\"query-input\":{\"@type\":\"PropertyValueSpecification\",\"valueRequired\":true,\"valueName\":\"search_term_string\"}}],\"inLanguage\":\"pt-BR\"},{\"@type\":\"Organization\",\"@id\":\"https:\/\/www.federassantas.org.br\/novosite\/#organization\",\"name\":\"Federassantas\",\"url\":\"https:\/\/www.federassantas.org.br\/novosite\/\",\"logo\":{\"@type\":\"ImageObject\",\"inLanguage\":\"pt-BR\",\"@id\":\"https:\/\/www.federassantas.org.br\/novosite\/#\/schema\/logo\/image\/\",\"url\":\"https:\/\/www.federassantas.org.br\/novosite\/wp-content\/uploads\/2021\/12\/logo.png\",\"contentUrl\":\"https:\/\/www.federassantas.org.br\/novosite\/wp-content\/uploads\/2021\/12\/logo.png\",\"width\":243,\"height\":59,\"caption\":\"Federassantas\"},\"image\":{\"@id\":\"https:\/\/www.federassantas.org.br\/novosite\/#\/schema\/logo\/image\/\"}},{\"@type\":\"Person\",\"@id\":\"https:\/\/www.federassantas.org.br\/novosite\/#\/schema\/person\/75fed98158349313fe56175f232f513c\",\"name\":\"admin-federas\",\"image\":{\"@type\":\"ImageObject\",\"inLanguage\":\"pt-BR\",\"@id\":\"https:\/\/www.federassantas.org.br\/novosite\/#\/schema\/person\/image\/\",\"url\":\"https:\/\/secure.gravatar.com\/avatar\/2a02d7dda59fe8dc6b7ffd3f652e2efede5ccf0dd89dfdc8137c5517f3de8407?s=96&d=mm&r=g\",\"contentUrl\":\"https:\/\/secure.gravatar.com\/avatar\/2a02d7dda59fe8dc6b7ffd3f652e2efede5ccf0dd89dfdc8137c5517f3de8407?s=96&d=mm&r=g\",\"caption\":\"admin-federas\"},\"sameAs\":[\"https:\/\/www.federassantas.org.br\/novosite\/\"],\"url\":\"https:\/\/www.federassantas.org.br\/novosite\/author\/admin-federas\/\"}]}<\/script>\n<!-- \/ Yoast SEO plugin. -->","yoast_head_json":{"title":"Ap\u00f3s dia D contra p\u00f3lio e sarampo, 51% das crian\u00e7as est\u00e3o vacinadas - Federassantas","robots":{"index":"index","follow":"follow","max-snippet":"max-snippet:-1","max-image-preview":"max-image-preview:large","max-video-preview":"max-video-preview:-1"},"canonical":"https:\/\/www.federassantas.org.br\/novosite\/apos-dia-d-contra-polio-e-sarampo-51-das-criancas-estao-vacinadas\/","og_locale":"pt_BR","og_type":"article","og_title":"Ap\u00f3s dia D contra p\u00f3lio e sarampo, 51% das crian\u00e7as est\u00e3o vacinadas - Federassantas","og_description":"A meta \u00e9 que at\u00e9 31 de agosto, pelo menos 95% das 11,2 milh\u00f5es de crian\u00e7as de um a menores de cinco estejam vacinadas contra a poliomielite e o sarampo A Campanha Nacional Contra a\u00a0Poliomielite\u00a0e\u00a0Sarampo\u00a0atingiu a metade do p\u00fablico-alvo com a vacina\u00e7\u00e3o de 51% das crian\u00e7as de um ano a menores de cinco em todo [&hellip;]","og_url":"https:\/\/www.federassantas.org.br\/novosite\/apos-dia-d-contra-polio-e-sarampo-51-das-criancas-estao-vacinadas\/","og_site_name":"Federassantas","article_published_time":"2018-08-20T21:01:36+00:00","author":"admin-federas","twitter_card":"summary_large_image","twitter_misc":{"Escrito por":"admin-federas","Est. tempo de leitura":"3 minutos"},"schema":{"@context":"https:\/\/schema.org","@graph":[{"@type":"Article","@id":"https:\/\/www.federassantas.org.br\/novosite\/apos-dia-d-contra-polio-e-sarampo-51-das-criancas-estao-vacinadas\/#article","isPartOf":{"@id":"https:\/\/www.federassantas.org.br\/novosite\/apos-dia-d-contra-polio-e-sarampo-51-das-criancas-estao-vacinadas\/"},"author":{"name":"admin-federas","@id":"https:\/\/www.federassantas.org.br\/novosite\/#\/schema\/person\/75fed98158349313fe56175f232f513c"},"headline":"Ap\u00f3s dia D contra p\u00f3lio e sarampo, 51% das crian\u00e7as est\u00e3o vacinadas","datePublished":"2018-08-20T21:01:36+00:00","mainEntityOfPage":{"@id":"https:\/\/www.federassantas.org.br\/novosite\/apos-dia-d-contra-polio-e-sarampo-51-das-criancas-estao-vacinadas\/"},"wordCount":664,"commentCount":0,"publisher":{"@id":"https:\/\/www.federassantas.org.br\/novosite\/#organization"},"image":{"@id":"https:\/\/www.federassantas.org.br\/novosite\/apos-dia-d-contra-polio-e-sarampo-51-das-criancas-estao-vacinadas\/#primaryimage"},"thumbnailUrl":"","articleSection":["Not\u00edcias"],"inLanguage":"pt-BR","potentialAction":[{"@type":"CommentAction","name":"Comment","target":["https:\/\/www.federassantas.org.br\/novosite\/apos-dia-d-contra-polio-e-sarampo-51-das-criancas-estao-vacinadas\/#respond"]}]},{"@type":"WebPage","@id":"https:\/\/www.federassantas.org.br\/novosite\/apos-dia-d-contra-polio-e-sarampo-51-das-criancas-estao-vacinadas\/","url":"https:\/\/www.federassantas.org.br\/novosite\/apos-dia-d-contra-polio-e-sarampo-51-das-criancas-estao-vacinadas\/","name":"Ap\u00f3s dia D contra p\u00f3lio e sarampo, 51% das crian\u00e7as est\u00e3o vacinadas - Federassantas","isPartOf":{"@id":"https:\/\/www.federassantas.org.br\/novosite\/#website"},"primaryImageOfPage":{"@id":"https:\/\/www.federassantas.org.br\/novosite\/apos-dia-d-contra-polio-e-sarampo-51-das-criancas-estao-vacinadas\/#primaryimage"},"image":{"@id":"https:\/\/www.federassantas.org.br\/novosite\/apos-dia-d-contra-polio-e-sarampo-51-das-criancas-estao-vacinadas\/#primaryimage"},"thumbnailUrl":"","datePublished":"2018-08-20T21:01:36+00:00","breadcrumb":{"@id":"https:\/\/www.federassantas.org.br\/novosite\/apos-dia-d-contra-polio-e-sarampo-51-das-criancas-estao-vacinadas\/#breadcrumb"},"inLanguage":"pt-BR","potentialAction":[{"@type":"ReadAction","target":["https:\/\/www.federassantas.org.br\/novosite\/apos-dia-d-contra-polio-e-sarampo-51-das-criancas-estao-vacinadas\/"]}]},{"@type":"ImageObject","inLanguage":"pt-BR","@id":"https:\/\/www.federassantas.org.br\/novosite\/apos-dia-d-contra-polio-e-sarampo-51-das-criancas-estao-vacinadas\/#primaryimage","url":"","contentUrl":""},{"@type":"BreadcrumbList","@id":"https:\/\/www.federassantas.org.br\/novosite\/apos-dia-d-contra-polio-e-sarampo-51-das-criancas-estao-vacinadas\/#breadcrumb","itemListElement":[{"@type":"ListItem","position":1,"name":"In\u00edcio","item":"https:\/\/www.federassantas.org.br\/novosite\/"},{"@type":"ListItem","position":2,"name":"Ap\u00f3s dia D contra p\u00f3lio e sarampo, 51% das crian\u00e7as est\u00e3o vacinadas"}]},{"@type":"WebSite","@id":"https:\/\/www.federassantas.org.br\/novosite\/#website","url":"https:\/\/www.federassantas.org.br\/novosite\/","name":"Federassantas","description":"Entidade de representa\u00e7\u00e3o e fortalecimento das Santas Casas, hospitais filantr\u00f3picos e entidades beneficentes de sa\u00fade de Minas Gerais, atuando na defesa institucional, qualifica\u00e7\u00e3o da gest\u00e3o e sustentabilidade do setor.","publisher":{"@id":"https:\/\/www.federassantas.org.br\/novosite\/#organization"},"potentialAction":[{"@type":"SearchAction","target":{"@type":"EntryPoint","urlTemplate":"https:\/\/www.federassantas.org.br\/novosite\/?s={search_term_string}"},"query-input":{"@type":"PropertyValueSpecification","valueRequired":true,"valueName":"search_term_string"}}],"inLanguage":"pt-BR"},{"@type":"Organization","@id":"https:\/\/www.federassantas.org.br\/novosite\/#organization","name":"Federassantas","url":"https:\/\/www.federassantas.org.br\/novosite\/","logo":{"@type":"ImageObject","inLanguage":"pt-BR","@id":"https:\/\/www.federassantas.org.br\/novosite\/#\/schema\/logo\/image\/","url":"https:\/\/www.federassantas.org.br\/novosite\/wp-content\/uploads\/2021\/12\/logo.png","contentUrl":"https:\/\/www.federassantas.org.br\/novosite\/wp-content\/uploads\/2021\/12\/logo.png","width":243,"height":59,"caption":"Federassantas"},"image":{"@id":"https:\/\/www.federassantas.org.br\/novosite\/#\/schema\/logo\/image\/"}},{"@type":"Person","@id":"https:\/\/www.federassantas.org.br\/novosite\/#\/schema\/person\/75fed98158349313fe56175f232f513c","name":"admin-federas","image":{"@type":"ImageObject","inLanguage":"pt-BR","@id":"https:\/\/www.federassantas.org.br\/novosite\/#\/schema\/person\/image\/","url":"https:\/\/secure.gravatar.com\/avatar\/2a02d7dda59fe8dc6b7ffd3f652e2efede5ccf0dd89dfdc8137c5517f3de8407?s=96&d=mm&r=g","contentUrl":"https:\/\/secure.gravatar.com\/avatar\/2a02d7dda59fe8dc6b7ffd3f652e2efede5ccf0dd89dfdc8137c5517f3de8407?s=96&d=mm&r=g","caption":"admin-federas"},"sameAs":["https:\/\/www.federassantas.org.br\/novosite\/"],"url":"https:\/\/www.federassantas.org.br\/novosite\/author\/admin-federas\/"}]}},"_links":{"self":[{"href":"https:\/\/www.federassantas.org.br\/novosite\/wp-json\/wp\/v2\/posts\/13692","targetHints":{"allow":["GET"]}}],"collection":[{"href":"https:\/\/www.federassantas.org.br\/novosite\/wp-json\/wp\/v2\/posts"}],"about":[{"href":"https:\/\/www.federassantas.org.br\/novosite\/wp-json\/wp\/v2\/types\/post"}],"author":[{"embeddable":true,"href":"https:\/\/www.federassantas.org.br\/novosite\/wp-json\/wp\/v2\/users\/1"}],"replies":[{"embeddable":true,"href":"https:\/\/www.federassantas.org.br\/novosite\/wp-json\/wp\/v2\/comments?post=13692"}],"version-history":[{"count":0,"href":"https:\/\/www.federassantas.org.br\/novosite\/wp-json\/wp\/v2\/posts\/13692\/revisions"}],"wp:attachment":[{"href":"https:\/\/www.federassantas.org.br\/novosite\/wp-json\/wp\/v2\/media?parent=13692"}],"wp:term":[{"taxonomy":"category","embeddable":true,"href":"https:\/\/www.federassantas.org.br\/novosite\/wp-json\/wp\/v2\/categories?post=13692"},{"taxonomy":"post_tag","embeddable":true,"href":"https:\/\/www.federassantas.org.br\/novosite\/wp-json\/wp\/v2\/tags?post=13692"}],"curies":[{"name":"wp","href":"https:\/\/api.w.org\/{rel}","templated":true}]}}